{"id":49124,"date":"2020-11-11T17:35:38","date_gmt":"2020-11-11T20:35:38","guid":{"rendered":"http:\/\/www.noticiasradioreflejos.com.ar\/noticias\/?p=49124"},"modified":"2020-11-11T17:35:38","modified_gmt":"2020-11-11T20:35:38","slug":"convocatoria-a-poetas","status":"publish","type":"post","link":"https:\/\/www.noticiasradioreflejos.com.ar\/2021\/convocatoria-a-poetas\/","title":{"rendered":"Convocatoria a poetas."},"content":{"rendered":"<p>La Direcci\u00f3n de Cultura Municipal, informa que la Sociedad de Escritores de la Provincia de Buenos Aires, convocan a poetas y artistas de cualquier ciudad de la provincia, a participar del concurso de poes\u00eda en el festival internacional grito de mujer.<!--more--><\/p>\n<p>En este concurso se seleccionar\u00e1n los poemas en base a calidad, relevancia con el tema y apego a nuestras bases.<br \/>\nI-Requisitos:<br \/>\n-Ser mayor de edad<br \/>\n-Enviar un poema que respete el lema escogido para el 2021, \u201cGuerreras: \u00a1La violencia no est\u00e1 en cuarentena!\u201d (que No lleve como t\u00edtulo \u201cGrito de&#8230;\u201d, que No haya participado en ninguna de nuestras convocatorias oficiales anteriormente y que No contenga lenguaje inapropiado). No importa si no es in\u00e9dito.<br \/>\n-Extensi\u00f3n: Entre una a tres paginas<br \/>\n-Enviar autorizaci\u00f3n escrita de publicaci\u00f3n (Ver formato indicado en punto II de esta convocatoria).<br \/>\nII -Formato:<br \/>\n-Las\/ los participantes deber\u00e1n enviar 2 (dos) archivos con lo siguiente, en el mismo orden indicado:<br \/>\n\u2022 Archivo 1: Correo de contacto (favor que est\u00e9 correcto), ciudad de la provincia de Buenos Aires donde reside, biograf\u00eda breve (3 l\u00edneas m\u00e1x.) y el poema participante.<br \/>\nEjemplo:<br \/>\nL\u00ednea 1: sil@gmail.com<br \/>\nL\u00ednea 2: Argentina, Punta Indio, Pcia de Buenos Aires<br \/>\nL\u00ednea 3: Poeta, nacida en Punta Indio 1697. Autora de 3 libros publicados. Ganadora concurso letras del sur. Ver m\u00e1s detalles en el blog, p\u00e1gina, etc.<br \/>\n(T\u00edtulo)<br \/>\n(Texto del poema)<br \/>\nFormato del poema: Archivo en Word, letras Times New Roman, tama\u00f1o 12, interlineado sencillo. (No se aceptar\u00e1n trabajos enteramente en may\u00fasculas o que no cumplan con el formato.<br \/>\n\u2022 Archivo 2:<br \/>\nDeber\u00e1 contener esta nota de autorizaci\u00f3n:<br \/>\nYo (nombre y n\u00famero de DNI), entiendo que autorizo a publicar de manera virtual, digital, o impresa el poema remitido por mi parte a esta convocatoria, sin que esto implique la recepci\u00f3n de regal\u00edas, por la promoci\u00f3n y distribuci\u00f3n del mismo, a favor de los proyectos antes mencionados. Entiendo que conservo todos los derechos sobre mi obra, y podr\u00e9 publicarla donde lo desee una vez haya sido seleccionada.<br \/>\nIII -Env\u00edo:<br \/>\n\u2022 Por correo electr\u00f3nico: provinciasociedaddeescritores@gmail.com<br \/>\nAsunto: Concurso.<br \/>\n(Recibir\u00e1 un correo autom\u00e1tico como \u00fanica respuesta de recepci\u00f3n).<br \/>\nIV -Plazo:<br \/>\nVence el domingo 17 de enero del 2021 a las 12 p.m. hora local. Los trabajos que se remitan despu\u00e9s de esa fecha ser\u00e1n desestimados.<br \/>\nEl Tribuno de Honor de la SEP seleccionar\u00e1 las obras que cumplieran con los requisitos y pasaran a la final del Concurso en VIVO que se realizar\u00e1 en la Ciudad de La Plata, provincia de Buenos Aires<\/p>\n","protected":false},"excerpt":{"rendered":"<p>La Direcci\u00f3n de Cultura Municipal, informa que la Sociedad de Escritores de la Provincia de Buenos Aires, convocan a poetas y artistas de cualquier ciudad de la provincia, a participar del concurso de poes\u00eda en el festival internacional grito de mujer.<\/p>\n","protected":false},"author":3,"featured_media":0,"comment_status":"closed","ping_status":"open","sticky":false,"template":"","format":"standard","meta":{"footnotes":""},"categories":[35],"tags":[],"class_list":["post-49124","post","type-post","status-publish","format-standard","hentry","category-cultura"],"yoast_head":"<!-- This site is optimized with the Yoast SEO plugin v25.9 - https:\/\/yoast.com\/wordpress\/plugins\/seo\/ -->\n<title>Convocatoria a poetas. - Noticias Radio Reflejos<\/title>\n<meta name=\"robots\" content=\"index, follow, max-snippet:-1, max-image-preview:large, max-video-preview:-1\" \/>\n<link rel=\"canonical\" href=\"https:\/\/www.noticiasradioreflejos.com.ar\/2021\/convocatoria-a-poetas\/\" \/>\n<meta property=\"og:locale\" content=\"es_ES\" \/>\n<meta property=\"og:type\" content=\"article\" \/>\n<meta property=\"og:title\" content=\"Convocatoria a poetas. - Noticias Radio Reflejos\" \/>\n<meta property=\"og:description\" content=\"La Direcci\u00f3n de Cultura Municipal, informa que la Sociedad de Escritores de la Provincia de Buenos Aires, convocan a poetas y artistas de cualquier ciudad de la provincia, a participar del concurso de poes\u00eda en el festival internacional grito de mujer.\" \/>\n<meta property=\"og:url\" content=\"https:\/\/www.noticiasradioreflejos.com.ar\/2021\/convocatoria-a-poetas\/\" \/>\n<meta property=\"og:site_name\" content=\"Noticias Radio Reflejos\" \/>\n<meta property=\"article:published_time\" content=\"2020-11-11T20:35:38+00:00\" \/>\n<meta property=\"og:image\" content=\"https:\/\/www.noticiasradioreflejos.com.ar\/2021\/wp-content\/uploads\/2021\/07\/logosol300x200.png\" \/>\n\t<meta property=\"og:image:width\" content=\"300\" \/>\n\t<meta property=\"og:image:height\" content=\"200\" \/>\n\t<meta property=\"og:image:type\" content=\"image\/png\" \/>\n<meta name=\"author\" content=\"Arnaldo Botto\" \/>\n<meta name=\"twitter:card\" content=\"summary_large_image\" \/>\n<script type=\"application\/ld+json\" class=\"yoast-schema-graph\">{\"@context\":\"https:\/\/schema.org\",\"@graph\":[{\"@type\":\"WebPage\",\"@id\":\"https:\/\/www.noticiasradioreflejos.com.ar\/2021\/convocatoria-a-poetas\/\",\"url\":\"https:\/\/www.noticiasradioreflejos.com.ar\/2021\/convocatoria-a-poetas\/\",\"name\":\"Convocatoria a poetas. - Noticias Radio Reflejos\",\"isPartOf\":{\"@id\":\"https:\/\/www.noticiasradioreflejos.com.ar\/2021\/#website\"},\"datePublished\":\"2020-11-11T20:35:38+00:00\",\"author\":{\"@id\":\"https:\/\/www.noticiasradioreflejos.com.ar\/2021\/#\/schema\/person\/ad82545263dcc5ec0996818884fd5fb1\"},\"breadcrumb\":{\"@id\":\"https:\/\/www.noticiasradioreflejos.com.ar\/2021\/convocatoria-a-poetas\/#breadcrumb\"},\"inLanguage\":\"es\",\"potentialAction\":[{\"@type\":\"ReadAction\",\"target\":[\"https:\/\/www.noticiasradioreflejos.com.ar\/2021\/convocatoria-a-poetas\/\"]}]},{\"@type\":\"BreadcrumbList\",\"@id\":\"https:\/\/www.noticiasradioreflejos.com.ar\/2021\/convocatoria-a-poetas\/#breadcrumb\",\"itemListElement\":[{\"@type\":\"ListItem\",\"position\":1,\"name\":\"Portada\",\"item\":\"https:\/\/www.noticiasradioreflejos.com.ar\/2021\/\"},{\"@type\":\"ListItem\",\"position\":2,\"name\":\"Convocatoria a poetas.\"}]},{\"@type\":\"WebSite\",\"@id\":\"https:\/\/www.noticiasradioreflejos.com.ar\/2021\/#website\",\"url\":\"https:\/\/www.noticiasradioreflejos.com.ar\/2021\/\",\"name\":\"Noticias Radio Reflejos\",\"description\":\"Las noticias de mi comarca\",\"potentialAction\":[{\"@type\":\"SearchAction\",\"target\":{\"@type\":\"EntryPoint\",\"urlTemplate\":\"https:\/\/www.noticiasradioreflejos.com.ar\/2021\/?s={search_term_string}\"},\"query-input\":{\"@type\":\"PropertyValueSpecification\",\"valueRequired\":true,\"valueName\":\"search_term_string\"}}],\"inLanguage\":\"es\"},{\"@type\":\"Person\",\"@id\":\"https:\/\/www.noticiasradioreflejos.com.ar\/2021\/#\/schema\/person\/ad82545263dcc5ec0996818884fd5fb1\",\"name\":\"Arnaldo Botto\",\"image\":{\"@type\":\"ImageObject\",\"inLanguage\":\"es\",\"@id\":\"https:\/\/www.noticiasradioreflejos.com.ar\/2021\/#\/schema\/person\/image\/\",\"url\":\"https:\/\/secure.gravatar.com\/avatar\/55cb5e37c1efa326397366e6974cb338056df65cb50e7d64d1cf314e87504837?s=96&d=mm&r=g\",\"contentUrl\":\"https:\/\/secure.gravatar.com\/avatar\/55cb5e37c1efa326397366e6974cb338056df65cb50e7d64d1cf314e87504837?s=96&d=mm&r=g\",\"caption\":\"Arnaldo Botto\"},\"url\":\"https:\/\/www.noticiasradioreflejos.com.ar\/2021\/author\/arnaldo\/\"}]}<\/script>\n<!-- \/ Yoast SEO plugin. -->","yoast_head_json":{"title":"Convocatoria a poetas. - Noticias Radio Reflejos","robots":{"index":"index","follow":"follow","max-snippet":"max-snippet:-1","max-image-preview":"max-image-preview:large","max-video-preview":"max-video-preview:-1"},"canonical":"https:\/\/www.noticiasradioreflejos.com.ar\/2021\/convocatoria-a-poetas\/","og_locale":"es_ES","og_type":"article","og_title":"Convocatoria a poetas. - Noticias Radio Reflejos","og_description":"La Direcci\u00f3n de Cultura Municipal, informa que la Sociedad de Escritores de la Provincia de Buenos Aires, convocan a poetas y artistas de cualquier ciudad de la provincia, a participar del concurso de poes\u00eda en el festival internacional grito de mujer.","og_url":"https:\/\/www.noticiasradioreflejos.com.ar\/2021\/convocatoria-a-poetas\/","og_site_name":"Noticias Radio Reflejos","article_published_time":"2020-11-11T20:35:38+00:00","og_image":[{"width":300,"height":200,"url":"https:\/\/www.noticiasradioreflejos.com.ar\/2021\/wp-content\/uploads\/2021\/07\/logosol300x200.png","type":"image\/png"}],"author":"Arnaldo Botto","twitter_card":"summary_large_image","schema":{"@context":"https:\/\/schema.org","@graph":[{"@type":"WebPage","@id":"https:\/\/www.noticiasradioreflejos.com.ar\/2021\/convocatoria-a-poetas\/","url":"https:\/\/www.noticiasradioreflejos.com.ar\/2021\/convocatoria-a-poetas\/","name":"Convocatoria a poetas. - Noticias Radio Reflejos","isPartOf":{"@id":"https:\/\/www.noticiasradioreflejos.com.ar\/2021\/#website"},"datePublished":"2020-11-11T20:35:38+00:00","author":{"@id":"https:\/\/www.noticiasradioreflejos.com.ar\/2021\/#\/schema\/person\/ad82545263dcc5ec0996818884fd5fb1"},"breadcrumb":{"@id":"https:\/\/www.noticiasradioreflejos.com.ar\/2021\/convocatoria-a-poetas\/#breadcrumb"},"inLanguage":"es","potentialAction":[{"@type":"ReadAction","target":["https:\/\/www.noticiasradioreflejos.com.ar\/2021\/convocatoria-a-poetas\/"]}]},{"@type":"BreadcrumbList","@id":"https:\/\/www.noticiasradioreflejos.com.ar\/2021\/convocatoria-a-poetas\/#breadcrumb","itemListElement":[{"@type":"ListItem","position":1,"name":"Portada","item":"https:\/\/www.noticiasradioreflejos.com.ar\/2021\/"},{"@type":"ListItem","position":2,"name":"Convocatoria a poetas."}]},{"@type":"WebSite","@id":"https:\/\/www.noticiasradioreflejos.com.ar\/2021\/#website","url":"https:\/\/www.noticiasradioreflejos.com.ar\/2021\/","name":"Noticias Radio Reflejos","description":"Las noticias de mi comarca","potentialAction":[{"@type":"SearchAction","target":{"@type":"EntryPoint","urlTemplate":"https:\/\/www.noticiasradioreflejos.com.ar\/2021\/?s={search_term_string}"},"query-input":{"@type":"PropertyValueSpecification","valueRequired":true,"valueName":"search_term_string"}}],"inLanguage":"es"},{"@type":"Person","@id":"https:\/\/www.noticiasradioreflejos.com.ar\/2021\/#\/schema\/person\/ad82545263dcc5ec0996818884fd5fb1","name":"Arnaldo Botto","image":{"@type":"ImageObject","inLanguage":"es","@id":"https:\/\/www.noticiasradioreflejos.com.ar\/2021\/#\/schema\/person\/image\/","url":"https:\/\/secure.gravatar.com\/avatar\/55cb5e37c1efa326397366e6974cb338056df65cb50e7d64d1cf314e87504837?s=96&d=mm&r=g","contentUrl":"https:\/\/secure.gravatar.com\/avatar\/55cb5e37c1efa326397366e6974cb338056df65cb50e7d64d1cf314e87504837?s=96&d=mm&r=g","caption":"Arnaldo Botto"},"url":"https:\/\/www.noticiasradioreflejos.com.ar\/2021\/author\/arnaldo\/"}]}},"_links":{"self":[{"href":"https:\/\/www.noticiasradioreflejos.com.ar\/2021\/wp-json\/wp\/v2\/posts\/49124","targetHints":{"allow":["GET"]}}],"collection":[{"href":"https:\/\/www.noticiasradioreflejos.com.ar\/2021\/wp-json\/wp\/v2\/posts"}],"about":[{"href":"https:\/\/www.noticiasradioreflejos.com.ar\/2021\/wp-json\/wp\/v2\/types\/post"}],"author":[{"embeddable":true,"href":"https:\/\/www.noticiasradioreflejos.com.ar\/2021\/wp-json\/wp\/v2\/users\/3"}],"replies":[{"embeddable":true,"href":"https:\/\/www.noticiasradioreflejos.com.ar\/2021\/wp-json\/wp\/v2\/comments?post=49124"}],"version-history":[{"count":0,"href":"https:\/\/www.noticiasradioreflejos.com.ar\/2021\/wp-json\/wp\/v2\/posts\/49124\/revisions"}],"wp:attachment":[{"href":"https:\/\/www.noticiasradioreflejos.com.ar\/2021\/wp-json\/wp\/v2\/media?parent=49124"}],"wp:term":[{"taxonomy":"category","embeddable":true,"href":"https:\/\/www.noticiasradioreflejos.com.ar\/2021\/wp-json\/wp\/v2\/categories?post=49124"},{"taxonomy":"post_tag","embeddable":true,"href":"https:\/\/www.noticiasradioreflejos.com.ar\/2021\/wp-json\/wp\/v2\/tags?post=49124"}],"curies":[{"name":"wp","href":"https:\/\/api.w.org\/{rel}","templated":true}]}}