{"id":4911,"date":"2016-12-19T11:53:48","date_gmt":"2016-12-19T11:53:48","guid":{"rendered":"http:\/\/noticiasradioreflejos.com.ar\/noticias\/?p=4911"},"modified":"2016-12-19T11:53:48","modified_gmt":"2016-12-19T11:53:48","slug":"las-instituciones-disenan-la-agenda-distrital","status":"publish","type":"post","link":"https:\/\/www.noticiasradioreflejos.com.ar\/2021\/las-instituciones-disenan-la-agenda-distrital\/","title":{"rendered":"Las Instituciones dise\u00f1an la agenda Distrital"},"content":{"rendered":"<p>Nota de opini\u00f3n del Sr. Jorge S\u00edmon<br \/>\nUna vez m\u00e1s ha quedado demostrado que, a trav\u00e9s de las instituciones, los vecinos dise\u00f1an y planifican logros y pol\u00edticas p\u00fablicas que benefician a todos los pobladores del Distrito. Esto puede verse claramente en muchas oportunidades como, por ejemplo, es el caso de CAMCOTISAS (C\u00e1mara de Comercio Turismo e Industria de Sierra de la Ventana, Villa la Arcadia y Saldungaray) donde sus miembros trabajan con criterio de unidad y progresismo al igual que en otras de nuestras instituciones.<!--more--><br \/>\nSin ir m\u00e1s lejos, hace pocos d\u00edas y gracias a la labor conjunta, se logr\u00f3 la aprobaci\u00f3n en el Concejo Deliberante de Tornquist de la ordenanza para la concreci\u00f3n de las veredas en las arterias c\u00e9ntricas del Pueblo. Todos sabemos los necesarias que son las mismas para la salud del Turismo y el Comercio en nuestra localidad y, a pesar de eso, durante a\u00f1os hemos visto como se relegaba la decisi\u00f3n de hacerlas por desidia y menosprecio de los funcionarios actuantes.<br \/>\nHoy, celebro este avance y brindo por un mejor 2017. Un nuevo a\u00f1o en el que los funcionarios del actual gobierno asuman sus responsabilidades, escuchen a las instituciones intermedias y ejecuten nuestras ideas y proyectos. Un nuevo a\u00f1o donde sean muchos m\u00e1s los vecinos que se comprometan con la participaci\u00f3n activa dentro de las comisiones. Un nuevo a\u00f1o donde podamos trabajar en conjunto y nos involucremos todos en el proyecto de localidad que queremos, que deseamos para nuestros hijos y nuestros nietos, porque muchas cabezas piensan m\u00e1s que una sola y muchos brazos construyen en cooperaci\u00f3n y solidaridad.<br \/>\nEspero y anhelo que para este nuevo a\u00f1o que nace, estemos todos los ciudadanos de esta hermosa localidad plasmando el futuro que queremos.<br \/>\nFelices Fiestas y buena temporada para todos.<br \/>\nJorge Simon<br \/>\nDNI 16586316<\/p>\n","protected":false},"excerpt":{"rendered":"<p>Nota de opini\u00f3n del Sr. Jorge S\u00edmon Una vez m\u00e1s ha quedado demostrado que, a trav\u00e9s de las instituciones, los vecinos dise\u00f1an y planifican logros y pol\u00edticas p\u00fablicas que benefician a todos los pobladores del Distrito. Esto puede verse claramente en muchas oportunidades como, por ejemplo, es el caso de CAMCOTISAS (C\u00e1mara de Comercio Turismo [&hellip;]<\/p>\n","protected":false},"author":3,"featured_media":0,"comment_status":"closed","ping_status":"open","sticky":false,"template":"","format":"standard","meta":{"footnotes":""},"categories":[24],"tags":[],"class_list":["post-4911","post","type-post","status-publish","format-standard","hentry","category-politica"],"yoast_head":"<!-- This site is optimized with the Yoast SEO plugin v25.9 - https:\/\/yoast.com\/wordpress\/plugins\/seo\/ -->\n<title>Las Instituciones dise\u00f1an la agenda Distrital - Noticias Radio Reflejos<\/title>\n<meta name=\"robots\" content=\"index, follow, max-snippet:-1, max-image-preview:large, max-video-preview:-1\" \/>\n<link rel=\"canonical\" href=\"https:\/\/www.noticiasradioreflejos.com.ar\/2021\/las-instituciones-disenan-la-agenda-distrital\/\" \/>\n<meta property=\"og:locale\" content=\"es_ES\" \/>\n<meta property=\"og:type\" content=\"article\" \/>\n<meta property=\"og:title\" content=\"Las Instituciones dise\u00f1an la agenda Distrital - Noticias Radio Reflejos\" \/>\n<meta property=\"og:description\" content=\"Nota de opini\u00f3n del Sr. Jorge S\u00edmon Una vez m\u00e1s ha quedado demostrado que, a trav\u00e9s de las instituciones, los vecinos dise\u00f1an y planifican logros y pol\u00edticas p\u00fablicas que benefician a todos los pobladores del Distrito. Esto puede verse claramente en muchas oportunidades como, por ejemplo, es el caso de CAMCOTISAS (C\u00e1mara de Comercio Turismo [&hellip;]\" \/>\n<meta property=\"og:url\" content=\"https:\/\/www.noticiasradioreflejos.com.ar\/2021\/las-instituciones-disenan-la-agenda-distrital\/\" \/>\n<meta property=\"og:site_name\" content=\"Noticias Radio Reflejos\" \/>\n<meta property=\"article:published_time\" content=\"2016-12-19T11:53:48+00:00\" \/>\n<meta property=\"og:image\" content=\"https:\/\/www.noticiasradioreflejos.com.ar\/2021\/wp-content\/uploads\/2021\/07\/logosol300x200.png\" \/>\n\t<meta property=\"og:image:width\" content=\"300\" \/>\n\t<meta property=\"og:image:height\" content=\"200\" \/>\n\t<meta property=\"og:image:type\" content=\"image\/png\" \/>\n<meta name=\"author\" content=\"Arnaldo Botto\" \/>\n<meta name=\"twitter:card\" content=\"summary_large_image\" \/>\n<script type=\"application\/ld+json\" class=\"yoast-schema-graph\">{\"@context\":\"https:\/\/schema.org\",\"@graph\":[{\"@type\":\"WebPage\",\"@id\":\"https:\/\/www.noticiasradioreflejos.com.ar\/2021\/las-instituciones-disenan-la-agenda-distrital\/\",\"url\":\"https:\/\/www.noticiasradioreflejos.com.ar\/2021\/las-instituciones-disenan-la-agenda-distrital\/\",\"name\":\"Las Instituciones dise\u00f1an la agenda Distrital - Noticias Radio Reflejos\",\"isPartOf\":{\"@id\":\"https:\/\/www.noticiasradioreflejos.com.ar\/2021\/#website\"},\"datePublished\":\"2016-12-19T11:53:48+00:00\",\"author\":{\"@id\":\"https:\/\/www.noticiasradioreflejos.com.ar\/2021\/#\/schema\/person\/ad82545263dcc5ec0996818884fd5fb1\"},\"breadcrumb\":{\"@id\":\"https:\/\/www.noticiasradioreflejos.com.ar\/2021\/las-instituciones-disenan-la-agenda-distrital\/#breadcrumb\"},\"inLanguage\":\"es\",\"potentialAction\":[{\"@type\":\"ReadAction\",\"target\":[\"https:\/\/www.noticiasradioreflejos.com.ar\/2021\/las-instituciones-disenan-la-agenda-distrital\/\"]}]},{\"@type\":\"BreadcrumbList\",\"@id\":\"https:\/\/www.noticiasradioreflejos.com.ar\/2021\/las-instituciones-disenan-la-agenda-distrital\/#breadcrumb\",\"itemListElement\":[{\"@type\":\"ListItem\",\"position\":1,\"name\":\"Portada\",\"item\":\"https:\/\/www.noticiasradioreflejos.com.ar\/2021\/\"},{\"@type\":\"ListItem\",\"position\":2,\"name\":\"Las Instituciones dise\u00f1an la agenda Distrital\"}]},{\"@type\":\"WebSite\",\"@id\":\"https:\/\/www.noticiasradioreflejos.com.ar\/2021\/#website\",\"url\":\"https:\/\/www.noticiasradioreflejos.com.ar\/2021\/\",\"name\":\"Noticias Radio Reflejos\",\"description\":\"Las noticias de mi comarca\",\"potentialAction\":[{\"@type\":\"SearchAction\",\"target\":{\"@type\":\"EntryPoint\",\"urlTemplate\":\"https:\/\/www.noticiasradioreflejos.com.ar\/2021\/?s={search_term_string}\"},\"query-input\":{\"@type\":\"PropertyValueSpecification\",\"valueRequired\":true,\"valueName\":\"search_term_string\"}}],\"inLanguage\":\"es\"},{\"@type\":\"Person\",\"@id\":\"https:\/\/www.noticiasradioreflejos.com.ar\/2021\/#\/schema\/person\/ad82545263dcc5ec0996818884fd5fb1\",\"name\":\"Arnaldo Botto\",\"image\":{\"@type\":\"ImageObject\",\"inLanguage\":\"es\",\"@id\":\"https:\/\/www.noticiasradioreflejos.com.ar\/2021\/#\/schema\/person\/image\/\",\"url\":\"https:\/\/secure.gravatar.com\/avatar\/55cb5e37c1efa326397366e6974cb338056df65cb50e7d64d1cf314e87504837?s=96&d=mm&r=g\",\"contentUrl\":\"https:\/\/secure.gravatar.com\/avatar\/55cb5e37c1efa326397366e6974cb338056df65cb50e7d64d1cf314e87504837?s=96&d=mm&r=g\",\"caption\":\"Arnaldo Botto\"},\"url\":\"https:\/\/www.noticiasradioreflejos.com.ar\/2021\/author\/arnaldo\/\"}]}<\/script>\n<!-- \/ Yoast SEO plugin. -->","yoast_head_json":{"title":"Las Instituciones dise\u00f1an la agenda Distrital - Noticias Radio Reflejos","robots":{"index":"index","follow":"follow","max-snippet":"max-snippet:-1","max-image-preview":"max-image-preview:large","max-video-preview":"max-video-preview:-1"},"canonical":"https:\/\/www.noticiasradioreflejos.com.ar\/2021\/las-instituciones-disenan-la-agenda-distrital\/","og_locale":"es_ES","og_type":"article","og_title":"Las Instituciones dise\u00f1an la agenda Distrital - Noticias Radio Reflejos","og_description":"Nota de opini\u00f3n del Sr. Jorge S\u00edmon Una vez m\u00e1s ha quedado demostrado que, a trav\u00e9s de las instituciones, los vecinos dise\u00f1an y planifican logros y pol\u00edticas p\u00fablicas que benefician a todos los pobladores del Distrito. Esto puede verse claramente en muchas oportunidades como, por ejemplo, es el caso de CAMCOTISAS (C\u00e1mara de Comercio Turismo [&hellip;]","og_url":"https:\/\/www.noticiasradioreflejos.com.ar\/2021\/las-instituciones-disenan-la-agenda-distrital\/","og_site_name":"Noticias Radio Reflejos","article_published_time":"2016-12-19T11:53:48+00:00","og_image":[{"width":300,"height":200,"url":"https:\/\/www.noticiasradioreflejos.com.ar\/2021\/wp-content\/uploads\/2021\/07\/logosol300x200.png","type":"image\/png"}],"author":"Arnaldo Botto","twitter_card":"summary_large_image","schema":{"@context":"https:\/\/schema.org","@graph":[{"@type":"WebPage","@id":"https:\/\/www.noticiasradioreflejos.com.ar\/2021\/las-instituciones-disenan-la-agenda-distrital\/","url":"https:\/\/www.noticiasradioreflejos.com.ar\/2021\/las-instituciones-disenan-la-agenda-distrital\/","name":"Las Instituciones dise\u00f1an la agenda Distrital - Noticias Radio Reflejos","isPartOf":{"@id":"https:\/\/www.noticiasradioreflejos.com.ar\/2021\/#website"},"datePublished":"2016-12-19T11:53:48+00:00","author":{"@id":"https:\/\/www.noticiasradioreflejos.com.ar\/2021\/#\/schema\/person\/ad82545263dcc5ec0996818884fd5fb1"},"breadcrumb":{"@id":"https:\/\/www.noticiasradioreflejos.com.ar\/2021\/las-instituciones-disenan-la-agenda-distrital\/#breadcrumb"},"inLanguage":"es","potentialAction":[{"@type":"ReadAction","target":["https:\/\/www.noticiasradioreflejos.com.ar\/2021\/las-instituciones-disenan-la-agenda-distrital\/"]}]},{"@type":"BreadcrumbList","@id":"https:\/\/www.noticiasradioreflejos.com.ar\/2021\/las-instituciones-disenan-la-agenda-distrital\/#breadcrumb","itemListElement":[{"@type":"ListItem","position":1,"name":"Portada","item":"https:\/\/www.noticiasradioreflejos.com.ar\/2021\/"},{"@type":"ListItem","position":2,"name":"Las Instituciones dise\u00f1an la agenda Distrital"}]},{"@type":"WebSite","@id":"https:\/\/www.noticiasradioreflejos.com.ar\/2021\/#website","url":"https:\/\/www.noticiasradioreflejos.com.ar\/2021\/","name":"Noticias Radio Reflejos","description":"Las noticias de mi comarca","potentialAction":[{"@type":"SearchAction","target":{"@type":"EntryPoint","urlTemplate":"https:\/\/www.noticiasradioreflejos.com.ar\/2021\/?s={search_term_string}"},"query-input":{"@type":"PropertyValueSpecification","valueRequired":true,"valueName":"search_term_string"}}],"inLanguage":"es"},{"@type":"Person","@id":"https:\/\/www.noticiasradioreflejos.com.ar\/2021\/#\/schema\/person\/ad82545263dcc5ec0996818884fd5fb1","name":"Arnaldo Botto","image":{"@type":"ImageObject","inLanguage":"es","@id":"https:\/\/www.noticiasradioreflejos.com.ar\/2021\/#\/schema\/person\/image\/","url":"https:\/\/secure.gravatar.com\/avatar\/55cb5e37c1efa326397366e6974cb338056df65cb50e7d64d1cf314e87504837?s=96&d=mm&r=g","contentUrl":"https:\/\/secure.gravatar.com\/avatar\/55cb5e37c1efa326397366e6974cb338056df65cb50e7d64d1cf314e87504837?s=96&d=mm&r=g","caption":"Arnaldo Botto"},"url":"https:\/\/www.noticiasradioreflejos.com.ar\/2021\/author\/arnaldo\/"}]}},"_links":{"self":[{"href":"https:\/\/www.noticiasradioreflejos.com.ar\/2021\/wp-json\/wp\/v2\/posts\/4911","targetHints":{"allow":["GET"]}}],"collection":[{"href":"https:\/\/www.noticiasradioreflejos.com.ar\/2021\/wp-json\/wp\/v2\/posts"}],"about":[{"href":"https:\/\/www.noticiasradioreflejos.com.ar\/2021\/wp-json\/wp\/v2\/types\/post"}],"author":[{"embeddable":true,"href":"https:\/\/www.noticiasradioreflejos.com.ar\/2021\/wp-json\/wp\/v2\/users\/3"}],"replies":[{"embeddable":true,"href":"https:\/\/www.noticiasradioreflejos.com.ar\/2021\/wp-json\/wp\/v2\/comments?post=4911"}],"version-history":[{"count":0,"href":"https:\/\/www.noticiasradioreflejos.com.ar\/2021\/wp-json\/wp\/v2\/posts\/4911\/revisions"}],"wp:attachment":[{"href":"https:\/\/www.noticiasradioreflejos.com.ar\/2021\/wp-json\/wp\/v2\/media?parent=4911"}],"wp:term":[{"taxonomy":"category","embeddable":true,"href":"https:\/\/www.noticiasradioreflejos.com.ar\/2021\/wp-json\/wp\/v2\/categories?post=4911"},{"taxonomy":"post_tag","embeddable":true,"href":"https:\/\/www.noticiasradioreflejos.com.ar\/2021\/wp-json\/wp\/v2\/tags?post=4911"}],"curies":[{"name":"wp","href":"https:\/\/api.w.org\/{rel}","templated":true}]}}