{"id":49108,"date":"2020-11-11T15:09:26","date_gmt":"2020-11-11T18:09:26","guid":{"rendered":"http:\/\/www.noticiasradioreflejos.com.ar\/noticias\/?p=49108"},"modified":"2020-11-11T15:09:26","modified_gmt":"2020-11-11T18:09:26","slug":"una-app-local-para-que-los-vecinos-puedan-constatar-la-ocupacion-de-los-espacios-verdes-gabriel-barquero","status":"publish","type":"post","link":"https:\/\/www.noticiasradioreflejos.com.ar\/2021\/una-app-local-para-que-los-vecinos-puedan-constatar-la-ocupacion-de-los-espacios-verdes-gabriel-barquero\/","title":{"rendered":"\u00abUna app local para que los vecinos puedan constatar la ocupaci\u00f3n de los espacios verdes\u00bb &#8211; Gabriel Barquero."},"content":{"rendered":"<p><strong><a title=\"WhatsApp Image 2020-11-11 at 11.53.05\" href=\"http:\/\/live.staticflickr.com\/65535\/50590398736_1890c2a69d_s.jpg\" rel=\"\"><img loading=\"lazy\" decoding=\"async\" class=\"alignleft\" style=\"float: left;\" title=\"WhatsApp Image 2020-11-11 at 11.53.05\" src=\"http:\/\/live.staticflickr.com\/65535\/50590398736_1890c2a69d_w.jpg\" alt=\"WhatsApp Image 2020-11-11 at 11.53.05\" width=\"400\" height=\"400\" \/><\/a>Gabriel Barquero<\/strong>, Vicepresidente del Concejo Deliberante de <strong>Mor\u00f3n<\/strong>, utiliz\u00f3 el espacio de la radio para presentar una medida innovadora que se ha implementado exitosamente en su municipio. Se trata de la aplicaci\u00f3n &#8216;Disfruta Mor\u00f3n&#8217;, que les permite a los vecinos y al Estado corroborar el conglomerado de personas en espacios verdes.<!--more--><br \/>\n<a title=\"2020-11-11_03-00-46\" href=\"http:\/\/live.staticflickr.com\/65535\/50590158148_8b35401608_s.jpg\" rel=\"\"><img loading=\"lazy\" decoding=\"async\" class=\"aligncenter\" title=\"2020-11-11_03-00-46\" src=\"http:\/\/live.staticflickr.com\/65535\/50590158148_05c3e6bcc3_o.jpg\" alt=\"2020-11-11_03-00-46\" width=\"414\" height=\"414\" \/><\/a><\/p>\n<p>La aplicaci\u00f3n en cuesti\u00f3n se trata de una app local que los vecinos pueden descargar a trav\u00e9s del sistema Android para constatar la ocupaci\u00f3n de los espacios verdes. \u00abA trav\u00e9s de un sem\u00e1foro con los colores verde, amarillo y rojo tenemos un control del distanciamiento social\u00bb explic\u00f3 el Concejal. Adem\u00e1s, agreg\u00f3 que mediante la aplicaci\u00f3n se puede informar no s\u00f3lo el Estado, sino tambi\u00e9n los vecino.<\/p>\n<p>Gabriel coment\u00f3 que desde antes que existiera la aplicaci\u00f3n ya hab\u00eda un control para que los ciudadanos respeten el distanciamiento y los protocolos, pero que ten\u00edan un inconveniente: los l\u00edmites entre distritos son invisibles. \u00abEs muy complicado\u00bb explic\u00f3. Gabriel sostiene que el motor de la aparici\u00f3n de esta aplicaci\u00f3n fue el descontrol de los vecinos: \u00abla gente se desmadr\u00f3. Ante eso, el poder ejecutivo puso el foco en el control a trav\u00e9s de esta aplicaci\u00f3n\u00bb.<\/p>\n<p><a title=\"2020-11-11_03-01-04\" href=\"http:\/\/live.staticflickr.com\/65535\/50591020277_0fc1253fd3_s.jpg\" rel=\"\"><img loading=\"lazy\" decoding=\"async\" class=\"aligncenter\" title=\"2020-11-11_03-01-04\" src=\"http:\/\/live.staticflickr.com\/65535\/50591020277_0fc1253fd3_c.jpg\" alt=\"2020-11-11_03-01-04\" width=\"450\" height=\"800\" \/><\/a><\/p>\n<p>Barquero mencion\u00f3 que en Mor\u00f3n pudieron tener controlados los contagios del virus gracias a que tomaron una medida bastante innovadora que luego fue tomada por otros distritos: habilitar los hoteles alojamiento para que aquellos vecinos que no ten\u00edan las condiciones para estar aislados cuando ten\u00edan un contagiado pudieran cumplir la cuarentena all\u00ed. \u00abHemos controlado la circulaci\u00f3n del virus\u00bb expres\u00f3.<\/p>\n<p><a title=\"2020-11-11_03-01-25\" href=\"http:\/\/live.staticflickr.com\/65535\/50590159888_0901c788f0_s.jpg\" rel=\"\"><img loading=\"lazy\" decoding=\"async\" class=\"aligncenter\" title=\"2020-11-11_03-01-25\" src=\"http:\/\/live.staticflickr.com\/65535\/50590159888_0901c788f0_z.jpg\" alt=\"2020-11-11_03-01-25\" width=\"423\" height=\"640\" \/><\/a><\/p>\n<p>\u00abEsta aplicaci\u00f3n ha sido muy \u00fatil no s\u00f3lo en la utilizaci\u00f3n de los espacios verdes sino tambi\u00e9n en las entidades deportivas y centros de jubilados. Puede ser una herramienta que se puede imitar para que regiones como las de ustedes puedan reactivarse en algo tan fundamental como es el turismo\u00bb mencion\u00f3.<\/p>\n<p>La aplicaci\u00f3n se llama &#8216;Disfrut\u00e1 Mor\u00f3n&#8217; y se puede descargar en dispositivos Android.<\/p>\n<p>Nota completa a continuaci\u00f3n:<br \/>\n<iframe loading=\"lazy\" src=\"https:\/\/w.soundcloud.com\/player\/?url=https%3A\/\/api.soundcloud.com\/tracks\/927310384&amp;color=%23ff5500&amp;auto_play=false&amp;hide_related=false&amp;show_comments=true&amp;show_user=true&amp;show_reposts=false&amp;show_teaser=true&amp;visual=true\" width=\"100%\" height=\"300\" frameborder=\"no\" scrolling=\"no\"><\/iframe><\/p>\n<div style=\"font-size: 10px; color: #cccccc; line-break: anywhere; word-break: normal; overflow: hidden; white-space: nowrap; text-overflow: ellipsis; font-family: Interstate,Lucida Grande,Lucida Sans Unicode,Lucida Sans,Garuda,Verdana,Tahoma,sans-serif; font-weight: 100;\"><a style=\"color: #cccccc; text-decoration: none;\" title=\"fmreflejos 103.7\" href=\"https:\/\/soundcloud.com\/fmreflejos-103-7\" target=\"_blank\" rel=\"noopener\">fmreflejos 103.7<\/a> \u00b7 <a style=\"color: #cccccc; text-decoration: none;\" title=\"Gabriel Barquero\" href=\"https:\/\/soundcloud.com\/fmreflejos-103-7\/gabriel-barquero\" target=\"_blank\" rel=\"noopener\">Gabriel Barquero<\/a><\/div>\n","protected":false},"excerpt":{"rendered":"<p>Gabriel Barquero, Vicepresidente del Concejo Deliberante de Mor\u00f3n, utiliz\u00f3 el espacio de la radio para presentar una medida innovadora que se ha implementado exitosamente en su municipio. Se trata de la aplicaci\u00f3n &#8216;Disfruta Mor\u00f3n&#8217;, que les permite a los vecinos y al Estado corroborar el conglomerado de personas en espacios verdes.<\/p>\n","protected":false},"author":3,"featured_media":0,"comment_status":"closed","ping_status":"open","sticky":false,"template":"","format":"standard","meta":{"footnotes":""},"categories":[26],"tags":[],"class_list":["post-49108","post","type-post","status-publish","format-standard","hentry","category-sociedad"],"yoast_head":"<!-- This site is optimized with the Yoast SEO plugin v25.9 - https:\/\/yoast.com\/wordpress\/plugins\/seo\/ -->\n<title>&quot;Una app local para que los vecinos puedan constatar la ocupaci\u00f3n de los espacios verdes&quot; - Gabriel Barquero. - Noticias Radio Reflejos<\/title>\n<meta name=\"robots\" content=\"index, follow, max-snippet:-1, max-image-preview:large, max-video-preview:-1\" \/>\n<link rel=\"canonical\" href=\"https:\/\/www.noticiasradioreflejos.com.ar\/2021\/una-app-local-para-que-los-vecinos-puedan-constatar-la-ocupacion-de-los-espacios-verdes-gabriel-barquero\/\" \/>\n<meta property=\"og:locale\" content=\"es_ES\" \/>\n<meta property=\"og:type\" content=\"article\" \/>\n<meta property=\"og:title\" content=\"&quot;Una app local para que los vecinos puedan constatar la ocupaci\u00f3n de los espacios verdes&quot; - Gabriel Barquero. - Noticias Radio Reflejos\" \/>\n<meta property=\"og:description\" content=\"Gabriel Barquero, Vicepresidente del Concejo Deliberante de Mor\u00f3n, utiliz\u00f3 el espacio de la radio para presentar una medida innovadora que se ha implementado exitosamente en su municipio. Se trata de la aplicaci\u00f3n &#8216;Disfruta Mor\u00f3n&#8217;, que les permite a los vecinos y al Estado corroborar el conglomerado de personas en espacios verdes.\" \/>\n<meta property=\"og:url\" content=\"https:\/\/www.noticiasradioreflejos.com.ar\/2021\/una-app-local-para-que-los-vecinos-puedan-constatar-la-ocupacion-de-los-espacios-verdes-gabriel-barquero\/\" \/>\n<meta property=\"og:site_name\" content=\"Noticias Radio Reflejos\" \/>\n<meta property=\"article:published_time\" content=\"2020-11-11T18:09:26+00:00\" \/>\n<meta property=\"og:image\" content=\"http:\/\/live.staticflickr.com\/65535\/50590398736_1890c2a69d_w.jpg\" \/>\n<meta name=\"author\" content=\"Arnaldo Botto\" \/>\n<meta name=\"twitter:card\" content=\"summary_large_image\" \/>\n<script type=\"application\/ld+json\" class=\"yoast-schema-graph\">{\"@context\":\"https:\/\/schema.org\",\"@graph\":[{\"@type\":\"WebPage\",\"@id\":\"https:\/\/www.noticiasradioreflejos.com.ar\/2021\/una-app-local-para-que-los-vecinos-puedan-constatar-la-ocupacion-de-los-espacios-verdes-gabriel-barquero\/\",\"url\":\"https:\/\/www.noticiasradioreflejos.com.ar\/2021\/una-app-local-para-que-los-vecinos-puedan-constatar-la-ocupacion-de-los-espacios-verdes-gabriel-barquero\/\",\"name\":\"\\\"Una app local para que los vecinos puedan constatar la ocupaci\u00f3n de los espacios verdes\\\" - Gabriel Barquero. - Noticias Radio Reflejos\",\"isPartOf\":{\"@id\":\"https:\/\/www.noticiasradioreflejos.com.ar\/2021\/#website\"},\"primaryImageOfPage\":{\"@id\":\"https:\/\/www.noticiasradioreflejos.com.ar\/2021\/una-app-local-para-que-los-vecinos-puedan-constatar-la-ocupacion-de-los-espacios-verdes-gabriel-barquero\/#primaryimage\"},\"image\":{\"@id\":\"https:\/\/www.noticiasradioreflejos.com.ar\/2021\/una-app-local-para-que-los-vecinos-puedan-constatar-la-ocupacion-de-los-espacios-verdes-gabriel-barquero\/#primaryimage\"},\"thumbnailUrl\":\"http:\/\/live.staticflickr.com\/65535\/50590398736_1890c2a69d_w.jpg\",\"datePublished\":\"2020-11-11T18:09:26+00:00\",\"author\":{\"@id\":\"https:\/\/www.noticiasradioreflejos.com.ar\/2021\/#\/schema\/person\/ad82545263dcc5ec0996818884fd5fb1\"},\"breadcrumb\":{\"@id\":\"https:\/\/www.noticiasradioreflejos.com.ar\/2021\/una-app-local-para-que-los-vecinos-puedan-constatar-la-ocupacion-de-los-espacios-verdes-gabriel-barquero\/#breadcrumb\"},\"inLanguage\":\"es\",\"potentialAction\":[{\"@type\":\"ReadAction\",\"target\":[\"https:\/\/www.noticiasradioreflejos.com.ar\/2021\/una-app-local-para-que-los-vecinos-puedan-constatar-la-ocupacion-de-los-espacios-verdes-gabriel-barquero\/\"]}]},{\"@type\":\"ImageObject\",\"inLanguage\":\"es\",\"@id\":\"https:\/\/www.noticiasradioreflejos.com.ar\/2021\/una-app-local-para-que-los-vecinos-puedan-constatar-la-ocupacion-de-los-espacios-verdes-gabriel-barquero\/#primaryimage\",\"url\":\"http:\/\/live.staticflickr.com\/65535\/50590398736_1890c2a69d_w.jpg\",\"contentUrl\":\"http:\/\/live.staticflickr.com\/65535\/50590398736_1890c2a69d_w.jpg\"},{\"@type\":\"BreadcrumbList\",\"@id\":\"https:\/\/www.noticiasradioreflejos.com.ar\/2021\/una-app-local-para-que-los-vecinos-puedan-constatar-la-ocupacion-de-los-espacios-verdes-gabriel-barquero\/#breadcrumb\",\"itemListElement\":[{\"@type\":\"ListItem\",\"position\":1,\"name\":\"Portada\",\"item\":\"https:\/\/www.noticiasradioreflejos.com.ar\/2021\/\"},{\"@type\":\"ListItem\",\"position\":2,\"name\":\"\u00abUna app local para que los vecinos puedan constatar la ocupaci\u00f3n de los espacios verdes\u00bb &#8211; Gabriel Barquero.\"}]},{\"@type\":\"WebSite\",\"@id\":\"https:\/\/www.noticiasradioreflejos.com.ar\/2021\/#website\",\"url\":\"https:\/\/www.noticiasradioreflejos.com.ar\/2021\/\",\"name\":\"Noticias Radio Reflejos\",\"description\":\"Las noticias de mi comarca\",\"potentialAction\":[{\"@type\":\"SearchAction\",\"target\":{\"@type\":\"EntryPoint\",\"urlTemplate\":\"https:\/\/www.noticiasradioreflejos.com.ar\/2021\/?s={search_term_string}\"},\"query-input\":{\"@type\":\"PropertyValueSpecification\",\"valueRequired\":true,\"valueName\":\"search_term_string\"}}],\"inLanguage\":\"es\"},{\"@type\":\"Person\",\"@id\":\"https:\/\/www.noticiasradioreflejos.com.ar\/2021\/#\/schema\/person\/ad82545263dcc5ec0996818884fd5fb1\",\"name\":\"Arnaldo Botto\",\"image\":{\"@type\":\"ImageObject\",\"inLanguage\":\"es\",\"@id\":\"https:\/\/www.noticiasradioreflejos.com.ar\/2021\/#\/schema\/person\/image\/\",\"url\":\"https:\/\/secure.gravatar.com\/avatar\/55cb5e37c1efa326397366e6974cb338056df65cb50e7d64d1cf314e87504837?s=96&d=mm&r=g\",\"contentUrl\":\"https:\/\/secure.gravatar.com\/avatar\/55cb5e37c1efa326397366e6974cb338056df65cb50e7d64d1cf314e87504837?s=96&d=mm&r=g\",\"caption\":\"Arnaldo Botto\"},\"url\":\"https:\/\/www.noticiasradioreflejos.com.ar\/2021\/author\/arnaldo\/\"}]}<\/script>\n<!-- \/ Yoast SEO plugin. -->","yoast_head_json":{"title":"\"Una app local para que los vecinos puedan constatar la ocupaci\u00f3n de los espacios verdes\" - Gabriel Barquero. - Noticias Radio Reflejos","robots":{"index":"index","follow":"follow","max-snippet":"max-snippet:-1","max-image-preview":"max-image-preview:large","max-video-preview":"max-video-preview:-1"},"canonical":"https:\/\/www.noticiasradioreflejos.com.ar\/2021\/una-app-local-para-que-los-vecinos-puedan-constatar-la-ocupacion-de-los-espacios-verdes-gabriel-barquero\/","og_locale":"es_ES","og_type":"article","og_title":"\"Una app local para que los vecinos puedan constatar la ocupaci\u00f3n de los espacios verdes\" - Gabriel Barquero. - Noticias Radio Reflejos","og_description":"Gabriel Barquero, Vicepresidente del Concejo Deliberante de Mor\u00f3n, utiliz\u00f3 el espacio de la radio para presentar una medida innovadora que se ha implementado exitosamente en su municipio. Se trata de la aplicaci\u00f3n &#8216;Disfruta Mor\u00f3n&#8217;, que les permite a los vecinos y al Estado corroborar el conglomerado de personas en espacios verdes.","og_url":"https:\/\/www.noticiasradioreflejos.com.ar\/2021\/una-app-local-para-que-los-vecinos-puedan-constatar-la-ocupacion-de-los-espacios-verdes-gabriel-barquero\/","og_site_name":"Noticias Radio Reflejos","article_published_time":"2020-11-11T18:09:26+00:00","og_image":[{"url":"http:\/\/live.staticflickr.com\/65535\/50590398736_1890c2a69d_w.jpg","type":"","width":"","height":""}],"author":"Arnaldo Botto","twitter_card":"summary_large_image","schema":{"@context":"https:\/\/schema.org","@graph":[{"@type":"WebPage","@id":"https:\/\/www.noticiasradioreflejos.com.ar\/2021\/una-app-local-para-que-los-vecinos-puedan-constatar-la-ocupacion-de-los-espacios-verdes-gabriel-barquero\/","url":"https:\/\/www.noticiasradioreflejos.com.ar\/2021\/una-app-local-para-que-los-vecinos-puedan-constatar-la-ocupacion-de-los-espacios-verdes-gabriel-barquero\/","name":"\"Una app local para que los vecinos puedan constatar la ocupaci\u00f3n de los espacios verdes\" - Gabriel Barquero. - Noticias Radio Reflejos","isPartOf":{"@id":"https:\/\/www.noticiasradioreflejos.com.ar\/2021\/#website"},"primaryImageOfPage":{"@id":"https:\/\/www.noticiasradioreflejos.com.ar\/2021\/una-app-local-para-que-los-vecinos-puedan-constatar-la-ocupacion-de-los-espacios-verdes-gabriel-barquero\/#primaryimage"},"image":{"@id":"https:\/\/www.noticiasradioreflejos.com.ar\/2021\/una-app-local-para-que-los-vecinos-puedan-constatar-la-ocupacion-de-los-espacios-verdes-gabriel-barquero\/#primaryimage"},"thumbnailUrl":"http:\/\/live.staticflickr.com\/65535\/50590398736_1890c2a69d_w.jpg","datePublished":"2020-11-11T18:09:26+00:00","author":{"@id":"https:\/\/www.noticiasradioreflejos.com.ar\/2021\/#\/schema\/person\/ad82545263dcc5ec0996818884fd5fb1"},"breadcrumb":{"@id":"https:\/\/www.noticiasradioreflejos.com.ar\/2021\/una-app-local-para-que-los-vecinos-puedan-constatar-la-ocupacion-de-los-espacios-verdes-gabriel-barquero\/#breadcrumb"},"inLanguage":"es","potentialAction":[{"@type":"ReadAction","target":["https:\/\/www.noticiasradioreflejos.com.ar\/2021\/una-app-local-para-que-los-vecinos-puedan-constatar-la-ocupacion-de-los-espacios-verdes-gabriel-barquero\/"]}]},{"@type":"ImageObject","inLanguage":"es","@id":"https:\/\/www.noticiasradioreflejos.com.ar\/2021\/una-app-local-para-que-los-vecinos-puedan-constatar-la-ocupacion-de-los-espacios-verdes-gabriel-barquero\/#primaryimage","url":"http:\/\/live.staticflickr.com\/65535\/50590398736_1890c2a69d_w.jpg","contentUrl":"http:\/\/live.staticflickr.com\/65535\/50590398736_1890c2a69d_w.jpg"},{"@type":"BreadcrumbList","@id":"https:\/\/www.noticiasradioreflejos.com.ar\/2021\/una-app-local-para-que-los-vecinos-puedan-constatar-la-ocupacion-de-los-espacios-verdes-gabriel-barquero\/#breadcrumb","itemListElement":[{"@type":"ListItem","position":1,"name":"Portada","item":"https:\/\/www.noticiasradioreflejos.com.ar\/2021\/"},{"@type":"ListItem","position":2,"name":"\u00abUna app local para que los vecinos puedan constatar la ocupaci\u00f3n de los espacios verdes\u00bb &#8211; Gabriel Barquero."}]},{"@type":"WebSite","@id":"https:\/\/www.noticiasradioreflejos.com.ar\/2021\/#website","url":"https:\/\/www.noticiasradioreflejos.com.ar\/2021\/","name":"Noticias Radio Reflejos","description":"Las noticias de mi comarca","potentialAction":[{"@type":"SearchAction","target":{"@type":"EntryPoint","urlTemplate":"https:\/\/www.noticiasradioreflejos.com.ar\/2021\/?s={search_term_string}"},"query-input":{"@type":"PropertyValueSpecification","valueRequired":true,"valueName":"search_term_string"}}],"inLanguage":"es"},{"@type":"Person","@id":"https:\/\/www.noticiasradioreflejos.com.ar\/2021\/#\/schema\/person\/ad82545263dcc5ec0996818884fd5fb1","name":"Arnaldo Botto","image":{"@type":"ImageObject","inLanguage":"es","@id":"https:\/\/www.noticiasradioreflejos.com.ar\/2021\/#\/schema\/person\/image\/","url":"https:\/\/secure.gravatar.com\/avatar\/55cb5e37c1efa326397366e6974cb338056df65cb50e7d64d1cf314e87504837?s=96&d=mm&r=g","contentUrl":"https:\/\/secure.gravatar.com\/avatar\/55cb5e37c1efa326397366e6974cb338056df65cb50e7d64d1cf314e87504837?s=96&d=mm&r=g","caption":"Arnaldo Botto"},"url":"https:\/\/www.noticiasradioreflejos.com.ar\/2021\/author\/arnaldo\/"}]}},"_links":{"self":[{"href":"https:\/\/www.noticiasradioreflejos.com.ar\/2021\/wp-json\/wp\/v2\/posts\/49108","targetHints":{"allow":["GET"]}}],"collection":[{"href":"https:\/\/www.noticiasradioreflejos.com.ar\/2021\/wp-json\/wp\/v2\/posts"}],"about":[{"href":"https:\/\/www.noticiasradioreflejos.com.ar\/2021\/wp-json\/wp\/v2\/types\/post"}],"author":[{"embeddable":true,"href":"https:\/\/www.noticiasradioreflejos.com.ar\/2021\/wp-json\/wp\/v2\/users\/3"}],"replies":[{"embeddable":true,"href":"https:\/\/www.noticiasradioreflejos.com.ar\/2021\/wp-json\/wp\/v2\/comments?post=49108"}],"version-history":[{"count":0,"href":"https:\/\/www.noticiasradioreflejos.com.ar\/2021\/wp-json\/wp\/v2\/posts\/49108\/revisions"}],"wp:attachment":[{"href":"https:\/\/www.noticiasradioreflejos.com.ar\/2021\/wp-json\/wp\/v2\/media?parent=49108"}],"wp:term":[{"taxonomy":"category","embeddable":true,"href":"https:\/\/www.noticiasradioreflejos.com.ar\/2021\/wp-json\/wp\/v2\/categories?post=49108"},{"taxonomy":"post_tag","embeddable":true,"href":"https:\/\/www.noticiasradioreflejos.com.ar\/2021\/wp-json\/wp\/v2\/tags?post=49108"}],"curies":[{"name":"wp","href":"https:\/\/api.w.org\/{rel}","templated":true}]}}