{"id":4906,"date":"2016-12-19T11:28:22","date_gmt":"2016-12-19T11:28:22","guid":{"rendered":"http:\/\/noticiasradioreflejos.com.ar\/noticias\/?p=4906"},"modified":"2016-12-19T11:28:22","modified_gmt":"2016-12-19T11:28:22","slug":"segunda-asamblea-de-pueblos-por-el-tren-en-saavedra","status":"publish","type":"post","link":"https:\/\/www.noticiasradioreflejos.com.ar\/2021\/segunda-asamblea-de-pueblos-por-el-tren-en-saavedra\/","title":{"rendered":"Segunda Asamblea de Pueblos por el Tren, en Saavedra"},"content":{"rendered":"<p><a title=\"asamblea saavedra\" href=\"http:\/\/farm1.staticflickr.com\/646\/31368069390_183f512e14.jpg\" rel=\"\"><img loading=\"lazy\" decoding=\"async\" class=\"alignleft\" style=\"float: left;\" title=\"asamblea saavedra\" src=\"http:\/\/farm1.staticflickr.com\/646\/31368069390_183f512e14.jpg\" alt=\"asamblea saavedra\" width=\"500\" height=\"375\" \/><\/a>Pueblos de la provincia de Buenos Aires se organizan para exigir al gobierno nacional que cumpla con la ley 27132 y restituyan el servicio de trenes de pasajeros. Inminente reuni\u00f3n con el ministerio de transporte para el pr\u00f3ximo mi\u00e9rcoles 21 de diciembre.<br \/>\nA partir del 1ro de julio de 2016, la gobernadora Vidal suspendi\u00f3 el servicio de pasajeros perteneciente a la empresa provincial Ferrobaires, sin plazo de restituci\u00f3n, sin servicio alternativo, sin informaci\u00f3n a usuarios ni trabajadores. Las distintas poblaciones afectadas se fueron nucleando para reclamar que el servicio se restituya de manera urgente. Del sur de la provincia de Buenos Aires surge la Asamblea Pueblos por el Tren, que el pasado s\u00e1bado 10 de diciembre 2016 tuvo su segunda asamblea plenaria.<!--more--><br \/>\nEntre las 40 personas que conformaron asamblea, estuvieron presente representantes de Pu\u00e1n, Pig\u00fc\u00e9, Villa y Sierra de la Ventana, Ferrocoopa de Punta Alta, Brandsen representando a todo el corredor Alejandro Korn \u2013 Chascom\u00fas, y Saavedra.<br \/>\nSe decidi\u00f3 la adhesi\u00f3n de las distintas organizaciones a la presentaci\u00f3n en Defensor\u00eda del Pueblo de la Naci\u00f3n realizada el pasado 7 de noviembre por la Asamblea Vecinos Por el Tren de Sierra de la Ventana, cuyo texto denuncia \u201cun incumplimiento absoluto de la ley 27.132 que declar\u00f3 de inter\u00e9s p\u00fablico nacional y como objetivo prioritario de la Rep\u00fablica Argentina la pol\u00edtica de reactivaci\u00f3n de los ferrocarriles de pasajeros\u201d. El texto y n\u00famero de expediente de esta presentaci\u00f3n est\u00e1n a disposici\u00f3n de cualquier organizaci\u00f3n o poblaci\u00f3n que desee adherir, en el Facebook \u201cQue Vuelva el Tren (Comarca Serrana de la Ventana)\u201d o puede solicitarlo al mail quevuelvaeltren2016@gmail.com.<br \/>\nSe decidi\u00f3 tambi\u00e9n, exigir respuesta y acci\u00f3n a los intendentes de la sexta secci\u00f3n electoral, quienes recibieron en mano una nota emitida desde la \u00faltima asamblea de Pueblos por el tren realizada en Sierra de la Ventana el pasado 12 de noviembre. En dicho texto se expresa que \u201cEl tren cumple un imprescindible servicio social para las poblaciones, permitiendo su traslado a escuelas, servicios de salud, destinos laborales, etc, Siendo adem\u00e1s un factor central en el desarrollo econ\u00f3mico, pol\u00edtico y social de los pueblos, poblados y ciudades que conecta.\u201d Y que al no existir servicios alternativos al alcance de los usuarios, deja al pueblo a merced de \u201cservicios monop\u00f3licos, con tarifas privativas y prestaciones de cuestionable calidad.\u201d<br \/>\nA su vez la nota indica que \u201cLa incertidumbre ocasionada por la suspensi\u00f3n inconsulta, absolutamente carente de informaci\u00f3n y plazos de restituci\u00f3n por parte de las autoridades, se agrava por la situaci\u00f3n de los trabajadores del ferrocarril que ven perder, y en los mejores casos, peligrar sus fuentes de trabajo.\u201d Debido a que los trabajadores de la ex \u2013 Ferrobaires tienen garantizado su sueldo por parte de la provincia de Buenos Aires hasta el 1ro de abril de 2017. No hay informaci\u00f3n sobre el destino de estos trabajadores a partir de dicha fecha.<br \/>\nEs por todo esto que se les solicita a los intendentes de la 6ta secci\u00f3n electoral \u201csu intervenci\u00f3n con objeto de interceder ante las m\u00e1ximas autoridades por la urgente recuperaci\u00f3n de los servicios ferroviarios.\u201d<br \/>\nDurante la asamblea, se hizo especial \u00e9nfasis en la grave situaci\u00f3n del pueblo de Saavedra, pueblo tradicionalmente ferroviario, que en un acto claramente discriminatorio, se deja absolutamente incomunicada a toda la poblaci\u00f3n, ya que no s\u00f3lo el servicio de trenes de Trenes Argentinos, que actualmente comprende una \u00fanica frecuencia semanal, NO PARA en la estaci\u00f3n de Saavedra, sino que aparte, los micros de larga distancia que pasan por la ruta 33 no entran en el pueblo, que est\u00e1 a 5 kil\u00f3metros de dicha ruta. Los vecinos de Saavedra deben allegarse por sus propios medios hasta la localidad de Pig\u00fc\u00e9, a 30 kil\u00f3metros de distancia, para tomar el tren de Trenes Argentinos Constituci\u00f3n \u2013 Bah\u00eda Blanca v\u00eda Lamadrid. Al cierre de esta nota, los vecinos de Saavedra esperan una reuni\u00f3n convocada desde el ministerio de transporte para el pr\u00f3ximo mi\u00e9rcoles 21 de diciembre, a donde acudir\u00e1n llevando tambi\u00e9n el reclamo y adhesi\u00f3n de otros pueblos.<br \/>\nPara finalizar, se decidi\u00f3 realizar actos simult\u00e1neos en las distintas localidades durante los pr\u00f3ximos meses, dar participaci\u00f3n a organismos de derechos humanos para que asistan a los pueblos por este tema, y se acord\u00f3 la fecha para la pr\u00f3xima asamblea, que ser\u00e1 el s\u00e1bado 14 de enero de 2017 en la localidad de Brandsen.<\/p>\n","protected":false},"excerpt":{"rendered":"<p>Pueblos de la provincia de Buenos Aires se organizan para exigir al gobierno nacional que cumpla con la ley 27132 y restituyan el servicio de trenes de pasajeros. Inminente reuni\u00f3n con el ministerio de transporte para el pr\u00f3ximo mi\u00e9rcoles 21 de diciembre. A partir del 1ro de julio de 2016, la gobernadora Vidal suspendi\u00f3 el [&hellip;]<\/p>\n","protected":false},"author":3,"featured_media":0,"comment_status":"closed","ping_status":"open","sticky":false,"template":"","format":"standard","meta":{"footnotes":""},"categories":[26],"tags":[],"class_list":["post-4906","post","type-post","status-publish","format-standard","hentry","category-sociedad"],"yoast_head":"<!-- This site is optimized with the Yoast SEO plugin v25.9 - https:\/\/yoast.com\/wordpress\/plugins\/seo\/ -->\n<title>Segunda Asamblea de Pueblos por el Tren, en Saavedra - Noticias Radio Reflejos<\/title>\n<meta name=\"robots\" content=\"index, follow, max-snippet:-1, max-image-preview:large, max-video-preview:-1\" \/>\n<link rel=\"canonical\" href=\"https:\/\/www.noticiasradioreflejos.com.ar\/2021\/segunda-asamblea-de-pueblos-por-el-tren-en-saavedra\/\" \/>\n<meta property=\"og:locale\" content=\"es_ES\" \/>\n<meta property=\"og:type\" content=\"article\" \/>\n<meta property=\"og:title\" content=\"Segunda Asamblea de Pueblos por el Tren, en Saavedra - Noticias Radio Reflejos\" \/>\n<meta property=\"og:description\" content=\"Pueblos de la provincia de Buenos Aires se organizan para exigir al gobierno nacional que cumpla con la ley 27132 y restituyan el servicio de trenes de pasajeros. Inminente reuni\u00f3n con el ministerio de transporte para el pr\u00f3ximo mi\u00e9rcoles 21 de diciembre. A partir del 1ro de julio de 2016, la gobernadora Vidal suspendi\u00f3 el [&hellip;]\" \/>\n<meta property=\"og:url\" content=\"https:\/\/www.noticiasradioreflejos.com.ar\/2021\/segunda-asamblea-de-pueblos-por-el-tren-en-saavedra\/\" \/>\n<meta property=\"og:site_name\" content=\"Noticias Radio Reflejos\" \/>\n<meta property=\"article:published_time\" content=\"2016-12-19T11:28:22+00:00\" \/>\n<meta property=\"og:image\" content=\"http:\/\/farm1.staticflickr.com\/646\/31368069390_183f512e14.jpg\" \/>\n<meta name=\"author\" content=\"Arnaldo Botto\" \/>\n<meta name=\"twitter:card\" content=\"summary_large_image\" \/>\n<script type=\"application\/ld+json\" class=\"yoast-schema-graph\">{\"@context\":\"https:\/\/schema.org\",\"@graph\":[{\"@type\":\"WebPage\",\"@id\":\"https:\/\/www.noticiasradioreflejos.com.ar\/2021\/segunda-asamblea-de-pueblos-por-el-tren-en-saavedra\/\",\"url\":\"https:\/\/www.noticiasradioreflejos.com.ar\/2021\/segunda-asamblea-de-pueblos-por-el-tren-en-saavedra\/\",\"name\":\"Segunda Asamblea de Pueblos por el Tren, en Saavedra - Noticias Radio Reflejos\",\"isPartOf\":{\"@id\":\"https:\/\/www.noticiasradioreflejos.com.ar\/2021\/#website\"},\"primaryImageOfPage\":{\"@id\":\"https:\/\/www.noticiasradioreflejos.com.ar\/2021\/segunda-asamblea-de-pueblos-por-el-tren-en-saavedra\/#primaryimage\"},\"image\":{\"@id\":\"https:\/\/www.noticiasradioreflejos.com.ar\/2021\/segunda-asamblea-de-pueblos-por-el-tren-en-saavedra\/#primaryimage\"},\"thumbnailUrl\":\"http:\/\/farm1.staticflickr.com\/646\/31368069390_183f512e14.jpg\",\"datePublished\":\"2016-12-19T11:28:22+00:00\",\"author\":{\"@id\":\"https:\/\/www.noticiasradioreflejos.com.ar\/2021\/#\/schema\/person\/ad82545263dcc5ec0996818884fd5fb1\"},\"breadcrumb\":{\"@id\":\"https:\/\/www.noticiasradioreflejos.com.ar\/2021\/segunda-asamblea-de-pueblos-por-el-tren-en-saavedra\/#breadcrumb\"},\"inLanguage\":\"es\",\"potentialAction\":[{\"@type\":\"ReadAction\",\"target\":[\"https:\/\/www.noticiasradioreflejos.com.ar\/2021\/segunda-asamblea-de-pueblos-por-el-tren-en-saavedra\/\"]}]},{\"@type\":\"ImageObject\",\"inLanguage\":\"es\",\"@id\":\"https:\/\/www.noticiasradioreflejos.com.ar\/2021\/segunda-asamblea-de-pueblos-por-el-tren-en-saavedra\/#primaryimage\",\"url\":\"http:\/\/farm1.staticflickr.com\/646\/31368069390_183f512e14.jpg\",\"contentUrl\":\"http:\/\/farm1.staticflickr.com\/646\/31368069390_183f512e14.jpg\"},{\"@type\":\"BreadcrumbList\",\"@id\":\"https:\/\/www.noticiasradioreflejos.com.ar\/2021\/segunda-asamblea-de-pueblos-por-el-tren-en-saavedra\/#breadcrumb\",\"itemListElement\":[{\"@type\":\"ListItem\",\"position\":1,\"name\":\"Portada\",\"item\":\"https:\/\/www.noticiasradioreflejos.com.ar\/2021\/\"},{\"@type\":\"ListItem\",\"position\":2,\"name\":\"Segunda Asamblea de Pueblos por el Tren, en Saavedra\"}]},{\"@type\":\"WebSite\",\"@id\":\"https:\/\/www.noticiasradioreflejos.com.ar\/2021\/#website\",\"url\":\"https:\/\/www.noticiasradioreflejos.com.ar\/2021\/\",\"name\":\"Noticias Radio Reflejos\",\"description\":\"Las noticias de mi comarca\",\"potentialAction\":[{\"@type\":\"SearchAction\",\"target\":{\"@type\":\"EntryPoint\",\"urlTemplate\":\"https:\/\/www.noticiasradioreflejos.com.ar\/2021\/?s={search_term_string}\"},\"query-input\":{\"@type\":\"PropertyValueSpecification\",\"valueRequired\":true,\"valueName\":\"search_term_string\"}}],\"inLanguage\":\"es\"},{\"@type\":\"Person\",\"@id\":\"https:\/\/www.noticiasradioreflejos.com.ar\/2021\/#\/schema\/person\/ad82545263dcc5ec0996818884fd5fb1\",\"name\":\"Arnaldo Botto\",\"image\":{\"@type\":\"ImageObject\",\"inLanguage\":\"es\",\"@id\":\"https:\/\/www.noticiasradioreflejos.com.ar\/2021\/#\/schema\/person\/image\/\",\"url\":\"https:\/\/secure.gravatar.com\/avatar\/55cb5e37c1efa326397366e6974cb338056df65cb50e7d64d1cf314e87504837?s=96&d=mm&r=g\",\"contentUrl\":\"https:\/\/secure.gravatar.com\/avatar\/55cb5e37c1efa326397366e6974cb338056df65cb50e7d64d1cf314e87504837?s=96&d=mm&r=g\",\"caption\":\"Arnaldo Botto\"},\"url\":\"https:\/\/www.noticiasradioreflejos.com.ar\/2021\/author\/arnaldo\/\"}]}<\/script>\n<!-- \/ Yoast SEO plugin. -->","yoast_head_json":{"title":"Segunda Asamblea de Pueblos por el Tren, en Saavedra - Noticias Radio Reflejos","robots":{"index":"index","follow":"follow","max-snippet":"max-snippet:-1","max-image-preview":"max-image-preview:large","max-video-preview":"max-video-preview:-1"},"canonical":"https:\/\/www.noticiasradioreflejos.com.ar\/2021\/segunda-asamblea-de-pueblos-por-el-tren-en-saavedra\/","og_locale":"es_ES","og_type":"article","og_title":"Segunda Asamblea de Pueblos por el Tren, en Saavedra - Noticias Radio Reflejos","og_description":"Pueblos de la provincia de Buenos Aires se organizan para exigir al gobierno nacional que cumpla con la ley 27132 y restituyan el servicio de trenes de pasajeros. Inminente reuni\u00f3n con el ministerio de transporte para el pr\u00f3ximo mi\u00e9rcoles 21 de diciembre. A partir del 1ro de julio de 2016, la gobernadora Vidal suspendi\u00f3 el [&hellip;]","og_url":"https:\/\/www.noticiasradioreflejos.com.ar\/2021\/segunda-asamblea-de-pueblos-por-el-tren-en-saavedra\/","og_site_name":"Noticias Radio Reflejos","article_published_time":"2016-12-19T11:28:22+00:00","og_image":[{"url":"http:\/\/farm1.staticflickr.com\/646\/31368069390_183f512e14.jpg","type":"","width":"","height":""}],"author":"Arnaldo Botto","twitter_card":"summary_large_image","schema":{"@context":"https:\/\/schema.org","@graph":[{"@type":"WebPage","@id":"https:\/\/www.noticiasradioreflejos.com.ar\/2021\/segunda-asamblea-de-pueblos-por-el-tren-en-saavedra\/","url":"https:\/\/www.noticiasradioreflejos.com.ar\/2021\/segunda-asamblea-de-pueblos-por-el-tren-en-saavedra\/","name":"Segunda Asamblea de Pueblos por el Tren, en Saavedra - Noticias Radio Reflejos","isPartOf":{"@id":"https:\/\/www.noticiasradioreflejos.com.ar\/2021\/#website"},"primaryImageOfPage":{"@id":"https:\/\/www.noticiasradioreflejos.com.ar\/2021\/segunda-asamblea-de-pueblos-por-el-tren-en-saavedra\/#primaryimage"},"image":{"@id":"https:\/\/www.noticiasradioreflejos.com.ar\/2021\/segunda-asamblea-de-pueblos-por-el-tren-en-saavedra\/#primaryimage"},"thumbnailUrl":"http:\/\/farm1.staticflickr.com\/646\/31368069390_183f512e14.jpg","datePublished":"2016-12-19T11:28:22+00:00","author":{"@id":"https:\/\/www.noticiasradioreflejos.com.ar\/2021\/#\/schema\/person\/ad82545263dcc5ec0996818884fd5fb1"},"breadcrumb":{"@id":"https:\/\/www.noticiasradioreflejos.com.ar\/2021\/segunda-asamblea-de-pueblos-por-el-tren-en-saavedra\/#breadcrumb"},"inLanguage":"es","potentialAction":[{"@type":"ReadAction","target":["https:\/\/www.noticiasradioreflejos.com.ar\/2021\/segunda-asamblea-de-pueblos-por-el-tren-en-saavedra\/"]}]},{"@type":"ImageObject","inLanguage":"es","@id":"https:\/\/www.noticiasradioreflejos.com.ar\/2021\/segunda-asamblea-de-pueblos-por-el-tren-en-saavedra\/#primaryimage","url":"http:\/\/farm1.staticflickr.com\/646\/31368069390_183f512e14.jpg","contentUrl":"http:\/\/farm1.staticflickr.com\/646\/31368069390_183f512e14.jpg"},{"@type":"BreadcrumbList","@id":"https:\/\/www.noticiasradioreflejos.com.ar\/2021\/segunda-asamblea-de-pueblos-por-el-tren-en-saavedra\/#breadcrumb","itemListElement":[{"@type":"ListItem","position":1,"name":"Portada","item":"https:\/\/www.noticiasradioreflejos.com.ar\/2021\/"},{"@type":"ListItem","position":2,"name":"Segunda Asamblea de Pueblos por el Tren, en Saavedra"}]},{"@type":"WebSite","@id":"https:\/\/www.noticiasradioreflejos.com.ar\/2021\/#website","url":"https:\/\/www.noticiasradioreflejos.com.ar\/2021\/","name":"Noticias Radio Reflejos","description":"Las noticias de mi comarca","potentialAction":[{"@type":"SearchAction","target":{"@type":"EntryPoint","urlTemplate":"https:\/\/www.noticiasradioreflejos.com.ar\/2021\/?s={search_term_string}"},"query-input":{"@type":"PropertyValueSpecification","valueRequired":true,"valueName":"search_term_string"}}],"inLanguage":"es"},{"@type":"Person","@id":"https:\/\/www.noticiasradioreflejos.com.ar\/2021\/#\/schema\/person\/ad82545263dcc5ec0996818884fd5fb1","name":"Arnaldo Botto","image":{"@type":"ImageObject","inLanguage":"es","@id":"https:\/\/www.noticiasradioreflejos.com.ar\/2021\/#\/schema\/person\/image\/","url":"https:\/\/secure.gravatar.com\/avatar\/55cb5e37c1efa326397366e6974cb338056df65cb50e7d64d1cf314e87504837?s=96&d=mm&r=g","contentUrl":"https:\/\/secure.gravatar.com\/avatar\/55cb5e37c1efa326397366e6974cb338056df65cb50e7d64d1cf314e87504837?s=96&d=mm&r=g","caption":"Arnaldo Botto"},"url":"https:\/\/www.noticiasradioreflejos.com.ar\/2021\/author\/arnaldo\/"}]}},"_links":{"self":[{"href":"https:\/\/www.noticiasradioreflejos.com.ar\/2021\/wp-json\/wp\/v2\/posts\/4906","targetHints":{"allow":["GET"]}}],"collection":[{"href":"https:\/\/www.noticiasradioreflejos.com.ar\/2021\/wp-json\/wp\/v2\/posts"}],"about":[{"href":"https:\/\/www.noticiasradioreflejos.com.ar\/2021\/wp-json\/wp\/v2\/types\/post"}],"author":[{"embeddable":true,"href":"https:\/\/www.noticiasradioreflejos.com.ar\/2021\/wp-json\/wp\/v2\/users\/3"}],"replies":[{"embeddable":true,"href":"https:\/\/www.noticiasradioreflejos.com.ar\/2021\/wp-json\/wp\/v2\/comments?post=4906"}],"version-history":[{"count":0,"href":"https:\/\/www.noticiasradioreflejos.com.ar\/2021\/wp-json\/wp\/v2\/posts\/4906\/revisions"}],"wp:attachment":[{"href":"https:\/\/www.noticiasradioreflejos.com.ar\/2021\/wp-json\/wp\/v2\/media?parent=4906"}],"wp:term":[{"taxonomy":"category","embeddable":true,"href":"https:\/\/www.noticiasradioreflejos.com.ar\/2021\/wp-json\/wp\/v2\/categories?post=4906"},{"taxonomy":"post_tag","embeddable":true,"href":"https:\/\/www.noticiasradioreflejos.com.ar\/2021\/wp-json\/wp\/v2\/tags?post=4906"}],"curies":[{"name":"wp","href":"https:\/\/api.w.org\/{rel}","templated":true}]}}