{"id":49056,"date":"2020-11-09T20:40:00","date_gmt":"2020-11-09T23:40:00","guid":{"rendered":"http:\/\/www.noticiasradioreflejos.com.ar\/noticias\/?p=49056"},"modified":"2020-11-09T20:40:00","modified_gmt":"2020-11-09T23:40:00","slug":"sierra-de-la-ventana-un-procedimiento-policial-por-violencia-familiar-termino-con-dos-detenidos-con-posecion-de-estupefacientes","status":"publish","type":"post","link":"https:\/\/www.noticiasradioreflejos.com.ar\/2021\/sierra-de-la-ventana-un-procedimiento-policial-por-violencia-familiar-termino-con-dos-detenidos-con-posecion-de-estupefacientes\/","title":{"rendered":"Sierra de la Ventana: Un procedimiento policial por violencia familiar termin\u00f3 con dos detenidos."},"content":{"rendered":"<p><a title=\"IMG-20201109-WA0049\" href=\"http:\/\/live.staticflickr.com\/65535\/50585267132_fe1b8528ba_s.jpg\" rel=\"\"><img loading=\"lazy\" decoding=\"async\" class=\"alignleft\" style=\"float: left;\" title=\"IMG-20201109-WA0049\" src=\"http:\/\/live.staticflickr.com\/65535\/50585267132_fe1b8528ba.jpg\" alt=\"IMG-20201109-WA0049\" width=\"375\" height=\"500\" \/><\/a>El hecho ocurri\u00f3 en la madrugada del domingo cuando personal policial acude alertado por un vecino que denuncia un posible hecho de violencia familiar, finalmente el agresor fu\u00e9 aprehendido por desacato y su expareja termina detenida por tenencia y comercializaci\u00f3n de marihuana.<!--more--><\/p>\n<p>PARTE DE PRENSA:<br \/>\nEn el d\u00eda de ayer, 03:30 hs personal de la Subestaci\u00f3n de Polic\u00eda Comunal de Seguridad de Sierra de la Ventana, es alertado por un vecino quien aduce que un sujeto se hallaba agrediendo al parecer a su ex pareja a bordo de un veh\u00edculo Volkswagen Gol Blanco sobre Av. San Mart\u00edn.- Inmediatamente los polic\u00edas logran interceptar dicho rodado en la intersecci\u00f3n de Av. San Mart\u00edn y Galileo Galilei de este medio, procediendo a la aprehensi\u00f3n de WAISPEK GASTON ARIEL (30) quien momentos antes hab\u00eda da\u00f1ado el parabrisa del veh\u00edculo de su ex pareja mediante un golpe con su cabeza, siendo el mismo un Volkswagen Gol dominio FQV 270. Asimismo se establece que WAISPEK pose\u00eda una prohibici\u00f3n de acercamiento hacia AGUSTINA VOLTA por una casusa caratulada \u00abVOLTA AGUSTINA S\/PROTECCI\u00d3N CONTRA LA VIOLENCIA FAMILIAR\u00bb dispuesta por Juzgado de Paz de Tornquist con fecha 27-10-20 por termino 90 d\u00edas, por cuanto al comunicarle su aprehensi\u00f3n, se torna hostil y opone resistencia a dicho procedimiento frente al personal policial. Quedando aprehendido delitos DA\u00d1O, DESOBEDIENCIA y RESISTENCIA A LA AUTORIDAD con intervenci\u00f3n UFIJ N\u00b0 15 Dpto. J. B. Bca.<\/p>\n<p>&nbsp;<\/p>\n<p><a title=\"IMG-20201109-WA0050\" href=\"http:\/\/live.staticflickr.com\/65535\/50584403203_c237737635_s.jpg\" rel=\"\"><img loading=\"lazy\" decoding=\"async\" class=\"aligncenter\" title=\"IMG-20201109-WA0050\" src=\"http:\/\/live.staticflickr.com\/65535\/50584403203_c237737635_c.jpg\" alt=\"IMG-20201109-WA0050\" width=\"600\" height=\"800\" \/><\/a>Seguidamente y siendo aproximadamente las 05:00 hs en circunstancias en que VOLTA finalizaba de prestar declaraci\u00f3n testimonial en el asiento de la dependencia policial, mientras aguardaba que le realicen la pericia a su rodado, advierte que el aprehendido WAISPEK quien era trasladado a la Estaci\u00f3n de Polic\u00eda Comunal de Tornquist, \u00e9ste refiere que Volta pose\u00eda estupefacientes tanto en su poder como en su auto. Que inmediatamente VOLTA hace entrega de (1) envoltorio de nylon con 6 cogollos de marihuana y 1 porro, procediendo a su secuestro. Que debido a esto, se mantuvo comunicaci\u00f3n telef\u00f3nica con la UFIJ 19 (Fiscal\u00eda de Estupefacientes quienes ordenaron en base a los elementos de prueba recolectados, Necesidad y Urgencia una Requisa en el Veh\u00edculo marca Volkswagen Gol propiedad de Volta, quien a partir de ese momento se torn\u00f3 hostil con los efectivos policiales oponiendo dicha diligencia, motivo por el cual se procedi\u00f3 a su Aprehensi\u00f3n por RESISTENCIA A LA AUTORIDAD quedando a disposici\u00f3n de la UFIJ Nro 15 de Bah\u00eda Blanca. Acto seguido se quisa el veh\u00edculo procedi\u00e9ndose al secuestro de 5 frascos de vidrio de tipo mermelada, conteniendo \u00abcogollos\u00bb de marihuana, los cuales se hallaban en una mochila en el habit\u00e1culo trasero, por cuanto se realiz\u00f3 el correspondiente test de orientaci\u00f3n arrojando resultado POSITIVO para MARIHUANA y un pesaje total 22,52 grs.<\/p>\n<p><a title=\"IMG-20201109-WA0044\" href=\"http:\/\/live.staticflickr.com\/65535\/50585267317_c696897aaf_s.jpg\" rel=\"\"><img loading=\"lazy\" decoding=\"async\" class=\"aligncenter\" title=\"IMG-20201109-WA0044\" src=\"http:\/\/live.staticflickr.com\/65535\/50585267317_c696897aaf_c.jpg\" alt=\"IMG-20201109-WA0044\" width=\"800\" height=\"600\" \/><\/a><\/p>\n<p>Seguidamente y con todos estos elementos se procede a la Aprehensi\u00f3n de AGUSTINA VOLTA (24) por infracci\u00f3n a la LEY 23737 a disposici\u00f3n de la UFIJ Nro. 19 de Bah\u00eda Blanca, la cual orden\u00f3 asimismo el secuestro de su tel\u00e9fono celular a los fines periciales correspondiente y el dinero en efectivo consistente en $7380.- Inmediatamente y a los fines de que no se alteren las pruebas, el Sr. Agente Fiscal Dr. Gustavo Zorzano conforme a sus facultades dispone por NECESIDAD y URGENCIA a los fines de que no se alteren las pruebas que se puedan llegar a hallar, orden\u00f3 el allanamiento en la morada de AGUSTINA VOLTA sito en calle Naposta de esta localidad, secuestr\u00e1ndose : $ 2520 pesos, 1 balanza de precisi\u00f3n y un tijerin ambos con restos de marihuana, 11 frascos con restos de marihuana, 238 semillas cannabis sativa y 68 semillas germinadas cannabis sativa, 4 plantas de cannabis de aproximadamente 50 cmts de altura, una caja de zapatos conteniendo hojas cannabis sativa las cuales se encontraban en proceso de secado, 3 picachus con restos de marihuana, una tarjeta de memoria y un chip claro.<\/p>\n<p><a title=\"IMG-20201109-WA0047\" href=\"http:\/\/live.staticflickr.com\/65535\/50585267222_2566c5d04e_s.jpg\" rel=\"\"><img loading=\"lazy\" decoding=\"async\" class=\"aligncenter\" title=\"IMG-20201109-WA0047\" src=\"http:\/\/live.staticflickr.com\/65535\/50585267222_2566c5d04e_c.jpg\" alt=\"IMG-20201109-WA0047\" width=\"450\" height=\"800\" \/><\/a><\/p>\n<p>Asimismo se encontr\u00f3 en el lugar un invernadero casero con luz y ventilaci\u00f3n artificial, arrojando dicho allanamiento resultado POSITIVO y al realizarse el correspondiente test de orientaci\u00f3n arrojo POSITIVO para MARIHUANA y un pesaje total 100.75 grs.- Se deja constancia que Waispek contin\u00faa hasta la fecha alojado en los calabozos de la estaci\u00f3n de Polic\u00eda Comunal de Seguridad de Tornquist, en tanto la ciudadana AGUSTINA VOLTA permanece aprehendida por el delito de TENENCIA DE ESTUPEFACIENTES CON FINES PARA COMERICALIZACION.-<\/p>\n<p><a title=\"IMG-20201109-WA0045\" href=\"http:\/\/live.staticflickr.com\/65535\/50585267242_5940dd7f78_s.jpg\" rel=\"\"><img loading=\"lazy\" decoding=\"async\" class=\"aligncenter\" title=\"IMG-20201109-WA0045\" src=\"http:\/\/live.staticflickr.com\/65535\/50585267242_5940dd7f78_c.jpg\" alt=\"IMG-20201109-WA0045\" width=\"800\" height=\"600\" \/><\/a><a title=\"2020-11-09_08-33-55\" href=\"http:\/\/live.staticflickr.com\/65535\/50585265407_34aa1eb2fe_s.jpg\" rel=\"\"><img loading=\"lazy\" decoding=\"async\" class=\"aligncenter\" title=\"2020-11-09_08-33-55\" src=\"http:\/\/live.staticflickr.com\/65535\/50585265407_34aa1eb2fe_c.jpg\" alt=\"2020-11-09_08-33-55\" width=\"389\" height=\"800\" \/><\/a><a title=\"IMG-20201109-WA0048\" href=\"http:\/\/live.staticflickr.com\/65535\/50584403218_2ce12e81be_s.jpg\" rel=\"\"><img loading=\"lazy\" decoding=\"async\" class=\"aligncenter\" title=\"IMG-20201109-WA0048\" src=\"http:\/\/live.staticflickr.com\/65535\/50584403218_2ce12e81be_c.jpg\" alt=\"IMG-20201109-WA0048\" width=\"600\" height=\"800\" \/><\/a><a title=\"IMG-20201109-WA0046\" href=\"http:\/\/live.staticflickr.com\/65535\/50585146946_0bf80b5b4b_s.jpg\" rel=\"\"><img loading=\"lazy\" decoding=\"async\" class=\"aligncenter\" title=\"IMG-20201109-WA0046\" src=\"http:\/\/live.staticflickr.com\/65535\/50585146946_0bf80b5b4b_c.jpg\" alt=\"IMG-20201109-WA0046\" width=\"800\" height=\"600\" \/><\/a><br \/>\nFirmado: Secretar\u00eda de Seguridad de Municipalidad de tornquist<\/p>\n","protected":false},"excerpt":{"rendered":"<p>El hecho ocurri\u00f3 en la madrugada del domingo cuando personal policial acude alertado por un vecino que denuncia un posible hecho de violencia familiar, finalmente el agresor fu\u00e9 aprehendido por desacato y su expareja termina detenida por tenencia y comercializaci\u00f3n de marihuana.<\/p>\n","protected":false},"author":3,"featured_media":0,"comment_status":"closed","ping_status":"open","sticky":false,"template":"","format":"standard","meta":{"footnotes":""},"categories":[29],"tags":[],"class_list":["post-49056","post","type-post","status-publish","format-standard","hentry","category-policiales"],"yoast_head":"<!-- This site is optimized with the Yoast SEO plugin v25.9 - https:\/\/yoast.com\/wordpress\/plugins\/seo\/ -->\n<title>Sierra de la Ventana: Un procedimiento policial por violencia familiar termin\u00f3 con dos detenidos. - Noticias Radio Reflejos<\/title>\n<meta name=\"robots\" content=\"index, follow, max-snippet:-1, max-image-preview:large, max-video-preview:-1\" \/>\n<link rel=\"canonical\" href=\"https:\/\/www.noticiasradioreflejos.com.ar\/2021\/sierra-de-la-ventana-un-procedimiento-policial-por-violencia-familiar-termino-con-dos-detenidos-con-posecion-de-estupefacientes\/\" \/>\n<meta property=\"og:locale\" content=\"es_ES\" \/>\n<meta property=\"og:type\" content=\"article\" \/>\n<meta property=\"og:title\" content=\"Sierra de la Ventana: Un procedimiento policial por violencia familiar termin\u00f3 con dos detenidos. - Noticias Radio Reflejos\" \/>\n<meta property=\"og:description\" content=\"El hecho ocurri\u00f3 en la madrugada del domingo cuando personal policial acude alertado por un vecino que denuncia un posible hecho de violencia familiar, finalmente el agresor fu\u00e9 aprehendido por desacato y su expareja termina detenida por tenencia y comercializaci\u00f3n de marihuana.\" \/>\n<meta property=\"og:url\" content=\"https:\/\/www.noticiasradioreflejos.com.ar\/2021\/sierra-de-la-ventana-un-procedimiento-policial-por-violencia-familiar-termino-con-dos-detenidos-con-posecion-de-estupefacientes\/\" \/>\n<meta property=\"og:site_name\" content=\"Noticias Radio Reflejos\" \/>\n<meta property=\"article:published_time\" content=\"2020-11-09T23:40:00+00:00\" \/>\n<meta property=\"og:image\" content=\"http:\/\/live.staticflickr.com\/65535\/50585267132_fe1b8528ba.jpg\" \/>\n<meta name=\"author\" content=\"Arnaldo Botto\" \/>\n<meta name=\"twitter:card\" content=\"summary_large_image\" \/>\n<script type=\"application\/ld+json\" class=\"yoast-schema-graph\">{\"@context\":\"https:\/\/schema.org\",\"@graph\":[{\"@type\":\"WebPage\",\"@id\":\"https:\/\/www.noticiasradioreflejos.com.ar\/2021\/sierra-de-la-ventana-un-procedimiento-policial-por-violencia-familiar-termino-con-dos-detenidos-con-posecion-de-estupefacientes\/\",\"url\":\"https:\/\/www.noticiasradioreflejos.com.ar\/2021\/sierra-de-la-ventana-un-procedimiento-policial-por-violencia-familiar-termino-con-dos-detenidos-con-posecion-de-estupefacientes\/\",\"name\":\"Sierra de la Ventana: Un procedimiento policial por violencia familiar termin\u00f3 con dos detenidos. - Noticias Radio Reflejos\",\"isPartOf\":{\"@id\":\"https:\/\/www.noticiasradioreflejos.com.ar\/2021\/#website\"},\"primaryImageOfPage\":{\"@id\":\"https:\/\/www.noticiasradioreflejos.com.ar\/2021\/sierra-de-la-ventana-un-procedimiento-policial-por-violencia-familiar-termino-con-dos-detenidos-con-posecion-de-estupefacientes\/#primaryimage\"},\"image\":{\"@id\":\"https:\/\/www.noticiasradioreflejos.com.ar\/2021\/sierra-de-la-ventana-un-procedimiento-policial-por-violencia-familiar-termino-con-dos-detenidos-con-posecion-de-estupefacientes\/#primaryimage\"},\"thumbnailUrl\":\"http:\/\/live.staticflickr.com\/65535\/50585267132_fe1b8528ba.jpg\",\"datePublished\":\"2020-11-09T23:40:00+00:00\",\"author\":{\"@id\":\"https:\/\/www.noticiasradioreflejos.com.ar\/2021\/#\/schema\/person\/ad82545263dcc5ec0996818884fd5fb1\"},\"breadcrumb\":{\"@id\":\"https:\/\/www.noticiasradioreflejos.com.ar\/2021\/sierra-de-la-ventana-un-procedimiento-policial-por-violencia-familiar-termino-con-dos-detenidos-con-posecion-de-estupefacientes\/#breadcrumb\"},\"inLanguage\":\"es\",\"potentialAction\":[{\"@type\":\"ReadAction\",\"target\":[\"https:\/\/www.noticiasradioreflejos.com.ar\/2021\/sierra-de-la-ventana-un-procedimiento-policial-por-violencia-familiar-termino-con-dos-detenidos-con-posecion-de-estupefacientes\/\"]}]},{\"@type\":\"ImageObject\",\"inLanguage\":\"es\",\"@id\":\"https:\/\/www.noticiasradioreflejos.com.ar\/2021\/sierra-de-la-ventana-un-procedimiento-policial-por-violencia-familiar-termino-con-dos-detenidos-con-posecion-de-estupefacientes\/#primaryimage\",\"url\":\"http:\/\/live.staticflickr.com\/65535\/50585267132_fe1b8528ba.jpg\",\"contentUrl\":\"http:\/\/live.staticflickr.com\/65535\/50585267132_fe1b8528ba.jpg\"},{\"@type\":\"BreadcrumbList\",\"@id\":\"https:\/\/www.noticiasradioreflejos.com.ar\/2021\/sierra-de-la-ventana-un-procedimiento-policial-por-violencia-familiar-termino-con-dos-detenidos-con-posecion-de-estupefacientes\/#breadcrumb\",\"itemListElement\":[{\"@type\":\"ListItem\",\"position\":1,\"name\":\"Portada\",\"item\":\"https:\/\/www.noticiasradioreflejos.com.ar\/2021\/\"},{\"@type\":\"ListItem\",\"position\":2,\"name\":\"Sierra de la Ventana: Un procedimiento policial por violencia familiar termin\u00f3 con dos detenidos.\"}]},{\"@type\":\"WebSite\",\"@id\":\"https:\/\/www.noticiasradioreflejos.com.ar\/2021\/#website\",\"url\":\"https:\/\/www.noticiasradioreflejos.com.ar\/2021\/\",\"name\":\"Noticias Radio Reflejos\",\"description\":\"Las noticias de mi comarca\",\"potentialAction\":[{\"@type\":\"SearchAction\",\"target\":{\"@type\":\"EntryPoint\",\"urlTemplate\":\"https:\/\/www.noticiasradioreflejos.com.ar\/2021\/?s={search_term_string}\"},\"query-input\":{\"@type\":\"PropertyValueSpecification\",\"valueRequired\":true,\"valueName\":\"search_term_string\"}}],\"inLanguage\":\"es\"},{\"@type\":\"Person\",\"@id\":\"https:\/\/www.noticiasradioreflejos.com.ar\/2021\/#\/schema\/person\/ad82545263dcc5ec0996818884fd5fb1\",\"name\":\"Arnaldo Botto\",\"image\":{\"@type\":\"ImageObject\",\"inLanguage\":\"es\",\"@id\":\"https:\/\/www.noticiasradioreflejos.com.ar\/2021\/#\/schema\/person\/image\/\",\"url\":\"https:\/\/secure.gravatar.com\/avatar\/55cb5e37c1efa326397366e6974cb338056df65cb50e7d64d1cf314e87504837?s=96&d=mm&r=g\",\"contentUrl\":\"https:\/\/secure.gravatar.com\/avatar\/55cb5e37c1efa326397366e6974cb338056df65cb50e7d64d1cf314e87504837?s=96&d=mm&r=g\",\"caption\":\"Arnaldo Botto\"},\"url\":\"https:\/\/www.noticiasradioreflejos.com.ar\/2021\/author\/arnaldo\/\"}]}<\/script>\n<!-- \/ Yoast SEO plugin. -->","yoast_head_json":{"title":"Sierra de la Ventana: Un procedimiento policial por violencia familiar termin\u00f3 con dos detenidos. - Noticias Radio Reflejos","robots":{"index":"index","follow":"follow","max-snippet":"max-snippet:-1","max-image-preview":"max-image-preview:large","max-video-preview":"max-video-preview:-1"},"canonical":"https:\/\/www.noticiasradioreflejos.com.ar\/2021\/sierra-de-la-ventana-un-procedimiento-policial-por-violencia-familiar-termino-con-dos-detenidos-con-posecion-de-estupefacientes\/","og_locale":"es_ES","og_type":"article","og_title":"Sierra de la Ventana: Un procedimiento policial por violencia familiar termin\u00f3 con dos detenidos. - Noticias Radio Reflejos","og_description":"El hecho ocurri\u00f3 en la madrugada del domingo cuando personal policial acude alertado por un vecino que denuncia un posible hecho de violencia familiar, finalmente el agresor fu\u00e9 aprehendido por desacato y su expareja termina detenida por tenencia y comercializaci\u00f3n de marihuana.","og_url":"https:\/\/www.noticiasradioreflejos.com.ar\/2021\/sierra-de-la-ventana-un-procedimiento-policial-por-violencia-familiar-termino-con-dos-detenidos-con-posecion-de-estupefacientes\/","og_site_name":"Noticias Radio Reflejos","article_published_time":"2020-11-09T23:40:00+00:00","og_image":[{"url":"http:\/\/live.staticflickr.com\/65535\/50585267132_fe1b8528ba.jpg","type":"","width":"","height":""}],"author":"Arnaldo Botto","twitter_card":"summary_large_image","schema":{"@context":"https:\/\/schema.org","@graph":[{"@type":"WebPage","@id":"https:\/\/www.noticiasradioreflejos.com.ar\/2021\/sierra-de-la-ventana-un-procedimiento-policial-por-violencia-familiar-termino-con-dos-detenidos-con-posecion-de-estupefacientes\/","url":"https:\/\/www.noticiasradioreflejos.com.ar\/2021\/sierra-de-la-ventana-un-procedimiento-policial-por-violencia-familiar-termino-con-dos-detenidos-con-posecion-de-estupefacientes\/","name":"Sierra de la Ventana: Un procedimiento policial por violencia familiar termin\u00f3 con dos detenidos. - Noticias Radio Reflejos","isPartOf":{"@id":"https:\/\/www.noticiasradioreflejos.com.ar\/2021\/#website"},"primaryImageOfPage":{"@id":"https:\/\/www.noticiasradioreflejos.com.ar\/2021\/sierra-de-la-ventana-un-procedimiento-policial-por-violencia-familiar-termino-con-dos-detenidos-con-posecion-de-estupefacientes\/#primaryimage"},"image":{"@id":"https:\/\/www.noticiasradioreflejos.com.ar\/2021\/sierra-de-la-ventana-un-procedimiento-policial-por-violencia-familiar-termino-con-dos-detenidos-con-posecion-de-estupefacientes\/#primaryimage"},"thumbnailUrl":"http:\/\/live.staticflickr.com\/65535\/50585267132_fe1b8528ba.jpg","datePublished":"2020-11-09T23:40:00+00:00","author":{"@id":"https:\/\/www.noticiasradioreflejos.com.ar\/2021\/#\/schema\/person\/ad82545263dcc5ec0996818884fd5fb1"},"breadcrumb":{"@id":"https:\/\/www.noticiasradioreflejos.com.ar\/2021\/sierra-de-la-ventana-un-procedimiento-policial-por-violencia-familiar-termino-con-dos-detenidos-con-posecion-de-estupefacientes\/#breadcrumb"},"inLanguage":"es","potentialAction":[{"@type":"ReadAction","target":["https:\/\/www.noticiasradioreflejos.com.ar\/2021\/sierra-de-la-ventana-un-procedimiento-policial-por-violencia-familiar-termino-con-dos-detenidos-con-posecion-de-estupefacientes\/"]}]},{"@type":"ImageObject","inLanguage":"es","@id":"https:\/\/www.noticiasradioreflejos.com.ar\/2021\/sierra-de-la-ventana-un-procedimiento-policial-por-violencia-familiar-termino-con-dos-detenidos-con-posecion-de-estupefacientes\/#primaryimage","url":"http:\/\/live.staticflickr.com\/65535\/50585267132_fe1b8528ba.jpg","contentUrl":"http:\/\/live.staticflickr.com\/65535\/50585267132_fe1b8528ba.jpg"},{"@type":"BreadcrumbList","@id":"https:\/\/www.noticiasradioreflejos.com.ar\/2021\/sierra-de-la-ventana-un-procedimiento-policial-por-violencia-familiar-termino-con-dos-detenidos-con-posecion-de-estupefacientes\/#breadcrumb","itemListElement":[{"@type":"ListItem","position":1,"name":"Portada","item":"https:\/\/www.noticiasradioreflejos.com.ar\/2021\/"},{"@type":"ListItem","position":2,"name":"Sierra de la Ventana: Un procedimiento policial por violencia familiar termin\u00f3 con dos detenidos."}]},{"@type":"WebSite","@id":"https:\/\/www.noticiasradioreflejos.com.ar\/2021\/#website","url":"https:\/\/www.noticiasradioreflejos.com.ar\/2021\/","name":"Noticias Radio Reflejos","description":"Las noticias de mi comarca","potentialAction":[{"@type":"SearchAction","target":{"@type":"EntryPoint","urlTemplate":"https:\/\/www.noticiasradioreflejos.com.ar\/2021\/?s={search_term_string}"},"query-input":{"@type":"PropertyValueSpecification","valueRequired":true,"valueName":"search_term_string"}}],"inLanguage":"es"},{"@type":"Person","@id":"https:\/\/www.noticiasradioreflejos.com.ar\/2021\/#\/schema\/person\/ad82545263dcc5ec0996818884fd5fb1","name":"Arnaldo Botto","image":{"@type":"ImageObject","inLanguage":"es","@id":"https:\/\/www.noticiasradioreflejos.com.ar\/2021\/#\/schema\/person\/image\/","url":"https:\/\/secure.gravatar.com\/avatar\/55cb5e37c1efa326397366e6974cb338056df65cb50e7d64d1cf314e87504837?s=96&d=mm&r=g","contentUrl":"https:\/\/secure.gravatar.com\/avatar\/55cb5e37c1efa326397366e6974cb338056df65cb50e7d64d1cf314e87504837?s=96&d=mm&r=g","caption":"Arnaldo Botto"},"url":"https:\/\/www.noticiasradioreflejos.com.ar\/2021\/author\/arnaldo\/"}]}},"_links":{"self":[{"href":"https:\/\/www.noticiasradioreflejos.com.ar\/2021\/wp-json\/wp\/v2\/posts\/49056","targetHints":{"allow":["GET"]}}],"collection":[{"href":"https:\/\/www.noticiasradioreflejos.com.ar\/2021\/wp-json\/wp\/v2\/posts"}],"about":[{"href":"https:\/\/www.noticiasradioreflejos.com.ar\/2021\/wp-json\/wp\/v2\/types\/post"}],"author":[{"embeddable":true,"href":"https:\/\/www.noticiasradioreflejos.com.ar\/2021\/wp-json\/wp\/v2\/users\/3"}],"replies":[{"embeddable":true,"href":"https:\/\/www.noticiasradioreflejos.com.ar\/2021\/wp-json\/wp\/v2\/comments?post=49056"}],"version-history":[{"count":0,"href":"https:\/\/www.noticiasradioreflejos.com.ar\/2021\/wp-json\/wp\/v2\/posts\/49056\/revisions"}],"wp:attachment":[{"href":"https:\/\/www.noticiasradioreflejos.com.ar\/2021\/wp-json\/wp\/v2\/media?parent=49056"}],"wp:term":[{"taxonomy":"category","embeddable":true,"href":"https:\/\/www.noticiasradioreflejos.com.ar\/2021\/wp-json\/wp\/v2\/categories?post=49056"},{"taxonomy":"post_tag","embeddable":true,"href":"https:\/\/www.noticiasradioreflejos.com.ar\/2021\/wp-json\/wp\/v2\/tags?post=49056"}],"curies":[{"name":"wp","href":"https:\/\/api.w.org\/{rel}","templated":true}]}}