{"id":49047,"date":"2020-11-09T17:06:11","date_gmt":"2020-11-09T20:06:11","guid":{"rendered":"http:\/\/www.noticiasradioreflejos.com.ar\/noticias\/?p=49047"},"modified":"2020-11-09T17:06:11","modified_gmt":"2020-11-09T20:06:11","slug":"49047","status":"publish","type":"post","link":"https:\/\/www.noticiasradioreflejos.com.ar\/2021\/49047\/","title":{"rendered":"Alberto Fern\u00e1ndez: \u201cEl pueblo no se equivoca y ha vuelto por las urnas a reivindicar el proyecto que Evo representa\u201d"},"content":{"rendered":"<p>El presidente Alberto Fern\u00e1ndez junto a su comitiva acompa\u00f1\u00f3 esta ma\u00f1ana al exmandatario boliviano, Evo Morales, en su regreso al pa\u00eds vecino a trav\u00e9s del Paso Internacional La Quiaca, en la provincia de Jujuy.<\/p>\n<p><!--more--><\/p>\n<p>Desde all\u00ed, el jefe de Estado argentino expres\u00f3: \u201cNuestro objetivo es garantizar que nuestro querido compa\u00f1ero y hermano, Evo Morales, regrese a su patria de la que nunca debi\u00f3 haber salido y nunca deber\u00eda haber sido maltratado como lo fue\u201d, y asegur\u00f3: \u201cEl pueblo no se equivoca y ha vuelto por las urnas a reivindicar el proyecto que Evo representa\u201d.<\/p>\n<p>\u201cSomos parte de una Patria Grande que quiere crecer, quiere justicia, y quiere el desarrollo no para algunos sino para todos. Una patria que quiere abrazar a todos, y que cada uno de los latinoamericanos sea parte de este continente maravilloso\u201d expres\u00f3 el mandatario y reforz\u00f3: \u201cNo queremos pa\u00edses para algunos, sino pa\u00edses para todos, en los que todos puedan crecer y desarrollarse\u201d.<\/p>\n<p> \u201cPara lograr ese objetivo hay un instrumento que nunca debemos olvidar y que es el m\u00e1s importante con el que contamos, que se llama democracia, y es el deber de cada uno de nosotros ir en socorro de aquellos pueblos que se ven amenazados o directamente lastimados por levantamientos como el que sufri\u00f3 Bolivia hace un a\u00f1o atr\u00e1s\u201d, subray\u00f3. <\/p>\n<p>Y asegur\u00f3: \u201cEstoy muy feliz de haber podido tenderle la mano y albergar a Evo, a \u00c1lvaro y a los compa\u00f1eros de Bolivia en nuestra tierra\u201d.<\/p>\n<p>Morales permaneci\u00f3 casi un a\u00f1o exiliado en Argentina tras sufrir un golpe de Estado el 10 de noviembre de 2019, motivo por el que debi\u00f3 abandonar el pa\u00eds y dirigirse inicialmente a M\u00e9xico, para arribar a nuestro pa\u00eds el 12 de diciembre de ese a\u00f1o, donde permaneci\u00f3 hasta hoy. <\/p>\n<p>Por su parte, Morales expres\u00f3: \u201cEstoy sorprendido por el acompa\u00f1amiento del pueblo argentino y especialmente por el hermano, presidente Alberto Fern\u00e1ndez\u201d y afirm\u00f3: \u201cNunca vamos a olvidar que me salvaron la vida. Me sent\u00ed como en casa en Argentina, y parte de mi vida queda en el pa\u00eds despu\u00e9s de estar 11 meses aqu\u00ed\u201d.<\/p>\n<p>El exmandatario boliviano agradeci\u00f3 el apoyo del Presidente, el de todo el gabinete nacional y de los movimientos sociales argentinos y asegur\u00f3: \u201cSomos parte de una familia, venimos de muy abajo y entendemos los problemas pol\u00edticos, econ\u00f3micos y sociales\u201d de la regi\u00f3n.<br \/>\n<a href=\"http:\/\/live.staticflickr.com\/65535\/50584557951_ef0eb1e35c_s.jpg\" title=\"2020-11-09_05-02-44\" rel=\"\"><img loading=\"lazy\" decoding=\"async\" src=\"http:\/\/live.staticflickr.com\/65535\/50584557951_ef0eb1e35c_c.jpg\" width=\"800\" height=\"724\" alt=\"2020-11-09_05-02-44\" title=\"2020-11-09_05-02-44\" class=\"aligncenter\"><\/a><\/p>\n<p>\u201cSomos la Patria Grande, un pueblo que trabaja en solidaridad pero tambi\u00e9n en contemporaneidad\u201d, explic\u00f3 Morales y record\u00f3 el trabajo del expresidente argentino, N\u00e9stor Kirchner. Al finalizar, asegur\u00f3 que \u201cla lucha de los pueblos continuar\u00e1 mientras siga el capitalismo y el imperialismo\u201d.<\/p>\n<p>Al concluir el acto, el Presidente acompa\u00f1\u00f3 a Morales a la frontera, donde se fundi\u00f3 en un abrazo con el ex vicepresidente \u00c1lvaro Garc\u00eda Linera, quien tambi\u00e9n recibi\u00f3 la protecci\u00f3n del Estado argentino ante la persecuci\u00f3n que sufri\u00f3 en su pa\u00eds.<\/p>\n<p>El presidente Fern\u00e1ndez lleg\u00f3 a La Quiaca en la tarde de ayer, donde fue recibido por el intendente municipal, Blas Gallardo. Lo hizo acompa\u00f1ado por los ministros de Relaciones Exteriores, Comercio Internacional y Culto, Felipe Sol\u00e1; Interior, Eduardo de Pedro; Mujeres, G\u00e9neros y Diversidad, Elizabeth G\u00f3mez Alcorta; los secretarios de Asuntos Estrat\u00e9gicos, Gustavo Beliz; y Comunicaci\u00f3n y Prensa, Juan Pablo Biondi; adem\u00e1s del senador, Jorge Taiana; y el diputado, Eduardo Vald\u00e9s.<\/p>\n<p>El mandatario argentino viaj\u00f3 a Bolivia el pasado s\u00e1bado para participar de la ceremonia de asunci\u00f3n presidencial de Luis Arce, que se realiz\u00f3 el domingo en la Asamblea Legislativa Plurinacional, en la ciudad de la Paz. All\u00ed, Fern\u00e1ndez mantuvo audiencias y encuentros bilaterales con mandatarios y dirigentes de otras naciones.<\/p>\n","protected":false},"excerpt":{"rendered":"<p>El presidente Alberto Fern\u00e1ndez junto a su comitiva acompa\u00f1\u00f3 esta ma\u00f1ana al exmandatario boliviano, Evo Morales, en su regreso al pa\u00eds vecino a trav\u00e9s del Paso Internacional La Quiaca, en la provincia de Jujuy.<\/p>\n","protected":false},"author":3,"featured_media":0,"comment_status":"closed","ping_status":"open","sticky":false,"template":"","format":"standard","meta":{"footnotes":""},"categories":[24],"tags":[],"class_list":["post-49047","post","type-post","status-publish","format-standard","hentry","category-politica"],"yoast_head":"<!-- This site is optimized with the Yoast SEO plugin v25.9 - https:\/\/yoast.com\/wordpress\/plugins\/seo\/ -->\n<title>Alberto Fern\u00e1ndez: \u201cEl pueblo no se equivoca y ha vuelto por las urnas a reivindicar el proyecto que Evo representa\u201d - Noticias Radio Reflejos<\/title>\n<meta name=\"robots\" content=\"index, follow, max-snippet:-1, max-image-preview:large, max-video-preview:-1\" \/>\n<link rel=\"canonical\" href=\"https:\/\/www.noticiasradioreflejos.com.ar\/2021\/49047\/\" \/>\n<meta property=\"og:locale\" content=\"es_ES\" \/>\n<meta property=\"og:type\" content=\"article\" \/>\n<meta property=\"og:title\" content=\"Alberto Fern\u00e1ndez: \u201cEl pueblo no se equivoca y ha vuelto por las urnas a reivindicar el proyecto que Evo representa\u201d - Noticias Radio Reflejos\" \/>\n<meta property=\"og:description\" content=\"El presidente Alberto Fern\u00e1ndez junto a su comitiva acompa\u00f1\u00f3 esta ma\u00f1ana al exmandatario boliviano, Evo Morales, en su regreso al pa\u00eds vecino a trav\u00e9s del Paso Internacional La Quiaca, en la provincia de Jujuy.\" \/>\n<meta property=\"og:url\" content=\"https:\/\/www.noticiasradioreflejos.com.ar\/2021\/49047\/\" \/>\n<meta property=\"og:site_name\" content=\"Noticias Radio Reflejos\" \/>\n<meta property=\"article:published_time\" content=\"2020-11-09T20:06:11+00:00\" \/>\n<meta property=\"og:image\" content=\"http:\/\/live.staticflickr.com\/65535\/50584557951_ef0eb1e35c_c.jpg\" \/>\n<meta name=\"author\" content=\"Arnaldo Botto\" \/>\n<meta name=\"twitter:card\" content=\"summary_large_image\" \/>\n<script type=\"application\/ld+json\" class=\"yoast-schema-graph\">{\"@context\":\"https:\/\/schema.org\",\"@graph\":[{\"@type\":\"WebPage\",\"@id\":\"https:\/\/www.noticiasradioreflejos.com.ar\/2021\/49047\/\",\"url\":\"https:\/\/www.noticiasradioreflejos.com.ar\/2021\/49047\/\",\"name\":\"Alberto Fern\u00e1ndez: \u201cEl pueblo no se equivoca y ha vuelto por las urnas a reivindicar el proyecto que Evo representa\u201d - Noticias Radio Reflejos\",\"isPartOf\":{\"@id\":\"https:\/\/www.noticiasradioreflejos.com.ar\/2021\/#website\"},\"primaryImageOfPage\":{\"@id\":\"https:\/\/www.noticiasradioreflejos.com.ar\/2021\/49047\/#primaryimage\"},\"image\":{\"@id\":\"https:\/\/www.noticiasradioreflejos.com.ar\/2021\/49047\/#primaryimage\"},\"thumbnailUrl\":\"http:\/\/live.staticflickr.com\/65535\/50584557951_ef0eb1e35c_c.jpg\",\"datePublished\":\"2020-11-09T20:06:11+00:00\",\"author\":{\"@id\":\"https:\/\/www.noticiasradioreflejos.com.ar\/2021\/#\/schema\/person\/ad82545263dcc5ec0996818884fd5fb1\"},\"breadcrumb\":{\"@id\":\"https:\/\/www.noticiasradioreflejos.com.ar\/2021\/49047\/#breadcrumb\"},\"inLanguage\":\"es\",\"potentialAction\":[{\"@type\":\"ReadAction\",\"target\":[\"https:\/\/www.noticiasradioreflejos.com.ar\/2021\/49047\/\"]}]},{\"@type\":\"ImageObject\",\"inLanguage\":\"es\",\"@id\":\"https:\/\/www.noticiasradioreflejos.com.ar\/2021\/49047\/#primaryimage\",\"url\":\"http:\/\/live.staticflickr.com\/65535\/50584557951_ef0eb1e35c_c.jpg\",\"contentUrl\":\"http:\/\/live.staticflickr.com\/65535\/50584557951_ef0eb1e35c_c.jpg\"},{\"@type\":\"BreadcrumbList\",\"@id\":\"https:\/\/www.noticiasradioreflejos.com.ar\/2021\/49047\/#breadcrumb\",\"itemListElement\":[{\"@type\":\"ListItem\",\"position\":1,\"name\":\"Portada\",\"item\":\"https:\/\/www.noticiasradioreflejos.com.ar\/2021\/\"},{\"@type\":\"ListItem\",\"position\":2,\"name\":\"Alberto Fern\u00e1ndez: \u201cEl pueblo no se equivoca y ha vuelto por las urnas a reivindicar el proyecto que Evo representa\u201d\"}]},{\"@type\":\"WebSite\",\"@id\":\"https:\/\/www.noticiasradioreflejos.com.ar\/2021\/#website\",\"url\":\"https:\/\/www.noticiasradioreflejos.com.ar\/2021\/\",\"name\":\"Noticias Radio Reflejos\",\"description\":\"Las noticias de mi comarca\",\"potentialAction\":[{\"@type\":\"SearchAction\",\"target\":{\"@type\":\"EntryPoint\",\"urlTemplate\":\"https:\/\/www.noticiasradioreflejos.com.ar\/2021\/?s={search_term_string}\"},\"query-input\":{\"@type\":\"PropertyValueSpecification\",\"valueRequired\":true,\"valueName\":\"search_term_string\"}}],\"inLanguage\":\"es\"},{\"@type\":\"Person\",\"@id\":\"https:\/\/www.noticiasradioreflejos.com.ar\/2021\/#\/schema\/person\/ad82545263dcc5ec0996818884fd5fb1\",\"name\":\"Arnaldo Botto\",\"image\":{\"@type\":\"ImageObject\",\"inLanguage\":\"es\",\"@id\":\"https:\/\/www.noticiasradioreflejos.com.ar\/2021\/#\/schema\/person\/image\/\",\"url\":\"https:\/\/secure.gravatar.com\/avatar\/55cb5e37c1efa326397366e6974cb338056df65cb50e7d64d1cf314e87504837?s=96&d=mm&r=g\",\"contentUrl\":\"https:\/\/secure.gravatar.com\/avatar\/55cb5e37c1efa326397366e6974cb338056df65cb50e7d64d1cf314e87504837?s=96&d=mm&r=g\",\"caption\":\"Arnaldo Botto\"},\"url\":\"https:\/\/www.noticiasradioreflejos.com.ar\/2021\/author\/arnaldo\/\"}]}<\/script>\n<!-- \/ Yoast SEO plugin. -->","yoast_head_json":{"title":"Alberto Fern\u00e1ndez: \u201cEl pueblo no se equivoca y ha vuelto por las urnas a reivindicar el proyecto que Evo representa\u201d - Noticias Radio Reflejos","robots":{"index":"index","follow":"follow","max-snippet":"max-snippet:-1","max-image-preview":"max-image-preview:large","max-video-preview":"max-video-preview:-1"},"canonical":"https:\/\/www.noticiasradioreflejos.com.ar\/2021\/49047\/","og_locale":"es_ES","og_type":"article","og_title":"Alberto Fern\u00e1ndez: \u201cEl pueblo no se equivoca y ha vuelto por las urnas a reivindicar el proyecto que Evo representa\u201d - Noticias Radio Reflejos","og_description":"El presidente Alberto Fern\u00e1ndez junto a su comitiva acompa\u00f1\u00f3 esta ma\u00f1ana al exmandatario boliviano, Evo Morales, en su regreso al pa\u00eds vecino a trav\u00e9s del Paso Internacional La Quiaca, en la provincia de Jujuy.","og_url":"https:\/\/www.noticiasradioreflejos.com.ar\/2021\/49047\/","og_site_name":"Noticias Radio Reflejos","article_published_time":"2020-11-09T20:06:11+00:00","og_image":[{"url":"http:\/\/live.staticflickr.com\/65535\/50584557951_ef0eb1e35c_c.jpg","type":"","width":"","height":""}],"author":"Arnaldo Botto","twitter_card":"summary_large_image","schema":{"@context":"https:\/\/schema.org","@graph":[{"@type":"WebPage","@id":"https:\/\/www.noticiasradioreflejos.com.ar\/2021\/49047\/","url":"https:\/\/www.noticiasradioreflejos.com.ar\/2021\/49047\/","name":"Alberto Fern\u00e1ndez: \u201cEl pueblo no se equivoca y ha vuelto por las urnas a reivindicar el proyecto que Evo representa\u201d - Noticias Radio Reflejos","isPartOf":{"@id":"https:\/\/www.noticiasradioreflejos.com.ar\/2021\/#website"},"primaryImageOfPage":{"@id":"https:\/\/www.noticiasradioreflejos.com.ar\/2021\/49047\/#primaryimage"},"image":{"@id":"https:\/\/www.noticiasradioreflejos.com.ar\/2021\/49047\/#primaryimage"},"thumbnailUrl":"http:\/\/live.staticflickr.com\/65535\/50584557951_ef0eb1e35c_c.jpg","datePublished":"2020-11-09T20:06:11+00:00","author":{"@id":"https:\/\/www.noticiasradioreflejos.com.ar\/2021\/#\/schema\/person\/ad82545263dcc5ec0996818884fd5fb1"},"breadcrumb":{"@id":"https:\/\/www.noticiasradioreflejos.com.ar\/2021\/49047\/#breadcrumb"},"inLanguage":"es","potentialAction":[{"@type":"ReadAction","target":["https:\/\/www.noticiasradioreflejos.com.ar\/2021\/49047\/"]}]},{"@type":"ImageObject","inLanguage":"es","@id":"https:\/\/www.noticiasradioreflejos.com.ar\/2021\/49047\/#primaryimage","url":"http:\/\/live.staticflickr.com\/65535\/50584557951_ef0eb1e35c_c.jpg","contentUrl":"http:\/\/live.staticflickr.com\/65535\/50584557951_ef0eb1e35c_c.jpg"},{"@type":"BreadcrumbList","@id":"https:\/\/www.noticiasradioreflejos.com.ar\/2021\/49047\/#breadcrumb","itemListElement":[{"@type":"ListItem","position":1,"name":"Portada","item":"https:\/\/www.noticiasradioreflejos.com.ar\/2021\/"},{"@type":"ListItem","position":2,"name":"Alberto Fern\u00e1ndez: \u201cEl pueblo no se equivoca y ha vuelto por las urnas a reivindicar el proyecto que Evo representa\u201d"}]},{"@type":"WebSite","@id":"https:\/\/www.noticiasradioreflejos.com.ar\/2021\/#website","url":"https:\/\/www.noticiasradioreflejos.com.ar\/2021\/","name":"Noticias Radio Reflejos","description":"Las noticias de mi comarca","potentialAction":[{"@type":"SearchAction","target":{"@type":"EntryPoint","urlTemplate":"https:\/\/www.noticiasradioreflejos.com.ar\/2021\/?s={search_term_string}"},"query-input":{"@type":"PropertyValueSpecification","valueRequired":true,"valueName":"search_term_string"}}],"inLanguage":"es"},{"@type":"Person","@id":"https:\/\/www.noticiasradioreflejos.com.ar\/2021\/#\/schema\/person\/ad82545263dcc5ec0996818884fd5fb1","name":"Arnaldo Botto","image":{"@type":"ImageObject","inLanguage":"es","@id":"https:\/\/www.noticiasradioreflejos.com.ar\/2021\/#\/schema\/person\/image\/","url":"https:\/\/secure.gravatar.com\/avatar\/55cb5e37c1efa326397366e6974cb338056df65cb50e7d64d1cf314e87504837?s=96&d=mm&r=g","contentUrl":"https:\/\/secure.gravatar.com\/avatar\/55cb5e37c1efa326397366e6974cb338056df65cb50e7d64d1cf314e87504837?s=96&d=mm&r=g","caption":"Arnaldo Botto"},"url":"https:\/\/www.noticiasradioreflejos.com.ar\/2021\/author\/arnaldo\/"}]}},"_links":{"self":[{"href":"https:\/\/www.noticiasradioreflejos.com.ar\/2021\/wp-json\/wp\/v2\/posts\/49047","targetHints":{"allow":["GET"]}}],"collection":[{"href":"https:\/\/www.noticiasradioreflejos.com.ar\/2021\/wp-json\/wp\/v2\/posts"}],"about":[{"href":"https:\/\/www.noticiasradioreflejos.com.ar\/2021\/wp-json\/wp\/v2\/types\/post"}],"author":[{"embeddable":true,"href":"https:\/\/www.noticiasradioreflejos.com.ar\/2021\/wp-json\/wp\/v2\/users\/3"}],"replies":[{"embeddable":true,"href":"https:\/\/www.noticiasradioreflejos.com.ar\/2021\/wp-json\/wp\/v2\/comments?post=49047"}],"version-history":[{"count":0,"href":"https:\/\/www.noticiasradioreflejos.com.ar\/2021\/wp-json\/wp\/v2\/posts\/49047\/revisions"}],"wp:attachment":[{"href":"https:\/\/www.noticiasradioreflejos.com.ar\/2021\/wp-json\/wp\/v2\/media?parent=49047"}],"wp:term":[{"taxonomy":"category","embeddable":true,"href":"https:\/\/www.noticiasradioreflejos.com.ar\/2021\/wp-json\/wp\/v2\/categories?post=49047"},{"taxonomy":"post_tag","embeddable":true,"href":"https:\/\/www.noticiasradioreflejos.com.ar\/2021\/wp-json\/wp\/v2\/tags?post=49047"}],"curies":[{"name":"wp","href":"https:\/\/api.w.org\/{rel}","templated":true}]}}