{"id":49040,"date":"2020-11-09T14:34:00","date_gmt":"2020-11-09T17:34:00","guid":{"rendered":"http:\/\/www.noticiasradioreflejos.com.ar\/noticias\/?p=49040"},"modified":"2020-11-09T14:34:00","modified_gmt":"2020-11-09T17:34:00","slug":"avanza-el-sueno-del-club-arcadia-social-deportivo-y-cultural","status":"publish","type":"post","link":"https:\/\/www.noticiasradioreflejos.com.ar\/2021\/avanza-el-sueno-del-club-arcadia-social-deportivo-y-cultural\/","title":{"rendered":"Avanza el sue\u00f1o del club Arcadia Social, Deportivo y Cultural."},"content":{"rendered":"<p>El Intendente Municipal Ricardo Moccero particip\u00f3 en la inauguraci\u00f3n del cartel que marca el inicio de un gran sue\u00f1o para toda la comisi\u00f3n que integra el club: contar con la sede propia y un espacio para la pr\u00e1ctica deportiva social para todos los vecinos y vecinas de Villa La Arcadia. <!--more-->\u2714El domingo la comisi\u00f3n del club realiz\u00f3 una gran venta de pollos con el prop\u00f3sito de recaudar fondos.<\/p>\n<p>\ud83d\ude4c\u201cTenemos manos, ganas y nos sobra coraz\u00f3n y pasi\u00f3n para avanzar en nuestro sue\u00f1o\u201d afirm\u00f3 uno de los integrantes de la comisi\u00f3n del club Arcadia Social, Deportivo y Cultural quien junto a Ar\u00e9valo Emilio, Massetti Roberto, Paredes Manuel, L\u00f3pez Jos\u00e9, Sainz Ezequiel, Ledesma Dami\u00e1n, Paredes Mart\u00edn, Saralegui Sergio, Ar\u00e9valo Osvaldo, Leguizam\u00f3n Eduardo y otros tantos vecinos y vecinas se unieron por un sue\u00f1o: levantar un club Deportivo, Social y Cultural que incluya a todas las familias de Villa La Arcadia.<br \/>\n\ud83d\udc65En tal sentido y tras reunirse con el Intendente Municipal Ricardo Moccero le manifestaron la necesidad de contar con una sede propia, avanzar en la construcci\u00f3n de un play\u00f3n deportivo multiuso, ba\u00f1os, columnas de alumbrado y una perforaci\u00f3n de agua, obra fundamental para consolidar la instituci\u00f3n.<br \/>\n\ud83d\udde3\u201cVolvimos para cumplir con la palabra de escuchar a los vecinos y brindarles una mejor calidad de vida; los clubes de barrio son fundamentales para el crecimiento de toda comunidad, cuenten con todo mi apoyo y el de la Gesti\u00f3n Municipal para comenzar a crecer y proyectar un futuro\u201d, afirm\u00f3 el Intendente Ricardo Moccero quien agreg\u00f3 \u201cesto lo vamos a hacer juntos\u201d.<\/p>\n","protected":false},"excerpt":{"rendered":"<p>El Intendente Municipal Ricardo Moccero particip\u00f3 en la inauguraci\u00f3n del cartel que marca el inicio de un gran sue\u00f1o para toda la comisi\u00f3n que integra el club: contar con la sede propia y un espacio para la pr\u00e1ctica deportiva social para todos los vecinos y vecinas de Villa La Arcadia.<\/p>\n","protected":false},"author":3,"featured_media":0,"comment_status":"closed","ping_status":"open","sticky":false,"template":"","format":"standard","meta":{"footnotes":""},"categories":[27],"tags":[],"class_list":["post-49040","post","type-post","status-publish","format-standard","hentry","category-deportes"],"yoast_head":"<!-- This site is optimized with the Yoast SEO plugin v25.9 - https:\/\/yoast.com\/wordpress\/plugins\/seo\/ -->\n<title>Avanza el sue\u00f1o del club Arcadia Social, Deportivo y Cultural. - Noticias Radio Reflejos<\/title>\n<meta name=\"robots\" content=\"index, follow, max-snippet:-1, max-image-preview:large, max-video-preview:-1\" \/>\n<link rel=\"canonical\" href=\"https:\/\/www.noticiasradioreflejos.com.ar\/2021\/avanza-el-sueno-del-club-arcadia-social-deportivo-y-cultural\/\" \/>\n<meta property=\"og:locale\" content=\"es_ES\" \/>\n<meta property=\"og:type\" content=\"article\" \/>\n<meta property=\"og:title\" content=\"Avanza el sue\u00f1o del club Arcadia Social, Deportivo y Cultural. - Noticias Radio Reflejos\" \/>\n<meta property=\"og:description\" content=\"El Intendente Municipal Ricardo Moccero particip\u00f3 en la inauguraci\u00f3n del cartel que marca el inicio de un gran sue\u00f1o para toda la comisi\u00f3n que integra el club: contar con la sede propia y un espacio para la pr\u00e1ctica deportiva social para todos los vecinos y vecinas de Villa La Arcadia.\" \/>\n<meta property=\"og:url\" content=\"https:\/\/www.noticiasradioreflejos.com.ar\/2021\/avanza-el-sueno-del-club-arcadia-social-deportivo-y-cultural\/\" \/>\n<meta property=\"og:site_name\" content=\"Noticias Radio Reflejos\" \/>\n<meta property=\"article:published_time\" content=\"2020-11-09T17:34:00+00:00\" \/>\n<meta property=\"og:image\" content=\"https:\/\/www.noticiasradioreflejos.com.ar\/2021\/wp-content\/uploads\/2021\/07\/logosol300x200.png\" \/>\n\t<meta property=\"og:image:width\" content=\"300\" \/>\n\t<meta property=\"og:image:height\" content=\"200\" \/>\n\t<meta property=\"og:image:type\" content=\"image\/png\" \/>\n<meta name=\"author\" content=\"Arnaldo Botto\" \/>\n<meta name=\"twitter:card\" content=\"summary_large_image\" \/>\n<script type=\"application\/ld+json\" class=\"yoast-schema-graph\">{\"@context\":\"https:\/\/schema.org\",\"@graph\":[{\"@type\":\"WebPage\",\"@id\":\"https:\/\/www.noticiasradioreflejos.com.ar\/2021\/avanza-el-sueno-del-club-arcadia-social-deportivo-y-cultural\/\",\"url\":\"https:\/\/www.noticiasradioreflejos.com.ar\/2021\/avanza-el-sueno-del-club-arcadia-social-deportivo-y-cultural\/\",\"name\":\"Avanza el sue\u00f1o del club Arcadia Social, Deportivo y Cultural. - Noticias Radio Reflejos\",\"isPartOf\":{\"@id\":\"https:\/\/www.noticiasradioreflejos.com.ar\/2021\/#website\"},\"datePublished\":\"2020-11-09T17:34:00+00:00\",\"author\":{\"@id\":\"https:\/\/www.noticiasradioreflejos.com.ar\/2021\/#\/schema\/person\/ad82545263dcc5ec0996818884fd5fb1\"},\"breadcrumb\":{\"@id\":\"https:\/\/www.noticiasradioreflejos.com.ar\/2021\/avanza-el-sueno-del-club-arcadia-social-deportivo-y-cultural\/#breadcrumb\"},\"inLanguage\":\"es\",\"potentialAction\":[{\"@type\":\"ReadAction\",\"target\":[\"https:\/\/www.noticiasradioreflejos.com.ar\/2021\/avanza-el-sueno-del-club-arcadia-social-deportivo-y-cultural\/\"]}]},{\"@type\":\"BreadcrumbList\",\"@id\":\"https:\/\/www.noticiasradioreflejos.com.ar\/2021\/avanza-el-sueno-del-club-arcadia-social-deportivo-y-cultural\/#breadcrumb\",\"itemListElement\":[{\"@type\":\"ListItem\",\"position\":1,\"name\":\"Portada\",\"item\":\"https:\/\/www.noticiasradioreflejos.com.ar\/2021\/\"},{\"@type\":\"ListItem\",\"position\":2,\"name\":\"Avanza el sue\u00f1o del club Arcadia Social, Deportivo y Cultural.\"}]},{\"@type\":\"WebSite\",\"@id\":\"https:\/\/www.noticiasradioreflejos.com.ar\/2021\/#website\",\"url\":\"https:\/\/www.noticiasradioreflejos.com.ar\/2021\/\",\"name\":\"Noticias Radio Reflejos\",\"description\":\"Las noticias de mi comarca\",\"potentialAction\":[{\"@type\":\"SearchAction\",\"target\":{\"@type\":\"EntryPoint\",\"urlTemplate\":\"https:\/\/www.noticiasradioreflejos.com.ar\/2021\/?s={search_term_string}\"},\"query-input\":{\"@type\":\"PropertyValueSpecification\",\"valueRequired\":true,\"valueName\":\"search_term_string\"}}],\"inLanguage\":\"es\"},{\"@type\":\"Person\",\"@id\":\"https:\/\/www.noticiasradioreflejos.com.ar\/2021\/#\/schema\/person\/ad82545263dcc5ec0996818884fd5fb1\",\"name\":\"Arnaldo Botto\",\"image\":{\"@type\":\"ImageObject\",\"inLanguage\":\"es\",\"@id\":\"https:\/\/www.noticiasradioreflejos.com.ar\/2021\/#\/schema\/person\/image\/\",\"url\":\"https:\/\/secure.gravatar.com\/avatar\/55cb5e37c1efa326397366e6974cb338056df65cb50e7d64d1cf314e87504837?s=96&d=mm&r=g\",\"contentUrl\":\"https:\/\/secure.gravatar.com\/avatar\/55cb5e37c1efa326397366e6974cb338056df65cb50e7d64d1cf314e87504837?s=96&d=mm&r=g\",\"caption\":\"Arnaldo Botto\"},\"url\":\"https:\/\/www.noticiasradioreflejos.com.ar\/2021\/author\/arnaldo\/\"}]}<\/script>\n<!-- \/ Yoast SEO plugin. -->","yoast_head_json":{"title":"Avanza el sue\u00f1o del club Arcadia Social, Deportivo y Cultural. - Noticias Radio Reflejos","robots":{"index":"index","follow":"follow","max-snippet":"max-snippet:-1","max-image-preview":"max-image-preview:large","max-video-preview":"max-video-preview:-1"},"canonical":"https:\/\/www.noticiasradioreflejos.com.ar\/2021\/avanza-el-sueno-del-club-arcadia-social-deportivo-y-cultural\/","og_locale":"es_ES","og_type":"article","og_title":"Avanza el sue\u00f1o del club Arcadia Social, Deportivo y Cultural. - Noticias Radio Reflejos","og_description":"El Intendente Municipal Ricardo Moccero particip\u00f3 en la inauguraci\u00f3n del cartel que marca el inicio de un gran sue\u00f1o para toda la comisi\u00f3n que integra el club: contar con la sede propia y un espacio para la pr\u00e1ctica deportiva social para todos los vecinos y vecinas de Villa La Arcadia.","og_url":"https:\/\/www.noticiasradioreflejos.com.ar\/2021\/avanza-el-sueno-del-club-arcadia-social-deportivo-y-cultural\/","og_site_name":"Noticias Radio Reflejos","article_published_time":"2020-11-09T17:34:00+00:00","og_image":[{"width":300,"height":200,"url":"https:\/\/www.noticiasradioreflejos.com.ar\/2021\/wp-content\/uploads\/2021\/07\/logosol300x200.png","type":"image\/png"}],"author":"Arnaldo Botto","twitter_card":"summary_large_image","schema":{"@context":"https:\/\/schema.org","@graph":[{"@type":"WebPage","@id":"https:\/\/www.noticiasradioreflejos.com.ar\/2021\/avanza-el-sueno-del-club-arcadia-social-deportivo-y-cultural\/","url":"https:\/\/www.noticiasradioreflejos.com.ar\/2021\/avanza-el-sueno-del-club-arcadia-social-deportivo-y-cultural\/","name":"Avanza el sue\u00f1o del club Arcadia Social, Deportivo y Cultural. - Noticias Radio Reflejos","isPartOf":{"@id":"https:\/\/www.noticiasradioreflejos.com.ar\/2021\/#website"},"datePublished":"2020-11-09T17:34:00+00:00","author":{"@id":"https:\/\/www.noticiasradioreflejos.com.ar\/2021\/#\/schema\/person\/ad82545263dcc5ec0996818884fd5fb1"},"breadcrumb":{"@id":"https:\/\/www.noticiasradioreflejos.com.ar\/2021\/avanza-el-sueno-del-club-arcadia-social-deportivo-y-cultural\/#breadcrumb"},"inLanguage":"es","potentialAction":[{"@type":"ReadAction","target":["https:\/\/www.noticiasradioreflejos.com.ar\/2021\/avanza-el-sueno-del-club-arcadia-social-deportivo-y-cultural\/"]}]},{"@type":"BreadcrumbList","@id":"https:\/\/www.noticiasradioreflejos.com.ar\/2021\/avanza-el-sueno-del-club-arcadia-social-deportivo-y-cultural\/#breadcrumb","itemListElement":[{"@type":"ListItem","position":1,"name":"Portada","item":"https:\/\/www.noticiasradioreflejos.com.ar\/2021\/"},{"@type":"ListItem","position":2,"name":"Avanza el sue\u00f1o del club Arcadia Social, Deportivo y Cultural."}]},{"@type":"WebSite","@id":"https:\/\/www.noticiasradioreflejos.com.ar\/2021\/#website","url":"https:\/\/www.noticiasradioreflejos.com.ar\/2021\/","name":"Noticias Radio Reflejos","description":"Las noticias de mi comarca","potentialAction":[{"@type":"SearchAction","target":{"@type":"EntryPoint","urlTemplate":"https:\/\/www.noticiasradioreflejos.com.ar\/2021\/?s={search_term_string}"},"query-input":{"@type":"PropertyValueSpecification","valueRequired":true,"valueName":"search_term_string"}}],"inLanguage":"es"},{"@type":"Person","@id":"https:\/\/www.noticiasradioreflejos.com.ar\/2021\/#\/schema\/person\/ad82545263dcc5ec0996818884fd5fb1","name":"Arnaldo Botto","image":{"@type":"ImageObject","inLanguage":"es","@id":"https:\/\/www.noticiasradioreflejos.com.ar\/2021\/#\/schema\/person\/image\/","url":"https:\/\/secure.gravatar.com\/avatar\/55cb5e37c1efa326397366e6974cb338056df65cb50e7d64d1cf314e87504837?s=96&d=mm&r=g","contentUrl":"https:\/\/secure.gravatar.com\/avatar\/55cb5e37c1efa326397366e6974cb338056df65cb50e7d64d1cf314e87504837?s=96&d=mm&r=g","caption":"Arnaldo Botto"},"url":"https:\/\/www.noticiasradioreflejos.com.ar\/2021\/author\/arnaldo\/"}]}},"_links":{"self":[{"href":"https:\/\/www.noticiasradioreflejos.com.ar\/2021\/wp-json\/wp\/v2\/posts\/49040","targetHints":{"allow":["GET"]}}],"collection":[{"href":"https:\/\/www.noticiasradioreflejos.com.ar\/2021\/wp-json\/wp\/v2\/posts"}],"about":[{"href":"https:\/\/www.noticiasradioreflejos.com.ar\/2021\/wp-json\/wp\/v2\/types\/post"}],"author":[{"embeddable":true,"href":"https:\/\/www.noticiasradioreflejos.com.ar\/2021\/wp-json\/wp\/v2\/users\/3"}],"replies":[{"embeddable":true,"href":"https:\/\/www.noticiasradioreflejos.com.ar\/2021\/wp-json\/wp\/v2\/comments?post=49040"}],"version-history":[{"count":0,"href":"https:\/\/www.noticiasradioreflejos.com.ar\/2021\/wp-json\/wp\/v2\/posts\/49040\/revisions"}],"wp:attachment":[{"href":"https:\/\/www.noticiasradioreflejos.com.ar\/2021\/wp-json\/wp\/v2\/media?parent=49040"}],"wp:term":[{"taxonomy":"category","embeddable":true,"href":"https:\/\/www.noticiasradioreflejos.com.ar\/2021\/wp-json\/wp\/v2\/categories?post=49040"},{"taxonomy":"post_tag","embeddable":true,"href":"https:\/\/www.noticiasradioreflejos.com.ar\/2021\/wp-json\/wp\/v2\/tags?post=49040"}],"curies":[{"name":"wp","href":"https:\/\/api.w.org\/{rel}","templated":true}]}}