{"id":49037,"date":"2020-11-09T14:28:40","date_gmt":"2020-11-09T17:28:40","guid":{"rendered":"http:\/\/www.noticiasradioreflejos.com.ar\/noticias\/?p=49037"},"modified":"2020-11-09T14:28:40","modified_gmt":"2020-11-09T17:28:40","slug":"se-presentaron-las-pautas-y-recomendaciones-para-disfrutar-del-verano-en-playas-publicas-y-balnearios-argentinos","status":"publish","type":"post","link":"https:\/\/www.noticiasradioreflejos.com.ar\/2021\/se-presentaron-las-pautas-y-recomendaciones-para-disfrutar-del-verano-en-playas-publicas-y-balnearios-argentinos\/","title":{"rendered":"Se presentaron las pautas y recomendaciones para disfrutar del verano en playas p\u00fablicas y balnearios argentinos"},"content":{"rendered":"<p>La \u201cnueva normalidad\u201d busca concientizar a turistas, prestadores y prestadoras sobre qu\u00e9 hacer para reducir los riesgos de contagios.<!--more--><\/p>\n<p>El Ministerio de Turismo y Deportes de la Naci\u00f3n, en conjunto con el Instituto de Calidad Tur\u00edstica Argentina (ICTA), la C\u00e1mara Argentina de Turismo (CAT) y las provincias a trav\u00e9s del Consejo Federal de Turismo (CFT), elaboraron un \u201cProtocolo para Balnearios\u201d y, junto con el CFT, la \u201c<a href=\"https:\/\/back.argentina.gob.ar\/sites\/default\/files\/protocolo_-playas.pdf\">Gu\u00eda de pautas y recomendaciones COVID-19 para la gesti\u00f3n de playas p\u00fablicas\u201d.<\/a><\/p>\n<p>&nbsp;<\/p>\n<p>Ambos documentos aconsejan una se\u00f1alizaci\u00f3n eficiente, que incluye colocar en lugares visibles informaci\u00f3n sobre las medidas de distanciamiento social, higiene, y las recomendaciones ante la presencia de s\u00edntomas sospechosos de COVID-19. Adem\u00e1s, sugieren brindar informaci\u00f3n en formato digital, con c\u00f3digo QR, a trav\u00e9s de la p\u00e1gina web y\/o disponer de carteleras, atriles, pizarras o bien folleter\u00eda plastificada que pueda ser limpiada y desinfectada f\u00e1cilmente tras cada consulta.<\/p>\n<p>La <a href=\"https:\/\/back.argentina.gob.ar\/sites\/default\/files\/protocolo_-playas.pdf\">gu\u00eda para la gesti\u00f3n de playas p\u00fablicas <\/a>est\u00e1 dirigida a los municipios del territorio nacional que cuenten con espacios p\u00fablicos como playas de mar, r\u00edo, lago, lagunas, arroyos u otra. Sus principales puntos:<\/p>\n<p>En relaci\u00f3n a la infraestructura e instalaciones, se debe garantizar el distanciamiento social obligatorio acorde a la legislaci\u00f3n vigente. Se podr\u00e1n utilizar l\u00edneas demarcatorias que delimiten los espacios para asegurar el cumplimiento de los l\u00edmites de densidad de ocupaci\u00f3n y de distancia m\u00ednima, promover una circulaci\u00f3n en sentido \u00fanico para el ingreso y egreso de la playa, entre otros.<\/p>\n<p>&nbsp;<\/p>\n<p>Se recomienda que el municipio establezca los mecanismos necesarios para que las personas dispongan sus objetos personales (toallas, reposeras y otros) y permanezcan en la playa p\u00fablica respetando el distanciamiento interpersonal de seguridad establecido. Tambi\u00e9n se sugiere proveer espacios adecuados para la higiene de manos.<\/p>\n<p>&nbsp;<\/p>\n<p>En aquellas playas que cuenten con unidades de sombra disponibles al p\u00fablico, se recomienda distribuirlas respetando la distancia social obligatoria, controlar que carpas y sombrillas de las y los turistas, as\u00ed como la zona de circulaci\u00f3n entre cada una de ellas se ubiquen de manera tal que respeten la distancia social m\u00ednima de seguridad vigente.<\/p>\n<p>&nbsp;<\/p>\n<p>En caso de haber \u00e1reas de recreaci\u00f3n, deber\u00e1n respetar las medidas de limpieza, desinfecci\u00f3n y distanciamiento. En relaci\u00f3n a los espect\u00e1culos en playas p\u00fablicas, se sugiere no realizarlos, a efecto de evitar el aglomeramiento de personas.<\/p>\n<p>&nbsp;<\/p>\n<p>Los servicios tur\u00edsticos en playas p\u00fablicas, ya sean gestionados por el municipio o concesionados, deber\u00e1n ser brindados en cumplimiento de los protocolos nacionales, provinciales y\/o municipales vigentes correspondientes a cada actividad.<\/p>\n<p>&nbsp;<\/p>\n<p>En cuanto al <a href=\"https:\/\/back.argentina.gob.ar\/sites\/default\/files\/protocolo-balnearios.pdf\">Protocolo para Balnearios, <\/a>est\u00e1 destinado a todos aquellos establecimientos que brindan servicios como balneario tur\u00edstico (playas de mar, r\u00edo, lago, lagunas, arroyos u otra), con el fin de asegurar la prevenci\u00f3n de la propagaci\u00f3n del virus en todos los puntos cr\u00edticos de la prestaci\u00f3n. Entre sus puntos principales:<\/p>\n<p>&nbsp;<\/p>\n<p>Fomenta la gesti\u00f3n de reservas y pagos de manera electr\u00f3nica, establece medidas de control a las\/los visitantes previo a su ingreso al balneario y determina espacios de entrada y salida diferenciada a fin de minimizar las filas y evitar la aglomeraci\u00f3n de personas.<\/p>\n<p>&nbsp;<\/p>\n<p>En caso de disponer estacionamiento propio, recomienda dejar libre un m\u00f3dulo entre autos, para evitar la congesti\u00f3n de personas.<\/p>\n<p>&nbsp;<\/p>\n<p>&nbsp;<\/p>\n<p>En cuanto a la disposici\u00f3n de carpas y sombrillas, plantea la definici\u00f3n de una capacidad m\u00e1xima garantizando el distanciamiento social obligatorio, incluso en las zonas de circulaci\u00f3n. En caso de habilitar juegos infantiles, recreativos y \u00e1reas deportivas, se deber\u00e1 garantizar la adecuada y frecuente limpieza y desinfecci\u00f3n. De no ser posible, permanecer\u00e1n cerradas.<\/p>\n<p>&nbsp;<\/p>\n<p>La apertura y el uso de piscinas, SPA y gimnasios quedar\u00e1 sujeta a la autorizaci\u00f3n de la autoridad jurisdiccional competente para funcionar. En caso de estar autorizado su funcionamiento, deber\u00e1 respetar las condiciones sanitarias que la jurisdicci\u00f3n local establezca.<\/p>\n<p>&nbsp;<\/p>\n<p>Adem\u00e1s, se comunicar\u00e1 a las y los visitantes no tocar los productos\/el equipamiento (sillas, sillones, reposeras y sillas anfibias) que est\u00e9n exhibidos para la pr\u00e9stamo, venta o alquiler y se garantizar\u00e1 su limpieza y desinfecci\u00f3n antes y despu\u00e9s de cada uso.<\/p>\n<p>&nbsp;<\/p>\n<p>Los bebederos comunitarios ser\u00e1n inhabilitados y se dispondr\u00e1n cestos de residuos, en \u00e1reas de espera y\/o de alto tr\u00e1nsito, de boca ancha y sin tapa o con tapa accionada con pedal.<\/p>\n<p>&nbsp;<\/p>\n<p>Las recomendaciones incluyen limpiar y desinfectar pisos, paredes de sanitarios y toda superficie o elemento de uso y contacto frecuente durante el servicio y una vez finalizado, el control frecuente de sanitarios y vestuarios, verificando el correcto funcionamiento de dispensadores y disponibilidad de agua y jab\u00f3n y\/o alcohol, toallas de papel, cestos con tapa no manual. Las duchas y lavapi\u00e9s deber\u00e1n ser utilizados individualmente.<\/p>\n<p>&nbsp;<\/p>\n<p>Por \u00faltimo, ambos documentos subrayan la importancia de las medidas de distanciamiento social, higiene de manos (con agua y jab\u00f3n o soluci\u00f3n a base de alcohol al 70%), respiratoria y la limpieza y desinfecci\u00f3n de equipamiento e instalaciones.<\/p>\n<p><a href=\"https:\/\/www.argentina.gob.ar\/turismoydeportes\/protocolos-covid-turismo-deportes\">Protocolos descargables<\/a><\/p>\n<p><a href=\"https:\/\/www.argentina.gob.ar\/turismoydeportes\/materiales-descargables-covid-19\">Afiches y folletos para descargar y exhibir en los establecimientos tur\u00edsticos<\/a><\/p>\n","protected":false},"excerpt":{"rendered":"<p>La \u201cnueva normalidad\u201d busca concientizar a turistas, prestadores y prestadoras sobre qu\u00e9 hacer para reducir los riesgos de contagios.<\/p>\n","protected":false},"author":3,"featured_media":0,"comment_status":"closed","ping_status":"open","sticky":false,"template":"","format":"standard","meta":{"footnotes":""},"categories":[33],"tags":[],"class_list":["post-49037","post","type-post","status-publish","format-standard","hentry","category-turismo"],"yoast_head":"<!-- This site is optimized with the Yoast SEO plugin v25.9 - https:\/\/yoast.com\/wordpress\/plugins\/seo\/ -->\n<title>Se presentaron las pautas y recomendaciones para disfrutar del verano en playas p\u00fablicas y balnearios argentinos - Noticias Radio Reflejos<\/title>\n<meta name=\"robots\" content=\"index, follow, max-snippet:-1, max-image-preview:large, max-video-preview:-1\" \/>\n<link rel=\"canonical\" href=\"https:\/\/www.noticiasradioreflejos.com.ar\/2021\/se-presentaron-las-pautas-y-recomendaciones-para-disfrutar-del-verano-en-playas-publicas-y-balnearios-argentinos\/\" \/>\n<meta property=\"og:locale\" content=\"es_ES\" \/>\n<meta property=\"og:type\" content=\"article\" \/>\n<meta property=\"og:title\" content=\"Se presentaron las pautas y recomendaciones para disfrutar del verano en playas p\u00fablicas y balnearios argentinos - Noticias Radio Reflejos\" \/>\n<meta property=\"og:description\" content=\"La \u201cnueva normalidad\u201d busca concientizar a turistas, prestadores y prestadoras sobre qu\u00e9 hacer para reducir los riesgos de contagios.\" \/>\n<meta property=\"og:url\" content=\"https:\/\/www.noticiasradioreflejos.com.ar\/2021\/se-presentaron-las-pautas-y-recomendaciones-para-disfrutar-del-verano-en-playas-publicas-y-balnearios-argentinos\/\" \/>\n<meta property=\"og:site_name\" content=\"Noticias Radio Reflejos\" \/>\n<meta property=\"article:published_time\" content=\"2020-11-09T17:28:40+00:00\" \/>\n<meta property=\"og:image\" content=\"https:\/\/www.noticiasradioreflejos.com.ar\/2021\/wp-content\/uploads\/2021\/07\/logosol300x200.png\" \/>\n\t<meta property=\"og:image:width\" content=\"300\" \/>\n\t<meta property=\"og:image:height\" content=\"200\" \/>\n\t<meta property=\"og:image:type\" content=\"image\/png\" \/>\n<meta name=\"author\" content=\"Arnaldo Botto\" \/>\n<meta name=\"twitter:card\" content=\"summary_large_image\" \/>\n<script type=\"application\/ld+json\" class=\"yoast-schema-graph\">{\"@context\":\"https:\/\/schema.org\",\"@graph\":[{\"@type\":\"WebPage\",\"@id\":\"https:\/\/www.noticiasradioreflejos.com.ar\/2021\/se-presentaron-las-pautas-y-recomendaciones-para-disfrutar-del-verano-en-playas-publicas-y-balnearios-argentinos\/\",\"url\":\"https:\/\/www.noticiasradioreflejos.com.ar\/2021\/se-presentaron-las-pautas-y-recomendaciones-para-disfrutar-del-verano-en-playas-publicas-y-balnearios-argentinos\/\",\"name\":\"Se presentaron las pautas y recomendaciones para disfrutar del verano en playas p\u00fablicas y balnearios argentinos - Noticias Radio Reflejos\",\"isPartOf\":{\"@id\":\"https:\/\/www.noticiasradioreflejos.com.ar\/2021\/#website\"},\"datePublished\":\"2020-11-09T17:28:40+00:00\",\"author\":{\"@id\":\"https:\/\/www.noticiasradioreflejos.com.ar\/2021\/#\/schema\/person\/ad82545263dcc5ec0996818884fd5fb1\"},\"breadcrumb\":{\"@id\":\"https:\/\/www.noticiasradioreflejos.com.ar\/2021\/se-presentaron-las-pautas-y-recomendaciones-para-disfrutar-del-verano-en-playas-publicas-y-balnearios-argentinos\/#breadcrumb\"},\"inLanguage\":\"es\",\"potentialAction\":[{\"@type\":\"ReadAction\",\"target\":[\"https:\/\/www.noticiasradioreflejos.com.ar\/2021\/se-presentaron-las-pautas-y-recomendaciones-para-disfrutar-del-verano-en-playas-publicas-y-balnearios-argentinos\/\"]}]},{\"@type\":\"BreadcrumbList\",\"@id\":\"https:\/\/www.noticiasradioreflejos.com.ar\/2021\/se-presentaron-las-pautas-y-recomendaciones-para-disfrutar-del-verano-en-playas-publicas-y-balnearios-argentinos\/#breadcrumb\",\"itemListElement\":[{\"@type\":\"ListItem\",\"position\":1,\"name\":\"Portada\",\"item\":\"https:\/\/www.noticiasradioreflejos.com.ar\/2021\/\"},{\"@type\":\"ListItem\",\"position\":2,\"name\":\"Se presentaron las pautas y recomendaciones para disfrutar del verano en playas p\u00fablicas y balnearios argentinos\"}]},{\"@type\":\"WebSite\",\"@id\":\"https:\/\/www.noticiasradioreflejos.com.ar\/2021\/#website\",\"url\":\"https:\/\/www.noticiasradioreflejos.com.ar\/2021\/\",\"name\":\"Noticias Radio Reflejos\",\"description\":\"Las noticias de mi comarca\",\"potentialAction\":[{\"@type\":\"SearchAction\",\"target\":{\"@type\":\"EntryPoint\",\"urlTemplate\":\"https:\/\/www.noticiasradioreflejos.com.ar\/2021\/?s={search_term_string}\"},\"query-input\":{\"@type\":\"PropertyValueSpecification\",\"valueRequired\":true,\"valueName\":\"search_term_string\"}}],\"inLanguage\":\"es\"},{\"@type\":\"Person\",\"@id\":\"https:\/\/www.noticiasradioreflejos.com.ar\/2021\/#\/schema\/person\/ad82545263dcc5ec0996818884fd5fb1\",\"name\":\"Arnaldo Botto\",\"image\":{\"@type\":\"ImageObject\",\"inLanguage\":\"es\",\"@id\":\"https:\/\/www.noticiasradioreflejos.com.ar\/2021\/#\/schema\/person\/image\/\",\"url\":\"https:\/\/secure.gravatar.com\/avatar\/55cb5e37c1efa326397366e6974cb338056df65cb50e7d64d1cf314e87504837?s=96&d=mm&r=g\",\"contentUrl\":\"https:\/\/secure.gravatar.com\/avatar\/55cb5e37c1efa326397366e6974cb338056df65cb50e7d64d1cf314e87504837?s=96&d=mm&r=g\",\"caption\":\"Arnaldo Botto\"},\"url\":\"https:\/\/www.noticiasradioreflejos.com.ar\/2021\/author\/arnaldo\/\"}]}<\/script>\n<!-- \/ Yoast SEO plugin. -->","yoast_head_json":{"title":"Se presentaron las pautas y recomendaciones para disfrutar del verano en playas p\u00fablicas y balnearios argentinos - Noticias Radio Reflejos","robots":{"index":"index","follow":"follow","max-snippet":"max-snippet:-1","max-image-preview":"max-image-preview:large","max-video-preview":"max-video-preview:-1"},"canonical":"https:\/\/www.noticiasradioreflejos.com.ar\/2021\/se-presentaron-las-pautas-y-recomendaciones-para-disfrutar-del-verano-en-playas-publicas-y-balnearios-argentinos\/","og_locale":"es_ES","og_type":"article","og_title":"Se presentaron las pautas y recomendaciones para disfrutar del verano en playas p\u00fablicas y balnearios argentinos - Noticias Radio Reflejos","og_description":"La \u201cnueva normalidad\u201d busca concientizar a turistas, prestadores y prestadoras sobre qu\u00e9 hacer para reducir los riesgos de contagios.","og_url":"https:\/\/www.noticiasradioreflejos.com.ar\/2021\/se-presentaron-las-pautas-y-recomendaciones-para-disfrutar-del-verano-en-playas-publicas-y-balnearios-argentinos\/","og_site_name":"Noticias Radio Reflejos","article_published_time":"2020-11-09T17:28:40+00:00","og_image":[{"width":300,"height":200,"url":"https:\/\/www.noticiasradioreflejos.com.ar\/2021\/wp-content\/uploads\/2021\/07\/logosol300x200.png","type":"image\/png"}],"author":"Arnaldo Botto","twitter_card":"summary_large_image","schema":{"@context":"https:\/\/schema.org","@graph":[{"@type":"WebPage","@id":"https:\/\/www.noticiasradioreflejos.com.ar\/2021\/se-presentaron-las-pautas-y-recomendaciones-para-disfrutar-del-verano-en-playas-publicas-y-balnearios-argentinos\/","url":"https:\/\/www.noticiasradioreflejos.com.ar\/2021\/se-presentaron-las-pautas-y-recomendaciones-para-disfrutar-del-verano-en-playas-publicas-y-balnearios-argentinos\/","name":"Se presentaron las pautas y recomendaciones para disfrutar del verano en playas p\u00fablicas y balnearios argentinos - Noticias Radio Reflejos","isPartOf":{"@id":"https:\/\/www.noticiasradioreflejos.com.ar\/2021\/#website"},"datePublished":"2020-11-09T17:28:40+00:00","author":{"@id":"https:\/\/www.noticiasradioreflejos.com.ar\/2021\/#\/schema\/person\/ad82545263dcc5ec0996818884fd5fb1"},"breadcrumb":{"@id":"https:\/\/www.noticiasradioreflejos.com.ar\/2021\/se-presentaron-las-pautas-y-recomendaciones-para-disfrutar-del-verano-en-playas-publicas-y-balnearios-argentinos\/#breadcrumb"},"inLanguage":"es","potentialAction":[{"@type":"ReadAction","target":["https:\/\/www.noticiasradioreflejos.com.ar\/2021\/se-presentaron-las-pautas-y-recomendaciones-para-disfrutar-del-verano-en-playas-publicas-y-balnearios-argentinos\/"]}]},{"@type":"BreadcrumbList","@id":"https:\/\/www.noticiasradioreflejos.com.ar\/2021\/se-presentaron-las-pautas-y-recomendaciones-para-disfrutar-del-verano-en-playas-publicas-y-balnearios-argentinos\/#breadcrumb","itemListElement":[{"@type":"ListItem","position":1,"name":"Portada","item":"https:\/\/www.noticiasradioreflejos.com.ar\/2021\/"},{"@type":"ListItem","position":2,"name":"Se presentaron las pautas y recomendaciones para disfrutar del verano en playas p\u00fablicas y balnearios argentinos"}]},{"@type":"WebSite","@id":"https:\/\/www.noticiasradioreflejos.com.ar\/2021\/#website","url":"https:\/\/www.noticiasradioreflejos.com.ar\/2021\/","name":"Noticias Radio Reflejos","description":"Las noticias de mi comarca","potentialAction":[{"@type":"SearchAction","target":{"@type":"EntryPoint","urlTemplate":"https:\/\/www.noticiasradioreflejos.com.ar\/2021\/?s={search_term_string}"},"query-input":{"@type":"PropertyValueSpecification","valueRequired":true,"valueName":"search_term_string"}}],"inLanguage":"es"},{"@type":"Person","@id":"https:\/\/www.noticiasradioreflejos.com.ar\/2021\/#\/schema\/person\/ad82545263dcc5ec0996818884fd5fb1","name":"Arnaldo Botto","image":{"@type":"ImageObject","inLanguage":"es","@id":"https:\/\/www.noticiasradioreflejos.com.ar\/2021\/#\/schema\/person\/image\/","url":"https:\/\/secure.gravatar.com\/avatar\/55cb5e37c1efa326397366e6974cb338056df65cb50e7d64d1cf314e87504837?s=96&d=mm&r=g","contentUrl":"https:\/\/secure.gravatar.com\/avatar\/55cb5e37c1efa326397366e6974cb338056df65cb50e7d64d1cf314e87504837?s=96&d=mm&r=g","caption":"Arnaldo Botto"},"url":"https:\/\/www.noticiasradioreflejos.com.ar\/2021\/author\/arnaldo\/"}]}},"_links":{"self":[{"href":"https:\/\/www.noticiasradioreflejos.com.ar\/2021\/wp-json\/wp\/v2\/posts\/49037","targetHints":{"allow":["GET"]}}],"collection":[{"href":"https:\/\/www.noticiasradioreflejos.com.ar\/2021\/wp-json\/wp\/v2\/posts"}],"about":[{"href":"https:\/\/www.noticiasradioreflejos.com.ar\/2021\/wp-json\/wp\/v2\/types\/post"}],"author":[{"embeddable":true,"href":"https:\/\/www.noticiasradioreflejos.com.ar\/2021\/wp-json\/wp\/v2\/users\/3"}],"replies":[{"embeddable":true,"href":"https:\/\/www.noticiasradioreflejos.com.ar\/2021\/wp-json\/wp\/v2\/comments?post=49037"}],"version-history":[{"count":0,"href":"https:\/\/www.noticiasradioreflejos.com.ar\/2021\/wp-json\/wp\/v2\/posts\/49037\/revisions"}],"wp:attachment":[{"href":"https:\/\/www.noticiasradioreflejos.com.ar\/2021\/wp-json\/wp\/v2\/media?parent=49037"}],"wp:term":[{"taxonomy":"category","embeddable":true,"href":"https:\/\/www.noticiasradioreflejos.com.ar\/2021\/wp-json\/wp\/v2\/categories?post=49037"},{"taxonomy":"post_tag","embeddable":true,"href":"https:\/\/www.noticiasradioreflejos.com.ar\/2021\/wp-json\/wp\/v2\/tags?post=49037"}],"curies":[{"name":"wp","href":"https:\/\/api.w.org\/{rel}","templated":true}]}}