{"id":49033,"date":"2020-11-09T12:42:36","date_gmt":"2020-11-09T15:42:36","guid":{"rendered":"http:\/\/www.noticiasradioreflejos.com.ar\/noticias\/?p=49033"},"modified":"2020-11-09T12:42:36","modified_gmt":"2020-11-09T15:42:36","slug":"instalaran-en-coronel-suarez-el-primer-mercado-concentrador-frutihorticola-bonaerense","status":"publish","type":"post","link":"https:\/\/www.noticiasradioreflejos.com.ar\/2021\/instalaran-en-coronel-suarez-el-primer-mercado-concentrador-frutihorticola-bonaerense\/","title":{"rendered":"Instalar\u00e1n en Coronel Su\u00e1rez el primer Mercado Concentrador Frutihort\u00edcola bonaerense"},"content":{"rendered":"<p>El intendente del partido bonaerense de Coronel Su\u00e1rez, Ricardo Moccero, anunci\u00f3 hoy que se instalar\u00e1 en el parque industrial del distrito el primer Mercado Concentrador Frutihort\u00edcola de la provincia de Buenos Aires, con una inversi\u00f3n de $ 38 millones.<!--more--><br \/>\n\u00abSer\u00e1 el primero que se ponga en marcha en la provincia de Buenos Aires y Coronel Su\u00e1rez fue el distrito elegido, lo que marca la decisi\u00f3n de nuestro gobernador Axel Kicillof de reactivar la producci\u00f3n y el empleo en Coronel Su\u00e1rez\u00bb, afirm\u00f3 Moccero.<\/p>\n<p>El jefe comunal calific\u00f3 al proyecto como \u00abmuy importante, ya que implica grandes posibilidades para el desarrollo local y regional al reactivar la producci\u00f3n con valor agregado y generar fuentes de trabajo\u00bb.<\/p>\n<p>Seg\u00fan se inform\u00f3, en los pr\u00f3ximos d\u00edas firmar\u00e1 el convenio para ejecutar la obras del nuevo polo comercializador de frutas y verduras que se levantar\u00e1 en la ciudad, ubicada en el centro sur de la provincia, a 590 kil\u00f3metros de Capital Federal.<\/p>\n<p>El intendente remarc\u00f3 la importancia del proyecto para \u00abreactivar e impulsar la producci\u00f3n de alimentos\u00bb, as\u00ed como el agregado de valor, en beneficio de los productores y consumidores de toda la regi\u00f3n.<\/p>\n","protected":false},"excerpt":{"rendered":"<p>El intendente del partido bonaerense de Coronel Su\u00e1rez, Ricardo Moccero, anunci\u00f3 hoy que se instalar\u00e1 en el parque industrial del distrito el primer Mercado Concentrador Frutihort\u00edcola de la provincia de Buenos Aires, con una inversi\u00f3n de $ 38 millones.<\/p>\n","protected":false},"author":3,"featured_media":0,"comment_status":"closed","ping_status":"open","sticky":false,"template":"","format":"standard","meta":{"footnotes":""},"categories":[36],"tags":[],"class_list":["post-49033","post","type-post","status-publish","format-standard","hentry","category-economia"],"yoast_head":"<!-- This site is optimized with the Yoast SEO plugin v25.9 - https:\/\/yoast.com\/wordpress\/plugins\/seo\/ -->\n<title>Instalar\u00e1n en Coronel Su\u00e1rez el primer Mercado Concentrador Frutihort\u00edcola bonaerense - Noticias Radio Reflejos<\/title>\n<meta name=\"robots\" content=\"index, follow, max-snippet:-1, max-image-preview:large, max-video-preview:-1\" \/>\n<link rel=\"canonical\" href=\"https:\/\/www.noticiasradioreflejos.com.ar\/2021\/instalaran-en-coronel-suarez-el-primer-mercado-concentrador-frutihorticola-bonaerense\/\" \/>\n<meta property=\"og:locale\" content=\"es_ES\" \/>\n<meta property=\"og:type\" content=\"article\" \/>\n<meta property=\"og:title\" content=\"Instalar\u00e1n en Coronel Su\u00e1rez el primer Mercado Concentrador Frutihort\u00edcola bonaerense - Noticias Radio Reflejos\" \/>\n<meta property=\"og:description\" content=\"El intendente del partido bonaerense de Coronel Su\u00e1rez, Ricardo Moccero, anunci\u00f3 hoy que se instalar\u00e1 en el parque industrial del distrito el primer Mercado Concentrador Frutihort\u00edcola de la provincia de Buenos Aires, con una inversi\u00f3n de $ 38 millones.\" \/>\n<meta property=\"og:url\" content=\"https:\/\/www.noticiasradioreflejos.com.ar\/2021\/instalaran-en-coronel-suarez-el-primer-mercado-concentrador-frutihorticola-bonaerense\/\" \/>\n<meta property=\"og:site_name\" content=\"Noticias Radio Reflejos\" \/>\n<meta property=\"article:published_time\" content=\"2020-11-09T15:42:36+00:00\" \/>\n<meta property=\"og:image\" content=\"https:\/\/www.noticiasradioreflejos.com.ar\/2021\/wp-content\/uploads\/2021\/07\/logosol300x200.png\" \/>\n\t<meta property=\"og:image:width\" content=\"300\" \/>\n\t<meta property=\"og:image:height\" content=\"200\" \/>\n\t<meta property=\"og:image:type\" content=\"image\/png\" \/>\n<meta name=\"author\" content=\"Arnaldo Botto\" \/>\n<meta name=\"twitter:card\" content=\"summary_large_image\" \/>\n<script type=\"application\/ld+json\" class=\"yoast-schema-graph\">{\"@context\":\"https:\/\/schema.org\",\"@graph\":[{\"@type\":\"WebPage\",\"@id\":\"https:\/\/www.noticiasradioreflejos.com.ar\/2021\/instalaran-en-coronel-suarez-el-primer-mercado-concentrador-frutihorticola-bonaerense\/\",\"url\":\"https:\/\/www.noticiasradioreflejos.com.ar\/2021\/instalaran-en-coronel-suarez-el-primer-mercado-concentrador-frutihorticola-bonaerense\/\",\"name\":\"Instalar\u00e1n en Coronel Su\u00e1rez el primer Mercado Concentrador Frutihort\u00edcola bonaerense - Noticias Radio Reflejos\",\"isPartOf\":{\"@id\":\"https:\/\/www.noticiasradioreflejos.com.ar\/2021\/#website\"},\"datePublished\":\"2020-11-09T15:42:36+00:00\",\"author\":{\"@id\":\"https:\/\/www.noticiasradioreflejos.com.ar\/2021\/#\/schema\/person\/ad82545263dcc5ec0996818884fd5fb1\"},\"breadcrumb\":{\"@id\":\"https:\/\/www.noticiasradioreflejos.com.ar\/2021\/instalaran-en-coronel-suarez-el-primer-mercado-concentrador-frutihorticola-bonaerense\/#breadcrumb\"},\"inLanguage\":\"es\",\"potentialAction\":[{\"@type\":\"ReadAction\",\"target\":[\"https:\/\/www.noticiasradioreflejos.com.ar\/2021\/instalaran-en-coronel-suarez-el-primer-mercado-concentrador-frutihorticola-bonaerense\/\"]}]},{\"@type\":\"BreadcrumbList\",\"@id\":\"https:\/\/www.noticiasradioreflejos.com.ar\/2021\/instalaran-en-coronel-suarez-el-primer-mercado-concentrador-frutihorticola-bonaerense\/#breadcrumb\",\"itemListElement\":[{\"@type\":\"ListItem\",\"position\":1,\"name\":\"Portada\",\"item\":\"https:\/\/www.noticiasradioreflejos.com.ar\/2021\/\"},{\"@type\":\"ListItem\",\"position\":2,\"name\":\"Instalar\u00e1n en Coronel Su\u00e1rez el primer Mercado Concentrador Frutihort\u00edcola bonaerense\"}]},{\"@type\":\"WebSite\",\"@id\":\"https:\/\/www.noticiasradioreflejos.com.ar\/2021\/#website\",\"url\":\"https:\/\/www.noticiasradioreflejos.com.ar\/2021\/\",\"name\":\"Noticias Radio Reflejos\",\"description\":\"Las noticias de mi comarca\",\"potentialAction\":[{\"@type\":\"SearchAction\",\"target\":{\"@type\":\"EntryPoint\",\"urlTemplate\":\"https:\/\/www.noticiasradioreflejos.com.ar\/2021\/?s={search_term_string}\"},\"query-input\":{\"@type\":\"PropertyValueSpecification\",\"valueRequired\":true,\"valueName\":\"search_term_string\"}}],\"inLanguage\":\"es\"},{\"@type\":\"Person\",\"@id\":\"https:\/\/www.noticiasradioreflejos.com.ar\/2021\/#\/schema\/person\/ad82545263dcc5ec0996818884fd5fb1\",\"name\":\"Arnaldo Botto\",\"image\":{\"@type\":\"ImageObject\",\"inLanguage\":\"es\",\"@id\":\"https:\/\/www.noticiasradioreflejos.com.ar\/2021\/#\/schema\/person\/image\/\",\"url\":\"https:\/\/secure.gravatar.com\/avatar\/55cb5e37c1efa326397366e6974cb338056df65cb50e7d64d1cf314e87504837?s=96&d=mm&r=g\",\"contentUrl\":\"https:\/\/secure.gravatar.com\/avatar\/55cb5e37c1efa326397366e6974cb338056df65cb50e7d64d1cf314e87504837?s=96&d=mm&r=g\",\"caption\":\"Arnaldo Botto\"},\"url\":\"https:\/\/www.noticiasradioreflejos.com.ar\/2021\/author\/arnaldo\/\"}]}<\/script>\n<!-- \/ Yoast SEO plugin. -->","yoast_head_json":{"title":"Instalar\u00e1n en Coronel Su\u00e1rez el primer Mercado Concentrador Frutihort\u00edcola bonaerense - Noticias Radio Reflejos","robots":{"index":"index","follow":"follow","max-snippet":"max-snippet:-1","max-image-preview":"max-image-preview:large","max-video-preview":"max-video-preview:-1"},"canonical":"https:\/\/www.noticiasradioreflejos.com.ar\/2021\/instalaran-en-coronel-suarez-el-primer-mercado-concentrador-frutihorticola-bonaerense\/","og_locale":"es_ES","og_type":"article","og_title":"Instalar\u00e1n en Coronel Su\u00e1rez el primer Mercado Concentrador Frutihort\u00edcola bonaerense - Noticias Radio Reflejos","og_description":"El intendente del partido bonaerense de Coronel Su\u00e1rez, Ricardo Moccero, anunci\u00f3 hoy que se instalar\u00e1 en el parque industrial del distrito el primer Mercado Concentrador Frutihort\u00edcola de la provincia de Buenos Aires, con una inversi\u00f3n de $ 38 millones.","og_url":"https:\/\/www.noticiasradioreflejos.com.ar\/2021\/instalaran-en-coronel-suarez-el-primer-mercado-concentrador-frutihorticola-bonaerense\/","og_site_name":"Noticias Radio Reflejos","article_published_time":"2020-11-09T15:42:36+00:00","og_image":[{"width":300,"height":200,"url":"https:\/\/www.noticiasradioreflejos.com.ar\/2021\/wp-content\/uploads\/2021\/07\/logosol300x200.png","type":"image\/png"}],"author":"Arnaldo Botto","twitter_card":"summary_large_image","schema":{"@context":"https:\/\/schema.org","@graph":[{"@type":"WebPage","@id":"https:\/\/www.noticiasradioreflejos.com.ar\/2021\/instalaran-en-coronel-suarez-el-primer-mercado-concentrador-frutihorticola-bonaerense\/","url":"https:\/\/www.noticiasradioreflejos.com.ar\/2021\/instalaran-en-coronel-suarez-el-primer-mercado-concentrador-frutihorticola-bonaerense\/","name":"Instalar\u00e1n en Coronel Su\u00e1rez el primer Mercado Concentrador Frutihort\u00edcola bonaerense - Noticias Radio Reflejos","isPartOf":{"@id":"https:\/\/www.noticiasradioreflejos.com.ar\/2021\/#website"},"datePublished":"2020-11-09T15:42:36+00:00","author":{"@id":"https:\/\/www.noticiasradioreflejos.com.ar\/2021\/#\/schema\/person\/ad82545263dcc5ec0996818884fd5fb1"},"breadcrumb":{"@id":"https:\/\/www.noticiasradioreflejos.com.ar\/2021\/instalaran-en-coronel-suarez-el-primer-mercado-concentrador-frutihorticola-bonaerense\/#breadcrumb"},"inLanguage":"es","potentialAction":[{"@type":"ReadAction","target":["https:\/\/www.noticiasradioreflejos.com.ar\/2021\/instalaran-en-coronel-suarez-el-primer-mercado-concentrador-frutihorticola-bonaerense\/"]}]},{"@type":"BreadcrumbList","@id":"https:\/\/www.noticiasradioreflejos.com.ar\/2021\/instalaran-en-coronel-suarez-el-primer-mercado-concentrador-frutihorticola-bonaerense\/#breadcrumb","itemListElement":[{"@type":"ListItem","position":1,"name":"Portada","item":"https:\/\/www.noticiasradioreflejos.com.ar\/2021\/"},{"@type":"ListItem","position":2,"name":"Instalar\u00e1n en Coronel Su\u00e1rez el primer Mercado Concentrador Frutihort\u00edcola bonaerense"}]},{"@type":"WebSite","@id":"https:\/\/www.noticiasradioreflejos.com.ar\/2021\/#website","url":"https:\/\/www.noticiasradioreflejos.com.ar\/2021\/","name":"Noticias Radio Reflejos","description":"Las noticias de mi comarca","potentialAction":[{"@type":"SearchAction","target":{"@type":"EntryPoint","urlTemplate":"https:\/\/www.noticiasradioreflejos.com.ar\/2021\/?s={search_term_string}"},"query-input":{"@type":"PropertyValueSpecification","valueRequired":true,"valueName":"search_term_string"}}],"inLanguage":"es"},{"@type":"Person","@id":"https:\/\/www.noticiasradioreflejos.com.ar\/2021\/#\/schema\/person\/ad82545263dcc5ec0996818884fd5fb1","name":"Arnaldo Botto","image":{"@type":"ImageObject","inLanguage":"es","@id":"https:\/\/www.noticiasradioreflejos.com.ar\/2021\/#\/schema\/person\/image\/","url":"https:\/\/secure.gravatar.com\/avatar\/55cb5e37c1efa326397366e6974cb338056df65cb50e7d64d1cf314e87504837?s=96&d=mm&r=g","contentUrl":"https:\/\/secure.gravatar.com\/avatar\/55cb5e37c1efa326397366e6974cb338056df65cb50e7d64d1cf314e87504837?s=96&d=mm&r=g","caption":"Arnaldo Botto"},"url":"https:\/\/www.noticiasradioreflejos.com.ar\/2021\/author\/arnaldo\/"}]}},"_links":{"self":[{"href":"https:\/\/www.noticiasradioreflejos.com.ar\/2021\/wp-json\/wp\/v2\/posts\/49033","targetHints":{"allow":["GET"]}}],"collection":[{"href":"https:\/\/www.noticiasradioreflejos.com.ar\/2021\/wp-json\/wp\/v2\/posts"}],"about":[{"href":"https:\/\/www.noticiasradioreflejos.com.ar\/2021\/wp-json\/wp\/v2\/types\/post"}],"author":[{"embeddable":true,"href":"https:\/\/www.noticiasradioreflejos.com.ar\/2021\/wp-json\/wp\/v2\/users\/3"}],"replies":[{"embeddable":true,"href":"https:\/\/www.noticiasradioreflejos.com.ar\/2021\/wp-json\/wp\/v2\/comments?post=49033"}],"version-history":[{"count":0,"href":"https:\/\/www.noticiasradioreflejos.com.ar\/2021\/wp-json\/wp\/v2\/posts\/49033\/revisions"}],"wp:attachment":[{"href":"https:\/\/www.noticiasradioreflejos.com.ar\/2021\/wp-json\/wp\/v2\/media?parent=49033"}],"wp:term":[{"taxonomy":"category","embeddable":true,"href":"https:\/\/www.noticiasradioreflejos.com.ar\/2021\/wp-json\/wp\/v2\/categories?post=49033"},{"taxonomy":"post_tag","embeddable":true,"href":"https:\/\/www.noticiasradioreflejos.com.ar\/2021\/wp-json\/wp\/v2\/tags?post=49033"}],"curies":[{"name":"wp","href":"https:\/\/api.w.org\/{rel}","templated":true}]}}