{"id":49030,"date":"2020-11-09T11:06:10","date_gmt":"2020-11-09T14:06:10","guid":{"rendered":"http:\/\/www.noticiasradioreflejos.com.ar\/noticias\/?p=49030"},"modified":"2020-11-09T11:06:10","modified_gmt":"2020-11-09T14:06:10","slug":"pfizer-asegura-que-su-vacuna-contra-el-coronavirus-es-eficaz-en-un-90","status":"publish","type":"post","link":"https:\/\/www.noticiasradioreflejos.com.ar\/2021\/pfizer-asegura-que-su-vacuna-contra-el-coronavirus-es-eficaz-en-un-90\/","title":{"rendered":"Pfizer asegura que su vacuna contra el coronavirus es \u00abeficaz en un 90%\u00bb"},"content":{"rendered":"<p>La farmac\u00e9utica Pfizer afirm\u00f3 hoy que su vacuna contra el coronavirus es \u00abeficaz en un 90%\u00bb, seg\u00fan el primer an\u00e1lisis intermedio de su ensayo de fase 3, la \u00faltima etapa antes de pedir formalmente su homologaci\u00f3n.<!--more--><br \/>\nEsta eficacia de protecci\u00f3n frente al virus SARS-CoV-2 \u00abse logr\u00f3 siete d\u00edas despu\u00e9s de la segunda dosis de vacuna y 28 d\u00edas despu\u00e9s de la primera\u00bb, indic\u00f3 la farmac\u00e9utica estadounidense en un comunicado conjunto con la firma BioNTech, citado por la agencia AFP.<\/p>\n<p>\u00ab\u00bbHoy es un gran d\u00eda para la ciencia y la humanidad. Los primeros resultados de la fase 3 de nuestro ensayo de vacuna contra el Covid-19 proveen las pruebas iniciales de la capacidad de nuestra vacuna para prevenir\u00bb esta enfermedad, dijo el presidente de Pfizer, Albert Bourla.<\/p>\n<p>\u00abEstamos alcanzando este hito cr\u00edtico en nuestro programa de desarrollo de vacunas en un momento en el que el mundo m\u00e1s lo necesita, con tasas de infecci\u00f3n que establecen nuevos r\u00e9cords, hospitales que se acercan al l\u00edmite de su capacidad y econom\u00edas que luchan por reabrir. Hemos dado un paso importante y estamos m\u00e1s cerca de proveer a los ciudadanos del mundo\u00bb esta vacuna \u00abnecesaria para contribuir a acabar con esta crisis sanitaria mundial\u00bb, a\u00f1adi\u00f3 Bourla en un comunicado publicado en el sitio oficial de la compa\u00f1\u00eda.<\/p>\n<p>El an\u00e1lisis de los casos entre los individuos vacunados y los que recibieron el placebo indic\u00f3 una tasa de eficacia de la vacuna superior al 90%, 7 d\u00edas despu\u00e9s de la segunda dosis.<\/p>\n<p>\u00abEsto significa que la protecci\u00f3n se logra 28 d\u00edas despu\u00e9s del inicio de la vacunaci\u00f3n, que consiste en un esquema de 2 dosis\u00bb, indic\u00f3 la farmac\u00e9utica.<\/p>\n<p>El ensayo cl\u00ednico de fase 3 de la vacuna BNT162b2 comenz\u00f3 el 27 de julio y se inscribieron 43.538 participantes, 38.955 de los cuales recibieron una segunda dosis de la vacuna candidata al 8 de noviembre de 2020.<\/p>\n<p>El 42% de los participantes globales -entre los que se cuentan los voluntarios en la Argentina- y el 30% de los participantes de los Estados Unidos tienen antecedentes raciales y \u00e9tnicos diversos.<\/p>\n<p>Seg\u00fan las primeras conclusiones, no se observaron problemas de seguridad graves, mientras que se evaluaron \u00ab94 casos confirmados de COVID-19 en participantes del ensayo\u00bb.<\/p>\n<p>La presentaci\u00f3n de la autorizaci\u00f3n de uso de emergencia a la Administraci\u00f3n de Drogas y Alimentos de los Estados Unidos (FDA) est\u00e1 prevista para \u00abpoco despu\u00e9s de que se alcance el hito de seguridad requerido, que actualmente se espera que ocurra en la tercera semana de noviembre\u00bb.<\/p>\n<p>Los participantes voluntarios continuar\u00e1n siendo monitoreados durante dos a\u00f1os luego de su segunda dosis.<\/p>\n<p>El estudio tambi\u00e9n evaluar\u00e1 el potencial de la vacuna candidata para brindar protecci\u00f3n contra Covid-19 en aquellos que tuvieron una exposici\u00f3n previa al SARS-CoV-2, as\u00ed como para la prevenci\u00f3n de la vacuna contra la enfermedad grave de coronavirus.<\/p>\n<p>El ensayo cl\u00ednico continuar\u00e1 hasta el an\u00e1lisis final en 164 casos confirmados para recopilar m\u00e1s datos.<\/p>\n<p>\u00abAdem\u00e1s de los criterios de valoraci\u00f3n primarios de eficacia que eval\u00faan los casos confirmados de COVID-19 acumulados 7 d\u00edas despu\u00e9s de la segunda dosis, el an\u00e1lisis final incluir\u00e1, con la aprobaci\u00f3n de la FDA, nuevos criterios de valoraci\u00f3n secundarios que eval\u00faan la eficacia en funci\u00f3n de los casos acumulados 14 d\u00edas despu\u00e9s de la segunda dosis\u00bb, complet\u00f3 el comunicado.<\/p>\n<p>Bas\u00e1ndose en proyecciones, ambas empresas afirmaron que prev\u00e9n suministrar 50 millones de dosis en el mundo en 2020 y hasta 1.300 millones en 2021.<\/p>\n","protected":false},"excerpt":{"rendered":"<p>La farmac\u00e9utica Pfizer afirm\u00f3 hoy que su vacuna contra el coronavirus es \u00abeficaz en un 90%\u00bb, seg\u00fan el primer an\u00e1lisis intermedio de su ensayo de fase 3, la \u00faltima etapa antes de pedir formalmente su homologaci\u00f3n.<\/p>\n","protected":false},"author":3,"featured_media":0,"comment_status":"closed","ping_status":"open","sticky":false,"template":"","format":"standard","meta":{"footnotes":""},"categories":[30],"tags":[],"class_list":["post-49030","post","type-post","status-publish","format-standard","hentry","category-salud"],"yoast_head":"<!-- This site is optimized with the Yoast SEO plugin v25.9 - https:\/\/yoast.com\/wordpress\/plugins\/seo\/ -->\n<title>Pfizer asegura que su vacuna contra el coronavirus es &quot;eficaz en un 90%&quot; - Noticias Radio Reflejos<\/title>\n<meta name=\"robots\" content=\"index, follow, max-snippet:-1, max-image-preview:large, max-video-preview:-1\" \/>\n<link rel=\"canonical\" href=\"https:\/\/www.noticiasradioreflejos.com.ar\/2021\/pfizer-asegura-que-su-vacuna-contra-el-coronavirus-es-eficaz-en-un-90\/\" \/>\n<meta property=\"og:locale\" content=\"es_ES\" \/>\n<meta property=\"og:type\" content=\"article\" \/>\n<meta property=\"og:title\" content=\"Pfizer asegura que su vacuna contra el coronavirus es &quot;eficaz en un 90%&quot; - Noticias Radio Reflejos\" \/>\n<meta property=\"og:description\" content=\"La farmac\u00e9utica Pfizer afirm\u00f3 hoy que su vacuna contra el coronavirus es \u00abeficaz en un 90%\u00bb, seg\u00fan el primer an\u00e1lisis intermedio de su ensayo de fase 3, la \u00faltima etapa antes de pedir formalmente su homologaci\u00f3n.\" \/>\n<meta property=\"og:url\" content=\"https:\/\/www.noticiasradioreflejos.com.ar\/2021\/pfizer-asegura-que-su-vacuna-contra-el-coronavirus-es-eficaz-en-un-90\/\" \/>\n<meta property=\"og:site_name\" content=\"Noticias Radio Reflejos\" \/>\n<meta property=\"article:published_time\" content=\"2020-11-09T14:06:10+00:00\" \/>\n<meta property=\"og:image\" content=\"https:\/\/www.noticiasradioreflejos.com.ar\/2021\/wp-content\/uploads\/2021\/07\/logosol300x200.png\" \/>\n\t<meta property=\"og:image:width\" content=\"300\" \/>\n\t<meta property=\"og:image:height\" content=\"200\" \/>\n\t<meta property=\"og:image:type\" content=\"image\/png\" \/>\n<meta name=\"author\" content=\"Arnaldo Botto\" \/>\n<meta name=\"twitter:card\" content=\"summary_large_image\" \/>\n<script type=\"application\/ld+json\" class=\"yoast-schema-graph\">{\"@context\":\"https:\/\/schema.org\",\"@graph\":[{\"@type\":\"WebPage\",\"@id\":\"https:\/\/www.noticiasradioreflejos.com.ar\/2021\/pfizer-asegura-que-su-vacuna-contra-el-coronavirus-es-eficaz-en-un-90\/\",\"url\":\"https:\/\/www.noticiasradioreflejos.com.ar\/2021\/pfizer-asegura-que-su-vacuna-contra-el-coronavirus-es-eficaz-en-un-90\/\",\"name\":\"Pfizer asegura que su vacuna contra el coronavirus es \\\"eficaz en un 90%\\\" - Noticias Radio Reflejos\",\"isPartOf\":{\"@id\":\"https:\/\/www.noticiasradioreflejos.com.ar\/2021\/#website\"},\"datePublished\":\"2020-11-09T14:06:10+00:00\",\"author\":{\"@id\":\"https:\/\/www.noticiasradioreflejos.com.ar\/2021\/#\/schema\/person\/ad82545263dcc5ec0996818884fd5fb1\"},\"breadcrumb\":{\"@id\":\"https:\/\/www.noticiasradioreflejos.com.ar\/2021\/pfizer-asegura-que-su-vacuna-contra-el-coronavirus-es-eficaz-en-un-90\/#breadcrumb\"},\"inLanguage\":\"es\",\"potentialAction\":[{\"@type\":\"ReadAction\",\"target\":[\"https:\/\/www.noticiasradioreflejos.com.ar\/2021\/pfizer-asegura-que-su-vacuna-contra-el-coronavirus-es-eficaz-en-un-90\/\"]}]},{\"@type\":\"BreadcrumbList\",\"@id\":\"https:\/\/www.noticiasradioreflejos.com.ar\/2021\/pfizer-asegura-que-su-vacuna-contra-el-coronavirus-es-eficaz-en-un-90\/#breadcrumb\",\"itemListElement\":[{\"@type\":\"ListItem\",\"position\":1,\"name\":\"Portada\",\"item\":\"https:\/\/www.noticiasradioreflejos.com.ar\/2021\/\"},{\"@type\":\"ListItem\",\"position\":2,\"name\":\"Pfizer asegura que su vacuna contra el coronavirus es \u00abeficaz en un 90%\u00bb\"}]},{\"@type\":\"WebSite\",\"@id\":\"https:\/\/www.noticiasradioreflejos.com.ar\/2021\/#website\",\"url\":\"https:\/\/www.noticiasradioreflejos.com.ar\/2021\/\",\"name\":\"Noticias Radio Reflejos\",\"description\":\"Las noticias de mi comarca\",\"potentialAction\":[{\"@type\":\"SearchAction\",\"target\":{\"@type\":\"EntryPoint\",\"urlTemplate\":\"https:\/\/www.noticiasradioreflejos.com.ar\/2021\/?s={search_term_string}\"},\"query-input\":{\"@type\":\"PropertyValueSpecification\",\"valueRequired\":true,\"valueName\":\"search_term_string\"}}],\"inLanguage\":\"es\"},{\"@type\":\"Person\",\"@id\":\"https:\/\/www.noticiasradioreflejos.com.ar\/2021\/#\/schema\/person\/ad82545263dcc5ec0996818884fd5fb1\",\"name\":\"Arnaldo Botto\",\"image\":{\"@type\":\"ImageObject\",\"inLanguage\":\"es\",\"@id\":\"https:\/\/www.noticiasradioreflejos.com.ar\/2021\/#\/schema\/person\/image\/\",\"url\":\"https:\/\/secure.gravatar.com\/avatar\/55cb5e37c1efa326397366e6974cb338056df65cb50e7d64d1cf314e87504837?s=96&d=mm&r=g\",\"contentUrl\":\"https:\/\/secure.gravatar.com\/avatar\/55cb5e37c1efa326397366e6974cb338056df65cb50e7d64d1cf314e87504837?s=96&d=mm&r=g\",\"caption\":\"Arnaldo Botto\"},\"url\":\"https:\/\/www.noticiasradioreflejos.com.ar\/2021\/author\/arnaldo\/\"}]}<\/script>\n<!-- \/ Yoast SEO plugin. -->","yoast_head_json":{"title":"Pfizer asegura que su vacuna contra el coronavirus es \"eficaz en un 90%\" - Noticias Radio Reflejos","robots":{"index":"index","follow":"follow","max-snippet":"max-snippet:-1","max-image-preview":"max-image-preview:large","max-video-preview":"max-video-preview:-1"},"canonical":"https:\/\/www.noticiasradioreflejos.com.ar\/2021\/pfizer-asegura-que-su-vacuna-contra-el-coronavirus-es-eficaz-en-un-90\/","og_locale":"es_ES","og_type":"article","og_title":"Pfizer asegura que su vacuna contra el coronavirus es \"eficaz en un 90%\" - Noticias Radio Reflejos","og_description":"La farmac\u00e9utica Pfizer afirm\u00f3 hoy que su vacuna contra el coronavirus es \u00abeficaz en un 90%\u00bb, seg\u00fan el primer an\u00e1lisis intermedio de su ensayo de fase 3, la \u00faltima etapa antes de pedir formalmente su homologaci\u00f3n.","og_url":"https:\/\/www.noticiasradioreflejos.com.ar\/2021\/pfizer-asegura-que-su-vacuna-contra-el-coronavirus-es-eficaz-en-un-90\/","og_site_name":"Noticias Radio Reflejos","article_published_time":"2020-11-09T14:06:10+00:00","og_image":[{"width":300,"height":200,"url":"https:\/\/www.noticiasradioreflejos.com.ar\/2021\/wp-content\/uploads\/2021\/07\/logosol300x200.png","type":"image\/png"}],"author":"Arnaldo Botto","twitter_card":"summary_large_image","schema":{"@context":"https:\/\/schema.org","@graph":[{"@type":"WebPage","@id":"https:\/\/www.noticiasradioreflejos.com.ar\/2021\/pfizer-asegura-que-su-vacuna-contra-el-coronavirus-es-eficaz-en-un-90\/","url":"https:\/\/www.noticiasradioreflejos.com.ar\/2021\/pfizer-asegura-que-su-vacuna-contra-el-coronavirus-es-eficaz-en-un-90\/","name":"Pfizer asegura que su vacuna contra el coronavirus es \"eficaz en un 90%\" - Noticias Radio Reflejos","isPartOf":{"@id":"https:\/\/www.noticiasradioreflejos.com.ar\/2021\/#website"},"datePublished":"2020-11-09T14:06:10+00:00","author":{"@id":"https:\/\/www.noticiasradioreflejos.com.ar\/2021\/#\/schema\/person\/ad82545263dcc5ec0996818884fd5fb1"},"breadcrumb":{"@id":"https:\/\/www.noticiasradioreflejos.com.ar\/2021\/pfizer-asegura-que-su-vacuna-contra-el-coronavirus-es-eficaz-en-un-90\/#breadcrumb"},"inLanguage":"es","potentialAction":[{"@type":"ReadAction","target":["https:\/\/www.noticiasradioreflejos.com.ar\/2021\/pfizer-asegura-que-su-vacuna-contra-el-coronavirus-es-eficaz-en-un-90\/"]}]},{"@type":"BreadcrumbList","@id":"https:\/\/www.noticiasradioreflejos.com.ar\/2021\/pfizer-asegura-que-su-vacuna-contra-el-coronavirus-es-eficaz-en-un-90\/#breadcrumb","itemListElement":[{"@type":"ListItem","position":1,"name":"Portada","item":"https:\/\/www.noticiasradioreflejos.com.ar\/2021\/"},{"@type":"ListItem","position":2,"name":"Pfizer asegura que su vacuna contra el coronavirus es \u00abeficaz en un 90%\u00bb"}]},{"@type":"WebSite","@id":"https:\/\/www.noticiasradioreflejos.com.ar\/2021\/#website","url":"https:\/\/www.noticiasradioreflejos.com.ar\/2021\/","name":"Noticias Radio Reflejos","description":"Las noticias de mi comarca","potentialAction":[{"@type":"SearchAction","target":{"@type":"EntryPoint","urlTemplate":"https:\/\/www.noticiasradioreflejos.com.ar\/2021\/?s={search_term_string}"},"query-input":{"@type":"PropertyValueSpecification","valueRequired":true,"valueName":"search_term_string"}}],"inLanguage":"es"},{"@type":"Person","@id":"https:\/\/www.noticiasradioreflejos.com.ar\/2021\/#\/schema\/person\/ad82545263dcc5ec0996818884fd5fb1","name":"Arnaldo Botto","image":{"@type":"ImageObject","inLanguage":"es","@id":"https:\/\/www.noticiasradioreflejos.com.ar\/2021\/#\/schema\/person\/image\/","url":"https:\/\/secure.gravatar.com\/avatar\/55cb5e37c1efa326397366e6974cb338056df65cb50e7d64d1cf314e87504837?s=96&d=mm&r=g","contentUrl":"https:\/\/secure.gravatar.com\/avatar\/55cb5e37c1efa326397366e6974cb338056df65cb50e7d64d1cf314e87504837?s=96&d=mm&r=g","caption":"Arnaldo Botto"},"url":"https:\/\/www.noticiasradioreflejos.com.ar\/2021\/author\/arnaldo\/"}]}},"_links":{"self":[{"href":"https:\/\/www.noticiasradioreflejos.com.ar\/2021\/wp-json\/wp\/v2\/posts\/49030","targetHints":{"allow":["GET"]}}],"collection":[{"href":"https:\/\/www.noticiasradioreflejos.com.ar\/2021\/wp-json\/wp\/v2\/posts"}],"about":[{"href":"https:\/\/www.noticiasradioreflejos.com.ar\/2021\/wp-json\/wp\/v2\/types\/post"}],"author":[{"embeddable":true,"href":"https:\/\/www.noticiasradioreflejos.com.ar\/2021\/wp-json\/wp\/v2\/users\/3"}],"replies":[{"embeddable":true,"href":"https:\/\/www.noticiasradioreflejos.com.ar\/2021\/wp-json\/wp\/v2\/comments?post=49030"}],"version-history":[{"count":0,"href":"https:\/\/www.noticiasradioreflejos.com.ar\/2021\/wp-json\/wp\/v2\/posts\/49030\/revisions"}],"wp:attachment":[{"href":"https:\/\/www.noticiasradioreflejos.com.ar\/2021\/wp-json\/wp\/v2\/media?parent=49030"}],"wp:term":[{"taxonomy":"category","embeddable":true,"href":"https:\/\/www.noticiasradioreflejos.com.ar\/2021\/wp-json\/wp\/v2\/categories?post=49030"},{"taxonomy":"post_tag","embeddable":true,"href":"https:\/\/www.noticiasradioreflejos.com.ar\/2021\/wp-json\/wp\/v2\/tags?post=49030"}],"curies":[{"name":"wp","href":"https:\/\/api.w.org\/{rel}","templated":true}]}}