{"id":49019,"date":"2020-11-09T08:48:23","date_gmt":"2020-11-09T11:48:23","guid":{"rendered":"http:\/\/www.noticiasradioreflejos.com.ar\/noticias\/?p=49019"},"modified":"2020-11-09T08:48:23","modified_gmt":"2020-11-09T11:48:23","slug":"feriados-2020-cuales-son-los-ultimos-fines-de-semana-largos-que-quedan-en-el-ano","status":"publish","type":"post","link":"https:\/\/www.noticiasradioreflejos.com.ar\/2021\/feriados-2020-cuales-son-los-ultimos-fines-de-semana-largos-que-quedan-en-el-ano\/","title":{"rendered":"Feriados 2020: cu\u00e1les son los \u00faltimos fines de semana largos que quedan en el a\u00f1o"},"content":{"rendered":"<p>Todav\u00eda restan algunos feriados m\u00e1s antes de las fiestas de fin de a\u00f1o<br \/>\nLuego de varios meses por dem\u00e1s at\u00edpicos, en los que la pandemia del coronavirus lo cambi\u00f3 todo, ya estamos llegando a mediados de noviembre y se acercan las fiestas de fin de a\u00f1o, pero antes de eso todav\u00eda quedan algunos feriados para descansar.<!--more--><\/p>\n<p>El primer fin de semana largo que vendr\u00e1 de cara a la \u00faltima etapa de este 2020 ser\u00e1 dentro de 14 d\u00edas exactos, el pr\u00f3ximo lunes 23, cuando se celebrar\u00e1 el D\u00eda de la Soberan\u00eda Nacional en honor a la batalla de la Vuelta de Obligado, ocurrida en 1845.<\/p>\n<p>En realidad, ese episodio sucedi\u00f3 un 20 de noviembre, pero se trata de un feriado transferible y en esta ocasi\u00f3n se decidi\u00f3 pasarlo para el lunes siguiente. En esta fecha se recuerda la haza\u00f1a de los soldados argentinos que repelieron la invasi\u00f3n del ej\u00e9rcito anglo-franc\u00e9s, que pretend\u00eda colonizar los territorios del pa\u00eds.<\/p>\n<p>Seg\u00fan cuenta la historia, el gobierno de Juan Manuel de Rosas, respaldado desde el exilio por el general Jos\u00e9 de San Mart\u00edn, prepar\u00f3 una resistencia para impedir el avance de las fuerzas invasoras, que buscaban ingresar por el Paran\u00e1. Las tropas nacionales, al mando de Lucio Mansilla, se anticiparon en un estrecho recodo de ese r\u00edo llamado la Vuelta de Obligado, en el distrito bonaerense de San Pedro.<\/p>\n<p>El acontecimiento sirvi\u00f3 para ratificar y garantizar la soberan\u00eda nacional, y adem\u00e1s deriv\u00f3 en la firma de un tratado de paz entre Argentina, Francia y Gran Breta\u00f1a que marc\u00f3 el fin de este enfrentamiento.<\/p>\n<p><a title=\"25X2PP5NHRA67D4K4NAUQURJNA\" href=\"http:\/\/live.staticflickr.com\/65535\/50583256057_36617f7b51_s.jpg\" rel=\"\"><img loading=\"lazy\" decoding=\"async\" class=\"aligncenter\" title=\"25X2PP5NHRA67D4K4NAUQURJNA\" src=\"http:\/\/live.staticflickr.com\/65535\/50583256057_36617f7b51_c.jpg\" alt=\"25X2PP5NHRA67D4K4NAUQURJNA\" width=\"768\" height=\"432\" \/><\/a><br \/>\nSi bien en esta fecha muchas personas podr\u00e1n no trabajar, pocas de ellas podr\u00e1n aprovechar para hacer un viaje corto para descansar en alg\u00fan lugar tur\u00edstico ya que las provincias mantienen sus fronteras cerradas por el coronavirus y los municipios bonaerenses solamente reciben a los propietarios no residentes.<\/p>\n<p>Diferente ser\u00e1 la situaci\u00f3n del \u00faltimo fin de semana largo programado que queda en este a\u00f1o, el cual ser\u00e1 del s\u00e1bado 5 al martes 8 de diciembre, inclusive. En esta oportunidad ya estar\u00e1 habilitado el turismo en la provincia de Buenos Aires.<\/p>\n<p>Puntualmente, ser\u00e1 feriado \u00fanicamente el 8 de ese mes, d\u00eda en el que se venera a la Inmaculada Concepci\u00f3n de Mar\u00eda, pero el Gobierno decret\u00f3 un feriado puente para el lunes anterior. Este festejo religioso es en honor a la Virgen Mar\u00eda y se celebra mundialmente desde 1854.<\/p>\n<p>Esta fecha, tambi\u00e9n designada para armar el \u00e1rbol de Navidad, est\u00e1 dentro de los feriados considerados como inamovibles, seg\u00fan la Ley 27.399, sancionada por el Congreso en 2017. Es decir que no ser\u00e1 trasladado y deber\u00e1 respetarse el d\u00eda exacto en el que figura en el almanaque.<\/p>\n<p>Por \u00faltimo, llegar\u00e1 Navidad. El 25 de diciembre, como todos los a\u00f1os, los creyentes de la religi\u00f3n cat\u00f3lica recuerdan el nacimiento del Ni\u00f1o Jes\u00fas con regalos y comidas t\u00edpicas de esta \u00e9poca, aunque seguramente esta vez deber\u00e1 ser con distanciamiento social y algunas otras medidas de prevenci\u00f3n para evitar la propagaci\u00f3n del COVID-19.<\/p>\n<p>De esta manera, se terminar\u00e1n los 19 feriados programados para este a\u00f1o, de los cuales 15 se declararon inamovibles y 4 transferibles, mientras que tres fueron puente: el lunes 23 de marzo, el viernes 10 de julio y el lunes 7 de diciembre.<\/p>\n<p>Estos \u00faltimos, de acuerdo con la disposici\u00f3n gubernamental, fueron considerados como feriados y no como \u201cd\u00eda no laborable\u201d, fechas en las cuales organismos, empresas y comercios estatales y privados tienen la potestad de elegir si se trabaja y, si decide hacerlo, el trabajador percibir\u00e1 su salario simple, sin ning\u00fan pago extra.<\/p>\n<p>&nbsp;<\/p>\n<p><span style=\"color: #ff6600;\"><strong>Fuente Infobae<\/strong><\/span><\/p>\n","protected":false},"excerpt":{"rendered":"<p>Todav\u00eda restan algunos feriados m\u00e1s antes de las fiestas de fin de a\u00f1o Luego de varios meses por dem\u00e1s at\u00edpicos, en los que la pandemia del coronavirus lo cambi\u00f3 todo, ya estamos llegando a mediados de noviembre y se acercan las fiestas de fin de a\u00f1o, pero antes de eso todav\u00eda quedan algunos feriados para [&hellip;]<\/p>\n","protected":false},"author":3,"featured_media":0,"comment_status":"closed","ping_status":"open","sticky":false,"template":"","format":"standard","meta":{"footnotes":""},"categories":[26],"tags":[],"class_list":["post-49019","post","type-post","status-publish","format-standard","hentry","category-sociedad"],"yoast_head":"<!-- This site is optimized with the Yoast SEO plugin v25.9 - https:\/\/yoast.com\/wordpress\/plugins\/seo\/ -->\n<title>Feriados 2020: cu\u00e1les son los \u00faltimos fines de semana largos que quedan en el a\u00f1o - Noticias Radio Reflejos<\/title>\n<meta name=\"robots\" content=\"index, follow, max-snippet:-1, max-image-preview:large, max-video-preview:-1\" \/>\n<link rel=\"canonical\" href=\"https:\/\/www.noticiasradioreflejos.com.ar\/2021\/feriados-2020-cuales-son-los-ultimos-fines-de-semana-largos-que-quedan-en-el-ano\/\" \/>\n<meta property=\"og:locale\" content=\"es_ES\" \/>\n<meta property=\"og:type\" content=\"article\" \/>\n<meta property=\"og:title\" content=\"Feriados 2020: cu\u00e1les son los \u00faltimos fines de semana largos que quedan en el a\u00f1o - Noticias Radio Reflejos\" \/>\n<meta property=\"og:description\" content=\"Todav\u00eda restan algunos feriados m\u00e1s antes de las fiestas de fin de a\u00f1o Luego de varios meses por dem\u00e1s at\u00edpicos, en los que la pandemia del coronavirus lo cambi\u00f3 todo, ya estamos llegando a mediados de noviembre y se acercan las fiestas de fin de a\u00f1o, pero antes de eso todav\u00eda quedan algunos feriados para [&hellip;]\" \/>\n<meta property=\"og:url\" content=\"https:\/\/www.noticiasradioreflejos.com.ar\/2021\/feriados-2020-cuales-son-los-ultimos-fines-de-semana-largos-que-quedan-en-el-ano\/\" \/>\n<meta property=\"og:site_name\" content=\"Noticias Radio Reflejos\" \/>\n<meta property=\"article:published_time\" content=\"2020-11-09T11:48:23+00:00\" \/>\n<meta property=\"og:image\" content=\"http:\/\/live.staticflickr.com\/65535\/50583256057_36617f7b51_c.jpg\" \/>\n<meta name=\"author\" content=\"Arnaldo Botto\" \/>\n<meta name=\"twitter:card\" content=\"summary_large_image\" \/>\n<script type=\"application\/ld+json\" class=\"yoast-schema-graph\">{\"@context\":\"https:\/\/schema.org\",\"@graph\":[{\"@type\":\"WebPage\",\"@id\":\"https:\/\/www.noticiasradioreflejos.com.ar\/2021\/feriados-2020-cuales-son-los-ultimos-fines-de-semana-largos-que-quedan-en-el-ano\/\",\"url\":\"https:\/\/www.noticiasradioreflejos.com.ar\/2021\/feriados-2020-cuales-son-los-ultimos-fines-de-semana-largos-que-quedan-en-el-ano\/\",\"name\":\"Feriados 2020: cu\u00e1les son los \u00faltimos fines de semana largos que quedan en el a\u00f1o - Noticias Radio Reflejos\",\"isPartOf\":{\"@id\":\"https:\/\/www.noticiasradioreflejos.com.ar\/2021\/#website\"},\"primaryImageOfPage\":{\"@id\":\"https:\/\/www.noticiasradioreflejos.com.ar\/2021\/feriados-2020-cuales-son-los-ultimos-fines-de-semana-largos-que-quedan-en-el-ano\/#primaryimage\"},\"image\":{\"@id\":\"https:\/\/www.noticiasradioreflejos.com.ar\/2021\/feriados-2020-cuales-son-los-ultimos-fines-de-semana-largos-que-quedan-en-el-ano\/#primaryimage\"},\"thumbnailUrl\":\"http:\/\/live.staticflickr.com\/65535\/50583256057_36617f7b51_c.jpg\",\"datePublished\":\"2020-11-09T11:48:23+00:00\",\"author\":{\"@id\":\"https:\/\/www.noticiasradioreflejos.com.ar\/2021\/#\/schema\/person\/ad82545263dcc5ec0996818884fd5fb1\"},\"breadcrumb\":{\"@id\":\"https:\/\/www.noticiasradioreflejos.com.ar\/2021\/feriados-2020-cuales-son-los-ultimos-fines-de-semana-largos-que-quedan-en-el-ano\/#breadcrumb\"},\"inLanguage\":\"es\",\"potentialAction\":[{\"@type\":\"ReadAction\",\"target\":[\"https:\/\/www.noticiasradioreflejos.com.ar\/2021\/feriados-2020-cuales-son-los-ultimos-fines-de-semana-largos-que-quedan-en-el-ano\/\"]}]},{\"@type\":\"ImageObject\",\"inLanguage\":\"es\",\"@id\":\"https:\/\/www.noticiasradioreflejos.com.ar\/2021\/feriados-2020-cuales-son-los-ultimos-fines-de-semana-largos-que-quedan-en-el-ano\/#primaryimage\",\"url\":\"http:\/\/live.staticflickr.com\/65535\/50583256057_36617f7b51_c.jpg\",\"contentUrl\":\"http:\/\/live.staticflickr.com\/65535\/50583256057_36617f7b51_c.jpg\"},{\"@type\":\"BreadcrumbList\",\"@id\":\"https:\/\/www.noticiasradioreflejos.com.ar\/2021\/feriados-2020-cuales-son-los-ultimos-fines-de-semana-largos-que-quedan-en-el-ano\/#breadcrumb\",\"itemListElement\":[{\"@type\":\"ListItem\",\"position\":1,\"name\":\"Portada\",\"item\":\"https:\/\/www.noticiasradioreflejos.com.ar\/2021\/\"},{\"@type\":\"ListItem\",\"position\":2,\"name\":\"Feriados 2020: cu\u00e1les son los \u00faltimos fines de semana largos que quedan en el a\u00f1o\"}]},{\"@type\":\"WebSite\",\"@id\":\"https:\/\/www.noticiasradioreflejos.com.ar\/2021\/#website\",\"url\":\"https:\/\/www.noticiasradioreflejos.com.ar\/2021\/\",\"name\":\"Noticias Radio Reflejos\",\"description\":\"Las noticias de mi comarca\",\"potentialAction\":[{\"@type\":\"SearchAction\",\"target\":{\"@type\":\"EntryPoint\",\"urlTemplate\":\"https:\/\/www.noticiasradioreflejos.com.ar\/2021\/?s={search_term_string}\"},\"query-input\":{\"@type\":\"PropertyValueSpecification\",\"valueRequired\":true,\"valueName\":\"search_term_string\"}}],\"inLanguage\":\"es\"},{\"@type\":\"Person\",\"@id\":\"https:\/\/www.noticiasradioreflejos.com.ar\/2021\/#\/schema\/person\/ad82545263dcc5ec0996818884fd5fb1\",\"name\":\"Arnaldo Botto\",\"image\":{\"@type\":\"ImageObject\",\"inLanguage\":\"es\",\"@id\":\"https:\/\/www.noticiasradioreflejos.com.ar\/2021\/#\/schema\/person\/image\/\",\"url\":\"https:\/\/secure.gravatar.com\/avatar\/55cb5e37c1efa326397366e6974cb338056df65cb50e7d64d1cf314e87504837?s=96&d=mm&r=g\",\"contentUrl\":\"https:\/\/secure.gravatar.com\/avatar\/55cb5e37c1efa326397366e6974cb338056df65cb50e7d64d1cf314e87504837?s=96&d=mm&r=g\",\"caption\":\"Arnaldo Botto\"},\"url\":\"https:\/\/www.noticiasradioreflejos.com.ar\/2021\/author\/arnaldo\/\"}]}<\/script>\n<!-- \/ Yoast SEO plugin. -->","yoast_head_json":{"title":"Feriados 2020: cu\u00e1les son los \u00faltimos fines de semana largos que quedan en el a\u00f1o - Noticias Radio Reflejos","robots":{"index":"index","follow":"follow","max-snippet":"max-snippet:-1","max-image-preview":"max-image-preview:large","max-video-preview":"max-video-preview:-1"},"canonical":"https:\/\/www.noticiasradioreflejos.com.ar\/2021\/feriados-2020-cuales-son-los-ultimos-fines-de-semana-largos-que-quedan-en-el-ano\/","og_locale":"es_ES","og_type":"article","og_title":"Feriados 2020: cu\u00e1les son los \u00faltimos fines de semana largos que quedan en el a\u00f1o - Noticias Radio Reflejos","og_description":"Todav\u00eda restan algunos feriados m\u00e1s antes de las fiestas de fin de a\u00f1o Luego de varios meses por dem\u00e1s at\u00edpicos, en los que la pandemia del coronavirus lo cambi\u00f3 todo, ya estamos llegando a mediados de noviembre y se acercan las fiestas de fin de a\u00f1o, pero antes de eso todav\u00eda quedan algunos feriados para [&hellip;]","og_url":"https:\/\/www.noticiasradioreflejos.com.ar\/2021\/feriados-2020-cuales-son-los-ultimos-fines-de-semana-largos-que-quedan-en-el-ano\/","og_site_name":"Noticias Radio Reflejos","article_published_time":"2020-11-09T11:48:23+00:00","og_image":[{"url":"http:\/\/live.staticflickr.com\/65535\/50583256057_36617f7b51_c.jpg","type":"","width":"","height":""}],"author":"Arnaldo Botto","twitter_card":"summary_large_image","schema":{"@context":"https:\/\/schema.org","@graph":[{"@type":"WebPage","@id":"https:\/\/www.noticiasradioreflejos.com.ar\/2021\/feriados-2020-cuales-son-los-ultimos-fines-de-semana-largos-que-quedan-en-el-ano\/","url":"https:\/\/www.noticiasradioreflejos.com.ar\/2021\/feriados-2020-cuales-son-los-ultimos-fines-de-semana-largos-que-quedan-en-el-ano\/","name":"Feriados 2020: cu\u00e1les son los \u00faltimos fines de semana largos que quedan en el a\u00f1o - Noticias Radio Reflejos","isPartOf":{"@id":"https:\/\/www.noticiasradioreflejos.com.ar\/2021\/#website"},"primaryImageOfPage":{"@id":"https:\/\/www.noticiasradioreflejos.com.ar\/2021\/feriados-2020-cuales-son-los-ultimos-fines-de-semana-largos-que-quedan-en-el-ano\/#primaryimage"},"image":{"@id":"https:\/\/www.noticiasradioreflejos.com.ar\/2021\/feriados-2020-cuales-son-los-ultimos-fines-de-semana-largos-que-quedan-en-el-ano\/#primaryimage"},"thumbnailUrl":"http:\/\/live.staticflickr.com\/65535\/50583256057_36617f7b51_c.jpg","datePublished":"2020-11-09T11:48:23+00:00","author":{"@id":"https:\/\/www.noticiasradioreflejos.com.ar\/2021\/#\/schema\/person\/ad82545263dcc5ec0996818884fd5fb1"},"breadcrumb":{"@id":"https:\/\/www.noticiasradioreflejos.com.ar\/2021\/feriados-2020-cuales-son-los-ultimos-fines-de-semana-largos-que-quedan-en-el-ano\/#breadcrumb"},"inLanguage":"es","potentialAction":[{"@type":"ReadAction","target":["https:\/\/www.noticiasradioreflejos.com.ar\/2021\/feriados-2020-cuales-son-los-ultimos-fines-de-semana-largos-que-quedan-en-el-ano\/"]}]},{"@type":"ImageObject","inLanguage":"es","@id":"https:\/\/www.noticiasradioreflejos.com.ar\/2021\/feriados-2020-cuales-son-los-ultimos-fines-de-semana-largos-que-quedan-en-el-ano\/#primaryimage","url":"http:\/\/live.staticflickr.com\/65535\/50583256057_36617f7b51_c.jpg","contentUrl":"http:\/\/live.staticflickr.com\/65535\/50583256057_36617f7b51_c.jpg"},{"@type":"BreadcrumbList","@id":"https:\/\/www.noticiasradioreflejos.com.ar\/2021\/feriados-2020-cuales-son-los-ultimos-fines-de-semana-largos-que-quedan-en-el-ano\/#breadcrumb","itemListElement":[{"@type":"ListItem","position":1,"name":"Portada","item":"https:\/\/www.noticiasradioreflejos.com.ar\/2021\/"},{"@type":"ListItem","position":2,"name":"Feriados 2020: cu\u00e1les son los \u00faltimos fines de semana largos que quedan en el a\u00f1o"}]},{"@type":"WebSite","@id":"https:\/\/www.noticiasradioreflejos.com.ar\/2021\/#website","url":"https:\/\/www.noticiasradioreflejos.com.ar\/2021\/","name":"Noticias Radio Reflejos","description":"Las noticias de mi comarca","potentialAction":[{"@type":"SearchAction","target":{"@type":"EntryPoint","urlTemplate":"https:\/\/www.noticiasradioreflejos.com.ar\/2021\/?s={search_term_string}"},"query-input":{"@type":"PropertyValueSpecification","valueRequired":true,"valueName":"search_term_string"}}],"inLanguage":"es"},{"@type":"Person","@id":"https:\/\/www.noticiasradioreflejos.com.ar\/2021\/#\/schema\/person\/ad82545263dcc5ec0996818884fd5fb1","name":"Arnaldo Botto","image":{"@type":"ImageObject","inLanguage":"es","@id":"https:\/\/www.noticiasradioreflejos.com.ar\/2021\/#\/schema\/person\/image\/","url":"https:\/\/secure.gravatar.com\/avatar\/55cb5e37c1efa326397366e6974cb338056df65cb50e7d64d1cf314e87504837?s=96&d=mm&r=g","contentUrl":"https:\/\/secure.gravatar.com\/avatar\/55cb5e37c1efa326397366e6974cb338056df65cb50e7d64d1cf314e87504837?s=96&d=mm&r=g","caption":"Arnaldo Botto"},"url":"https:\/\/www.noticiasradioreflejos.com.ar\/2021\/author\/arnaldo\/"}]}},"_links":{"self":[{"href":"https:\/\/www.noticiasradioreflejos.com.ar\/2021\/wp-json\/wp\/v2\/posts\/49019","targetHints":{"allow":["GET"]}}],"collection":[{"href":"https:\/\/www.noticiasradioreflejos.com.ar\/2021\/wp-json\/wp\/v2\/posts"}],"about":[{"href":"https:\/\/www.noticiasradioreflejos.com.ar\/2021\/wp-json\/wp\/v2\/types\/post"}],"author":[{"embeddable":true,"href":"https:\/\/www.noticiasradioreflejos.com.ar\/2021\/wp-json\/wp\/v2\/users\/3"}],"replies":[{"embeddable":true,"href":"https:\/\/www.noticiasradioreflejos.com.ar\/2021\/wp-json\/wp\/v2\/comments?post=49019"}],"version-history":[{"count":0,"href":"https:\/\/www.noticiasradioreflejos.com.ar\/2021\/wp-json\/wp\/v2\/posts\/49019\/revisions"}],"wp:attachment":[{"href":"https:\/\/www.noticiasradioreflejos.com.ar\/2021\/wp-json\/wp\/v2\/media?parent=49019"}],"wp:term":[{"taxonomy":"category","embeddable":true,"href":"https:\/\/www.noticiasradioreflejos.com.ar\/2021\/wp-json\/wp\/v2\/categories?post=49019"},{"taxonomy":"post_tag","embeddable":true,"href":"https:\/\/www.noticiasradioreflejos.com.ar\/2021\/wp-json\/wp\/v2\/tags?post=49019"}],"curies":[{"name":"wp","href":"https:\/\/api.w.org\/{rel}","templated":true}]}}