{"id":49000,"date":"2020-11-07T20:41:09","date_gmt":"2020-11-07T23:41:09","guid":{"rendered":"http:\/\/www.noticiasradioreflejos.com.ar\/noticias\/?p=49000"},"modified":"2020-11-07T20:41:09","modified_gmt":"2020-11-07T23:41:09","slug":"la-policia-de-sierra-de-la-ventana-esclarecio-una-estafa-con-una-tarjeta-de-debito","status":"publish","type":"post","link":"https:\/\/www.noticiasradioreflejos.com.ar\/2021\/la-policia-de-sierra-de-la-ventana-esclarecio-una-estafa-con-una-tarjeta-de-debito\/","title":{"rendered":"La polic\u00eda de Sierra de la Ventana esclareci\u00f3 una estafa con una tarjeta de d\u00e9bito."},"content":{"rendered":"<p>Mediante allanamientos realizados en la tarde de hoy en Coronel Dorrego, Personal Policial de Sierra de la Ventana con ayuda de uniformados de esa dependencia, participaron de un allanamiento que arroj\u00f3 resultados positivos, logrando esclarecer una estafa en perjuicio de un vecino de Saldungaray.<!--more--><br \/>\n<a title=\"2020-11-07_07-51-54\" href=\"http:\/\/live.staticflickr.com\/65535\/50576803478_a1fa4754dd_s.jpg\" rel=\"\"><img loading=\"lazy\" decoding=\"async\" class=\"aligncenter\" title=\"2020-11-07_07-51-54\" src=\"http:\/\/live.staticflickr.com\/65535\/50576803478_a1fa4754dd_c.jpg\" alt=\"2020-11-07_07-51-54\" width=\"800\" height=\"600\" \/><\/a><\/p>\n<p>PARTE DE PRENSA:<\/p>\n<p>En el d\u00eda de la fecha, siendo las 15.30 hs., personal de la Subestaci\u00f3n de Polic\u00eda Comunal de Seguridad de Sierra de la Ventana, conjuntamente con personal Estaci\u00f3n Polic\u00eda Departamental Cnel. Dorrego, se constituyen en el domicilio de calle Maciel Nro. 117 de Coronel Dorrego, a los fines de cumplimentar una Orden de allanamiento en IPP PP-02-00-18827\/20 caratulada ESTAFA en la que resulta denunciante JULIAN JUAN ANTONIO GONZALEZ PORTILLO (residente de la localidad de Saldungaray), ordenada dicha diligencia por el Juzgado Garant\u00edas Nro. 2 Dpto. J. B. Bca..- Dicha causa se origin\u00f3 a ra\u00edz de una denuncia radicada por GONZALEZ PORTILLO con fecha 02 del corriente mes y a\u00f1o, donde denunci\u00f3 que el mismo hab\u00eda extraviado su tarjeta de d\u00e9bito del Banco de la Provincia de Buenos Aires, poseyendo pegada en la misma una cinta de papel con sus claves num\u00e9ricas y alfab\u00e9ticas de la cuenta y desde el d\u00eda 05 de Octubre hasta la fecha le llevaban extrayendo de la cuenta la suma de $ 93.000,00 en efectivo.<br \/>\n<a title=\"2020-11-07_07-52-06\" href=\"http:\/\/live.staticflickr.com\/65535\/50577529856_2f434f2b31_s.jpg\" rel=\"\"><img loading=\"lazy\" decoding=\"async\" class=\"aligncenter\" title=\"2020-11-07_07-52-06\" src=\"http:\/\/live.staticflickr.com\/65535\/50577529856_2f434f2b31_c.jpg\" alt=\"2020-11-07_07-52-06\" width=\"800\" height=\"600\" \/><\/a><br \/>\nDebido a esto, personal del GTO (Grupo T\u00e1ctico Operativo) de esta seccional policial, comienza a realizar r\u00e1pidamente tareas investigativas al respecto, solicitando informe al Banco de la Provincia de Bs. As. (sucursal Sierra de la Ventana), donde se logra establecer que dichas extracciones de dinero se estaban llevando a cabo en el cajero del Banco de la Provincia de Bs. As. (sucursal Cnel. Dorrego). Ante esto, se dirige una comisi\u00f3n de esta seccional policial a la localidad de Dorrego, donde all\u00ed se examinan las grabaciones del cajero autom\u00e1tico de esa sucursal, y se logra establecer que los d\u00edas y horarios en que se desarrollaban las extracciones, las mimas eran llevadas a cabo por la ciudadana PAOLA CAROLINA ROIG y su hija MELANIE PAOLA MELLADO, ambas mayores de edad domiciliadas en la localidad de C. Dorrego, siendo Paola amiga del denunciante. Que con todo esto, debido al r\u00e1pido accionar policial en la investigaci\u00f3n como as\u00ed tambi\u00e9n la excelente presdisposici\u00f3n del personal del Banco de la Provincia de Bs. As de ambas sucursales, se logra solicitar la correspondiente Orden de allanamiento, logr\u00e1ndose el secuestro de una mochila color negra, un tel\u00e9fono celular marca Samsung, un par zapatillas negras vivos rojos marca Knup, un buzo con capucha gris, una campera gris y fucsia con capucha, un vestido negro y rosa, todos estos elementos de inter\u00e9s para la investigaci\u00f3n, debido a que fueron capturadas dichas prendas al momento del registro f\u00edlmico, quedando a partir de ese momento la situaci\u00f3n procesal de la Sra. ROIG y MELLADO a disposici\u00f3n de la UFIJ Nro. 9 de Bah\u00eda Blanca, quien hasta el momento no dispuso medidas privativas de libertad para ambas.<\/p>\n<p><iframe loading=\"lazy\" src=\"https:\/\/www.youtube.com\/embed\/-p62uSQ-JKs\" width=\"560\" height=\"315\" frameborder=\"0\" allowfullscreen=\"allowfullscreen\"><\/iframe><\/p>\n<p><span style=\"color: #333300;\"><em>video\u00a0del momento en el cual se registra una extracci\u00f3n de la tarjeta denunciada.<\/em><\/span><br \/>\n<strong>Firmado: Secretar\u00eda de Seguridad de Municipalidad de tornquist<\/strong><\/p>\n","protected":false},"excerpt":{"rendered":"<p>Mediante allanamientos realizados en la tarde de hoy en Coronel Dorrego, Personal Policial de Sierra de la Ventana con ayuda de uniformados de esa dependencia, participaron de un allanamiento que arroj\u00f3 resultados positivos, logrando esclarecer una estafa en perjuicio de un vecino de Saldungaray.<\/p>\n","protected":false},"author":3,"featured_media":0,"comment_status":"closed","ping_status":"open","sticky":false,"template":"","format":"standard","meta":{"footnotes":""},"categories":[29],"tags":[],"class_list":["post-49000","post","type-post","status-publish","format-standard","hentry","category-policiales"],"yoast_head":"<!-- This site is optimized with the Yoast SEO plugin v25.9 - https:\/\/yoast.com\/wordpress\/plugins\/seo\/ -->\n<title>La polic\u00eda de Sierra de la Ventana esclareci\u00f3 una estafa con una tarjeta de d\u00e9bito. - Noticias Radio Reflejos<\/title>\n<meta name=\"robots\" content=\"index, follow, max-snippet:-1, max-image-preview:large, max-video-preview:-1\" \/>\n<link rel=\"canonical\" href=\"https:\/\/www.noticiasradioreflejos.com.ar\/2021\/la-policia-de-sierra-de-la-ventana-esclarecio-una-estafa-con-una-tarjeta-de-debito\/\" \/>\n<meta property=\"og:locale\" content=\"es_ES\" \/>\n<meta property=\"og:type\" content=\"article\" \/>\n<meta property=\"og:title\" content=\"La polic\u00eda de Sierra de la Ventana esclareci\u00f3 una estafa con una tarjeta de d\u00e9bito. - Noticias Radio Reflejos\" \/>\n<meta property=\"og:description\" content=\"Mediante allanamientos realizados en la tarde de hoy en Coronel Dorrego, Personal Policial de Sierra de la Ventana con ayuda de uniformados de esa dependencia, participaron de un allanamiento que arroj\u00f3 resultados positivos, logrando esclarecer una estafa en perjuicio de un vecino de Saldungaray.\" \/>\n<meta property=\"og:url\" content=\"https:\/\/www.noticiasradioreflejos.com.ar\/2021\/la-policia-de-sierra-de-la-ventana-esclarecio-una-estafa-con-una-tarjeta-de-debito\/\" \/>\n<meta property=\"og:site_name\" content=\"Noticias Radio Reflejos\" \/>\n<meta property=\"article:published_time\" content=\"2020-11-07T23:41:09+00:00\" \/>\n<meta property=\"og:image\" content=\"http:\/\/live.staticflickr.com\/65535\/50576803478_a1fa4754dd_c.jpg\" \/>\n<meta name=\"author\" content=\"Arnaldo Botto\" \/>\n<meta name=\"twitter:card\" content=\"summary_large_image\" \/>\n<script type=\"application\/ld+json\" class=\"yoast-schema-graph\">{\"@context\":\"https:\/\/schema.org\",\"@graph\":[{\"@type\":\"WebPage\",\"@id\":\"https:\/\/www.noticiasradioreflejos.com.ar\/2021\/la-policia-de-sierra-de-la-ventana-esclarecio-una-estafa-con-una-tarjeta-de-debito\/\",\"url\":\"https:\/\/www.noticiasradioreflejos.com.ar\/2021\/la-policia-de-sierra-de-la-ventana-esclarecio-una-estafa-con-una-tarjeta-de-debito\/\",\"name\":\"La polic\u00eda de Sierra de la Ventana esclareci\u00f3 una estafa con una tarjeta de d\u00e9bito. - Noticias Radio Reflejos\",\"isPartOf\":{\"@id\":\"https:\/\/www.noticiasradioreflejos.com.ar\/2021\/#website\"},\"primaryImageOfPage\":{\"@id\":\"https:\/\/www.noticiasradioreflejos.com.ar\/2021\/la-policia-de-sierra-de-la-ventana-esclarecio-una-estafa-con-una-tarjeta-de-debito\/#primaryimage\"},\"image\":{\"@id\":\"https:\/\/www.noticiasradioreflejos.com.ar\/2021\/la-policia-de-sierra-de-la-ventana-esclarecio-una-estafa-con-una-tarjeta-de-debito\/#primaryimage\"},\"thumbnailUrl\":\"http:\/\/live.staticflickr.com\/65535\/50576803478_a1fa4754dd_c.jpg\",\"datePublished\":\"2020-11-07T23:41:09+00:00\",\"author\":{\"@id\":\"https:\/\/www.noticiasradioreflejos.com.ar\/2021\/#\/schema\/person\/ad82545263dcc5ec0996818884fd5fb1\"},\"breadcrumb\":{\"@id\":\"https:\/\/www.noticiasradioreflejos.com.ar\/2021\/la-policia-de-sierra-de-la-ventana-esclarecio-una-estafa-con-una-tarjeta-de-debito\/#breadcrumb\"},\"inLanguage\":\"es\",\"potentialAction\":[{\"@type\":\"ReadAction\",\"target\":[\"https:\/\/www.noticiasradioreflejos.com.ar\/2021\/la-policia-de-sierra-de-la-ventana-esclarecio-una-estafa-con-una-tarjeta-de-debito\/\"]}]},{\"@type\":\"ImageObject\",\"inLanguage\":\"es\",\"@id\":\"https:\/\/www.noticiasradioreflejos.com.ar\/2021\/la-policia-de-sierra-de-la-ventana-esclarecio-una-estafa-con-una-tarjeta-de-debito\/#primaryimage\",\"url\":\"http:\/\/live.staticflickr.com\/65535\/50576803478_a1fa4754dd_c.jpg\",\"contentUrl\":\"http:\/\/live.staticflickr.com\/65535\/50576803478_a1fa4754dd_c.jpg\"},{\"@type\":\"BreadcrumbList\",\"@id\":\"https:\/\/www.noticiasradioreflejos.com.ar\/2021\/la-policia-de-sierra-de-la-ventana-esclarecio-una-estafa-con-una-tarjeta-de-debito\/#breadcrumb\",\"itemListElement\":[{\"@type\":\"ListItem\",\"position\":1,\"name\":\"Portada\",\"item\":\"https:\/\/www.noticiasradioreflejos.com.ar\/2021\/\"},{\"@type\":\"ListItem\",\"position\":2,\"name\":\"La polic\u00eda de Sierra de la Ventana esclareci\u00f3 una estafa con una tarjeta de d\u00e9bito.\"}]},{\"@type\":\"WebSite\",\"@id\":\"https:\/\/www.noticiasradioreflejos.com.ar\/2021\/#website\",\"url\":\"https:\/\/www.noticiasradioreflejos.com.ar\/2021\/\",\"name\":\"Noticias Radio Reflejos\",\"description\":\"Las noticias de mi comarca\",\"potentialAction\":[{\"@type\":\"SearchAction\",\"target\":{\"@type\":\"EntryPoint\",\"urlTemplate\":\"https:\/\/www.noticiasradioreflejos.com.ar\/2021\/?s={search_term_string}\"},\"query-input\":{\"@type\":\"PropertyValueSpecification\",\"valueRequired\":true,\"valueName\":\"search_term_string\"}}],\"inLanguage\":\"es\"},{\"@type\":\"Person\",\"@id\":\"https:\/\/www.noticiasradioreflejos.com.ar\/2021\/#\/schema\/person\/ad82545263dcc5ec0996818884fd5fb1\",\"name\":\"Arnaldo Botto\",\"image\":{\"@type\":\"ImageObject\",\"inLanguage\":\"es\",\"@id\":\"https:\/\/www.noticiasradioreflejos.com.ar\/2021\/#\/schema\/person\/image\/\",\"url\":\"https:\/\/secure.gravatar.com\/avatar\/55cb5e37c1efa326397366e6974cb338056df65cb50e7d64d1cf314e87504837?s=96&d=mm&r=g\",\"contentUrl\":\"https:\/\/secure.gravatar.com\/avatar\/55cb5e37c1efa326397366e6974cb338056df65cb50e7d64d1cf314e87504837?s=96&d=mm&r=g\",\"caption\":\"Arnaldo Botto\"},\"url\":\"https:\/\/www.noticiasradioreflejos.com.ar\/2021\/author\/arnaldo\/\"}]}<\/script>\n<!-- \/ Yoast SEO plugin. -->","yoast_head_json":{"title":"La polic\u00eda de Sierra de la Ventana esclareci\u00f3 una estafa con una tarjeta de d\u00e9bito. - Noticias Radio Reflejos","robots":{"index":"index","follow":"follow","max-snippet":"max-snippet:-1","max-image-preview":"max-image-preview:large","max-video-preview":"max-video-preview:-1"},"canonical":"https:\/\/www.noticiasradioreflejos.com.ar\/2021\/la-policia-de-sierra-de-la-ventana-esclarecio-una-estafa-con-una-tarjeta-de-debito\/","og_locale":"es_ES","og_type":"article","og_title":"La polic\u00eda de Sierra de la Ventana esclareci\u00f3 una estafa con una tarjeta de d\u00e9bito. - Noticias Radio Reflejos","og_description":"Mediante allanamientos realizados en la tarde de hoy en Coronel Dorrego, Personal Policial de Sierra de la Ventana con ayuda de uniformados de esa dependencia, participaron de un allanamiento que arroj\u00f3 resultados positivos, logrando esclarecer una estafa en perjuicio de un vecino de Saldungaray.","og_url":"https:\/\/www.noticiasradioreflejos.com.ar\/2021\/la-policia-de-sierra-de-la-ventana-esclarecio-una-estafa-con-una-tarjeta-de-debito\/","og_site_name":"Noticias Radio Reflejos","article_published_time":"2020-11-07T23:41:09+00:00","og_image":[{"url":"http:\/\/live.staticflickr.com\/65535\/50576803478_a1fa4754dd_c.jpg","type":"","width":"","height":""}],"author":"Arnaldo Botto","twitter_card":"summary_large_image","schema":{"@context":"https:\/\/schema.org","@graph":[{"@type":"WebPage","@id":"https:\/\/www.noticiasradioreflejos.com.ar\/2021\/la-policia-de-sierra-de-la-ventana-esclarecio-una-estafa-con-una-tarjeta-de-debito\/","url":"https:\/\/www.noticiasradioreflejos.com.ar\/2021\/la-policia-de-sierra-de-la-ventana-esclarecio-una-estafa-con-una-tarjeta-de-debito\/","name":"La polic\u00eda de Sierra de la Ventana esclareci\u00f3 una estafa con una tarjeta de d\u00e9bito. - Noticias Radio Reflejos","isPartOf":{"@id":"https:\/\/www.noticiasradioreflejos.com.ar\/2021\/#website"},"primaryImageOfPage":{"@id":"https:\/\/www.noticiasradioreflejos.com.ar\/2021\/la-policia-de-sierra-de-la-ventana-esclarecio-una-estafa-con-una-tarjeta-de-debito\/#primaryimage"},"image":{"@id":"https:\/\/www.noticiasradioreflejos.com.ar\/2021\/la-policia-de-sierra-de-la-ventana-esclarecio-una-estafa-con-una-tarjeta-de-debito\/#primaryimage"},"thumbnailUrl":"http:\/\/live.staticflickr.com\/65535\/50576803478_a1fa4754dd_c.jpg","datePublished":"2020-11-07T23:41:09+00:00","author":{"@id":"https:\/\/www.noticiasradioreflejos.com.ar\/2021\/#\/schema\/person\/ad82545263dcc5ec0996818884fd5fb1"},"breadcrumb":{"@id":"https:\/\/www.noticiasradioreflejos.com.ar\/2021\/la-policia-de-sierra-de-la-ventana-esclarecio-una-estafa-con-una-tarjeta-de-debito\/#breadcrumb"},"inLanguage":"es","potentialAction":[{"@type":"ReadAction","target":["https:\/\/www.noticiasradioreflejos.com.ar\/2021\/la-policia-de-sierra-de-la-ventana-esclarecio-una-estafa-con-una-tarjeta-de-debito\/"]}]},{"@type":"ImageObject","inLanguage":"es","@id":"https:\/\/www.noticiasradioreflejos.com.ar\/2021\/la-policia-de-sierra-de-la-ventana-esclarecio-una-estafa-con-una-tarjeta-de-debito\/#primaryimage","url":"http:\/\/live.staticflickr.com\/65535\/50576803478_a1fa4754dd_c.jpg","contentUrl":"http:\/\/live.staticflickr.com\/65535\/50576803478_a1fa4754dd_c.jpg"},{"@type":"BreadcrumbList","@id":"https:\/\/www.noticiasradioreflejos.com.ar\/2021\/la-policia-de-sierra-de-la-ventana-esclarecio-una-estafa-con-una-tarjeta-de-debito\/#breadcrumb","itemListElement":[{"@type":"ListItem","position":1,"name":"Portada","item":"https:\/\/www.noticiasradioreflejos.com.ar\/2021\/"},{"@type":"ListItem","position":2,"name":"La polic\u00eda de Sierra de la Ventana esclareci\u00f3 una estafa con una tarjeta de d\u00e9bito."}]},{"@type":"WebSite","@id":"https:\/\/www.noticiasradioreflejos.com.ar\/2021\/#website","url":"https:\/\/www.noticiasradioreflejos.com.ar\/2021\/","name":"Noticias Radio Reflejos","description":"Las noticias de mi comarca","potentialAction":[{"@type":"SearchAction","target":{"@type":"EntryPoint","urlTemplate":"https:\/\/www.noticiasradioreflejos.com.ar\/2021\/?s={search_term_string}"},"query-input":{"@type":"PropertyValueSpecification","valueRequired":true,"valueName":"search_term_string"}}],"inLanguage":"es"},{"@type":"Person","@id":"https:\/\/www.noticiasradioreflejos.com.ar\/2021\/#\/schema\/person\/ad82545263dcc5ec0996818884fd5fb1","name":"Arnaldo Botto","image":{"@type":"ImageObject","inLanguage":"es","@id":"https:\/\/www.noticiasradioreflejos.com.ar\/2021\/#\/schema\/person\/image\/","url":"https:\/\/secure.gravatar.com\/avatar\/55cb5e37c1efa326397366e6974cb338056df65cb50e7d64d1cf314e87504837?s=96&d=mm&r=g","contentUrl":"https:\/\/secure.gravatar.com\/avatar\/55cb5e37c1efa326397366e6974cb338056df65cb50e7d64d1cf314e87504837?s=96&d=mm&r=g","caption":"Arnaldo Botto"},"url":"https:\/\/www.noticiasradioreflejos.com.ar\/2021\/author\/arnaldo\/"}]}},"_links":{"self":[{"href":"https:\/\/www.noticiasradioreflejos.com.ar\/2021\/wp-json\/wp\/v2\/posts\/49000","targetHints":{"allow":["GET"]}}],"collection":[{"href":"https:\/\/www.noticiasradioreflejos.com.ar\/2021\/wp-json\/wp\/v2\/posts"}],"about":[{"href":"https:\/\/www.noticiasradioreflejos.com.ar\/2021\/wp-json\/wp\/v2\/types\/post"}],"author":[{"embeddable":true,"href":"https:\/\/www.noticiasradioreflejos.com.ar\/2021\/wp-json\/wp\/v2\/users\/3"}],"replies":[{"embeddable":true,"href":"https:\/\/www.noticiasradioreflejos.com.ar\/2021\/wp-json\/wp\/v2\/comments?post=49000"}],"version-history":[{"count":0,"href":"https:\/\/www.noticiasradioreflejos.com.ar\/2021\/wp-json\/wp\/v2\/posts\/49000\/revisions"}],"wp:attachment":[{"href":"https:\/\/www.noticiasradioreflejos.com.ar\/2021\/wp-json\/wp\/v2\/media?parent=49000"}],"wp:term":[{"taxonomy":"category","embeddable":true,"href":"https:\/\/www.noticiasradioreflejos.com.ar\/2021\/wp-json\/wp\/v2\/categories?post=49000"},{"taxonomy":"post_tag","embeddable":true,"href":"https:\/\/www.noticiasradioreflejos.com.ar\/2021\/wp-json\/wp\/v2\/tags?post=49000"}],"curies":[{"name":"wp","href":"https:\/\/api.w.org\/{rel}","templated":true}]}}