{"id":48996,"date":"2020-11-07T20:36:12","date_gmt":"2020-11-07T23:36:12","guid":{"rendered":"http:\/\/www.noticiasradioreflejos.com.ar\/noticias\/?p=48996"},"modified":"2020-11-07T20:36:12","modified_gmt":"2020-11-07T23:36:12","slug":"un-joven-herido-de-gravedad-en-sierra-de-la-ventana-contiene-video","status":"publish","type":"post","link":"https:\/\/www.noticiasradioreflejos.com.ar\/2021\/un-joven-herido-de-gravedad-en-sierra-de-la-ventana-contiene-video\/","title":{"rendered":"Un joven herido de gravedad en Sierra de la Ventana.( Contiene video)"},"content":{"rendered":"<p style=\"text-align: left;\">El hecho se produjo a las 17:45 horas de esta tarde del s\u00e1bado 7 de noviembre, en el interior de un desag\u00fce pluvial por el cual el joven ingres\u00f3, en inmediaciones del Dique balneario. Posteriormente fue trasladado de urgencia al Hospital Espa\u00f1ol de Bah\u00eda Blanca para una intervenci\u00f3n quir\u00fargica.<!--more--><\/p>\n<p style=\"text-align: left;\"><a title=\"2020-11-07_07-52-52\" href=\"http:\/\/live.staticflickr.com\/65535\/50577669542_955a6140e5_s.jpg\" rel=\"\"><img loading=\"lazy\" decoding=\"async\" class=\"alignleft\" style=\"float: left;\" title=\"2020-11-07_07-52-52\" src=\"http:\/\/live.staticflickr.com\/65535\/50577669542_955a6140e5_z.jpg\" alt=\"2020-11-07_07-52-52\" width=\"360\" height=\"640\" \/><\/a>Un joven de aprox. 15 a\u00f1os que lleg\u00f3 a Sierra de la Ventana para pasar el d\u00eda junto a su familia, result\u00f3 herido de gravedad cuando ingres\u00f3 junto a un hermano menor por la tuber\u00eda de los desag\u00fces pluviales que se encuentran a orillas del R\u00edo Sause Grande, en el sector del dique balneario.<br \/>\n<a title=\"2020-11-07_07-52-31\" href=\"http:\/\/live.staticflickr.com\/65535\/50577667777_fe8aaf82df_s.jpg\" rel=\"\"><img loading=\"lazy\" decoding=\"async\" class=\"aligncenter\" title=\"2020-11-07_07-52-31\" src=\"http:\/\/live.staticflickr.com\/65535\/50577667777_fe8aaf82df_c.jpg\" alt=\"2020-11-07_07-52-31\" width=\"800\" height=\"450\" \/><\/a><br \/>\nSiendo las 17:45 aproximadamente, los dos chicos ingresaron por la desembocadura a una tuber\u00eda de un metro de alto por un metro 50 de ancho, que se extiende desde avenida San Mart\u00edn distante unos 350 metros del lugar y que desemboca a orillas del R\u00edo Sauce Grande. En su interior y a unos 33 metros de la abertura,\u00a0 uno de los hermanos se provoca un corte profundo en su cabeza con un reborde de hormig\u00f3n que tienen las juntas que unen a los tubos.<\/p>\n<p><a title=\"2020-11-07_07-58-50\" href=\"http:\/\/live.staticflickr.com\/65535\/50576819373_74b3b61de9_s.jpg\" rel=\"\"><img loading=\"lazy\" decoding=\"async\" class=\"aligncenter\" title=\"2020-11-07_07-58-50\" src=\"http:\/\/live.staticflickr.com\/65535\/50576819373_74b3b61de9_c.jpg\" alt=\"2020-11-07_07-58-50\" width=\"600\" height=\"800\" \/><\/a><span style=\"color: #339966;\"><em>En el interior del drenaje la sangre muestra el lugar del accidente.<\/em><\/span><\/p>\n<p>Inmediatamente fue asistido por personal del camping que se ubica en el sector, quienes llamaron a la ambulancia y personal m\u00e9dico de la Unidad Sanitaria de Sierra de la Ventana. Ante la gravedad de la herida, los padres del joven decidieron su inmediato traslado a la ciudad de Bah\u00eda Blanca donde fue internado en el Hospital Espa\u00f1ol para una intervenci\u00f3n quir\u00fargica.<br \/>\nDe acuerdo a lo manifestado por sus propios familiares, el joven se encuentra fuera de peligro.<\/p>\n<div class=\"jeg_video_container jeg_video_content\"><iframe loading=\"lazy\" title=\"joven herido en el interior de las tuber\u00edas de desag\u00fces pluviales en Sierra de la Ventana.\" width=\"500\" height=\"281\" src=\"https:\/\/www.youtube.com\/embed\/UPdjxyCeWpg?feature=oembed\" frameborder=\"0\" allow=\"accelerometer; autoplay; clipboard-write; encrypted-media; gyroscope; picture-in-picture; web-share\" referrerpolicy=\"strict-origin-when-cross-origin\" allowfullscreen><\/iframe><\/div>\n","protected":false},"excerpt":{"rendered":"<p>El hecho se produjo a las 17:45 horas de esta tarde del s\u00e1bado 7 de noviembre, en el interior de un desag\u00fce pluvial por el cual el joven ingres\u00f3, en inmediaciones del Dique balneario. Posteriormente fue trasladado de urgencia al Hospital Espa\u00f1ol de Bah\u00eda Blanca para una intervenci\u00f3n quir\u00fargica.<\/p>\n","protected":false},"author":3,"featured_media":0,"comment_status":"closed","ping_status":"open","sticky":false,"template":"","format":"standard","meta":{"footnotes":""},"categories":[29],"tags":[],"class_list":["post-48996","post","type-post","status-publish","format-standard","hentry","category-policiales"],"yoast_head":"<!-- This site is optimized with the Yoast SEO plugin v25.9 - https:\/\/yoast.com\/wordpress\/plugins\/seo\/ -->\n<title>Un joven herido de gravedad en Sierra de la Ventana.( Contiene video) - Noticias Radio Reflejos<\/title>\n<meta name=\"robots\" content=\"index, follow, max-snippet:-1, max-image-preview:large, max-video-preview:-1\" \/>\n<link rel=\"canonical\" href=\"https:\/\/www.noticiasradioreflejos.com.ar\/2021\/un-joven-herido-de-gravedad-en-sierra-de-la-ventana-contiene-video\/\" \/>\n<meta property=\"og:locale\" content=\"es_ES\" \/>\n<meta property=\"og:type\" content=\"article\" \/>\n<meta property=\"og:title\" content=\"Un joven herido de gravedad en Sierra de la Ventana.( Contiene video) - Noticias Radio Reflejos\" \/>\n<meta property=\"og:description\" content=\"El hecho se produjo a las 17:45 horas de esta tarde del s\u00e1bado 7 de noviembre, en el interior de un desag\u00fce pluvial por el cual el joven ingres\u00f3, en inmediaciones del Dique balneario. Posteriormente fue trasladado de urgencia al Hospital Espa\u00f1ol de Bah\u00eda Blanca para una intervenci\u00f3n quir\u00fargica.\" \/>\n<meta property=\"og:url\" content=\"https:\/\/www.noticiasradioreflejos.com.ar\/2021\/un-joven-herido-de-gravedad-en-sierra-de-la-ventana-contiene-video\/\" \/>\n<meta property=\"og:site_name\" content=\"Noticias Radio Reflejos\" \/>\n<meta property=\"article:published_time\" content=\"2020-11-07T23:36:12+00:00\" \/>\n<meta property=\"og:image\" content=\"http:\/\/live.staticflickr.com\/65535\/50577669542_955a6140e5_z.jpg\" \/>\n<meta name=\"author\" content=\"Arnaldo Botto\" \/>\n<meta name=\"twitter:card\" content=\"summary_large_image\" \/>\n<script type=\"application\/ld+json\" class=\"yoast-schema-graph\">{\"@context\":\"https:\/\/schema.org\",\"@graph\":[{\"@type\":\"WebPage\",\"@id\":\"https:\/\/www.noticiasradioreflejos.com.ar\/2021\/un-joven-herido-de-gravedad-en-sierra-de-la-ventana-contiene-video\/\",\"url\":\"https:\/\/www.noticiasradioreflejos.com.ar\/2021\/un-joven-herido-de-gravedad-en-sierra-de-la-ventana-contiene-video\/\",\"name\":\"Un joven herido de gravedad en Sierra de la Ventana.( Contiene video) - Noticias Radio Reflejos\",\"isPartOf\":{\"@id\":\"https:\/\/www.noticiasradioreflejos.com.ar\/2021\/#website\"},\"primaryImageOfPage\":{\"@id\":\"https:\/\/www.noticiasradioreflejos.com.ar\/2021\/un-joven-herido-de-gravedad-en-sierra-de-la-ventana-contiene-video\/#primaryimage\"},\"image\":{\"@id\":\"https:\/\/www.noticiasradioreflejos.com.ar\/2021\/un-joven-herido-de-gravedad-en-sierra-de-la-ventana-contiene-video\/#primaryimage\"},\"thumbnailUrl\":\"http:\/\/live.staticflickr.com\/65535\/50577669542_955a6140e5_z.jpg\",\"datePublished\":\"2020-11-07T23:36:12+00:00\",\"author\":{\"@id\":\"https:\/\/www.noticiasradioreflejos.com.ar\/2021\/#\/schema\/person\/ad82545263dcc5ec0996818884fd5fb1\"},\"breadcrumb\":{\"@id\":\"https:\/\/www.noticiasradioreflejos.com.ar\/2021\/un-joven-herido-de-gravedad-en-sierra-de-la-ventana-contiene-video\/#breadcrumb\"},\"inLanguage\":\"es\",\"potentialAction\":[{\"@type\":\"ReadAction\",\"target\":[\"https:\/\/www.noticiasradioreflejos.com.ar\/2021\/un-joven-herido-de-gravedad-en-sierra-de-la-ventana-contiene-video\/\"]}]},{\"@type\":\"ImageObject\",\"inLanguage\":\"es\",\"@id\":\"https:\/\/www.noticiasradioreflejos.com.ar\/2021\/un-joven-herido-de-gravedad-en-sierra-de-la-ventana-contiene-video\/#primaryimage\",\"url\":\"http:\/\/live.staticflickr.com\/65535\/50577669542_955a6140e5_z.jpg\",\"contentUrl\":\"http:\/\/live.staticflickr.com\/65535\/50577669542_955a6140e5_z.jpg\"},{\"@type\":\"BreadcrumbList\",\"@id\":\"https:\/\/www.noticiasradioreflejos.com.ar\/2021\/un-joven-herido-de-gravedad-en-sierra-de-la-ventana-contiene-video\/#breadcrumb\",\"itemListElement\":[{\"@type\":\"ListItem\",\"position\":1,\"name\":\"Portada\",\"item\":\"https:\/\/www.noticiasradioreflejos.com.ar\/2021\/\"},{\"@type\":\"ListItem\",\"position\":2,\"name\":\"Un joven herido de gravedad en Sierra de la Ventana.( Contiene video)\"}]},{\"@type\":\"WebSite\",\"@id\":\"https:\/\/www.noticiasradioreflejos.com.ar\/2021\/#website\",\"url\":\"https:\/\/www.noticiasradioreflejos.com.ar\/2021\/\",\"name\":\"Noticias Radio Reflejos\",\"description\":\"Las noticias de mi comarca\",\"potentialAction\":[{\"@type\":\"SearchAction\",\"target\":{\"@type\":\"EntryPoint\",\"urlTemplate\":\"https:\/\/www.noticiasradioreflejos.com.ar\/2021\/?s={search_term_string}\"},\"query-input\":{\"@type\":\"PropertyValueSpecification\",\"valueRequired\":true,\"valueName\":\"search_term_string\"}}],\"inLanguage\":\"es\"},{\"@type\":\"Person\",\"@id\":\"https:\/\/www.noticiasradioreflejos.com.ar\/2021\/#\/schema\/person\/ad82545263dcc5ec0996818884fd5fb1\",\"name\":\"Arnaldo Botto\",\"image\":{\"@type\":\"ImageObject\",\"inLanguage\":\"es\",\"@id\":\"https:\/\/www.noticiasradioreflejos.com.ar\/2021\/#\/schema\/person\/image\/\",\"url\":\"https:\/\/secure.gravatar.com\/avatar\/55cb5e37c1efa326397366e6974cb338056df65cb50e7d64d1cf314e87504837?s=96&d=mm&r=g\",\"contentUrl\":\"https:\/\/secure.gravatar.com\/avatar\/55cb5e37c1efa326397366e6974cb338056df65cb50e7d64d1cf314e87504837?s=96&d=mm&r=g\",\"caption\":\"Arnaldo Botto\"},\"url\":\"https:\/\/www.noticiasradioreflejos.com.ar\/2021\/author\/arnaldo\/\"}]}<\/script>\n<!-- \/ Yoast SEO plugin. -->","yoast_head_json":{"title":"Un joven herido de gravedad en Sierra de la Ventana.( Contiene video) - Noticias Radio Reflejos","robots":{"index":"index","follow":"follow","max-snippet":"max-snippet:-1","max-image-preview":"max-image-preview:large","max-video-preview":"max-video-preview:-1"},"canonical":"https:\/\/www.noticiasradioreflejos.com.ar\/2021\/un-joven-herido-de-gravedad-en-sierra-de-la-ventana-contiene-video\/","og_locale":"es_ES","og_type":"article","og_title":"Un joven herido de gravedad en Sierra de la Ventana.( Contiene video) - Noticias Radio Reflejos","og_description":"El hecho se produjo a las 17:45 horas de esta tarde del s\u00e1bado 7 de noviembre, en el interior de un desag\u00fce pluvial por el cual el joven ingres\u00f3, en inmediaciones del Dique balneario. Posteriormente fue trasladado de urgencia al Hospital Espa\u00f1ol de Bah\u00eda Blanca para una intervenci\u00f3n quir\u00fargica.","og_url":"https:\/\/www.noticiasradioreflejos.com.ar\/2021\/un-joven-herido-de-gravedad-en-sierra-de-la-ventana-contiene-video\/","og_site_name":"Noticias Radio Reflejos","article_published_time":"2020-11-07T23:36:12+00:00","og_image":[{"url":"http:\/\/live.staticflickr.com\/65535\/50577669542_955a6140e5_z.jpg","type":"","width":"","height":""}],"author":"Arnaldo Botto","twitter_card":"summary_large_image","schema":{"@context":"https:\/\/schema.org","@graph":[{"@type":"WebPage","@id":"https:\/\/www.noticiasradioreflejos.com.ar\/2021\/un-joven-herido-de-gravedad-en-sierra-de-la-ventana-contiene-video\/","url":"https:\/\/www.noticiasradioreflejos.com.ar\/2021\/un-joven-herido-de-gravedad-en-sierra-de-la-ventana-contiene-video\/","name":"Un joven herido de gravedad en Sierra de la Ventana.( Contiene video) - Noticias Radio Reflejos","isPartOf":{"@id":"https:\/\/www.noticiasradioreflejos.com.ar\/2021\/#website"},"primaryImageOfPage":{"@id":"https:\/\/www.noticiasradioreflejos.com.ar\/2021\/un-joven-herido-de-gravedad-en-sierra-de-la-ventana-contiene-video\/#primaryimage"},"image":{"@id":"https:\/\/www.noticiasradioreflejos.com.ar\/2021\/un-joven-herido-de-gravedad-en-sierra-de-la-ventana-contiene-video\/#primaryimage"},"thumbnailUrl":"http:\/\/live.staticflickr.com\/65535\/50577669542_955a6140e5_z.jpg","datePublished":"2020-11-07T23:36:12+00:00","author":{"@id":"https:\/\/www.noticiasradioreflejos.com.ar\/2021\/#\/schema\/person\/ad82545263dcc5ec0996818884fd5fb1"},"breadcrumb":{"@id":"https:\/\/www.noticiasradioreflejos.com.ar\/2021\/un-joven-herido-de-gravedad-en-sierra-de-la-ventana-contiene-video\/#breadcrumb"},"inLanguage":"es","potentialAction":[{"@type":"ReadAction","target":["https:\/\/www.noticiasradioreflejos.com.ar\/2021\/un-joven-herido-de-gravedad-en-sierra-de-la-ventana-contiene-video\/"]}]},{"@type":"ImageObject","inLanguage":"es","@id":"https:\/\/www.noticiasradioreflejos.com.ar\/2021\/un-joven-herido-de-gravedad-en-sierra-de-la-ventana-contiene-video\/#primaryimage","url":"http:\/\/live.staticflickr.com\/65535\/50577669542_955a6140e5_z.jpg","contentUrl":"http:\/\/live.staticflickr.com\/65535\/50577669542_955a6140e5_z.jpg"},{"@type":"BreadcrumbList","@id":"https:\/\/www.noticiasradioreflejos.com.ar\/2021\/un-joven-herido-de-gravedad-en-sierra-de-la-ventana-contiene-video\/#breadcrumb","itemListElement":[{"@type":"ListItem","position":1,"name":"Portada","item":"https:\/\/www.noticiasradioreflejos.com.ar\/2021\/"},{"@type":"ListItem","position":2,"name":"Un joven herido de gravedad en Sierra de la Ventana.( Contiene video)"}]},{"@type":"WebSite","@id":"https:\/\/www.noticiasradioreflejos.com.ar\/2021\/#website","url":"https:\/\/www.noticiasradioreflejos.com.ar\/2021\/","name":"Noticias Radio Reflejos","description":"Las noticias de mi comarca","potentialAction":[{"@type":"SearchAction","target":{"@type":"EntryPoint","urlTemplate":"https:\/\/www.noticiasradioreflejos.com.ar\/2021\/?s={search_term_string}"},"query-input":{"@type":"PropertyValueSpecification","valueRequired":true,"valueName":"search_term_string"}}],"inLanguage":"es"},{"@type":"Person","@id":"https:\/\/www.noticiasradioreflejos.com.ar\/2021\/#\/schema\/person\/ad82545263dcc5ec0996818884fd5fb1","name":"Arnaldo Botto","image":{"@type":"ImageObject","inLanguage":"es","@id":"https:\/\/www.noticiasradioreflejos.com.ar\/2021\/#\/schema\/person\/image\/","url":"https:\/\/secure.gravatar.com\/avatar\/55cb5e37c1efa326397366e6974cb338056df65cb50e7d64d1cf314e87504837?s=96&d=mm&r=g","contentUrl":"https:\/\/secure.gravatar.com\/avatar\/55cb5e37c1efa326397366e6974cb338056df65cb50e7d64d1cf314e87504837?s=96&d=mm&r=g","caption":"Arnaldo Botto"},"url":"https:\/\/www.noticiasradioreflejos.com.ar\/2021\/author\/arnaldo\/"}]}},"_links":{"self":[{"href":"https:\/\/www.noticiasradioreflejos.com.ar\/2021\/wp-json\/wp\/v2\/posts\/48996","targetHints":{"allow":["GET"]}}],"collection":[{"href":"https:\/\/www.noticiasradioreflejos.com.ar\/2021\/wp-json\/wp\/v2\/posts"}],"about":[{"href":"https:\/\/www.noticiasradioreflejos.com.ar\/2021\/wp-json\/wp\/v2\/types\/post"}],"author":[{"embeddable":true,"href":"https:\/\/www.noticiasradioreflejos.com.ar\/2021\/wp-json\/wp\/v2\/users\/3"}],"replies":[{"embeddable":true,"href":"https:\/\/www.noticiasradioreflejos.com.ar\/2021\/wp-json\/wp\/v2\/comments?post=48996"}],"version-history":[{"count":0,"href":"https:\/\/www.noticiasradioreflejos.com.ar\/2021\/wp-json\/wp\/v2\/posts\/48996\/revisions"}],"wp:attachment":[{"href":"https:\/\/www.noticiasradioreflejos.com.ar\/2021\/wp-json\/wp\/v2\/media?parent=48996"}],"wp:term":[{"taxonomy":"category","embeddable":true,"href":"https:\/\/www.noticiasradioreflejos.com.ar\/2021\/wp-json\/wp\/v2\/categories?post=48996"},{"taxonomy":"post_tag","embeddable":true,"href":"https:\/\/www.noticiasradioreflejos.com.ar\/2021\/wp-json\/wp\/v2\/tags?post=48996"}],"curies":[{"name":"wp","href":"https:\/\/api.w.org\/{rel}","templated":true}]}}