{"id":48981,"date":"2020-11-06T13:01:06","date_gmt":"2020-11-06T16:01:06","guid":{"rendered":"http:\/\/www.noticiasradioreflejos.com.ar\/noticias\/?p=48981"},"modified":"2020-11-06T13:01:06","modified_gmt":"2020-11-06T16:01:06","slug":"fueron-entregados-55-kilos-de-productos-de-la-huerta-municipal","status":"publish","type":"post","link":"https:\/\/www.noticiasradioreflejos.com.ar\/2021\/fueron-entregados-55-kilos-de-productos-de-la-huerta-municipal\/","title":{"rendered":"Fueron entregados 55 kilos de productos de la Huerta Municipal"},"content":{"rendered":"<p><a href=\"http:\/\/live.staticflickr.com\/65535\/50573137271_b0c9dc4d8d_s.jpg\" title=\"WhatsApp Image 2020-11-06 at 09.09.50 (2)\" rel=\"\"><img loading=\"lazy\" decoding=\"async\" src=\"http:\/\/live.staticflickr.com\/65535\/50573137271_b0c9dc4d8d.jpg\" width=\"375\" height=\"500\" alt=\"WhatsApp Image 2020-11-06 at 09.09.50 (2)\" title=\"WhatsApp Image 2020-11-06 at 09.09.50 (2)\" class=\"alignleft\" style=\"float: left;\"><\/a>En el transcurso de los \u00faltimos d\u00edas, se concret\u00f3 la entrega de alrededor de 55 kilos de productos de la Huerta Municipal, que funciona en el predio ubicado en la Ruta 76 y acceso a Tornquist. <!--more--><\/p>\n<p>Unos 20 kilos de verduras, entre apio, habas y lechuga, se entregaron al Hogar de Ancianos \u2018Adela Frizza\u2019 de la localidad cabecera, mientras que la producci\u00f3n restante fue repartida por la Subdirecci\u00f3n de Desarrollo Social a familias asistidas, junto con la mercader\u00eda que se brinda habitualmente.<br \/>\nAdem\u00e1s de a los sectores mencionados, la Huerta, a cargo de la Secretar\u00eda de Turismo, Producci\u00f3n, Comercio e Industria, abastece con productos frescos y de calidad al hospital, al geri\u00e1trico municipal, al Centro de D\u00eda, al Hogar Convivencial y al Mercado Municipal de Saldungaray <\/p>\n","protected":false},"excerpt":{"rendered":"<p>En el transcurso de los \u00faltimos d\u00edas, se concret\u00f3 la entrega de alrededor de 55 kilos de productos de la Huerta Municipal, que funciona en el predio ubicado en la Ruta 76 y acceso a Tornquist.<\/p>\n","protected":false},"author":3,"featured_media":0,"comment_status":"closed","ping_status":"open","sticky":false,"template":"","format":"standard","meta":{"footnotes":""},"categories":[28],"tags":[],"class_list":["post-48981","post","type-post","status-publish","format-standard","hentry","category-municipales"],"yoast_head":"<!-- This site is optimized with the Yoast SEO plugin v25.9 - https:\/\/yoast.com\/wordpress\/plugins\/seo\/ -->\n<title>Fueron entregados 55 kilos de productos de la Huerta Municipal - Noticias Radio Reflejos<\/title>\n<meta name=\"robots\" content=\"index, follow, max-snippet:-1, max-image-preview:large, max-video-preview:-1\" \/>\n<link rel=\"canonical\" href=\"https:\/\/www.noticiasradioreflejos.com.ar\/2021\/fueron-entregados-55-kilos-de-productos-de-la-huerta-municipal\/\" \/>\n<meta property=\"og:locale\" content=\"es_ES\" \/>\n<meta property=\"og:type\" content=\"article\" \/>\n<meta property=\"og:title\" content=\"Fueron entregados 55 kilos de productos de la Huerta Municipal - Noticias Radio Reflejos\" \/>\n<meta property=\"og:description\" content=\"En el transcurso de los \u00faltimos d\u00edas, se concret\u00f3 la entrega de alrededor de 55 kilos de productos de la Huerta Municipal, que funciona en el predio ubicado en la Ruta 76 y acceso a Tornquist.\" \/>\n<meta property=\"og:url\" content=\"https:\/\/www.noticiasradioreflejos.com.ar\/2021\/fueron-entregados-55-kilos-de-productos-de-la-huerta-municipal\/\" \/>\n<meta property=\"og:site_name\" content=\"Noticias Radio Reflejos\" \/>\n<meta property=\"article:published_time\" content=\"2020-11-06T16:01:06+00:00\" \/>\n<meta property=\"og:image\" content=\"http:\/\/live.staticflickr.com\/65535\/50573137271_b0c9dc4d8d.jpg\" \/>\n<meta name=\"author\" content=\"Arnaldo Botto\" \/>\n<meta name=\"twitter:card\" content=\"summary_large_image\" \/>\n<script type=\"application\/ld+json\" class=\"yoast-schema-graph\">{\"@context\":\"https:\/\/schema.org\",\"@graph\":[{\"@type\":\"WebPage\",\"@id\":\"https:\/\/www.noticiasradioreflejos.com.ar\/2021\/fueron-entregados-55-kilos-de-productos-de-la-huerta-municipal\/\",\"url\":\"https:\/\/www.noticiasradioreflejos.com.ar\/2021\/fueron-entregados-55-kilos-de-productos-de-la-huerta-municipal\/\",\"name\":\"Fueron entregados 55 kilos de productos de la Huerta Municipal - Noticias Radio Reflejos\",\"isPartOf\":{\"@id\":\"https:\/\/www.noticiasradioreflejos.com.ar\/2021\/#website\"},\"primaryImageOfPage\":{\"@id\":\"https:\/\/www.noticiasradioreflejos.com.ar\/2021\/fueron-entregados-55-kilos-de-productos-de-la-huerta-municipal\/#primaryimage\"},\"image\":{\"@id\":\"https:\/\/www.noticiasradioreflejos.com.ar\/2021\/fueron-entregados-55-kilos-de-productos-de-la-huerta-municipal\/#primaryimage\"},\"thumbnailUrl\":\"http:\/\/live.staticflickr.com\/65535\/50573137271_b0c9dc4d8d.jpg\",\"datePublished\":\"2020-11-06T16:01:06+00:00\",\"author\":{\"@id\":\"https:\/\/www.noticiasradioreflejos.com.ar\/2021\/#\/schema\/person\/ad82545263dcc5ec0996818884fd5fb1\"},\"breadcrumb\":{\"@id\":\"https:\/\/www.noticiasradioreflejos.com.ar\/2021\/fueron-entregados-55-kilos-de-productos-de-la-huerta-municipal\/#breadcrumb\"},\"inLanguage\":\"es\",\"potentialAction\":[{\"@type\":\"ReadAction\",\"target\":[\"https:\/\/www.noticiasradioreflejos.com.ar\/2021\/fueron-entregados-55-kilos-de-productos-de-la-huerta-municipal\/\"]}]},{\"@type\":\"ImageObject\",\"inLanguage\":\"es\",\"@id\":\"https:\/\/www.noticiasradioreflejos.com.ar\/2021\/fueron-entregados-55-kilos-de-productos-de-la-huerta-municipal\/#primaryimage\",\"url\":\"http:\/\/live.staticflickr.com\/65535\/50573137271_b0c9dc4d8d.jpg\",\"contentUrl\":\"http:\/\/live.staticflickr.com\/65535\/50573137271_b0c9dc4d8d.jpg\"},{\"@type\":\"BreadcrumbList\",\"@id\":\"https:\/\/www.noticiasradioreflejos.com.ar\/2021\/fueron-entregados-55-kilos-de-productos-de-la-huerta-municipal\/#breadcrumb\",\"itemListElement\":[{\"@type\":\"ListItem\",\"position\":1,\"name\":\"Portada\",\"item\":\"https:\/\/www.noticiasradioreflejos.com.ar\/2021\/\"},{\"@type\":\"ListItem\",\"position\":2,\"name\":\"Fueron entregados 55 kilos de productos de la Huerta Municipal\"}]},{\"@type\":\"WebSite\",\"@id\":\"https:\/\/www.noticiasradioreflejos.com.ar\/2021\/#website\",\"url\":\"https:\/\/www.noticiasradioreflejos.com.ar\/2021\/\",\"name\":\"Noticias Radio Reflejos\",\"description\":\"Las noticias de mi comarca\",\"potentialAction\":[{\"@type\":\"SearchAction\",\"target\":{\"@type\":\"EntryPoint\",\"urlTemplate\":\"https:\/\/www.noticiasradioreflejos.com.ar\/2021\/?s={search_term_string}\"},\"query-input\":{\"@type\":\"PropertyValueSpecification\",\"valueRequired\":true,\"valueName\":\"search_term_string\"}}],\"inLanguage\":\"es\"},{\"@type\":\"Person\",\"@id\":\"https:\/\/www.noticiasradioreflejos.com.ar\/2021\/#\/schema\/person\/ad82545263dcc5ec0996818884fd5fb1\",\"name\":\"Arnaldo Botto\",\"image\":{\"@type\":\"ImageObject\",\"inLanguage\":\"es\",\"@id\":\"https:\/\/www.noticiasradioreflejos.com.ar\/2021\/#\/schema\/person\/image\/\",\"url\":\"https:\/\/secure.gravatar.com\/avatar\/55cb5e37c1efa326397366e6974cb338056df65cb50e7d64d1cf314e87504837?s=96&d=mm&r=g\",\"contentUrl\":\"https:\/\/secure.gravatar.com\/avatar\/55cb5e37c1efa326397366e6974cb338056df65cb50e7d64d1cf314e87504837?s=96&d=mm&r=g\",\"caption\":\"Arnaldo Botto\"},\"url\":\"https:\/\/www.noticiasradioreflejos.com.ar\/2021\/author\/arnaldo\/\"}]}<\/script>\n<!-- \/ Yoast SEO plugin. -->","yoast_head_json":{"title":"Fueron entregados 55 kilos de productos de la Huerta Municipal - Noticias Radio Reflejos","robots":{"index":"index","follow":"follow","max-snippet":"max-snippet:-1","max-image-preview":"max-image-preview:large","max-video-preview":"max-video-preview:-1"},"canonical":"https:\/\/www.noticiasradioreflejos.com.ar\/2021\/fueron-entregados-55-kilos-de-productos-de-la-huerta-municipal\/","og_locale":"es_ES","og_type":"article","og_title":"Fueron entregados 55 kilos de productos de la Huerta Municipal - Noticias Radio Reflejos","og_description":"En el transcurso de los \u00faltimos d\u00edas, se concret\u00f3 la entrega de alrededor de 55 kilos de productos de la Huerta Municipal, que funciona en el predio ubicado en la Ruta 76 y acceso a Tornquist.","og_url":"https:\/\/www.noticiasradioreflejos.com.ar\/2021\/fueron-entregados-55-kilos-de-productos-de-la-huerta-municipal\/","og_site_name":"Noticias Radio Reflejos","article_published_time":"2020-11-06T16:01:06+00:00","og_image":[{"url":"http:\/\/live.staticflickr.com\/65535\/50573137271_b0c9dc4d8d.jpg","type":"","width":"","height":""}],"author":"Arnaldo Botto","twitter_card":"summary_large_image","schema":{"@context":"https:\/\/schema.org","@graph":[{"@type":"WebPage","@id":"https:\/\/www.noticiasradioreflejos.com.ar\/2021\/fueron-entregados-55-kilos-de-productos-de-la-huerta-municipal\/","url":"https:\/\/www.noticiasradioreflejos.com.ar\/2021\/fueron-entregados-55-kilos-de-productos-de-la-huerta-municipal\/","name":"Fueron entregados 55 kilos de productos de la Huerta Municipal - Noticias Radio Reflejos","isPartOf":{"@id":"https:\/\/www.noticiasradioreflejos.com.ar\/2021\/#website"},"primaryImageOfPage":{"@id":"https:\/\/www.noticiasradioreflejos.com.ar\/2021\/fueron-entregados-55-kilos-de-productos-de-la-huerta-municipal\/#primaryimage"},"image":{"@id":"https:\/\/www.noticiasradioreflejos.com.ar\/2021\/fueron-entregados-55-kilos-de-productos-de-la-huerta-municipal\/#primaryimage"},"thumbnailUrl":"http:\/\/live.staticflickr.com\/65535\/50573137271_b0c9dc4d8d.jpg","datePublished":"2020-11-06T16:01:06+00:00","author":{"@id":"https:\/\/www.noticiasradioreflejos.com.ar\/2021\/#\/schema\/person\/ad82545263dcc5ec0996818884fd5fb1"},"breadcrumb":{"@id":"https:\/\/www.noticiasradioreflejos.com.ar\/2021\/fueron-entregados-55-kilos-de-productos-de-la-huerta-municipal\/#breadcrumb"},"inLanguage":"es","potentialAction":[{"@type":"ReadAction","target":["https:\/\/www.noticiasradioreflejos.com.ar\/2021\/fueron-entregados-55-kilos-de-productos-de-la-huerta-municipal\/"]}]},{"@type":"ImageObject","inLanguage":"es","@id":"https:\/\/www.noticiasradioreflejos.com.ar\/2021\/fueron-entregados-55-kilos-de-productos-de-la-huerta-municipal\/#primaryimage","url":"http:\/\/live.staticflickr.com\/65535\/50573137271_b0c9dc4d8d.jpg","contentUrl":"http:\/\/live.staticflickr.com\/65535\/50573137271_b0c9dc4d8d.jpg"},{"@type":"BreadcrumbList","@id":"https:\/\/www.noticiasradioreflejos.com.ar\/2021\/fueron-entregados-55-kilos-de-productos-de-la-huerta-municipal\/#breadcrumb","itemListElement":[{"@type":"ListItem","position":1,"name":"Portada","item":"https:\/\/www.noticiasradioreflejos.com.ar\/2021\/"},{"@type":"ListItem","position":2,"name":"Fueron entregados 55 kilos de productos de la Huerta Municipal"}]},{"@type":"WebSite","@id":"https:\/\/www.noticiasradioreflejos.com.ar\/2021\/#website","url":"https:\/\/www.noticiasradioreflejos.com.ar\/2021\/","name":"Noticias Radio Reflejos","description":"Las noticias de mi comarca","potentialAction":[{"@type":"SearchAction","target":{"@type":"EntryPoint","urlTemplate":"https:\/\/www.noticiasradioreflejos.com.ar\/2021\/?s={search_term_string}"},"query-input":{"@type":"PropertyValueSpecification","valueRequired":true,"valueName":"search_term_string"}}],"inLanguage":"es"},{"@type":"Person","@id":"https:\/\/www.noticiasradioreflejos.com.ar\/2021\/#\/schema\/person\/ad82545263dcc5ec0996818884fd5fb1","name":"Arnaldo Botto","image":{"@type":"ImageObject","inLanguage":"es","@id":"https:\/\/www.noticiasradioreflejos.com.ar\/2021\/#\/schema\/person\/image\/","url":"https:\/\/secure.gravatar.com\/avatar\/55cb5e37c1efa326397366e6974cb338056df65cb50e7d64d1cf314e87504837?s=96&d=mm&r=g","contentUrl":"https:\/\/secure.gravatar.com\/avatar\/55cb5e37c1efa326397366e6974cb338056df65cb50e7d64d1cf314e87504837?s=96&d=mm&r=g","caption":"Arnaldo Botto"},"url":"https:\/\/www.noticiasradioreflejos.com.ar\/2021\/author\/arnaldo\/"}]}},"_links":{"self":[{"href":"https:\/\/www.noticiasradioreflejos.com.ar\/2021\/wp-json\/wp\/v2\/posts\/48981","targetHints":{"allow":["GET"]}}],"collection":[{"href":"https:\/\/www.noticiasradioreflejos.com.ar\/2021\/wp-json\/wp\/v2\/posts"}],"about":[{"href":"https:\/\/www.noticiasradioreflejos.com.ar\/2021\/wp-json\/wp\/v2\/types\/post"}],"author":[{"embeddable":true,"href":"https:\/\/www.noticiasradioreflejos.com.ar\/2021\/wp-json\/wp\/v2\/users\/3"}],"replies":[{"embeddable":true,"href":"https:\/\/www.noticiasradioreflejos.com.ar\/2021\/wp-json\/wp\/v2\/comments?post=48981"}],"version-history":[{"count":0,"href":"https:\/\/www.noticiasradioreflejos.com.ar\/2021\/wp-json\/wp\/v2\/posts\/48981\/revisions"}],"wp:attachment":[{"href":"https:\/\/www.noticiasradioreflejos.com.ar\/2021\/wp-json\/wp\/v2\/media?parent=48981"}],"wp:term":[{"taxonomy":"category","embeddable":true,"href":"https:\/\/www.noticiasradioreflejos.com.ar\/2021\/wp-json\/wp\/v2\/categories?post=48981"},{"taxonomy":"post_tag","embeddable":true,"href":"https:\/\/www.noticiasradioreflejos.com.ar\/2021\/wp-json\/wp\/v2\/tags?post=48981"}],"curies":[{"name":"wp","href":"https:\/\/api.w.org\/{rel}","templated":true}]}}