{"id":48973,"date":"2020-11-06T11:56:07","date_gmt":"2020-11-06T14:56:07","guid":{"rendered":"http:\/\/www.noticiasradioreflejos.com.ar\/noticias\/?p=48973"},"modified":"2020-11-06T11:56:07","modified_gmt":"2020-11-06T14:56:07","slug":"dia-de-los-parques-nacionales-campos-del-tuyu-y-ciervo-de-los-pantanos-dos-joyas-naturales-bonaerenses","status":"publish","type":"post","link":"https:\/\/www.noticiasradioreflejos.com.ar\/2021\/dia-de-los-parques-nacionales-campos-del-tuyu-y-ciervo-de-los-pantanos-dos-joyas-naturales-bonaerenses\/","title":{"rendered":"D\u00eda de los Parques Nacionales &#8211; Campos del Tuy\u00fa y ciervo de los pantanos, dos joyas naturales Bonaerenses"},"content":{"rendered":"<p>La naturaleza ha sido m\u00e1s que generosa con la provincia de Buenos Aires donde la belleza y la variedad de las diferentes regiones se traducen en una importante y asombrosa biodiversidad reconocida internacionalmente.<!--more--><\/p>\n<p>Este viernes 6 de noviembre se celebrar\u00e1 el D\u00eda de los Parques Nacionales. Se trata de un homenaje a la iniciativa del perito Francisco Moreno quien en esa fecha hace m\u00e1s de un siglo cedi\u00f3 miles de hect\u00e1reas cerca del lago Nahuel Huapi con el objetivo de que fuesen consideradas como parque p\u00fablico natural.<br \/>\nEl territorio bonaerense cuenta con dos parques nacionales ubicados en los municipios de Campana y General Lavalle. Ambos integran la Red de Sitios Ramsar que nuclea a humedales que son clave a nivel mundial.<\/p>\n<p><strong>Ciervo de los Pantanos<\/strong><br \/>\nEl Parque Nacional Ciervo de los Pantanos se encuentra entre el r\u00edo Paran\u00e1 de las Palmas y la Ruta Nacional N\u00b09, pr\u00f3ximo a la ciudad de Campana. Tiene una superficie de 5.588 hect\u00e1reas con ambientes representativos de las ecorregiones Delta e Islas del Paran\u00e1.<br \/>\nEsta \u00e1rea protegida contribuye al almacenamiento y purificaci\u00f3n del agua que se consume en ciudades cercanas, modera el clima y es un refugio para la diversidad natural y cultural local.<\/p>\n<p>El parque debe su nombre a unos de los mam\u00edferos terrestres m\u00e1s grandes de la provincia que habitan esa zona, declarado monumento natural bonaerense por estar en peligro de extinci\u00f3n.<\/p>\n<p>All\u00ed, se pueden encontrar \u201c298 especies de aves (patos, gallaretas, chorlos playeros, el federal), 44 mam\u00edferos (coipo, gato mont\u00e9s, lobito de r\u00edo, zorro gris pampeano), 22 anfibios, 17 reptiles y 46 peces (bagres, tarariras y bagres)\u201d, enumeraron desde la Administraci\u00f3n de Parques Nacionales.<\/p>\n<p>La riqueza de la fauna se conjuga con altos pastizales y con plantas como cola de zorro y flechillas mientras que en la barranca se conforman bosques naturales de talas, acompa\u00f1ados de sauco, omb\u00faes y espinillos.<\/p>\n<p>Los visitantes que lleguen al Parque Nacional Ciervo de los Pantanos podr\u00e1n recorrerlo a trav\u00e9s de sus cuatro senderos, tres de ellos auto guiados. El recorrido \u201cLaguna Grande\u201d debe hacerse con un especialista. El itinerario comienza en un ambiente de pampa ondulada, luego se atraviesa la zona de ba\u00f1ados y se llega al mirador de la Laguna Grande.<\/p>\n<p>Tambi\u00e9n podr\u00e1n conocer de cerca el Vivero de \u00c1rboles Aut\u00f3ctonos en el que hay talas, ceibos y ombu\u00e9s. Se lo ide\u00f3 con el objetivo de reforestar el parque con algunas especies y difundir la importancia de la flora local.<\/p>\n<p><a title=\"PN Ciervo de los Pantanos_Ph_ParquesNacionales_29_1300x975 (1)\" href=\"http:\/\/live.staticflickr.com\/65535\/50573096762_dee19a19df_s.jpg\" rel=\"\"><img loading=\"lazy\" decoding=\"async\" class=\"aligncenter\" title=\"PN Ciervo de los Pantanos_Ph_ParquesNacionales_29_1300x975 (1)\" src=\"http:\/\/live.staticflickr.com\/65535\/50573096762_dee19a19df_c.jpg\" alt=\"PN Ciervo de los Pantanos_Ph_ParquesNacionales_29_1300x975 (1)\" width=\"800\" height=\"685\" \/><\/a><\/p>\n<p><strong>CAMPOS DEL TUY\u00da<\/strong><br \/>\nEl Parque Nacional Campos del Tuy\u00fa est\u00e1 ubicado en el partido de General Lavalle, sobre la R\u00eda de Aj\u00f3 y tiene una extensi\u00f3n 3.040 hect\u00e1reas que pertenecen a la ecoregi\u00f3n Pampa.<\/p>\n<p>Fue el primer parque nacional de la provincia de Buenos Aires ya que en 2009 las tierras donadas por la Fundaci\u00f3n Silvestre Argentina alcanzaron por ley esa categor\u00eda.<\/p>\n<p>\u201cEs un sitio clave para las aves migratorias. Durante sus migraciones hacia de un hemisferio a otro llegan a alimentarse a mitad de viaje ya que existe una importante cantidad de alimentos por las grandes extensiones de playa\u201d, explic\u00f3 Florencia Biondi, encargada del \u00e1rea de Educaci\u00f3n Ambiental del parque.<\/p>\n<p>Tambi\u00e9n detall\u00f3 que gran parte de la superficie est\u00e1 atravesada por canales de marea y dos veces por d\u00eda el parque se cubre de agua. Las caracter\u00edsticas del terreno hacen que el parque a\u00fan no pueda visitarse. Adem\u00e1s hay grandes zonas de cangrejales, especie que se caracteriza por \u201ccomer de todo, son descomponedores de materia\u201d.<\/p>\n<p>En Campos del Tuy\u00fa habitan 200 especies de aves (\u00f1and\u00fa com\u00fan, gaviotines, garzas gallaretas), 45 peces (corvina rubia y negra), 30 mam\u00edferos (lobos marinos, comadrejas y zorro gris pampeano), 10 reptiles (yarar\u00e1s grandes o de la cruz y algunas culebras) y 7 anfibios (rana criolla y sapo com\u00fan).<\/p>\n<p>El emblema del parque es el Venado de las Pampas declarado Monumento Natural de la provincia de Buenos Aires. \u201cEs una especie parag\u00fcas ya que gracias a ella se protege a otras\u201d, afirm\u00f3 Biondi.<\/p>\n<p>Por otra parte, esta docente que tuvo la fortuna de vivir en dos parques nacionales indic\u00f3 que \u201ces uno de los pocos lugares que estintacto el pastizal pampeano\u201d.<\/p>\n<p>Los Parques Nacionales son espacios de preservaci\u00f3n, conservaci\u00f3n y es un modo de conocer y tomar conciencia sobre la riqueza natural y aut\u00f3ctona de la provincia.<\/p>\n<p><a title=\"PN Ciervo de los Pantanos_Ph_ParquesNacionales_13_1642x1088 (1)\" href=\"http:\/\/live.staticflickr.com\/65535\/50572222868_a5e72bf0eb_s.jpg\" rel=\"\"><img loading=\"lazy\" decoding=\"async\" class=\"aligncenter\" title=\"PN Ciervo de los Pantanos_Ph_ParquesNacionales_13_1642x1088 (1)\" src=\"http:\/\/live.staticflickr.com\/65535\/50572222868_a5e72bf0eb_c.jpg\" alt=\"PN Ciervo de los Pantanos_Ph_ParquesNacionales_13_1642x1088 (1)\" width=\"800\" height=\"685\" \/><\/a><\/p>\n<p>&nbsp;<\/p>\n","protected":false},"excerpt":{"rendered":"<p>La naturaleza ha sido m\u00e1s que generosa con la provincia de Buenos Aires donde la belleza y la variedad de las diferentes regiones se traducen en una importante y asombrosa biodiversidad reconocida internacionalmente.<\/p>\n","protected":false},"author":3,"featured_media":0,"comment_status":"closed","ping_status":"open","sticky":false,"template":"","format":"standard","meta":{"footnotes":""},"categories":[26],"tags":[],"class_list":["post-48973","post","type-post","status-publish","format-standard","hentry","category-sociedad"],"yoast_head":"<!-- This site is optimized with the Yoast SEO plugin v25.9 - https:\/\/yoast.com\/wordpress\/plugins\/seo\/ -->\n<title>D\u00eda de los Parques Nacionales - Campos del Tuy\u00fa y ciervo de los pantanos, dos joyas naturales Bonaerenses - Noticias Radio Reflejos<\/title>\n<meta name=\"robots\" content=\"index, follow, max-snippet:-1, max-image-preview:large, max-video-preview:-1\" \/>\n<link rel=\"canonical\" href=\"https:\/\/www.noticiasradioreflejos.com.ar\/2021\/dia-de-los-parques-nacionales-campos-del-tuyu-y-ciervo-de-los-pantanos-dos-joyas-naturales-bonaerenses\/\" \/>\n<meta property=\"og:locale\" content=\"es_ES\" \/>\n<meta property=\"og:type\" content=\"article\" \/>\n<meta property=\"og:title\" content=\"D\u00eda de los Parques Nacionales - Campos del Tuy\u00fa y ciervo de los pantanos, dos joyas naturales Bonaerenses - Noticias Radio Reflejos\" \/>\n<meta property=\"og:description\" content=\"La naturaleza ha sido m\u00e1s que generosa con la provincia de Buenos Aires donde la belleza y la variedad de las diferentes regiones se traducen en una importante y asombrosa biodiversidad reconocida internacionalmente.\" \/>\n<meta property=\"og:url\" content=\"https:\/\/www.noticiasradioreflejos.com.ar\/2021\/dia-de-los-parques-nacionales-campos-del-tuyu-y-ciervo-de-los-pantanos-dos-joyas-naturales-bonaerenses\/\" \/>\n<meta property=\"og:site_name\" content=\"Noticias Radio Reflejos\" \/>\n<meta property=\"article:published_time\" content=\"2020-11-06T14:56:07+00:00\" \/>\n<meta property=\"og:image\" content=\"http:\/\/live.staticflickr.com\/65535\/50573096762_dee19a19df_c.jpg\" \/>\n<meta name=\"author\" content=\"Arnaldo Botto\" \/>\n<meta name=\"twitter:card\" content=\"summary_large_image\" \/>\n<script type=\"application\/ld+json\" class=\"yoast-schema-graph\">{\"@context\":\"https:\/\/schema.org\",\"@graph\":[{\"@type\":\"WebPage\",\"@id\":\"https:\/\/www.noticiasradioreflejos.com.ar\/2021\/dia-de-los-parques-nacionales-campos-del-tuyu-y-ciervo-de-los-pantanos-dos-joyas-naturales-bonaerenses\/\",\"url\":\"https:\/\/www.noticiasradioreflejos.com.ar\/2021\/dia-de-los-parques-nacionales-campos-del-tuyu-y-ciervo-de-los-pantanos-dos-joyas-naturales-bonaerenses\/\",\"name\":\"D\u00eda de los Parques Nacionales - Campos del Tuy\u00fa y ciervo de los pantanos, dos joyas naturales Bonaerenses - Noticias Radio Reflejos\",\"isPartOf\":{\"@id\":\"https:\/\/www.noticiasradioreflejos.com.ar\/2021\/#website\"},\"primaryImageOfPage\":{\"@id\":\"https:\/\/www.noticiasradioreflejos.com.ar\/2021\/dia-de-los-parques-nacionales-campos-del-tuyu-y-ciervo-de-los-pantanos-dos-joyas-naturales-bonaerenses\/#primaryimage\"},\"image\":{\"@id\":\"https:\/\/www.noticiasradioreflejos.com.ar\/2021\/dia-de-los-parques-nacionales-campos-del-tuyu-y-ciervo-de-los-pantanos-dos-joyas-naturales-bonaerenses\/#primaryimage\"},\"thumbnailUrl\":\"http:\/\/live.staticflickr.com\/65535\/50573096762_dee19a19df_c.jpg\",\"datePublished\":\"2020-11-06T14:56:07+00:00\",\"author\":{\"@id\":\"https:\/\/www.noticiasradioreflejos.com.ar\/2021\/#\/schema\/person\/ad82545263dcc5ec0996818884fd5fb1\"},\"breadcrumb\":{\"@id\":\"https:\/\/www.noticiasradioreflejos.com.ar\/2021\/dia-de-los-parques-nacionales-campos-del-tuyu-y-ciervo-de-los-pantanos-dos-joyas-naturales-bonaerenses\/#breadcrumb\"},\"inLanguage\":\"es\",\"potentialAction\":[{\"@type\":\"ReadAction\",\"target\":[\"https:\/\/www.noticiasradioreflejos.com.ar\/2021\/dia-de-los-parques-nacionales-campos-del-tuyu-y-ciervo-de-los-pantanos-dos-joyas-naturales-bonaerenses\/\"]}]},{\"@type\":\"ImageObject\",\"inLanguage\":\"es\",\"@id\":\"https:\/\/www.noticiasradioreflejos.com.ar\/2021\/dia-de-los-parques-nacionales-campos-del-tuyu-y-ciervo-de-los-pantanos-dos-joyas-naturales-bonaerenses\/#primaryimage\",\"url\":\"http:\/\/live.staticflickr.com\/65535\/50573096762_dee19a19df_c.jpg\",\"contentUrl\":\"http:\/\/live.staticflickr.com\/65535\/50573096762_dee19a19df_c.jpg\"},{\"@type\":\"BreadcrumbList\",\"@id\":\"https:\/\/www.noticiasradioreflejos.com.ar\/2021\/dia-de-los-parques-nacionales-campos-del-tuyu-y-ciervo-de-los-pantanos-dos-joyas-naturales-bonaerenses\/#breadcrumb\",\"itemListElement\":[{\"@type\":\"ListItem\",\"position\":1,\"name\":\"Portada\",\"item\":\"https:\/\/www.noticiasradioreflejos.com.ar\/2021\/\"},{\"@type\":\"ListItem\",\"position\":2,\"name\":\"D\u00eda de los Parques Nacionales &#8211; Campos del Tuy\u00fa y ciervo de los pantanos, dos joyas naturales Bonaerenses\"}]},{\"@type\":\"WebSite\",\"@id\":\"https:\/\/www.noticiasradioreflejos.com.ar\/2021\/#website\",\"url\":\"https:\/\/www.noticiasradioreflejos.com.ar\/2021\/\",\"name\":\"Noticias Radio Reflejos\",\"description\":\"Las noticias de mi comarca\",\"potentialAction\":[{\"@type\":\"SearchAction\",\"target\":{\"@type\":\"EntryPoint\",\"urlTemplate\":\"https:\/\/www.noticiasradioreflejos.com.ar\/2021\/?s={search_term_string}\"},\"query-input\":{\"@type\":\"PropertyValueSpecification\",\"valueRequired\":true,\"valueName\":\"search_term_string\"}}],\"inLanguage\":\"es\"},{\"@type\":\"Person\",\"@id\":\"https:\/\/www.noticiasradioreflejos.com.ar\/2021\/#\/schema\/person\/ad82545263dcc5ec0996818884fd5fb1\",\"name\":\"Arnaldo Botto\",\"image\":{\"@type\":\"ImageObject\",\"inLanguage\":\"es\",\"@id\":\"https:\/\/www.noticiasradioreflejos.com.ar\/2021\/#\/schema\/person\/image\/\",\"url\":\"https:\/\/secure.gravatar.com\/avatar\/55cb5e37c1efa326397366e6974cb338056df65cb50e7d64d1cf314e87504837?s=96&d=mm&r=g\",\"contentUrl\":\"https:\/\/secure.gravatar.com\/avatar\/55cb5e37c1efa326397366e6974cb338056df65cb50e7d64d1cf314e87504837?s=96&d=mm&r=g\",\"caption\":\"Arnaldo Botto\"},\"url\":\"https:\/\/www.noticiasradioreflejos.com.ar\/2021\/author\/arnaldo\/\"}]}<\/script>\n<!-- \/ Yoast SEO plugin. -->","yoast_head_json":{"title":"D\u00eda de los Parques Nacionales - Campos del Tuy\u00fa y ciervo de los pantanos, dos joyas naturales Bonaerenses - Noticias Radio Reflejos","robots":{"index":"index","follow":"follow","max-snippet":"max-snippet:-1","max-image-preview":"max-image-preview:large","max-video-preview":"max-video-preview:-1"},"canonical":"https:\/\/www.noticiasradioreflejos.com.ar\/2021\/dia-de-los-parques-nacionales-campos-del-tuyu-y-ciervo-de-los-pantanos-dos-joyas-naturales-bonaerenses\/","og_locale":"es_ES","og_type":"article","og_title":"D\u00eda de los Parques Nacionales - Campos del Tuy\u00fa y ciervo de los pantanos, dos joyas naturales Bonaerenses - Noticias Radio Reflejos","og_description":"La naturaleza ha sido m\u00e1s que generosa con la provincia de Buenos Aires donde la belleza y la variedad de las diferentes regiones se traducen en una importante y asombrosa biodiversidad reconocida internacionalmente.","og_url":"https:\/\/www.noticiasradioreflejos.com.ar\/2021\/dia-de-los-parques-nacionales-campos-del-tuyu-y-ciervo-de-los-pantanos-dos-joyas-naturales-bonaerenses\/","og_site_name":"Noticias Radio Reflejos","article_published_time":"2020-11-06T14:56:07+00:00","og_image":[{"url":"http:\/\/live.staticflickr.com\/65535\/50573096762_dee19a19df_c.jpg","type":"","width":"","height":""}],"author":"Arnaldo Botto","twitter_card":"summary_large_image","schema":{"@context":"https:\/\/schema.org","@graph":[{"@type":"WebPage","@id":"https:\/\/www.noticiasradioreflejos.com.ar\/2021\/dia-de-los-parques-nacionales-campos-del-tuyu-y-ciervo-de-los-pantanos-dos-joyas-naturales-bonaerenses\/","url":"https:\/\/www.noticiasradioreflejos.com.ar\/2021\/dia-de-los-parques-nacionales-campos-del-tuyu-y-ciervo-de-los-pantanos-dos-joyas-naturales-bonaerenses\/","name":"D\u00eda de los Parques Nacionales - Campos del Tuy\u00fa y ciervo de los pantanos, dos joyas naturales Bonaerenses - Noticias Radio Reflejos","isPartOf":{"@id":"https:\/\/www.noticiasradioreflejos.com.ar\/2021\/#website"},"primaryImageOfPage":{"@id":"https:\/\/www.noticiasradioreflejos.com.ar\/2021\/dia-de-los-parques-nacionales-campos-del-tuyu-y-ciervo-de-los-pantanos-dos-joyas-naturales-bonaerenses\/#primaryimage"},"image":{"@id":"https:\/\/www.noticiasradioreflejos.com.ar\/2021\/dia-de-los-parques-nacionales-campos-del-tuyu-y-ciervo-de-los-pantanos-dos-joyas-naturales-bonaerenses\/#primaryimage"},"thumbnailUrl":"http:\/\/live.staticflickr.com\/65535\/50573096762_dee19a19df_c.jpg","datePublished":"2020-11-06T14:56:07+00:00","author":{"@id":"https:\/\/www.noticiasradioreflejos.com.ar\/2021\/#\/schema\/person\/ad82545263dcc5ec0996818884fd5fb1"},"breadcrumb":{"@id":"https:\/\/www.noticiasradioreflejos.com.ar\/2021\/dia-de-los-parques-nacionales-campos-del-tuyu-y-ciervo-de-los-pantanos-dos-joyas-naturales-bonaerenses\/#breadcrumb"},"inLanguage":"es","potentialAction":[{"@type":"ReadAction","target":["https:\/\/www.noticiasradioreflejos.com.ar\/2021\/dia-de-los-parques-nacionales-campos-del-tuyu-y-ciervo-de-los-pantanos-dos-joyas-naturales-bonaerenses\/"]}]},{"@type":"ImageObject","inLanguage":"es","@id":"https:\/\/www.noticiasradioreflejos.com.ar\/2021\/dia-de-los-parques-nacionales-campos-del-tuyu-y-ciervo-de-los-pantanos-dos-joyas-naturales-bonaerenses\/#primaryimage","url":"http:\/\/live.staticflickr.com\/65535\/50573096762_dee19a19df_c.jpg","contentUrl":"http:\/\/live.staticflickr.com\/65535\/50573096762_dee19a19df_c.jpg"},{"@type":"BreadcrumbList","@id":"https:\/\/www.noticiasradioreflejos.com.ar\/2021\/dia-de-los-parques-nacionales-campos-del-tuyu-y-ciervo-de-los-pantanos-dos-joyas-naturales-bonaerenses\/#breadcrumb","itemListElement":[{"@type":"ListItem","position":1,"name":"Portada","item":"https:\/\/www.noticiasradioreflejos.com.ar\/2021\/"},{"@type":"ListItem","position":2,"name":"D\u00eda de los Parques Nacionales &#8211; Campos del Tuy\u00fa y ciervo de los pantanos, dos joyas naturales Bonaerenses"}]},{"@type":"WebSite","@id":"https:\/\/www.noticiasradioreflejos.com.ar\/2021\/#website","url":"https:\/\/www.noticiasradioreflejos.com.ar\/2021\/","name":"Noticias Radio Reflejos","description":"Las noticias de mi comarca","potentialAction":[{"@type":"SearchAction","target":{"@type":"EntryPoint","urlTemplate":"https:\/\/www.noticiasradioreflejos.com.ar\/2021\/?s={search_term_string}"},"query-input":{"@type":"PropertyValueSpecification","valueRequired":true,"valueName":"search_term_string"}}],"inLanguage":"es"},{"@type":"Person","@id":"https:\/\/www.noticiasradioreflejos.com.ar\/2021\/#\/schema\/person\/ad82545263dcc5ec0996818884fd5fb1","name":"Arnaldo Botto","image":{"@type":"ImageObject","inLanguage":"es","@id":"https:\/\/www.noticiasradioreflejos.com.ar\/2021\/#\/schema\/person\/image\/","url":"https:\/\/secure.gravatar.com\/avatar\/55cb5e37c1efa326397366e6974cb338056df65cb50e7d64d1cf314e87504837?s=96&d=mm&r=g","contentUrl":"https:\/\/secure.gravatar.com\/avatar\/55cb5e37c1efa326397366e6974cb338056df65cb50e7d64d1cf314e87504837?s=96&d=mm&r=g","caption":"Arnaldo Botto"},"url":"https:\/\/www.noticiasradioreflejos.com.ar\/2021\/author\/arnaldo\/"}]}},"_links":{"self":[{"href":"https:\/\/www.noticiasradioreflejos.com.ar\/2021\/wp-json\/wp\/v2\/posts\/48973","targetHints":{"allow":["GET"]}}],"collection":[{"href":"https:\/\/www.noticiasradioreflejos.com.ar\/2021\/wp-json\/wp\/v2\/posts"}],"about":[{"href":"https:\/\/www.noticiasradioreflejos.com.ar\/2021\/wp-json\/wp\/v2\/types\/post"}],"author":[{"embeddable":true,"href":"https:\/\/www.noticiasradioreflejos.com.ar\/2021\/wp-json\/wp\/v2\/users\/3"}],"replies":[{"embeddable":true,"href":"https:\/\/www.noticiasradioreflejos.com.ar\/2021\/wp-json\/wp\/v2\/comments?post=48973"}],"version-history":[{"count":0,"href":"https:\/\/www.noticiasradioreflejos.com.ar\/2021\/wp-json\/wp\/v2\/posts\/48973\/revisions"}],"wp:attachment":[{"href":"https:\/\/www.noticiasradioreflejos.com.ar\/2021\/wp-json\/wp\/v2\/media?parent=48973"}],"wp:term":[{"taxonomy":"category","embeddable":true,"href":"https:\/\/www.noticiasradioreflejos.com.ar\/2021\/wp-json\/wp\/v2\/categories?post=48973"},{"taxonomy":"post_tag","embeddable":true,"href":"https:\/\/www.noticiasradioreflejos.com.ar\/2021\/wp-json\/wp\/v2\/tags?post=48973"}],"curies":[{"name":"wp","href":"https:\/\/api.w.org\/{rel}","templated":true}]}}