{"id":48970,"date":"2020-11-06T11:40:25","date_gmt":"2020-11-06T14:40:25","guid":{"rendered":"http:\/\/www.noticiasradioreflejos.com.ar\/noticias\/?p=48970"},"modified":"2020-11-06T11:40:25","modified_gmt":"2020-11-06T14:40:25","slug":"informe-de-la-sesion-ordinaria-del-dia-03-11-20","status":"publish","type":"post","link":"https:\/\/www.noticiasradioreflejos.com.ar\/2021\/informe-de-la-sesion-ordinaria-del-dia-03-11-20\/","title":{"rendered":"Informe de la sesi\u00f3n ordinaria del d\u00eda 03-11-20"},"content":{"rendered":"<p>Sesion\u00f3 el Honorable Concejo Deliberante en forma ordinaria y se trataron los siguientes temas:<!--more--><br \/>\nExpte. N\u00ba 182\/20: &#8211; D.E. &#8211; Convalida la firma del Contrato de Comodato Gratuito celebrado e\/Agro F\u00e1tima S.A. y el Municipio de Tornquist.<br \/>\nSe solicita tratamiento sobre Tablas.<br \/>\nSe aprueba por unanimidad la Ordenanza con el N\u00ba 3270\/20 por la que se Convalida la<br \/>\nfirma del Contrato de Comodato Gratuito firmado entre Agro F\u00e1tima S.A. representada por el Sr. Arecio Minujin y el Sr. Intendente Municipal Sergio Fabi\u00e1n Bordoni en representaci\u00f3n de la Municipalidad de Tornquist.- Por el mismo la PROPIETARIA \u201cAgro F\u00e1tima S.A.\u201d que es titular de dos inmuebles (hoteles) denominado \u201cHotel Moreno\u201d y \u201cHotel La Casona\u201d, ambos de la localidad de Tornquist, pone completamente a disposici\u00f3n dichos inmuebles, con el \u00fanico fin de colaborar solidariamente a transitar la pandemia nacional e internacional del COVID-19, ofreciendo todas las plazas de ambos hoteles para el alojamiento de aquellas personas que a criterio de la Municipalidad y\/o de sus instituciones dependientes consideren oportuno ubicar ya sea por ser pacientes COVID-19, grupos de riesgo, grupos de posibles contactos cercanos y\/o cualquier motivo relacionado con paliar de la mejor manera posible dicha crisis sanitaria.-<\/p>\n<p>Expte. N\u00ba 183\/20: &#8211; D.E. &#8211; Adhiere y acompa\u00f1a al Proyecto de Ley de la H.C. de Diputados de la Naci\u00f3n bajo Expte. 4814-D-2020que incorpora a los Cuarteles V, VI, VII, IX, X, y XI del Partido de Puan y los Cuarteles III, IV y V del Partido de Tornquist en la Regi\u00f3n Patag\u00f3nica.<br \/>\nSe solicita tratamiento sobre Tablas.<br \/>\nSe aprueba por unanimidad la Ordenanza con el N\u00ba 3271\/20 por la que el Municipio de Tornquist adhiere y acompa\u00f1a al Proyecto de Ley presentado en la C\u00e1mara de Diputados de la Naci\u00f3n, bajo Expediente 4814-D-2020, que incorpora a los cuarteles V, VI, VIII, IX, X y XI del Partido de P\u00faan y los cuarteles III, IV y V del Partido de Torquinst en la regi\u00f3n Patag\u00f3nica.-<br \/>\nSe solicita a los Honorables Concejos Deliberantes de Puan, Saavedra y Tornquist, a adherir al Proyecto de Ley presentado en la C\u00e1mara de Diputados de la Naci\u00f3n.-<br \/>\nSe solicita a la C\u00e1mara de Diputados la Naci\u00f3n la incorporaci\u00f3n en el Proyecto de Ley, presentado bajo Expediente 4814-D-2020, de los Cuarteles VIII, IX, X y XI del partido de Saavedra en la regi\u00f3n Patag\u00f3nica.-<br \/>\nSe solicita a la C\u00e1mara de Diputados de la Naci\u00f3n, la modificaci\u00f3n del nombre sugerido para la zona beneficiada, como Zona Austral Desfavorable Bonaerense, a los fines de armonizar con la legislaci\u00f3n provincial.-<br \/>\nSe remite copia al Honorable Concejo Deliberante de Patagones, de Puan y Saavedra., y a la Honorable C\u00e1mara de Diputados de la Naci\u00f3n.-<\/p>\n<p>Expte. N\u00ba 190\/20: &#8211; D.E. &#8211; Convalidad la firma del contrato de comodato c\/ la Direcci\u00f3n Gral. de Cultura y Educaci\u00f3n de la Pcia. De Bs As. Inmueble Saldungaray.-<br \/>\nPasa a las comisiones de Asuntos Municipales e Interpretaci\u00f3n y Reglamento.<\/p>\n<p>Expte. N\u00ba 7230\/20: &#8211; Bloques Cambiemos Bs. As. y Juntos por el Cambio- Proyecto de Ordenanza: Proveer de Plantas Frutales a Instituciones del Distrito.<br \/>\nPasa a las Comisiones de Asuntos Municipales y Producci\u00f3n, Comercio e Industria.<\/p>\n<p>Expte. N\u00ba 7231\/20: &#8211; Bloques Cambiemos Bs. As. y Juntos por el Cambio- Proyecto de Ordenanza: En ref. a Prohibici\u00f3n de Uso y Entrega de Sorbetes Pl\u00e1sticos.<br \/>\nPasa a las comisiones de Asuntos Municipales y Ecolog\u00eda y Medio Ambiente.<\/p>\n<p>Expte. N\u00ba 4114-232\/19: &#8211; \u00c1rea Regularizaci\u00f3n Dominial Municipal- Cambio titularidad inmueble: Cir. I Secc. B- Pla. 1 F- Pda. 16721- \u201cPlan Solidaridad 80 Viviendas en Tornquist\u201d.-<br \/>\nDe acuerdo al dictamen de las Comisiones de Asuntos Municipales y Obras P\u00fablicas se aprueba por unanimidad la Ordenanza con el N\u00ba 3268\/20 por la que se modifica la Ordenanza N\u00ba 2237\/10, referido a variaci\u00f3n en adjudicatario de la vivienda N\u00ba 26 \u2013\u00bb Plan Solidaridad 80 Viviendas en Tornquist\u00bb conforme a lo manifestado en los Considerandos y de acuerdo al siguiente detalle:<\/p>\n<p>&nbsp;<\/p>\n<p><a title=\"baja\" href=\"http:\/\/live.staticflickr.com\/65535\/50572908281_4160115e0d_s.jpg\" rel=\"\"><img loading=\"lazy\" decoding=\"async\" class=\"aligncenter\" title=\"baja\" src=\"http:\/\/live.staticflickr.com\/65535\/50572908281_20ac8d570a_o.jpg\" alt=\"baja\" width=\"652\" height=\"336\" \/><\/a><\/p>\n<p>&nbsp;<\/p>\n<p>&nbsp;<\/p>\n<p>Se declara de Inter\u00e9s Social la escrituraci\u00f3n del mencionado inmueble a la familia beneficiaria, en los t\u00e9rminos del Art\u00edculo 4\u00ba inciso d) de la Ley N\u00ba 10.830, para proceder ante la Escriban\u00eda General de Gobierno de la Provincia de Bs. Aires.-<\/p>\n<p>Expte. N\u00ba 162\/20: &#8211; D.E. &#8211; Modificaci\u00f3n de la Ordenanza N\u00ba 2816\/16 \u201cEstatuto para el Personal de la Municipalidad de Tornquist.-<br \/>\nSeg\u00fan el dictamen de las Comisiones de Asuntos Municipales e Interpretaci\u00f3n y Reglamento se aprueba por unanimidad la Ordenanza con el N\u00ba 3269\/20 por la que se deroga en todos sus t\u00e9rminos la Ordenanza N\u00ba 3257\/20 de fecha 06 de Octubre del 2020.-<br \/>\nSe modifica el art\u00edculo 27\u00b0, inciso i), el que queda redactado de la siguiente forma:<\/p>\n<p>\u201cARTICULO 27\u00ba: i) Adicional por presentismo. Tendr\u00e1n derecho a su percepci\u00f3n los trabajadores que no registraren inasistencias durante el per\u00edodo a liquidar. La existencia de 1 (una) inasistencia provocar\u00e1 la p\u00e9rdida del 33% (treinta y tres por ciento) de la bonificaci\u00f3n, la existencia de 2 (dos) inasistencias provocar\u00e1 la p\u00e9rdida del 66% (sesenta y seis por ciento) de la bonificaci\u00f3n, mientras que la concurrencia de 3 (tres) o m\u00e1s inasistencias provocar\u00e1n la p\u00e9rdida de la totalidad del concepto. Se computar\u00e1 como inasistencia, aquellos casos en los que el agente municipal determine el quite de colaboraci\u00f3n o cese de tareas, en forma individual, sin que esto implique limitar el derecho de huelga\u201d.<br \/>\nSe computar\u00e1n como trabajados, siempre que las circunstancias invocadas hayan sido debida y fehacientemente acreditadas por el trabajador:<br \/>\nI) Los d\u00edas en los que el agente no preste servicios por gozar de las licencias previstas en el art\u00edculo 61, art\u00edculos 62, 63, 65, 67 y art\u00edculo 69, incisos a, b, c, e, f, g y h.<br \/>\nII) Los d\u00edas en los que el agente no preste servicios por gozar de la licencia prevista en el Art\u00edculo 69\u00ba, inciso d). El beneficio es aplicable solo a los veinte (20) d\u00edas respecto de los cuales se prev\u00e9 el goce \u00edntegro de haberes.<br \/>\nAsimismo, se computar\u00e1n como trabajados los d\u00edas en que el agente no preste servicios por estar afectado por una enfermedad grave inculpable o que haya generado internaci\u00f3n, en hospital, que imposibilite la concurrencia al trabajo o por<br \/>\ninfortunio grave en el trabajo, todos debidamente fehacientemente justificados y documentado mediante historia cl\u00ednica o resumen de ella.<br \/>\nA fin de gozar de este beneficio, el trabajador deber\u00e1 someterse a todos los controles m\u00e9dicos que disponga el Departamento Ejecutivo y prestar su mayor disposici\u00f3n y colaboraci\u00f3n para que los controles se realicen en tiempo y forma.<br \/>\nEs prerrogativa exclusiva del Departamento Ejecutivo la designaci\u00f3n del personal m\u00e9dico, municipal o privado, que evaluar\u00e1 cada uno de los casos que se presenten. La negativa a someterse a los referidos controles conllevar\u00e1 la p\u00e9rdida del adicional por presentismo.<br \/>\nEl Departamento Ejecutivo podr\u00e1, al efectuar la reglamentaci\u00f3n del Estatuto o del presente inciso, establecer un listado de las enfermedades consideradas graves.<br \/>\nSe modifica el art\u00edculo 39\u00ba el que queda redactado de la siguiente forma:<\/p>\n<p>De la licencia por descanso Anual:<br \/>\n\u201cARTICULO 39\u00ba: Plazo. El trabajador gozar\u00e1 de un per\u00edodo m\u00ednimo y continuado de vacaciones, remunerado, por los siguientes plazos:<\/p>\n<p>a) De catorce (14) d\u00edas corridos cuando la antig\u00fcedad del empleo no exceda de cinco (5) a\u00f1os.<br \/>\nb) De veinti\u00fan (21) d\u00edas corridos cuando sea la antig\u00fcedad mayor de cinco (5) a\u00f1os, y no exceda de diez (10).<br \/>\nc) De veintiocho (28) d\u00edas corridos cuando la antig\u00fcedad sea mayor de diez (10) a\u00f1os y no exceda de veinte (20).<br \/>\nd) De treinta y cinco (35) d\u00edas corridos cuando la antig\u00fcedad sea mayor de veinte (20) a\u00f1os y no exceda de treinta (30).<br \/>\ne) De cuarenta y dos (42) d\u00edas corridos cuando la antig\u00fcedad exceda de treinta (30) a\u00f1os.\u201d<br \/>\nSe modifica el art\u00edculo 69\u00ba el que queda redactado de la siguiente forma:<\/p>\n<p>\u201cART\u00cdCULO 69\u00ba: Por asuntos particulares. El agente gozar\u00e1 de licencia por razones particulares, con goce integro de haberes, por las siguientes causales y t\u00e9rminos:<br \/>\na) Por nacimiento de hijo, al progenitor no gestante, cinco (5) d\u00edas corridos anteriores a la fecha probable de parto y quince (15) d\u00edas corridos posteriores, pudi\u00e9ndose acumular la totalidad de los d\u00edas corridos (15 d\u00edas) a partir del parto, a elecci\u00f3n del trabajador.<br \/>\nb) Examen m\u00e9dico pre-matrimonial dos (2) d\u00edas h\u00e1biles, seg\u00fan horario del agente.<br \/>\nc) Donaci\u00f3n de sangre, el d\u00eda de la extracci\u00f3n.<br \/>\nd) Las personas que recurran a t\u00e9cnicas de reproducci\u00f3n asistida gozar\u00e1n de una licencia de veinte (20) d\u00edas fraccionables en el a\u00f1o con goce \u00edntegro de haberes, a la cual podr\u00e1n adicionarles treinta (30) d\u00edas sin goce de haberes. Para uso de este beneficio, deber\u00e1n acreditar la situaci\u00f3n mediante certificado m\u00e9dico.<br \/>\ne) Por motivo de realizaci\u00f3n de ex\u00e1menes de prevenci\u00f3n del c\u00e1ncer genitor-mamario o del ant\u00edgeno prost\u00e1tico espec\u00edfico, seg\u00fan el g\u00e9nero, el d\u00eda del examen, el cual deber\u00e1 ser compensado con posterioridad. Se deber\u00e1 acreditar la situaci\u00f3n mediante certificado m\u00e9dico.<br \/>\nf) Para efectuar tr\u00e1mites judiciales, policiales u otros similares, siempre que mediare citaci\u00f3n de autoridad competente, por el lapso de la jornada que ello requiera.<br \/>\ng) Licencia motivos de \u00edndole personal:<br \/>\nPor motivos de \u00edndole personal, previo aviso anticipado y fehaciente al Municipio, con goce de haberes y sin p\u00e9rdida de la bonificaci\u00f3n por presentismo, el trabajador podr\u00e1 reunir hasta 6 (seis) d\u00edas de inasistencia en el a\u00f1o, con sujeci\u00f3n a las pautas siguientes:<br \/>\nI) No acumulaci\u00f3n entre ellos. Los d\u00edas no pueden ser gozados de manera sucesiva o acumulada entre ellos, por lo que ser\u00e1n utilizados de manera separada entre s\u00ed.<br \/>\nII) No acumulaci\u00f3n con otras licencias, asuetos o feriados. Los d\u00edas por asuntos particulares no podr\u00e1n ser anexados o acumulados con otras licencias ni con feriados o asuetos de ning\u00fan tipo, por lo que ser\u00e1n utilizados solo de manera separada o independiente de aqu\u00e9llos.<br \/>\nIII) Plazo. Los d\u00edas se reconocen por cada a\u00f1o calendario, es decir entre el 1\u00b0 de enero y el 31 de diciembre.<br \/>\nIV) P\u00e9rdida por no uso. Los d\u00edas que no fueran utilizados al 31 de diciembre, no pasan al a\u00f1o siguiente y, en consecuencia, se pierden.<br \/>\nLos 6 (seis) d\u00edas de licencia por razones particulares, ser\u00e1n utilizados conforme el siguiente orden:<br \/>\na) D\u00edas no deducibles de las vacaciones. Tres (3) d\u00edas por a\u00f1o, en per\u00edodos no mayores de un (1) d\u00eda, que no ser\u00e1n deducidos de la licencia anual.<br \/>\nb) D\u00edas deducibles de las vacaciones. Tres (3) d\u00edas por a\u00f1o, en per\u00edodos no mayores de un (1) d\u00eda, que ser\u00e1n utilizados a cuenta de las vacaciones y que en consecuencia ser\u00e1n luego deducidos de la licencia anual.<br \/>\nUna vez agotados los d\u00edas no deducibles del inc. \u201ca\u201d, comenzar\u00e1n a descontarse los d\u00edas pautados en el inc. \u201cb\u201d del presente.<br \/>\nh) En los casos en que el trabajador o trabajadora sea v\u00edctima de violencia de g\u00e9nero y por tal motivo deba ausentarse de su puesto de trabajo, su inasistencia sea total o parcial, estar\u00e1 justificada. A los efectos de acreditar tal situaci\u00f3n deber\u00e1 acompa\u00f1ar la certificaci\u00f3n emitida por los servicios de atenci\u00f3n y asistencia a las v\u00edctimas de violencia de g\u00e9nero.<\/p>\n<p>Expte. N\u00ba 6041\/07: &#8211; N.P \u2013 Sergio Cid: Ref.\/intercambio de terreno de Lote 21 Mz. 38 de la localidad de Saldungaray.<br \/>\nSe aprueba por unanimidad el dictamen de las Comisiones de ASUNTOS MUNICIPALES Y OBRAS P\u00daBLICAS, que aconseja enviar el mismo al Archivo, considerando la respuesta obrante en el mismo.-<\/p>\n<p>Expte. N\u00ba 6251\/10: &#8211; Presidentes Bloques H.C.D. \u2013 Pedido de Informe: Ref. estado de la adquisici\u00f3n de tierras del ONABE en Sierra de la Ventana.<\/p>\n<p>Se aprueba por unanimidad el dictamen de las Comisi\u00f3n de OBRAS P\u00daBLICAS que aconseja enviar el mismo a la Asesor\u00eda Legal para que d\u00e9 respuesta al motivo por el cual no se ha escriturado a\u00fan.-<\/p>\n<p>Expte. N\u00ba 6334\/11: &#8211; Bloques Coalici\u00f3n C\u00edvica y Uni\u00f3n Pro \u2013 Proyecto de Ordenanza: Solicitan modificaci\u00f3n circulaci\u00f3n de la Calle Dorrego de Sierra de la Ventana.<\/p>\n<p>Se aprueba por unanimidad el dictamen de la Comisi\u00f3n de OBRAS P\u00daBLICAS que aconseja enviarlo nuevamente a la Secretar\u00eda de Obras P\u00fablicas para que d\u00e9 respuesta a lo solicitado a foja 1<\/p>\n<p>Expte. N\u00ba 6396\/11: &#8211; N.P. \u2013 Sergio Rodr\u00edguez \u2013 Pte. Cooperativa de Provisi\u00f3n de Agua Potable y otros servicios B\u00ba Parque Golf: Solicita realizar una nueva perforaci\u00f3n para la extracci\u00f3n de agua en el Barrio.<\/p>\n<p>Se aprueba por unanimidad el dictamen de la Comisi\u00f3n de OBRAS P\u00daBLICAS que aconseja enviar el mismo al Archivo por obra concretada, de acuerdo a lo informado por la Secretaria de Obras P\u00fablicas Agustina Peruzzi en reuni\u00f3n el d\u00eda 27\/10\/2020.-<\/p>\n<p>Expte. N\u00ba 6412\/12: &#8211; N.P. \u2013 Vecinos de Av. 9 de Julio, Alem, Ventura Picado: Ref. Interferencia radial que se ha originado a partir del funcionamiento de las nuevas fuentes ubicadas en la Plaza Ernesto Tornquist.<\/p>\n<p>Se aprueba por unanimidad el dictamen de la Comisi\u00f3n de OBRAS P\u00daBLICAS que aconseja enviar el mismo a Obras P\u00fablicas para que d\u00e9 respuesta a lo solicitado a foja 2.-<\/p>\n<p>Expte. N\u00ba 6419\/12: &#8211; N.P. \u2013 Claudio Heredia: Solicita soluci\u00f3n a problem\u00e1tica en relaci\u00f3n a la falta de obras para evitar inundaciones en la Calles Santiago Carbone.<\/p>\n<p>Se aprueba por unanimidad el dictamen de la Comisi\u00f3n de OBRAS P\u00daBLICAS que aconseja enviar el mismo a la Secretar\u00eda de Obras P\u00fablicas para que informe el detalle vigente de las obras enunciadas.-<\/p>\n<p>Expte. N\u00ba 6547\/13: &#8211; N.P. \u2013 Eduardo de Salvo: Solicita excepci\u00f3n retiros frente y fondo unific\u00e1ndolo, por lote de terreno que posee en la localidad de Saldungaray.<\/p>\n<p>Se aprueba por unanimidad el dictamen de las Comisiones de OBRAS P\u00daBLICAS E INTERPRETACI\u00d3N Y REGLAMENTO, que aconsejan enviar el mismo al Archivo dado que la obra ya fue construida.<\/p>\n<p>Expte. N\u00ba 6572\/13: &#8211; N.P. \u2013 Nieves Alonso: Solicita la incorporaci\u00f3n a su propiedad de un excedente lindero.<\/p>\n<p>Se aprueba por unanimidad el dictamen de las Comisiones de OBRAS P\u00daBLICAS E INTERPRETACI\u00d3N Y REGLAMENTO, que aconsejan enviar al \u00e1rea de Obras P\u00fablicas para que se d\u00e9 respuesta a lo solicitado a foja 1.-<\/p>\n<p>Expte. N\u00ba 6584\/13: &#8211; N.P.\u2013 Santiloni Adri\u00e1n Javier presenta problema que tiene con un lote de terreno de su propiedad en la localidad de Sierra de la Ventana y no puede acceder a los servicios b\u00e1sicos.<\/p>\n<p>Se aprueba por unanimidad el dictamen de las Comisiones de ASUNTOS MUNICIPALES Y OBRAS P\u00daBLICAS, que aconsejan enviar el mismo al Archivo, ya que la problem\u00e1tica est\u00e1 siendo abordada de manera integral.-<\/p>\n<p>Expte. N\u00ba 6648\/14: &#8211; Bloques F.P.C. y S., UCR y C.C. \u2013 Minuta de Comunicaci\u00f3n: Solicita que se arbitren los medios para la construcci\u00f3n de dos Pasos a Niveles en la Ciudad de Tornquist.<\/p>\n<p>Se aprueba por unanimidad el dictamen de las Comisiones de ASUNTOS MUNICIPALES Y OBRAS P\u00daBLICAS que aconsejan enviar el mismo a Obras P\u00fablicas para que se vuelva a realizar la solicitud a Ferro Expreso Pampeano, dado que no hubo respuesta por dicha empresa.-<\/p>\n<p>Expte. N\u00ba 6713\/15: &#8211; N.P. \u2013 Vecinos de Calle Rivadavia e\/Lamela y J. D. Filiberto: Solicitan ampliaci\u00f3n de Red Cloacal.<\/p>\n<p>Se aprueba por unanimidad el dictamen de la Comisi\u00f3n de OBRAS P\u00daBLICAS que aconseja enviar el mismo a Obras P\u00fablicas para que d\u00e9 respuesta a lo solicitado a foja 1.-<\/p>\n<p>Expte. N\u00ba 6784\/15: &#8211; N.P.- Ram\u00f3n Francisco Rodr\u00edguez: Propone realizar una reglamentaci\u00f3n restringiendo la velocidad en la Ruta N\u00ba 76 \u2013 tramo Tornquist-Saldungaray.<br \/>\nSe aprueba por unanimidad el dictamen de las Comisiones de INTERPRETACI\u00d3N Y REGLAMENTO, TURISMO Y DESARROLLO, ASUNTOS MUNICIPALES Y OBRAS P\u00daBLICAS, que aconsejan enviar el mismo al Archivo, dado que hay legislaci\u00f3n provincial.-<\/p>\n<p>Expte. N\u00ba 6841\/16: &#8211; Bloques Cambiemos Bs. As. y F.P.C. y S. \u2013 Minuta de Comunicaci\u00f3n: Ref. obras realizadas en el Distrito desde el a\u00f1o 2003 hasta la fecha con Fondos Nacionales y Provinciales.<br \/>\nSe aprueba por unanimidad el dictamen de las Comisiones de PRESUPUESTO Y HACIENDA, ASUNTOS MUNICIPALES Y OBRAS P\u00daBLICAS que aconsejan enviar el mismo al Archivo.-<\/p>\n<p>Expte. N\u00ba 6870\/16: &#8211; Bloque Corriente Renovadora \u2013 Proyecto de Ordenanza: Disponer en la Av. Roca de Sierra de la Ventana el estacionamiento a 45\u00ba sobre el lado impar.<\/p>\n<p>Se aprueba por unanimidad el dictamen de las Comisiones de OBRAS P\u00daBLICAS Y ASUNTOS MUNICIPALES, que aconsejan enviar el mismo al Archivo por existir la Ordenanza N\u00ba 3031\/18.<\/p>\n<p>Expte. N\u00ba 6906\/16: Bloque F.P.V. \u2013 Pedido de Informe: Ref. suspensi\u00f3n de la obra de Repavimentaci\u00f3n de calles Colectoras en Avda. del Libertador Gral. San Mart\u00edn de la localidad de Sierra de la Ventana.<\/p>\n<p>Se aprueba por unanimidad el dictamen de las Comisiones de ASUNTOS MUNICIPALES Y OBRAS P\u00daBLICAS, que aconsejan enviar el Expte. nuevamente a Obras P\u00fablicas para que se d\u00e9 respuesta a lo solicitado a fs. 1 y 2.-<\/p>\n<p>Expte. N\u00ba 6922\/17: Bloque F.P.V. \u2013 Concejal Ant\u00f3n: Pedido de Informe: Solicita se informen las acciones tomadas para concluir la obra de energizaci\u00f3n del Acueducto Sauce Grande y El Pinar.<\/p>\n<p>Se aprueba por unanimidad el dictamen de las Comisiones de OBRAS P\u00daBLICAS Y ASUNTOS MUNICIPALES, que aconsejan enviar el mismo a Obras P\u00fablicas reiterando el pedido de respuesta realizado 13\/03\/19 a foja 9, y se adjunte el Acta de entrega al que hace menci\u00f3n la Ing. Gisela Lencina a foja 6.-<\/p>\n<p>Expte. N\u00ba 7025\/18: N.P. \u2013 Karin True: Solicita medidas de seguridad sobre Avda. Malvinas de Sierra de la Ventana.<\/p>\n<p>Se aprueba por unanimidad el dictamen de las Comisiones de OBRAS P\u00daBLICAS Y ASUNTOS MUNICIPALES, habiendo analizado el Expte. N\u00ba 7025\/18, aconsejan enviar el mismo a Obras P\u00fablicas para ver si es posible analizar dicha inquietud.-<\/p>\n<p>Expte. N\u00ba 7052\/18: N.P. \u2013 Mesa de Trabajo Interinstitucional Villa Ventana: Ref. ampliaci\u00f3n red de Gas en Villa Ventana.<\/p>\n<p>Se aprueba por unanimidad el dictamen de las Comisiones de ASUNTOS MUNICIPALES Y OBRAS P\u00daBLICAS, que aconsejan enviar nuevamente a la Secretar\u00eda de Obras P\u00fablicas para que d\u00e9 respuesta a lo solicitado por la Mesa de Trabajo Interinstitucional de Villa Ventana obrante a foja 1.-<\/p>\n<p>Expte. N\u00ba 7222\/20: &#8211; Bloques Frente de Todos y Frente Justicialista Cumplir &#8211; Proyecto de Ordenanza: Deroga Ordenanza N\u00ba 1352\/99 y adhiere al Decreto Presidencial N\u00ba 096\/2019 en referencia a la prohibici\u00f3n, adquisici\u00f3n, y uso de Pirotecnia en el sector p\u00fablico.<\/p>\n<p>Se aprueba por unanimidad el dictamen de las Comisiones de INTERPRETACI\u00d3N Y REGLAMENTO, Y SALUD P\u00daBLICA, que aconsejan enviar el mismo al Archivo dado que fue promulgada la Ordenanza N\u00ba 3258\/20 mediante Decreto N\u00ba 687\/20.-<\/p>\n<p>Expte. N\u00ba 7223\/20: &#8211; H.C.D. &#8211; Proyecto de Ordenanza: Deroga Ordenanza N\u00ba 2797\/15, y adhiere a la Ley Nacional N\u00ba 14346- Tenencia responsable de Mascotas.<\/p>\n<p>Se aprueba por unanimidad el dictamen de las Comisiones de INTERPRETACI\u00d3N Y REGLAMENTO, Y SALUD P\u00daBLICA, que aconsejan enviar el mismo al Archivo dado que fue promulgada la Ordenanza N\u00ba 3259\/20 mediante Decreto N\u00ba 668\/20.-<\/p>\n<p>Expte. N\u00ba 7226\/20: &#8211; Bloques Frente de Todos y Frente Justicialista Cumplir &#8211; Proyecto de Ordenanza: Creaci\u00f3n del Servicio de Telemedicina en el \u00c1mbito del Hospital Municipal.<\/p>\n<p>Se aprueba por unanimidad el dictamen de las Comisiones de INTERPRETACI\u00d3N Y REGLAMENTO, Y SALUD P\u00daBLICA, que aconsejan enviar el mismo al \u00e1rea de Salud para que realicen las modificaciones pertinentes de acuerdo a lo conversado con el Secretario de Salud Dr. Daniel Barca.-<\/p>\n<p>Expte. N\u00ba 7233\/20: Bloques Frente de Todos y Frente Justicialista Cumplir &#8211; Proyecto de Resoluci\u00f3n: Adhesi\u00f3n a la Ley Provincial N\u00ba 15.035 y Ley Nacional N\u00ba 27.043 en ref. Trastornos del Espectro Autista.<\/p>\n<p>Seg\u00fan el dictamen de las Comisiones de INTERPRETACI\u00d3N Y REGLAMENTO, Y SALUD P\u00daBLICA, se aprueba por unanimidad la Resoluci\u00f3n N\u00ba 33\/20 por la que el Municipio de Tornquist se adhiere a la Ley Provincial N\u00ba 15.035 \u2013 Adhiere Ley Nacional N\u00ba 27.043 &#8211; referida al abordaje integral e interdisciplinario de las personas que presentan Trastornos del Espectro Autista (T.E.A.).-<br \/>\nSe solicita al intendente municipal Sr. Sergio Bordoni dar participaci\u00f3n a los diferentes actores del distrito de Tornquist en referencia a la tem\u00e1tica mencionada.-<br \/>\nSe env\u00eda copia de la presente a la Agrupaci\u00f3n Tornquist Habla de Autismo.-<\/p>\n<p>Expte. N\u00ba 7234\/20: &#8211; Bloques Frente de Todos y Frente Justicialista Cumplir &#8211; Proyecto de Ordenanza: Creaci\u00f3n Programa \u201cG\u00f3ndola Local\u201d.<\/p>\n<p>Se aprueba por unanimidad el dictamen de las Comisiones de INTERPRETACI\u00d3N Y REGLAMENTO, Y PRODUCCI\u00d3N, COMERCIO E INDUSTRIA que aconsejan enviar el mismo al \u00e1rea de Producci\u00f3n, Comercio e Industria para que se expida respecto al Proyecto que obra de fs. 1 a 3.-<\/p>\n<p>Expte. N\u00ba 7236\/20: &#8211; N.P. &#8211; Holzmann Melisa &#8211; Tornquist habla de Autismo &#8211; Solicita uso de la Banca Concejal N\u00ba 13.<\/p>\n<p>Se aprueba por unanimidad el dictamen de las Comisiones de ASUNTOS MUNICIPALES E INTERPRETACI\u00d3N Y REGLAMENTO, que aconsejan otorgar el uso de la Banca 13 el d\u00eda 17\/11 a las 19 hs.-<\/p>\n<p><strong>Proyectos Presentados<\/strong><\/p>\n<p>Bloques Cambiemos y Juntos por el Cambio &#8211; Proyecto de Ordenanza:<br \/>\nSe deroga en todos sus t\u00e9rminos la Ordenanza N\u00ba 3193\/20, en referencia a la necesidad de mantener las condiciones m\u00ednimas de seguridad, de conservaci\u00f3n, de higiene y de salubridad de los inmuebles bald\u00edos o construidos dentro del ejido urbano de las diferentes localidades del Partido de Tornquist.<br \/>\nImpone a todo propietario, poseedores y tenedores, por cualquier t\u00edtulo, de terrenos bald\u00edos, inmuebles edificados o veredas en estado de abandono o ruina, que no re\u00fanan dichas condiciones m\u00ednimas de seguridad, de higiene, de conservaci\u00f3n y\/o de salubridad, la obligaci\u00f3n de mantener en buen estado y cuidado, de desmalezar, de limpiar y\/o de desinfectar los mismos. Ser\u00e1n responsables del cumplimiento de esta Ordenanza, de forma solidaria, los propietarios de los terrenos bald\u00edos y aquellos que detenten, exploten, ejerzan la posesi\u00f3n o tenencia, cualquiera sea la causa de la ocupaci\u00f3n, siendo facultad del Poder Ejecutivo dirigir las actuaciones pertinentes, contra uno o varios responsables, conjunta o sucesivamente, de acuerdo con las circunstancias del caso.<br \/>\nFaculta al Departamento Ejecutivo a aplicar la Ordenanza a los Agentes Inmobiliarios que tengan a su cargo la gesti\u00f3n de ventas y\/o locaciones de los inmuebles que se encuentran en infracci\u00f3n, solidariamente con el propietario, aplic\u00e1ndose la pena fijada en la presente.<br \/>\nEstablece las multas se aplicar\u00e1n que por el incumplimiento de la misma.<\/p>\n<p>Se solicita formaci\u00f3n de Expediente y pase a Comisi\u00f3n.<\/p>\n<p>Bloques Cambiemos y Juntos por el Cambio &#8211; Proyecto Ordenanza:<br \/>\nProh\u00edbe en todo el \u00e1mbito del Distrito de Tornquist arrojar filtros y\/o colillas de cigarrillos en la v\u00eda p\u00fablica y en todos los espacios comunes de uso p\u00fablico.<br \/>\nSe dispone la creaci\u00f3n de un Sistema de Gesti\u00f3n Ambiental que implique la instalaci\u00f3n de recipientes que permitan depositar los filtros y\/o colillas de cigarrillos, dichos recipientes deben estar dispuestos en todos los espacios p\u00fablicos y dependencias estatales, tambi\u00e9n incluir a los locales habilitados brind\u00e1ndoles los recipientes e informaci\u00f3n sobre la importancia de estos.<\/p>\n<p>Se solicita formaci\u00f3n de Expediente y pase a Comisi\u00f3n.<\/p>\n<p>Bloques Cambiemos y Juntos por el Cambio \u2013 Proyecto de Resoluci\u00f3n:<br \/>\nDeclara de Inter\u00e9s Municipal, Comunitario, y de Salubridad P\u00fablica, la investigaci\u00f3n y ensayos cl\u00ednicos para Covid 19, como tratamiento alternativo frente a la emergencia sanitaria declarada en marzo 2020, con la soluci\u00f3n de Di\u00f3xido de Cloro a 3.000 ppm.<\/p>\n<p>Se solicita formaci\u00f3n de Expediente y pase a Comisi\u00f3n.<\/p>\n<p>Bloques Cambiemos y Juntos por el Cambio \u2013 Proyecto de Resoluci\u00f3n:<br \/>\nEl Honorable Concejo Deliberante adhiere y acompa\u00f1a el Proyecto de Ley presentado por la Diputada Provincial Ros\u00edo Antinori, ADHESI\u00d3N A LA LEY NACIONAL 27424, R\u00c9GIMEN DE FOMENTO A LA GENERACI\u00d3N DISTRIBUIDA DE ENERG\u00cdA RENOVABLE INTEGRADA A LA RED EL\u00c9CTRICA P\u00daBLICA, el cual se halla en la Legislatura Bonaerense con el n\u00famero de expediente: D-451\/19-20.<\/p>\n<p>Se solicita formaci\u00f3n de Expediente y pase a Comisi\u00f3n.<\/p>\n<p>Bloques Cambiemos y Juntos por el Cambio \u2013 Proyecto de Resoluci\u00f3n:<br \/>\nManiefiesta que el Honorable Concejo Deliberante de Tornquist ve con agrado que el Sr. Presidente de la Naci\u00f3n, Dr. Alberto Fern\u00e1ndez retire el pliego recientemente enviado al Senado de la Naci\u00f3n, para prestar acuerdo como vocal de la C\u00e1mara Nacional Electoral del Dr. Ra\u00fal Daniel Bejas. En tal sentido, resulta conveniente que solicite el acuerdo para la Dra. Alejandra L\u00e1zzaro, la cual se encuentra 1\u00b0 en la terna del Orden de M\u00e9rito del Consejo de la Magistratura de la Naci\u00f3n, proponi\u00e9ndose de esta manera a la persona mejor calificada para dicho cargo de acuerdo al concurso realizado al efecto y, por otra parte, cumpli\u00e9ndose con la perspectiva de g\u00e9nero en la m\u00e1xima instancia Judicial Federal Electoral del pa\u00eds.<\/p>\n<p>Se solicita formaci\u00f3n de Expediente y Pase a Comisi\u00f3n.<\/p>\n<p>Bloques Cambiemos y Juntos por el Cambio \u2013 Proyecto de Ordenanza:<br \/>\nDeroga en todos sus t\u00e9rminos la Ordenanza N\u00ba 1195\/97, en referencia a la prohibici\u00f3n de tenencia de animales de granja en la v\u00eda p\u00fablica.<br \/>\nRemarcando que en el marco de la Ley 24.449 y 13.927 y el Decreto Ley 10.081\/83 queda prohibida la permanencia de animales equinos, bovinos, porcinos , ovinos y todos aquellos denominados de granja en zonas Urbanas Periurbanas, zonas de uso p\u00fablico y zonas declaradas de inter\u00e9s Hist\u00f3rico y Cultural.<br \/>\nTambi\u00e9n queda prohibido dejar atado dichos animales a \u00e1rboles, columnas o postes que se encuentren enclavados en la v\u00eda p\u00fablica urbana. En las zonas rurales podr\u00e1n atarse de forma tal que no invadan las calzadas ni las banquinas.<\/p>\n<p>Se solicita formaci\u00f3n de Expediente y Pase a Comisi\u00f3n<\/p>\n<p>Asuntos Particulares<\/p>\n<p>N.P. Gladys Contreras Presidente Comisi\u00f3n Directiva Asociaci\u00f3n Prestadores Tur\u00edsticos y Comerciantes de Villa Ventana.<br \/>\nExpone la imperiosa necesidad de la instalaci\u00f3n de reductores de velocidad (lomo de burro, cuneta y\/o serruchos) en las arterias principales de la localidad Villa Ventana, y la implementaci\u00f3n de c\u00e1maras para control de velocidad manual o autom\u00e1ticas ya que no se respetan las velocidades m\u00e1ximas.<\/p>\n<p>N.P. Uni\u00f3n C\u00edvica Radical Sierra de la Ventana:<br \/>\nExponen diversas inquietudes de algunos vecinos de Sierra de la Ventana en referencia a la problem\u00e1tica del control de tr\u00e1nsito y estacionamiento vehicular, espec\u00edficamente en el centro urbano de dicha localidad.<\/p>\n<p>Se aprueba la moci\u00f3n de la Concejal Beatriz D\u00edaz, que solicita que se realice una reuni\u00f3n con el \u00e1rea correspondiente en relaci\u00f3n a las dos notas.<\/p>\n<p><a title=\"sesion 3-11 4\" href=\"http:\/\/live.staticflickr.com\/65535\/50572132008_640949de54_s.jpg\" rel=\"\"><img loading=\"lazy\" decoding=\"async\" class=\"aligncenter\" title=\"sesion 3-11 4\" src=\"http:\/\/live.staticflickr.com\/65535\/50572132008_640949de54_c.jpg\" alt=\"sesion 3-11 4\" width=\"800\" height=\"600\" \/><\/a><\/p>\n<p>Alocuciones de los Concejales:<\/p>\n<p>Concejal Elisabet Nori:<br \/>\n\u201cYo quer\u00eda hacer una breve referencia, en principio al Proyecto de Ordenanza de g\u00f3ndolas que present\u00f3 el Frente de Todos, que me parece sumamente importante y me parece muy positivo dado que realmente colabora con las econom\u00edas locales y con los productos regionales. Lo que quer\u00eda aclarar es que, bueno, en relaci\u00f3n a este tema hay dos Leyes, una Nacional y una Provincial que poseen el mismo esp\u00edritu que esta Ordenanza, que tambi\u00e9n promueven la venta de productos locales y regionales, incluso destinan, en estas leyes se destina parte de las g\u00f3ndolas de los supermercados o de los comercios para los productos que est\u00e9n elaborados por gente de la localidad o emprendimientos familiares. La Ley Provincial lleva por n\u00famero 15.199, fue aprobado hace poquito, el 8 de octubre, fue presentada por el Diputado Nardelli; y la Ley Nacional que hab\u00eda sido presentada en el a\u00f1o 2018 por el Diputado Olmedo, fue aprobada recientemente tambi\u00e9n, en el mes de febrero. As\u00ed que bueno, celebramos que esto pueda suceder en el distrito, y que bueno, que se lleve a cabo lo m\u00e1s pronto posible. Y en cuanto a otros proyectos que ya se han aprobado o que est\u00e1n por aprobarse o proyectos que han pasado a Comisi\u00f3n, como el de sorbetes, como el de compras p\u00fablicas sustentables, como el que fue de adhesi\u00f3n a la Ley Yolanda, como el de generaci\u00f3n de energ\u00eda distribuida, como la prohibici\u00f3n de arrojar colillas, son todos proyectos que tienden a favorecer el medio ambiente, y son solo una parte de una bater\u00eda de proyectos que hay en carpeta tendientes a este fin, a favorecer el medio ambiente, porque estamos convencidos que favoreciendo al medio ambiente estamos favoreciendo la salud de nuestra poblaci\u00f3n. Nada m\u00e1s se\u00f1or Presidente\u201d.<\/p>\n<p><a title=\"sesion 3-11 2\" href=\"http:\/\/live.staticflickr.com\/65535\/50573006502_a7da61e9e8_s.jpg\" rel=\"\"><img loading=\"lazy\" decoding=\"async\" title=\"sesion 3-11 2\" src=\"http:\/\/live.staticflickr.com\/65535\/50573006502_a7da61e9e8_c.jpg\" alt=\"sesion 3-11 2\" width=\"600\" height=\"800\" \/><\/a><\/p>\n<p>Concejal Juan Manuel Ibarra:<br \/>\n\u201cQuer\u00eda referirme espec\u00edficamente al proyecto de colillas que reci\u00e9n acaba de mencionar la Concejal Nori, y para darle el cr\u00e9dito a la persona que realmente corresponde, porque si bien el proyecto entra por el Bloque nuestro, la que impuls\u00f3 dicha idea, dicho trabajo es una jovencita de Tornquist llamada Naiara Echegu\u00eda. Realmente es alentador saber que personas tan j\u00f3venes se preocupen, y no solo se preocupen si no tambi\u00e9n que se ocupen y comprometan con el medio ambiente. Es digno de destacar, sobre todo para cuando hay personas que por ah\u00ed piensan que la juventud, una frase muy mencionada, est\u00e1 perdida o no se preocupa. Creo que hay muchos j\u00f3venes que realmente se preocupan, se interesan, sobre todo por el medio ambiente, por los derechos de los animales, y creo que es digno de destacar. As\u00ed que mis felicitaciones a esta chica, a Naiara Echegu\u00eda, que es la gran impulsora del proyecto. Nada m\u00e1s\u201d.<\/p>\n<p>Antes de finalizar la Sesi\u00f3n Ordinaria, el Presidente del Cuerpo realiza una aclaraci\u00f3n de por qu\u00e9 no se encuentran presentes los Concejales de los otros Bloques. Est\u00e1n aislados de manera preventiva, y bueno, nos pareci\u00f3 la mejor manera que puedan estar y a trav\u00e9s de las plataformas virtuales. Y bueno, dicho sea de paso esto nos va a servir para el d\u00eda de ma\u00f1ana si alg\u00fan otro tiene que aislarse preventivamente, seguir con esta modalidad.<\/p>\n<p>HONORABLE CONCEJO DELIBERANTE<\/p>\n","protected":false},"excerpt":{"rendered":"<p>Sesion\u00f3 el Honorable Concejo Deliberante en forma ordinaria y se trataron los siguientes temas:<\/p>\n","protected":false},"author":3,"featured_media":0,"comment_status":"closed","ping_status":"open","sticky":false,"template":"","format":"standard","meta":{"footnotes":""},"categories":[28],"tags":[],"class_list":["post-48970","post","type-post","status-publish","format-standard","hentry","category-municipales"],"yoast_head":"<!-- This site is optimized with the Yoast SEO plugin v25.9 - https:\/\/yoast.com\/wordpress\/plugins\/seo\/ -->\n<title>Informe de la sesi\u00f3n ordinaria del d\u00eda 03-11-20 - Noticias Radio Reflejos<\/title>\n<meta name=\"robots\" content=\"index, follow, max-snippet:-1, max-image-preview:large, max-video-preview:-1\" \/>\n<link rel=\"canonical\" href=\"https:\/\/www.noticiasradioreflejos.com.ar\/2021\/informe-de-la-sesion-ordinaria-del-dia-03-11-20\/\" \/>\n<meta property=\"og:locale\" content=\"es_ES\" \/>\n<meta property=\"og:type\" content=\"article\" \/>\n<meta property=\"og:title\" content=\"Informe de la sesi\u00f3n ordinaria del d\u00eda 03-11-20 - Noticias Radio Reflejos\" \/>\n<meta property=\"og:description\" content=\"Sesion\u00f3 el Honorable Concejo Deliberante en forma ordinaria y se trataron los siguientes temas:\" \/>\n<meta property=\"og:url\" content=\"https:\/\/www.noticiasradioreflejos.com.ar\/2021\/informe-de-la-sesion-ordinaria-del-dia-03-11-20\/\" \/>\n<meta property=\"og:site_name\" content=\"Noticias Radio Reflejos\" \/>\n<meta property=\"article:published_time\" content=\"2020-11-06T14:40:25+00:00\" \/>\n<meta property=\"og:image\" content=\"http:\/\/live.staticflickr.com\/65535\/50572908281_20ac8d570a_o.jpg\" \/>\n<meta name=\"author\" content=\"Arnaldo Botto\" \/>\n<meta name=\"twitter:card\" content=\"summary_large_image\" \/>\n<script type=\"application\/ld+json\" class=\"yoast-schema-graph\">{\"@context\":\"https:\/\/schema.org\",\"@graph\":[{\"@type\":\"WebPage\",\"@id\":\"https:\/\/www.noticiasradioreflejos.com.ar\/2021\/informe-de-la-sesion-ordinaria-del-dia-03-11-20\/\",\"url\":\"https:\/\/www.noticiasradioreflejos.com.ar\/2021\/informe-de-la-sesion-ordinaria-del-dia-03-11-20\/\",\"name\":\"Informe de la sesi\u00f3n ordinaria del d\u00eda 03-11-20 - Noticias Radio Reflejos\",\"isPartOf\":{\"@id\":\"https:\/\/www.noticiasradioreflejos.com.ar\/2021\/#website\"},\"primaryImageOfPage\":{\"@id\":\"https:\/\/www.noticiasradioreflejos.com.ar\/2021\/informe-de-la-sesion-ordinaria-del-dia-03-11-20\/#primaryimage\"},\"image\":{\"@id\":\"https:\/\/www.noticiasradioreflejos.com.ar\/2021\/informe-de-la-sesion-ordinaria-del-dia-03-11-20\/#primaryimage\"},\"thumbnailUrl\":\"http:\/\/live.staticflickr.com\/65535\/50572908281_20ac8d570a_o.jpg\",\"datePublished\":\"2020-11-06T14:40:25+00:00\",\"author\":{\"@id\":\"https:\/\/www.noticiasradioreflejos.com.ar\/2021\/#\/schema\/person\/ad82545263dcc5ec0996818884fd5fb1\"},\"breadcrumb\":{\"@id\":\"https:\/\/www.noticiasradioreflejos.com.ar\/2021\/informe-de-la-sesion-ordinaria-del-dia-03-11-20\/#breadcrumb\"},\"inLanguage\":\"es\",\"potentialAction\":[{\"@type\":\"ReadAction\",\"target\":[\"https:\/\/www.noticiasradioreflejos.com.ar\/2021\/informe-de-la-sesion-ordinaria-del-dia-03-11-20\/\"]}]},{\"@type\":\"ImageObject\",\"inLanguage\":\"es\",\"@id\":\"https:\/\/www.noticiasradioreflejos.com.ar\/2021\/informe-de-la-sesion-ordinaria-del-dia-03-11-20\/#primaryimage\",\"url\":\"http:\/\/live.staticflickr.com\/65535\/50572908281_20ac8d570a_o.jpg\",\"contentUrl\":\"http:\/\/live.staticflickr.com\/65535\/50572908281_20ac8d570a_o.jpg\"},{\"@type\":\"BreadcrumbList\",\"@id\":\"https:\/\/www.noticiasradioreflejos.com.ar\/2021\/informe-de-la-sesion-ordinaria-del-dia-03-11-20\/#breadcrumb\",\"itemListElement\":[{\"@type\":\"ListItem\",\"position\":1,\"name\":\"Portada\",\"item\":\"https:\/\/www.noticiasradioreflejos.com.ar\/2021\/\"},{\"@type\":\"ListItem\",\"position\":2,\"name\":\"Informe de la sesi\u00f3n ordinaria del d\u00eda 03-11-20\"}]},{\"@type\":\"WebSite\",\"@id\":\"https:\/\/www.noticiasradioreflejos.com.ar\/2021\/#website\",\"url\":\"https:\/\/www.noticiasradioreflejos.com.ar\/2021\/\",\"name\":\"Noticias Radio Reflejos\",\"description\":\"Las noticias de mi comarca\",\"potentialAction\":[{\"@type\":\"SearchAction\",\"target\":{\"@type\":\"EntryPoint\",\"urlTemplate\":\"https:\/\/www.noticiasradioreflejos.com.ar\/2021\/?s={search_term_string}\"},\"query-input\":{\"@type\":\"PropertyValueSpecification\",\"valueRequired\":true,\"valueName\":\"search_term_string\"}}],\"inLanguage\":\"es\"},{\"@type\":\"Person\",\"@id\":\"https:\/\/www.noticiasradioreflejos.com.ar\/2021\/#\/schema\/person\/ad82545263dcc5ec0996818884fd5fb1\",\"name\":\"Arnaldo Botto\",\"image\":{\"@type\":\"ImageObject\",\"inLanguage\":\"es\",\"@id\":\"https:\/\/www.noticiasradioreflejos.com.ar\/2021\/#\/schema\/person\/image\/\",\"url\":\"https:\/\/secure.gravatar.com\/avatar\/55cb5e37c1efa326397366e6974cb338056df65cb50e7d64d1cf314e87504837?s=96&d=mm&r=g\",\"contentUrl\":\"https:\/\/secure.gravatar.com\/avatar\/55cb5e37c1efa326397366e6974cb338056df65cb50e7d64d1cf314e87504837?s=96&d=mm&r=g\",\"caption\":\"Arnaldo Botto\"},\"url\":\"https:\/\/www.noticiasradioreflejos.com.ar\/2021\/author\/arnaldo\/\"}]}<\/script>\n<!-- \/ Yoast SEO plugin. -->","yoast_head_json":{"title":"Informe de la sesi\u00f3n ordinaria del d\u00eda 03-11-20 - Noticias Radio Reflejos","robots":{"index":"index","follow":"follow","max-snippet":"max-snippet:-1","max-image-preview":"max-image-preview:large","max-video-preview":"max-video-preview:-1"},"canonical":"https:\/\/www.noticiasradioreflejos.com.ar\/2021\/informe-de-la-sesion-ordinaria-del-dia-03-11-20\/","og_locale":"es_ES","og_type":"article","og_title":"Informe de la sesi\u00f3n ordinaria del d\u00eda 03-11-20 - Noticias Radio Reflejos","og_description":"Sesion\u00f3 el Honorable Concejo Deliberante en forma ordinaria y se trataron los siguientes temas:","og_url":"https:\/\/www.noticiasradioreflejos.com.ar\/2021\/informe-de-la-sesion-ordinaria-del-dia-03-11-20\/","og_site_name":"Noticias Radio Reflejos","article_published_time":"2020-11-06T14:40:25+00:00","og_image":[{"url":"http:\/\/live.staticflickr.com\/65535\/50572908281_20ac8d570a_o.jpg","type":"","width":"","height":""}],"author":"Arnaldo Botto","twitter_card":"summary_large_image","schema":{"@context":"https:\/\/schema.org","@graph":[{"@type":"WebPage","@id":"https:\/\/www.noticiasradioreflejos.com.ar\/2021\/informe-de-la-sesion-ordinaria-del-dia-03-11-20\/","url":"https:\/\/www.noticiasradioreflejos.com.ar\/2021\/informe-de-la-sesion-ordinaria-del-dia-03-11-20\/","name":"Informe de la sesi\u00f3n ordinaria del d\u00eda 03-11-20 - Noticias Radio Reflejos","isPartOf":{"@id":"https:\/\/www.noticiasradioreflejos.com.ar\/2021\/#website"},"primaryImageOfPage":{"@id":"https:\/\/www.noticiasradioreflejos.com.ar\/2021\/informe-de-la-sesion-ordinaria-del-dia-03-11-20\/#primaryimage"},"image":{"@id":"https:\/\/www.noticiasradioreflejos.com.ar\/2021\/informe-de-la-sesion-ordinaria-del-dia-03-11-20\/#primaryimage"},"thumbnailUrl":"http:\/\/live.staticflickr.com\/65535\/50572908281_20ac8d570a_o.jpg","datePublished":"2020-11-06T14:40:25+00:00","author":{"@id":"https:\/\/www.noticiasradioreflejos.com.ar\/2021\/#\/schema\/person\/ad82545263dcc5ec0996818884fd5fb1"},"breadcrumb":{"@id":"https:\/\/www.noticiasradioreflejos.com.ar\/2021\/informe-de-la-sesion-ordinaria-del-dia-03-11-20\/#breadcrumb"},"inLanguage":"es","potentialAction":[{"@type":"ReadAction","target":["https:\/\/www.noticiasradioreflejos.com.ar\/2021\/informe-de-la-sesion-ordinaria-del-dia-03-11-20\/"]}]},{"@type":"ImageObject","inLanguage":"es","@id":"https:\/\/www.noticiasradioreflejos.com.ar\/2021\/informe-de-la-sesion-ordinaria-del-dia-03-11-20\/#primaryimage","url":"http:\/\/live.staticflickr.com\/65535\/50572908281_20ac8d570a_o.jpg","contentUrl":"http:\/\/live.staticflickr.com\/65535\/50572908281_20ac8d570a_o.jpg"},{"@type":"BreadcrumbList","@id":"https:\/\/www.noticiasradioreflejos.com.ar\/2021\/informe-de-la-sesion-ordinaria-del-dia-03-11-20\/#breadcrumb","itemListElement":[{"@type":"ListItem","position":1,"name":"Portada","item":"https:\/\/www.noticiasradioreflejos.com.ar\/2021\/"},{"@type":"ListItem","position":2,"name":"Informe de la sesi\u00f3n ordinaria del d\u00eda 03-11-20"}]},{"@type":"WebSite","@id":"https:\/\/www.noticiasradioreflejos.com.ar\/2021\/#website","url":"https:\/\/www.noticiasradioreflejos.com.ar\/2021\/","name":"Noticias Radio Reflejos","description":"Las noticias de mi comarca","potentialAction":[{"@type":"SearchAction","target":{"@type":"EntryPoint","urlTemplate":"https:\/\/www.noticiasradioreflejos.com.ar\/2021\/?s={search_term_string}"},"query-input":{"@type":"PropertyValueSpecification","valueRequired":true,"valueName":"search_term_string"}}],"inLanguage":"es"},{"@type":"Person","@id":"https:\/\/www.noticiasradioreflejos.com.ar\/2021\/#\/schema\/person\/ad82545263dcc5ec0996818884fd5fb1","name":"Arnaldo Botto","image":{"@type":"ImageObject","inLanguage":"es","@id":"https:\/\/www.noticiasradioreflejos.com.ar\/2021\/#\/schema\/person\/image\/","url":"https:\/\/secure.gravatar.com\/avatar\/55cb5e37c1efa326397366e6974cb338056df65cb50e7d64d1cf314e87504837?s=96&d=mm&r=g","contentUrl":"https:\/\/secure.gravatar.com\/avatar\/55cb5e37c1efa326397366e6974cb338056df65cb50e7d64d1cf314e87504837?s=96&d=mm&r=g","caption":"Arnaldo Botto"},"url":"https:\/\/www.noticiasradioreflejos.com.ar\/2021\/author\/arnaldo\/"}]}},"_links":{"self":[{"href":"https:\/\/www.noticiasradioreflejos.com.ar\/2021\/wp-json\/wp\/v2\/posts\/48970","targetHints":{"allow":["GET"]}}],"collection":[{"href":"https:\/\/www.noticiasradioreflejos.com.ar\/2021\/wp-json\/wp\/v2\/posts"}],"about":[{"href":"https:\/\/www.noticiasradioreflejos.com.ar\/2021\/wp-json\/wp\/v2\/types\/post"}],"author":[{"embeddable":true,"href":"https:\/\/www.noticiasradioreflejos.com.ar\/2021\/wp-json\/wp\/v2\/users\/3"}],"replies":[{"embeddable":true,"href":"https:\/\/www.noticiasradioreflejos.com.ar\/2021\/wp-json\/wp\/v2\/comments?post=48970"}],"version-history":[{"count":0,"href":"https:\/\/www.noticiasradioreflejos.com.ar\/2021\/wp-json\/wp\/v2\/posts\/48970\/revisions"}],"wp:attachment":[{"href":"https:\/\/www.noticiasradioreflejos.com.ar\/2021\/wp-json\/wp\/v2\/media?parent=48970"}],"wp:term":[{"taxonomy":"category","embeddable":true,"href":"https:\/\/www.noticiasradioreflejos.com.ar\/2021\/wp-json\/wp\/v2\/categories?post=48970"},{"taxonomy":"post_tag","embeddable":true,"href":"https:\/\/www.noticiasradioreflejos.com.ar\/2021\/wp-json\/wp\/v2\/tags?post=48970"}],"curies":[{"name":"wp","href":"https:\/\/api.w.org\/{rel}","templated":true}]}}