{"id":48966,"date":"2020-11-06T09:07:06","date_gmt":"2020-11-06T12:07:06","guid":{"rendered":"http:\/\/www.noticiasradioreflejos.com.ar\/noticias\/?p=48966"},"modified":"2020-11-06T09:07:06","modified_gmt":"2020-11-06T12:07:06","slug":"covid-19-el-gobierno-evalua-aplicar-un-sistema-mixto-de-aislamiento-en-las-provincias-para-reactivar-el-turismo","status":"publish","type":"post","link":"https:\/\/www.noticiasradioreflejos.com.ar\/2021\/covid-19-el-gobierno-evalua-aplicar-un-sistema-mixto-de-aislamiento-en-las-provincias-para-reactivar-el-turismo\/","title":{"rendered":"COVID-19: el Gobierno eval\u00faa aplicar un sistema mixto de aislamiento en las provincias para reactivar el turismo"},"content":{"rendered":"<p>Para el nuevo anuncio de la cuarentena en el interior del pa\u00eds, se eval\u00faa un esquema mixto de aislamiento en algunas localidades con aumento de contagios y una apertura de actividades en aquellos lugares en los que se pueda habilitar el turismo<!--more--><\/p>\n<p><strong>Por\u00a0Mart\u00edn Dinatale &#8211;\u00a0<a href=\"mailto:mdinatale@infobae.com\">mdinatale@infobae.com<\/a><\/strong><\/p>\n<article class=\"article | col widescreen-8 desktop-8 tablet-12 width_full\"><picture class=\"font_tertiary visual__image\"><img loading=\"lazy\" decoding=\"async\" src=\"https:\/\/www.infobae.com\/new-resizer\/PA2_Hz0ePkIy_ps99E2pN8Q8gjQ=\/420x236\/filters:format(jpg):quality(85)\/\/cloudfront-us-east-1.images.arcpublishing.com\/infobae\/NOV2OOSZHRH4RLHTP4JSOXWX6E.jpg\" alt=\"El Gobierno quiere apostar al turismo para facilitar el ingreso de d\u00f3lares (@turismonacionar)\" width=\"1920\" height=\"1080\" \/>El Gobierno quiere apostar al turismo para facilitar el ingreso de d\u00f3lares (@turismonacionar)<\/picture>\n<p class=\"font_tertiary paragraph\">Bajo una fuerte presi\u00f3n tendiente a dar con la reactivaci\u00f3n del turismo en algunas localidades veraniegas pero con la dura realidad del COVID-19 que ilustra una curva de contagios que no baja en el interior del pa\u00eds,\u00a0<mark class=\"hl_yellow\"><b>el presidente Alberto Fern\u00e1ndez definir\u00e1 en las pr\u00f3ximas horas con los gobernadores un \u201cesquema mixto\u201d de continuidad de la cuarentena obligatoria.<\/b><\/mark><\/p>\n<p class=\"font_tertiary paragraph\">No hubo anoche la usual videoconferencia del jefe de Estado con los gobernadores previa a la definici\u00f3n de una nueva fase de cuarentena ni se espera que la haya. El Gobierno viene dialogando en las \u00faltimas semanas con varios mandatarios provinciales del tema,<\/p>\n<p class=\"font_tertiary paragraph\">En la Casa Rosada dicen que\u00a0<mark class=\"hl_yellow\">en el nuevo per\u00edodo de aislamiento se buscar\u00eda combinar el reclamo de las provincias para abrir actividades tur\u00edsticas al mismo tiempo que proteger el sistema sanitario<\/mark>\u00a0en aquellos lugares en que no disminuyeron los contagios.<\/p>\n<div class=\"Ad_1 | ad-wrapper display_flex align_items_center width_full justify_center\"><\/div>\n<p class=\"font_tertiary paragraph\">Si bien\u00a0<a href=\"https:\/\/www.infobae.com\/politica\/2020\/11\/05\/alberto-fernandez-se-reunira-manana-con-kicillof-y-rodriguez-larreta-para-definir-si-el-amba-abandona-la-fase-de-aislamiento\/\" target=\"_blank\" rel=\"noopener\">en el AMBA la intenci\u00f3n de la Casa Rosada es avanzar hacia una flexibilizaci\u00f3n mayor que permita el eventual pasaje del aislamiento obligatorio al distanciamiento<\/a>, en al menos\u00a0<b>10 provincias la situaci\u00f3n de pandemia se mantiene con una \u201cmeseta alta\u201d\u00a0<\/b>y esto implicar\u00eda un severo inconveniente para flexibilizar la cuarentena.<\/p>\n<p class=\"font_tertiary paragraph\">En el listado de provincias que hoy est\u00e1n en la<mark class=\"hl_yellow\"><b>\u00a0\u201cl\u00ednea roja\u201d<\/b><\/mark>\u00a0de coronavirus aparecen\u00a0<mark class=\"hl_yellow\">Tucum\u00e1n, Santa Fe, Mendoza, Chubut, Santa Cruz, C\u00f3rdoba, Salta, Neuqu\u00e9n, San Luis y R\u00edo Negro.\u00a0<\/mark>En la mayor\u00eda los niveles de ocupaci\u00f3n de camas de terapia intensiva se encuentra en el orden del\u00a0<b>80% promedio\u00a0<\/b>y los casos de contagio no han bajado o en tal caso la curva descendente es muy leve.<\/p>\n<picture class=\"font_tertiary visual__image\"><img loading=\"lazy\" decoding=\"async\" src=\"https:\/\/www.infobae.com\/new-resizer\/_fix60HvHA9IElpm_305N0ILcmo=\/420x236\/filters:format(jpg):quality(85)\/\/cloudfront-us-east-1.images.arcpublishing.com\/infobae\/WHJVYUVC6BE27LHYPRZ5Z6PAJY.jpeg\" alt=\"infobae-image\" width=\"1920\" height=\"1080\" \/><\/picture>\n<p class=\"font_tertiary paragraph\"><a href=\"https:\/\/www.infobae.com\/politica\/2020\/10\/22\/coronavirus-alberto-fernandez-definio-la-continuidad-de-una-cuarentena-estricta-en-ocho-provincias\/\" target=\"_blank\" rel=\"noopener\">En ocho de estas provincias se ingres\u00f3 hace 14 d\u00edas en el esquema previsto por el \u00faltimo decreto presidencial<\/a>\u00a0que dispuso la modalidad de distanciamiento social preventivo y obligatorio (DISPO).<\/p>\n<\/article>\n<p class=\"font_tertiary paragraph\">No est\u00e1 claro si en esas provincias seguir\u00e1 desde el lunes el mismo sistema de cuarentena o si el Gobierno marcar\u00e1 un \u201cesquema mixto\u201d en funci\u00f3n de los\u00a0<b>reclamos que hubo de varios gobernadores en las \u00faltimas horas para que haya una apertura.<\/b>\u00a0Esto es: la apertura de actividades recreativas y habilitaci\u00f3n de actividades tur\u00edsticas en algunas localidades y el cierre en aquellos lugares donde a\u00fan haya niveles de contagio de COVID-19 elevados.<\/p>\n<article class=\"article | col widescreen-8 desktop-8 tablet-12 width_full\">\n<p class=\"font_tertiary paragraph\">\u201cEn el interior del pa\u00eds el virus se disemin\u00f3 m\u00e1s all\u00e1 de las ciudades, lleg\u00f3 a peque\u00f1os pueblos, y es razonable que eso ocurra mientras siga el tr\u00e1nsito de personas, porque como siempre digo, nosotros vamos hacia el virus\u201d, detall\u00f3 el Presidente en su \u00faltima intervenci\u00f3n hace 15 d\u00edas para definir la nueva etapa de cuarentena. Esta idea no cambi\u00f3 demasiado y el escenario sigue igual en buena parte del interior.<\/p>\n<div class=\"Ad_3 | ad-wrapper display_flex align_items_center width_full justify_center\"><\/div>\n<p class=\"font_tertiary paragraph\">En esa l\u00ednea,\u00a0<b>Alberto Fern\u00e1ndez<\/b>, el ministro de Salud,\u00a0<b>Gin\u00e9s Gonz\u00e1lez Garc\u00eda<\/b>; el jefe de Gabinete,\u00a0<b>Santiago Cafiero\u00a0<\/b>y el resto del equipo eval\u00faan que el aislamiento obligatorio en al menos 10 provincias se mantendr\u00eda aunque\u00a0<mark class=\"hl_yellow\">s\u00f3lo en aquellas localidades que tienen niveles altos de contagio<\/mark>. Se permitir\u00eda para esto que haya un flujo controlado entre una provincia y otra para el per\u00edodo estival.<\/p>\n<picture class=\"font_tertiary visual__image\"><img loading=\"lazy\" decoding=\"async\" src=\"https:\/\/www.infobae.com\/new-resizer\/LTglA7PnffXUS-3nyzRorKl2wjU=\/420x236\/filters:format(jpg):quality(85)\/\/cloudfront-us-east-1.images.arcpublishing.com\/infobae\/GRAVONKQTJHCLGCZVGUJNYVHP4.jpg\" alt=\"Santiago Cafiero\" width=\"6240\" height=\"3504\" \/>Santiago Cafiero<\/picture>\n<p class=\"font_tertiary paragraph\">Esta es una decisi\u00f3n que podr\u00eda acordar Cafiero con cada gobernador ya que hasta ahora el transporte p\u00fablico de pasajeros entre provincias est\u00e1 limitado al personal \u201cesencial\u201d. Esto implicar\u00eda pasar de un esquema de turismo interno a un turismo interprovincial.<\/p>\n<div class=\"Ad_4 | ad-wrapper display_flex align_items_center width_full justify_center\">Seg\u00fan un sondeo que realiz\u00f3\u00a0<b>Infobae<\/b>\u00a0por diferentes distritos, el panorama de COVID-19 resulta preocupante en ciertas provincias mientras que en algunas hay signos de cierto amesetamiento de los contagios que podr\u00eda implicar una apertura regulada de actividades.<\/div>\n<p class=\"font_tertiary paragraph\">En<b>\u00a0<\/b><mark class=\"hl_yellow\"><b>Tucum\u00e1n<\/b>,\u00a0<\/mark>el gobernador\u00a0<b>Juan Manzur<\/b>\u00a0logr\u00f3 controlar los casos en el interior de la provincia aunque en la Capital hay m\u00e1s de 600 contagios por d\u00eda y el nivel de ocupaci\u00f3n de camas de terapia es del orden del 80%. Hay hasta ahora un total de 52.968 contagios y el incremento de casos es de m\u00e1s de 500 casos por d\u00eda.<\/p>\n<p class=\"font_tertiary paragraph\"><mark class=\"hl_yellow\"><b>Salta<\/b><\/mark>\u00a0presenta un panorama similar al de Tucum\u00e1n donde en la capital hay decretado un aislamiento social obligatorio que se mantendr\u00eda ya que los niveles de contagio no han bajado y los niveles de ocupaci\u00f3n de camas son del 70%. Con 19.300 casos de COVID Salta se encuentra en una situaci\u00f3n complicada en su capital aunque en el resto de la provincia los niveles son normales y el gobernador\u00a0<b>Gustavo S\u00e1enz\u00a0<\/b>reclam\u00f3\u00a0<mark class=\"hl_yellow\">una apertura de actividades para reactivar el turismo en el verano.<\/mark><\/p>\n<p class=\"font_tertiary paragraph\">El gobernador<b>\u00a0Omar Perotti<\/b>\u00a0en\u00a0<mark class=\"hl_yellow\"><b>Santa Fe<\/b><\/mark>\u00a0est\u00e1 realizando aperturas de actividades en algunas localidades aunque los allegados al mandatario santafecino admitieron ante<b>\u00a0Infobae<\/b>\u00a0que \u201cno hay mucho margen\u201d para cerrar mucho m\u00e1s la econom\u00eda local.<\/p>\n<p class=\"font_tertiary paragraph\">De todas maneras, el panorama en algunas localidades santafesinas no es muy diferente que hace 14 d\u00edas. Con 114.359 contagios hasta ayer,\u00a0<b>el 78% de las camas de terapia est\u00e1n ocupadas\u00a0<\/b>y si bien los contagios diarios bajaron de 2.800 casos a 1.500 en los \u00faltimos 10 d\u00edas hay localidades donde siguen en riesgo sanitario.<\/p>\n<picture class=\"font_tertiary visual__image\"><img loading=\"lazy\" decoding=\"async\" src=\"https:\/\/www.infobae.com\/new-resizer\/S6wXyaXNsAj-7bOmB2hH-p8F6zY=\/420x236\/filters:format(jpg):quality(85)\/\/cloudfront-us-east-1.images.arcpublishing.com\/infobae\/ZFVWYR2Q5RCAXO4E6L4DTHEIVQ.jpg\" alt=\"Omar Perotti junto al presidente Alberto Fern\u00e1ndez \" width=\"1920\" height=\"1080\" \/>Omar Perotti junto al presidente Alberto Fern\u00e1ndez<\/picture>\n<p class=\"font_tertiary paragraph\">Sin embargo, atento al inminente per\u00edodo estival Perotti tambi\u00e9n plantea la idea de planificar un esquema de\u00a0<b>aperturas controladas para empezar a establecer actividades tur\u00edsticas en aquellos lugares donde se pueda<\/b>. De hecho, el mandatario de Santa Fe se reuni\u00f3 ayer con el ministro de Turismo y Deportes,\u00a0<b>Mat\u00edas Lammens<\/b>, quien le adelant\u00f3 que en el verano habr\u00e1 una ayuda de la Naci\u00f3n para fomentar el turismo, obras de infraestructura y la posibilidad de impulsar un turismo alternativo a la Costa Atl\u00e1ntica.<\/p>\n<p class=\"font_tertiary paragraph\">\u201cTenemos que dotar de infraestructura a los destinos tur\u00edsticos y Santa Fe tiene mucho que ofrecer con una gran oportunidad\u201d, dijo Lammens tras la reuni\u00f3n con Perotti.<\/p>\n<p class=\"font_tertiary paragraph\">En\u00a0<mark class=\"hl_yellow\"><b>Neuqu\u00e9n\u00a0<\/b><\/mark>el gobernador<b>\u00a0Omar Guti\u00e9rrez\u00a0<\/b>ayer se reuni\u00f3 con los intendentes de las seis localidades m\u00e1s complicadas porque el COVID-19 no da tregua. Estas son: Neuqu\u00e9n capital, Plottier, Centenario, Senillosa, Cutral Co, Plaza Huincul y Rinc\u00f3n delos Sauces. En esas zonas se lleg\u00f3 a niveles de contagio de hasta 24.500 casos pero en el resto de la provincia el tema est\u00e1 controlado con lo que se espera a<mark class=\"hl_yellow\">rmar un operativo para que haya actividades tur\u00edsticas en el verano<\/mark>.<\/p>\n<p class=\"font_tertiary paragraph\">En\u00a0<mark class=\"hl_yellow\"><b>C\u00f3rdoba\u00a0<\/b><\/mark>hay una importante cantidad de localidades en que hubo apertura de actividades, el nivel de ocupaci\u00f3n de camas descendi\u00f3 y el gobernador\u00a0<b>Juan Schiaretti<\/b>\u00a0pidi\u00f3 a la Casa Rosada avanzar hacia un esquema de flexibilizaci\u00f3n de cuarentena para empezar a preparar el per\u00edodo estival del turismo.<\/p>\n<picture class=\"font_tertiary visual__image\"><img loading=\"lazy\" decoding=\"async\" src=\"https:\/\/www.infobae.com\/new-resizer\/4D8N3gchTN0_ekI0qFr86Rfy4eU=\/420x236\/filters:format(jpg):quality(85)\/\/cloudfront-us-east-1.images.arcpublishing.com\/infobae\/2KM3D7BCVNF23FUNGAIV2C3PZA.jpg\" alt=\"Juan Schiaretti\" width=\"1200\" height=\"675\" \/>Juan Schiaretti<\/picture>\n<p class=\"font_tertiary paragraph\">En este sentido, los voceros de Schiaretti explicaron a<b>\u00a0Infobae<\/b>\u00a0que se est\u00e1n trabajando los protocolos y ya hubo reuni\u00f3n\u00a0<mark class=\"hl_yellow\">con intendentes de 150 ciudades tur\u00edsticas y con las c\u00e1maras de entidades tur\u00edsticas para establecer un esquema inicial con quienes tienen propiedades en las zonas tur\u00edsticas<\/mark>\u00a0para que puedan acondicionar sus propiedades para la temporada.<\/p>\n<p class=\"font_tertiary paragraph\">En\u00a0<mark class=\"hl_yellow\"><b>Mendoza,<\/b><\/mark>\u00a0el gobernador,\u00a0<b>Rodolfo Suarez<\/b>, solicit\u00f3 formalmente a la Naci\u00f3n recategorizar nuevamente a los departamentos del Gran Mendoza, Tupungato y Tunuy\u00e1n e incluirlos en la fase de Distanciamiento Social Preventivo y Obligatorio (DISPO). El pedido fue enviado al jefe de Gabinete con el detalle de la situaci\u00f3n sanitaria y epidemiol\u00f3gica de la provincia.<\/p>\n<p class=\"font_tertiary paragraph\">En este sentido, Su\u00e1rez dijo que \u201cla curva de contagio se encuentra amesetada y en franco retroceso en cuanto a los porcentajes de positividad, la baja tasa de letalidad (1,62%) y la tasa de duplicaci\u00f3n que a la fecha se encuentra en m\u00e1s de 60 (sesenta) d\u00edas\u201d. Con m\u00e1s de 49.000 contagios, la tasa de ocupaci\u00f3n de camas UTI es de aproximadamente 80% y la de camas de sala, inferior al 65% (sesenta y cinco por ciento).<\/p>\n<p class=\"font_tertiary paragraph\">No obstante,\u00a0<mark class=\"hl_yellow\">Su\u00e1rez pidi\u00f3 a la Casa Rosada que se contemple la autorizaci\u00f3n para reanudar las reuniones familiares<\/mark>, turf, centros culturales y salas, jardines maternales, salas de juego y casinos, F\u00fatbol 5, escuelas de verano y natatorios en clubes.<\/p>\n<\/article>\n","protected":false},"excerpt":{"rendered":"<p>Para el nuevo anuncio de la cuarentena en el interior del pa\u00eds, se eval\u00faa un esquema mixto de aislamiento en algunas localidades con aumento de contagios y una apertura de actividades en aquellos lugares en los que se pueda habilitar el turismo<\/p>\n","protected":false},"author":3,"featured_media":1895,"comment_status":"closed","ping_status":"open","sticky":false,"template":"","format":"standard","meta":{"footnotes":""},"categories":[33],"tags":[],"class_list":["post-48966","post","type-post","status-publish","format-standard","has-post-thumbnail","hentry","category-turismo"],"yoast_head":"<!-- This site is optimized with the Yoast SEO plugin v25.9 - https:\/\/yoast.com\/wordpress\/plugins\/seo\/ -->\n<title>COVID-19: el Gobierno eval\u00faa aplicar un sistema mixto de aislamiento en las provincias para reactivar el turismo - Noticias Radio Reflejos<\/title>\n<meta name=\"robots\" content=\"index, follow, max-snippet:-1, max-image-preview:large, max-video-preview:-1\" \/>\n<link rel=\"canonical\" href=\"https:\/\/www.noticiasradioreflejos.com.ar\/2021\/covid-19-el-gobierno-evalua-aplicar-un-sistema-mixto-de-aislamiento-en-las-provincias-para-reactivar-el-turismo\/\" \/>\n<meta property=\"og:locale\" content=\"es_ES\" \/>\n<meta property=\"og:type\" content=\"article\" \/>\n<meta property=\"og:title\" content=\"COVID-19: el Gobierno eval\u00faa aplicar un sistema mixto de aislamiento en las provincias para reactivar el turismo - Noticias Radio Reflejos\" \/>\n<meta property=\"og:description\" content=\"Para el nuevo anuncio de la cuarentena en el interior del pa\u00eds, se eval\u00faa un esquema mixto de aislamiento en algunas localidades con aumento de contagios y una apertura de actividades en aquellos lugares en los que se pueda habilitar el turismo\" \/>\n<meta property=\"og:url\" content=\"https:\/\/www.noticiasradioreflejos.com.ar\/2021\/covid-19-el-gobierno-evalua-aplicar-un-sistema-mixto-de-aislamiento-en-las-provincias-para-reactivar-el-turismo\/\" \/>\n<meta property=\"og:site_name\" content=\"Noticias Radio Reflejos\" \/>\n<meta property=\"article:published_time\" content=\"2020-11-06T12:07:06+00:00\" \/>\n<meta property=\"og:image\" content=\"https:\/\/www.noticiasradioreflejos.com.ar\/2021\/wp-content\/uploads\/2016\/10\/545776_411527758865935_100000261420779_1582443_1822966790_n-1.jpg\" \/>\n\t<meta property=\"og:image:width\" content=\"960\" \/>\n\t<meta property=\"og:image:height\" content=\"540\" \/>\n\t<meta property=\"og:image:type\" content=\"image\/jpeg\" \/>\n<meta name=\"author\" content=\"Arnaldo Botto\" \/>\n<meta name=\"twitter:card\" content=\"summary_large_image\" \/>\n<script type=\"application\/ld+json\" class=\"yoast-schema-graph\">{\"@context\":\"https:\/\/schema.org\",\"@graph\":[{\"@type\":\"WebPage\",\"@id\":\"https:\/\/www.noticiasradioreflejos.com.ar\/2021\/covid-19-el-gobierno-evalua-aplicar-un-sistema-mixto-de-aislamiento-en-las-provincias-para-reactivar-el-turismo\/\",\"url\":\"https:\/\/www.noticiasradioreflejos.com.ar\/2021\/covid-19-el-gobierno-evalua-aplicar-un-sistema-mixto-de-aislamiento-en-las-provincias-para-reactivar-el-turismo\/\",\"name\":\"COVID-19: el Gobierno eval\u00faa aplicar un sistema mixto de aislamiento en las provincias para reactivar el turismo - Noticias Radio Reflejos\",\"isPartOf\":{\"@id\":\"https:\/\/www.noticiasradioreflejos.com.ar\/2021\/#website\"},\"primaryImageOfPage\":{\"@id\":\"https:\/\/www.noticiasradioreflejos.com.ar\/2021\/covid-19-el-gobierno-evalua-aplicar-un-sistema-mixto-de-aislamiento-en-las-provincias-para-reactivar-el-turismo\/#primaryimage\"},\"image\":{\"@id\":\"https:\/\/www.noticiasradioreflejos.com.ar\/2021\/covid-19-el-gobierno-evalua-aplicar-un-sistema-mixto-de-aislamiento-en-las-provincias-para-reactivar-el-turismo\/#primaryimage\"},\"thumbnailUrl\":\"https:\/\/www.noticiasradioreflejos.com.ar\/2021\/wp-content\/uploads\/2016\/10\/545776_411527758865935_100000261420779_1582443_1822966790_n-1.jpg\",\"datePublished\":\"2020-11-06T12:07:06+00:00\",\"author\":{\"@id\":\"https:\/\/www.noticiasradioreflejos.com.ar\/2021\/#\/schema\/person\/ad82545263dcc5ec0996818884fd5fb1\"},\"breadcrumb\":{\"@id\":\"https:\/\/www.noticiasradioreflejos.com.ar\/2021\/covid-19-el-gobierno-evalua-aplicar-un-sistema-mixto-de-aislamiento-en-las-provincias-para-reactivar-el-turismo\/#breadcrumb\"},\"inLanguage\":\"es\",\"potentialAction\":[{\"@type\":\"ReadAction\",\"target\":[\"https:\/\/www.noticiasradioreflejos.com.ar\/2021\/covid-19-el-gobierno-evalua-aplicar-un-sistema-mixto-de-aislamiento-en-las-provincias-para-reactivar-el-turismo\/\"]}]},{\"@type\":\"ImageObject\",\"inLanguage\":\"es\",\"@id\":\"https:\/\/www.noticiasradioreflejos.com.ar\/2021\/covid-19-el-gobierno-evalua-aplicar-un-sistema-mixto-de-aislamiento-en-las-provincias-para-reactivar-el-turismo\/#primaryimage\",\"url\":\"https:\/\/www.noticiasradioreflejos.com.ar\/2021\/wp-content\/uploads\/2016\/10\/545776_411527758865935_100000261420779_1582443_1822966790_n-1.jpg\",\"contentUrl\":\"https:\/\/www.noticiasradioreflejos.com.ar\/2021\/wp-content\/uploads\/2016\/10\/545776_411527758865935_100000261420779_1582443_1822966790_n-1.jpg\",\"width\":960,\"height\":540},{\"@type\":\"BreadcrumbList\",\"@id\":\"https:\/\/www.noticiasradioreflejos.com.ar\/2021\/covid-19-el-gobierno-evalua-aplicar-un-sistema-mixto-de-aislamiento-en-las-provincias-para-reactivar-el-turismo\/#breadcrumb\",\"itemListElement\":[{\"@type\":\"ListItem\",\"position\":1,\"name\":\"Portada\",\"item\":\"https:\/\/www.noticiasradioreflejos.com.ar\/2021\/\"},{\"@type\":\"ListItem\",\"position\":2,\"name\":\"COVID-19: el Gobierno eval\u00faa aplicar un sistema mixto de aislamiento en las provincias para reactivar el turismo\"}]},{\"@type\":\"WebSite\",\"@id\":\"https:\/\/www.noticiasradioreflejos.com.ar\/2021\/#website\",\"url\":\"https:\/\/www.noticiasradioreflejos.com.ar\/2021\/\",\"name\":\"Noticias Radio Reflejos\",\"description\":\"Las noticias de mi comarca\",\"potentialAction\":[{\"@type\":\"SearchAction\",\"target\":{\"@type\":\"EntryPoint\",\"urlTemplate\":\"https:\/\/www.noticiasradioreflejos.com.ar\/2021\/?s={search_term_string}\"},\"query-input\":{\"@type\":\"PropertyValueSpecification\",\"valueRequired\":true,\"valueName\":\"search_term_string\"}}],\"inLanguage\":\"es\"},{\"@type\":\"Person\",\"@id\":\"https:\/\/www.noticiasradioreflejos.com.ar\/2021\/#\/schema\/person\/ad82545263dcc5ec0996818884fd5fb1\",\"name\":\"Arnaldo Botto\",\"image\":{\"@type\":\"ImageObject\",\"inLanguage\":\"es\",\"@id\":\"https:\/\/www.noticiasradioreflejos.com.ar\/2021\/#\/schema\/person\/image\/\",\"url\":\"https:\/\/secure.gravatar.com\/avatar\/55cb5e37c1efa326397366e6974cb338056df65cb50e7d64d1cf314e87504837?s=96&d=mm&r=g\",\"contentUrl\":\"https:\/\/secure.gravatar.com\/avatar\/55cb5e37c1efa326397366e6974cb338056df65cb50e7d64d1cf314e87504837?s=96&d=mm&r=g\",\"caption\":\"Arnaldo Botto\"},\"url\":\"https:\/\/www.noticiasradioreflejos.com.ar\/2021\/author\/arnaldo\/\"}]}<\/script>\n<!-- \/ Yoast SEO plugin. -->","yoast_head_json":{"title":"COVID-19: el Gobierno eval\u00faa aplicar un sistema mixto de aislamiento en las provincias para reactivar el turismo - Noticias Radio Reflejos","robots":{"index":"index","follow":"follow","max-snippet":"max-snippet:-1","max-image-preview":"max-image-preview:large","max-video-preview":"max-video-preview:-1"},"canonical":"https:\/\/www.noticiasradioreflejos.com.ar\/2021\/covid-19-el-gobierno-evalua-aplicar-un-sistema-mixto-de-aislamiento-en-las-provincias-para-reactivar-el-turismo\/","og_locale":"es_ES","og_type":"article","og_title":"COVID-19: el Gobierno eval\u00faa aplicar un sistema mixto de aislamiento en las provincias para reactivar el turismo - Noticias Radio Reflejos","og_description":"Para el nuevo anuncio de la cuarentena en el interior del pa\u00eds, se eval\u00faa un esquema mixto de aislamiento en algunas localidades con aumento de contagios y una apertura de actividades en aquellos lugares en los que se pueda habilitar el turismo","og_url":"https:\/\/www.noticiasradioreflejos.com.ar\/2021\/covid-19-el-gobierno-evalua-aplicar-un-sistema-mixto-de-aislamiento-en-las-provincias-para-reactivar-el-turismo\/","og_site_name":"Noticias Radio Reflejos","article_published_time":"2020-11-06T12:07:06+00:00","og_image":[{"width":960,"height":540,"url":"https:\/\/www.noticiasradioreflejos.com.ar\/2021\/wp-content\/uploads\/2016\/10\/545776_411527758865935_100000261420779_1582443_1822966790_n-1.jpg","type":"image\/jpeg"}],"author":"Arnaldo Botto","twitter_card":"summary_large_image","schema":{"@context":"https:\/\/schema.org","@graph":[{"@type":"WebPage","@id":"https:\/\/www.noticiasradioreflejos.com.ar\/2021\/covid-19-el-gobierno-evalua-aplicar-un-sistema-mixto-de-aislamiento-en-las-provincias-para-reactivar-el-turismo\/","url":"https:\/\/www.noticiasradioreflejos.com.ar\/2021\/covid-19-el-gobierno-evalua-aplicar-un-sistema-mixto-de-aislamiento-en-las-provincias-para-reactivar-el-turismo\/","name":"COVID-19: el Gobierno eval\u00faa aplicar un sistema mixto de aislamiento en las provincias para reactivar el turismo - Noticias Radio Reflejos","isPartOf":{"@id":"https:\/\/www.noticiasradioreflejos.com.ar\/2021\/#website"},"primaryImageOfPage":{"@id":"https:\/\/www.noticiasradioreflejos.com.ar\/2021\/covid-19-el-gobierno-evalua-aplicar-un-sistema-mixto-de-aislamiento-en-las-provincias-para-reactivar-el-turismo\/#primaryimage"},"image":{"@id":"https:\/\/www.noticiasradioreflejos.com.ar\/2021\/covid-19-el-gobierno-evalua-aplicar-un-sistema-mixto-de-aislamiento-en-las-provincias-para-reactivar-el-turismo\/#primaryimage"},"thumbnailUrl":"https:\/\/www.noticiasradioreflejos.com.ar\/2021\/wp-content\/uploads\/2016\/10\/545776_411527758865935_100000261420779_1582443_1822966790_n-1.jpg","datePublished":"2020-11-06T12:07:06+00:00","author":{"@id":"https:\/\/www.noticiasradioreflejos.com.ar\/2021\/#\/schema\/person\/ad82545263dcc5ec0996818884fd5fb1"},"breadcrumb":{"@id":"https:\/\/www.noticiasradioreflejos.com.ar\/2021\/covid-19-el-gobierno-evalua-aplicar-un-sistema-mixto-de-aislamiento-en-las-provincias-para-reactivar-el-turismo\/#breadcrumb"},"inLanguage":"es","potentialAction":[{"@type":"ReadAction","target":["https:\/\/www.noticiasradioreflejos.com.ar\/2021\/covid-19-el-gobierno-evalua-aplicar-un-sistema-mixto-de-aislamiento-en-las-provincias-para-reactivar-el-turismo\/"]}]},{"@type":"ImageObject","inLanguage":"es","@id":"https:\/\/www.noticiasradioreflejos.com.ar\/2021\/covid-19-el-gobierno-evalua-aplicar-un-sistema-mixto-de-aislamiento-en-las-provincias-para-reactivar-el-turismo\/#primaryimage","url":"https:\/\/www.noticiasradioreflejos.com.ar\/2021\/wp-content\/uploads\/2016\/10\/545776_411527758865935_100000261420779_1582443_1822966790_n-1.jpg","contentUrl":"https:\/\/www.noticiasradioreflejos.com.ar\/2021\/wp-content\/uploads\/2016\/10\/545776_411527758865935_100000261420779_1582443_1822966790_n-1.jpg","width":960,"height":540},{"@type":"BreadcrumbList","@id":"https:\/\/www.noticiasradioreflejos.com.ar\/2021\/covid-19-el-gobierno-evalua-aplicar-un-sistema-mixto-de-aislamiento-en-las-provincias-para-reactivar-el-turismo\/#breadcrumb","itemListElement":[{"@type":"ListItem","position":1,"name":"Portada","item":"https:\/\/www.noticiasradioreflejos.com.ar\/2021\/"},{"@type":"ListItem","position":2,"name":"COVID-19: el Gobierno eval\u00faa aplicar un sistema mixto de aislamiento en las provincias para reactivar el turismo"}]},{"@type":"WebSite","@id":"https:\/\/www.noticiasradioreflejos.com.ar\/2021\/#website","url":"https:\/\/www.noticiasradioreflejos.com.ar\/2021\/","name":"Noticias Radio Reflejos","description":"Las noticias de mi comarca","potentialAction":[{"@type":"SearchAction","target":{"@type":"EntryPoint","urlTemplate":"https:\/\/www.noticiasradioreflejos.com.ar\/2021\/?s={search_term_string}"},"query-input":{"@type":"PropertyValueSpecification","valueRequired":true,"valueName":"search_term_string"}}],"inLanguage":"es"},{"@type":"Person","@id":"https:\/\/www.noticiasradioreflejos.com.ar\/2021\/#\/schema\/person\/ad82545263dcc5ec0996818884fd5fb1","name":"Arnaldo Botto","image":{"@type":"ImageObject","inLanguage":"es","@id":"https:\/\/www.noticiasradioreflejos.com.ar\/2021\/#\/schema\/person\/image\/","url":"https:\/\/secure.gravatar.com\/avatar\/55cb5e37c1efa326397366e6974cb338056df65cb50e7d64d1cf314e87504837?s=96&d=mm&r=g","contentUrl":"https:\/\/secure.gravatar.com\/avatar\/55cb5e37c1efa326397366e6974cb338056df65cb50e7d64d1cf314e87504837?s=96&d=mm&r=g","caption":"Arnaldo Botto"},"url":"https:\/\/www.noticiasradioreflejos.com.ar\/2021\/author\/arnaldo\/"}]}},"_links":{"self":[{"href":"https:\/\/www.noticiasradioreflejos.com.ar\/2021\/wp-json\/wp\/v2\/posts\/48966","targetHints":{"allow":["GET"]}}],"collection":[{"href":"https:\/\/www.noticiasradioreflejos.com.ar\/2021\/wp-json\/wp\/v2\/posts"}],"about":[{"href":"https:\/\/www.noticiasradioreflejos.com.ar\/2021\/wp-json\/wp\/v2\/types\/post"}],"author":[{"embeddable":true,"href":"https:\/\/www.noticiasradioreflejos.com.ar\/2021\/wp-json\/wp\/v2\/users\/3"}],"replies":[{"embeddable":true,"href":"https:\/\/www.noticiasradioreflejos.com.ar\/2021\/wp-json\/wp\/v2\/comments?post=48966"}],"version-history":[{"count":0,"href":"https:\/\/www.noticiasradioreflejos.com.ar\/2021\/wp-json\/wp\/v2\/posts\/48966\/revisions"}],"wp:featuredmedia":[{"embeddable":true,"href":"https:\/\/www.noticiasradioreflejos.com.ar\/2021\/wp-json\/wp\/v2\/media\/1895"}],"wp:attachment":[{"href":"https:\/\/www.noticiasradioreflejos.com.ar\/2021\/wp-json\/wp\/v2\/media?parent=48966"}],"wp:term":[{"taxonomy":"category","embeddable":true,"href":"https:\/\/www.noticiasradioreflejos.com.ar\/2021\/wp-json\/wp\/v2\/categories?post=48966"},{"taxonomy":"post_tag","embeddable":true,"href":"https:\/\/www.noticiasradioreflejos.com.ar\/2021\/wp-json\/wp\/v2\/tags?post=48966"}],"curies":[{"name":"wp","href":"https:\/\/api.w.org\/{rel}","templated":true}]}}