{"id":48962,"date":"2020-11-06T08:36:09","date_gmt":"2020-11-06T11:36:09","guid":{"rendered":"http:\/\/www.noticiasradioreflejos.com.ar\/noticias\/?p=48962"},"modified":"2020-11-06T08:36:09","modified_gmt":"2020-11-06T11:36:09","slug":"habilitan-la-vuelta-a-clases-presenciales-en-las-universidades","status":"publish","type":"post","link":"https:\/\/www.noticiasradioreflejos.com.ar\/2021\/habilitan-la-vuelta-a-clases-presenciales-en-las-universidades\/","title":{"rendered":"Habilitan la vuelta a clases presenciales en las universidades"},"content":{"rendered":"<p>Estudiantes, profesores y personal no docente podr\u00e1n usar el transporte p\u00fablico<br \/>\nEl Gobierno nacional habilit\u00f3 el retorno de las actividades presenciales en universidades e institutos, cumpliendo un protocolo y lineamientos generales que garanticen las medidas de cuidado de los trabajadores y estudiantes ante la pandemia por coronavirus.<!--more--><br \/>\nAs\u00ed se estableci\u00f3 a trav\u00e9s de la Decisi\u00f3n Administrativa 1995\/2020 que lleva la firma del jefe de Gabinete, Santiago Cafiero, y del ministro de Salud, Gines Gonz\u00e1lez Garc\u00eda.<\/p>\n<p>\u00abEstabl\u00e9cese que en el marco del protocolo marco y lineamientos generales para el retorno a las actividades acad\u00e9micas presenciales en las universidades e institutos universitarios, aprobado por la Resoluci\u00f3n del Ministerio de Educaci\u00f3n 1084 del 8 de agosto de 2020, este revisar\u00e1 y prestar\u00e1 conformidad a los planes jurisdiccionales para el retorno de las actividades\u00bb, indica el art\u00edculo 1 de la norma.<\/p>\n<p>Asimismo se dispone que \u00abcon la conformidad del ministerio de Educaci\u00f3n, la efectiva reanudaci\u00f3n de las actividades acad\u00e9micas presenciales en Universidades e Institutos Universitarios ser\u00e1 decidida por las autoridades provinciales y de la ciudad de Buenos Aires, quienes podr\u00e1n suspender las actividades y reiniciarlas conforme la evoluci\u00f3n de la situaci\u00f3n epidemiol\u00f3gica\u00bb.<\/p>\n<p>Las actividades presenciales podr\u00e1n reanudarse \u00abconforme los protocolos que en cada caso establezcan las autoridades sanitarias locales\u00bb y, entre esas medidas de cuidado, se encuentran \u00abla organizaci\u00f3n de turnos, si correspondiere, y los modos de trabajo que garanticen las medidas de distanciamiento e higiene necesarias para disminuir el riesgo de contagio de COVID-19\u00bb.<\/p>\n<p>El personal directivo, docente y no docente y los estudiantes que asistan a las actividades acad\u00e9micas presenciales \u00abquedan exceptuados de la prohibici\u00f3n del uso del servicio p\u00fablico de transporte de pasajeros urbano, interurbano e interjurisdiccional, seg\u00fan corresponda y a este solo efecto\u00bb. No obstante, en los considerandos, se recomienda que el transporte p\u00fablico \u00absolo sea empleado cuando no se cuente con medios alternativos\u00bb.<\/p>\n<p>Por su parte, los institutos y universidades \u00abdeber\u00e1n garantizar las condiciones de higiene y seguridad establecidas por la jurisdicci\u00f3n para preservar la salud de sus trabajadoras, trabajadores y estudiantes\u00bb.<\/p>\n","protected":false},"excerpt":{"rendered":"<p>Estudiantes, profesores y personal no docente podr\u00e1n usar el transporte p\u00fablico El Gobierno nacional habilit\u00f3 el retorno de las actividades presenciales en universidades e institutos, cumpliendo un protocolo y lineamientos generales que garanticen las medidas de cuidado de los trabajadores y estudiantes ante la pandemia por coronavirus.<\/p>\n","protected":false},"author":3,"featured_media":0,"comment_status":"closed","ping_status":"open","sticky":false,"template":"","format":"standard","meta":{"footnotes":""},"categories":[34],"tags":[],"class_list":["post-48962","post","type-post","status-publish","format-standard","hentry","category-educacion"],"yoast_head":"<!-- This site is optimized with the Yoast SEO plugin v25.9 - https:\/\/yoast.com\/wordpress\/plugins\/seo\/ -->\n<title>Habilitan la vuelta a clases presenciales en las universidades - Noticias Radio Reflejos<\/title>\n<meta name=\"robots\" content=\"index, follow, max-snippet:-1, max-image-preview:large, max-video-preview:-1\" \/>\n<link rel=\"canonical\" href=\"https:\/\/www.noticiasradioreflejos.com.ar\/2021\/habilitan-la-vuelta-a-clases-presenciales-en-las-universidades\/\" \/>\n<meta property=\"og:locale\" content=\"es_ES\" \/>\n<meta property=\"og:type\" content=\"article\" \/>\n<meta property=\"og:title\" content=\"Habilitan la vuelta a clases presenciales en las universidades - Noticias Radio Reflejos\" \/>\n<meta property=\"og:description\" content=\"Estudiantes, profesores y personal no docente podr\u00e1n usar el transporte p\u00fablico El Gobierno nacional habilit\u00f3 el retorno de las actividades presenciales en universidades e institutos, cumpliendo un protocolo y lineamientos generales que garanticen las medidas de cuidado de los trabajadores y estudiantes ante la pandemia por coronavirus.\" \/>\n<meta property=\"og:url\" content=\"https:\/\/www.noticiasradioreflejos.com.ar\/2021\/habilitan-la-vuelta-a-clases-presenciales-en-las-universidades\/\" \/>\n<meta property=\"og:site_name\" content=\"Noticias Radio Reflejos\" \/>\n<meta property=\"article:published_time\" content=\"2020-11-06T11:36:09+00:00\" \/>\n<meta property=\"og:image\" content=\"https:\/\/www.noticiasradioreflejos.com.ar\/2021\/wp-content\/uploads\/2021\/07\/logosol300x200.png\" \/>\n\t<meta property=\"og:image:width\" content=\"300\" \/>\n\t<meta property=\"og:image:height\" content=\"200\" \/>\n\t<meta property=\"og:image:type\" content=\"image\/png\" \/>\n<meta name=\"author\" content=\"Arnaldo Botto\" \/>\n<meta name=\"twitter:card\" content=\"summary_large_image\" \/>\n<script type=\"application\/ld+json\" class=\"yoast-schema-graph\">{\"@context\":\"https:\/\/schema.org\",\"@graph\":[{\"@type\":\"WebPage\",\"@id\":\"https:\/\/www.noticiasradioreflejos.com.ar\/2021\/habilitan-la-vuelta-a-clases-presenciales-en-las-universidades\/\",\"url\":\"https:\/\/www.noticiasradioreflejos.com.ar\/2021\/habilitan-la-vuelta-a-clases-presenciales-en-las-universidades\/\",\"name\":\"Habilitan la vuelta a clases presenciales en las universidades - Noticias Radio Reflejos\",\"isPartOf\":{\"@id\":\"https:\/\/www.noticiasradioreflejos.com.ar\/2021\/#website\"},\"datePublished\":\"2020-11-06T11:36:09+00:00\",\"author\":{\"@id\":\"https:\/\/www.noticiasradioreflejos.com.ar\/2021\/#\/schema\/person\/ad82545263dcc5ec0996818884fd5fb1\"},\"breadcrumb\":{\"@id\":\"https:\/\/www.noticiasradioreflejos.com.ar\/2021\/habilitan-la-vuelta-a-clases-presenciales-en-las-universidades\/#breadcrumb\"},\"inLanguage\":\"es\",\"potentialAction\":[{\"@type\":\"ReadAction\",\"target\":[\"https:\/\/www.noticiasradioreflejos.com.ar\/2021\/habilitan-la-vuelta-a-clases-presenciales-en-las-universidades\/\"]}]},{\"@type\":\"BreadcrumbList\",\"@id\":\"https:\/\/www.noticiasradioreflejos.com.ar\/2021\/habilitan-la-vuelta-a-clases-presenciales-en-las-universidades\/#breadcrumb\",\"itemListElement\":[{\"@type\":\"ListItem\",\"position\":1,\"name\":\"Portada\",\"item\":\"https:\/\/www.noticiasradioreflejos.com.ar\/2021\/\"},{\"@type\":\"ListItem\",\"position\":2,\"name\":\"Habilitan la vuelta a clases presenciales en las universidades\"}]},{\"@type\":\"WebSite\",\"@id\":\"https:\/\/www.noticiasradioreflejos.com.ar\/2021\/#website\",\"url\":\"https:\/\/www.noticiasradioreflejos.com.ar\/2021\/\",\"name\":\"Noticias Radio Reflejos\",\"description\":\"Las noticias de mi comarca\",\"potentialAction\":[{\"@type\":\"SearchAction\",\"target\":{\"@type\":\"EntryPoint\",\"urlTemplate\":\"https:\/\/www.noticiasradioreflejos.com.ar\/2021\/?s={search_term_string}\"},\"query-input\":{\"@type\":\"PropertyValueSpecification\",\"valueRequired\":true,\"valueName\":\"search_term_string\"}}],\"inLanguage\":\"es\"},{\"@type\":\"Person\",\"@id\":\"https:\/\/www.noticiasradioreflejos.com.ar\/2021\/#\/schema\/person\/ad82545263dcc5ec0996818884fd5fb1\",\"name\":\"Arnaldo Botto\",\"image\":{\"@type\":\"ImageObject\",\"inLanguage\":\"es\",\"@id\":\"https:\/\/www.noticiasradioreflejos.com.ar\/2021\/#\/schema\/person\/image\/\",\"url\":\"https:\/\/secure.gravatar.com\/avatar\/55cb5e37c1efa326397366e6974cb338056df65cb50e7d64d1cf314e87504837?s=96&d=mm&r=g\",\"contentUrl\":\"https:\/\/secure.gravatar.com\/avatar\/55cb5e37c1efa326397366e6974cb338056df65cb50e7d64d1cf314e87504837?s=96&d=mm&r=g\",\"caption\":\"Arnaldo Botto\"},\"url\":\"https:\/\/www.noticiasradioreflejos.com.ar\/2021\/author\/arnaldo\/\"}]}<\/script>\n<!-- \/ Yoast SEO plugin. -->","yoast_head_json":{"title":"Habilitan la vuelta a clases presenciales en las universidades - Noticias Radio Reflejos","robots":{"index":"index","follow":"follow","max-snippet":"max-snippet:-1","max-image-preview":"max-image-preview:large","max-video-preview":"max-video-preview:-1"},"canonical":"https:\/\/www.noticiasradioreflejos.com.ar\/2021\/habilitan-la-vuelta-a-clases-presenciales-en-las-universidades\/","og_locale":"es_ES","og_type":"article","og_title":"Habilitan la vuelta a clases presenciales en las universidades - Noticias Radio Reflejos","og_description":"Estudiantes, profesores y personal no docente podr\u00e1n usar el transporte p\u00fablico El Gobierno nacional habilit\u00f3 el retorno de las actividades presenciales en universidades e institutos, cumpliendo un protocolo y lineamientos generales que garanticen las medidas de cuidado de los trabajadores y estudiantes ante la pandemia por coronavirus.","og_url":"https:\/\/www.noticiasradioreflejos.com.ar\/2021\/habilitan-la-vuelta-a-clases-presenciales-en-las-universidades\/","og_site_name":"Noticias Radio Reflejos","article_published_time":"2020-11-06T11:36:09+00:00","og_image":[{"width":300,"height":200,"url":"https:\/\/www.noticiasradioreflejos.com.ar\/2021\/wp-content\/uploads\/2021\/07\/logosol300x200.png","type":"image\/png"}],"author":"Arnaldo Botto","twitter_card":"summary_large_image","schema":{"@context":"https:\/\/schema.org","@graph":[{"@type":"WebPage","@id":"https:\/\/www.noticiasradioreflejos.com.ar\/2021\/habilitan-la-vuelta-a-clases-presenciales-en-las-universidades\/","url":"https:\/\/www.noticiasradioreflejos.com.ar\/2021\/habilitan-la-vuelta-a-clases-presenciales-en-las-universidades\/","name":"Habilitan la vuelta a clases presenciales en las universidades - Noticias Radio Reflejos","isPartOf":{"@id":"https:\/\/www.noticiasradioreflejos.com.ar\/2021\/#website"},"datePublished":"2020-11-06T11:36:09+00:00","author":{"@id":"https:\/\/www.noticiasradioreflejos.com.ar\/2021\/#\/schema\/person\/ad82545263dcc5ec0996818884fd5fb1"},"breadcrumb":{"@id":"https:\/\/www.noticiasradioreflejos.com.ar\/2021\/habilitan-la-vuelta-a-clases-presenciales-en-las-universidades\/#breadcrumb"},"inLanguage":"es","potentialAction":[{"@type":"ReadAction","target":["https:\/\/www.noticiasradioreflejos.com.ar\/2021\/habilitan-la-vuelta-a-clases-presenciales-en-las-universidades\/"]}]},{"@type":"BreadcrumbList","@id":"https:\/\/www.noticiasradioreflejos.com.ar\/2021\/habilitan-la-vuelta-a-clases-presenciales-en-las-universidades\/#breadcrumb","itemListElement":[{"@type":"ListItem","position":1,"name":"Portada","item":"https:\/\/www.noticiasradioreflejos.com.ar\/2021\/"},{"@type":"ListItem","position":2,"name":"Habilitan la vuelta a clases presenciales en las universidades"}]},{"@type":"WebSite","@id":"https:\/\/www.noticiasradioreflejos.com.ar\/2021\/#website","url":"https:\/\/www.noticiasradioreflejos.com.ar\/2021\/","name":"Noticias Radio Reflejos","description":"Las noticias de mi comarca","potentialAction":[{"@type":"SearchAction","target":{"@type":"EntryPoint","urlTemplate":"https:\/\/www.noticiasradioreflejos.com.ar\/2021\/?s={search_term_string}"},"query-input":{"@type":"PropertyValueSpecification","valueRequired":true,"valueName":"search_term_string"}}],"inLanguage":"es"},{"@type":"Person","@id":"https:\/\/www.noticiasradioreflejos.com.ar\/2021\/#\/schema\/person\/ad82545263dcc5ec0996818884fd5fb1","name":"Arnaldo Botto","image":{"@type":"ImageObject","inLanguage":"es","@id":"https:\/\/www.noticiasradioreflejos.com.ar\/2021\/#\/schema\/person\/image\/","url":"https:\/\/secure.gravatar.com\/avatar\/55cb5e37c1efa326397366e6974cb338056df65cb50e7d64d1cf314e87504837?s=96&d=mm&r=g","contentUrl":"https:\/\/secure.gravatar.com\/avatar\/55cb5e37c1efa326397366e6974cb338056df65cb50e7d64d1cf314e87504837?s=96&d=mm&r=g","caption":"Arnaldo Botto"},"url":"https:\/\/www.noticiasradioreflejos.com.ar\/2021\/author\/arnaldo\/"}]}},"_links":{"self":[{"href":"https:\/\/www.noticiasradioreflejos.com.ar\/2021\/wp-json\/wp\/v2\/posts\/48962","targetHints":{"allow":["GET"]}}],"collection":[{"href":"https:\/\/www.noticiasradioreflejos.com.ar\/2021\/wp-json\/wp\/v2\/posts"}],"about":[{"href":"https:\/\/www.noticiasradioreflejos.com.ar\/2021\/wp-json\/wp\/v2\/types\/post"}],"author":[{"embeddable":true,"href":"https:\/\/www.noticiasradioreflejos.com.ar\/2021\/wp-json\/wp\/v2\/users\/3"}],"replies":[{"embeddable":true,"href":"https:\/\/www.noticiasradioreflejos.com.ar\/2021\/wp-json\/wp\/v2\/comments?post=48962"}],"version-history":[{"count":0,"href":"https:\/\/www.noticiasradioreflejos.com.ar\/2021\/wp-json\/wp\/v2\/posts\/48962\/revisions"}],"wp:attachment":[{"href":"https:\/\/www.noticiasradioreflejos.com.ar\/2021\/wp-json\/wp\/v2\/media?parent=48962"}],"wp:term":[{"taxonomy":"category","embeddable":true,"href":"https:\/\/www.noticiasradioreflejos.com.ar\/2021\/wp-json\/wp\/v2\/categories?post=48962"},{"taxonomy":"post_tag","embeddable":true,"href":"https:\/\/www.noticiasradioreflejos.com.ar\/2021\/wp-json\/wp\/v2\/tags?post=48962"}],"curies":[{"name":"wp","href":"https:\/\/api.w.org\/{rel}","templated":true}]}}