{"id":48940,"date":"2020-11-05T17:20:19","date_gmt":"2020-11-05T20:20:19","guid":{"rendered":"http:\/\/www.noticiasradioreflejos.com.ar\/noticias\/?p=48940"},"modified":"2020-11-05T17:20:19","modified_gmt":"2020-11-05T20:20:19","slug":"emiten-dictamen-a-proyecto-que-fija-acreditacion-inmediata-a-comercios-de-ventas-con-tarjeta-debito","status":"publish","type":"post","link":"https:\/\/www.noticiasradioreflejos.com.ar\/2021\/emiten-dictamen-a-proyecto-que-fija-acreditacion-inmediata-a-comercios-de-ventas-con-tarjeta-debito\/","title":{"rendered":"Emiten dictamen a proyecto que fija acreditaci\u00f3n inmediata a comercios de ventas con tarjeta d\u00e9bito."},"content":{"rendered":"<p>Un plenario de comisiones de la C\u00e1mara de Diputados emiti\u00f3 esta tarde dictamen favorable a un proyecto de ley que obliga a las entidades bancarias a acreditar en forma inmediata las operaciones realizadas con tarjetas de d\u00e9bito por los comercios mayorista y minoristas categorizados como pymes .<!--more--><\/p>\n<p>El dictamen cosech\u00f3 un amplio respaldo pol\u00edtico, ya que fue fue apoyado por los legisladores del Frente de Todos, Juntos por el Cambio, el Interbloque Federal y el Interbloque Unidad Federal para el Desarrollo.<\/p>\n<p>La presidenta de la comisi\u00f3n de Finanzas, Fernanda Vallejos, adelant\u00f3 que buscar\u00e1n \u00abincluir el dictamen para su tratamiento en el recinto en las pocas sesiones que quedan hasta la finalizaci\u00f3n\u00bb del per\u00edodo ordinario.<\/p>\n<p>La legisladora se\u00f1alo que el dictamen sobre el proyecto del diputado oficialista Carlos Ponce expresa \u00abla mirada del conjunto de los diputados y diputadas y de los actores que hemos podido escuchar\u00bb<\/p>\n<p>Adem\u00e1s, pidi\u00f3 leer el informe del Banco Central que informa sobre un nuevo sistema denominado programa de Transferencias 3.0 para reducir los plazos para acreditar las compras con debito.<\/p>\n<p>El despacho establece que las entidades deber\u00e1n acreditar en forma<\/p>\n<p>inmediata el monto de las compras realizadas con tarjeta de d\u00e9bito cuando se trate de comercios minoristas o mayoristas de cualquier rubro que est\u00e9n encuadradas en la ley pyme.<\/p>\n<p>La iniciativa faculta al Banco Central de la Rep\u00fablica Argentina a establecer los plazos y condiciones en que se efectivizar\u00e1n las transferencias inmediatas.<\/p>\n<p>En el dictamen tambi\u00e9n se determina que esta medida de acreditaci\u00f3n inmediata no deber\u00e1 generar mayores costos de las comisiones, ni de transacci\u00f3n, ni de alquiler en los sistemas de captura de transacciones.<\/p>\n<p>Otro punto clave para su instrumentaci\u00f3n en todo el pa\u00eds es que se estableci\u00f3 que esta ley ser\u00e1 de orden p\u00fablico.<\/p>\n<p>Adem\u00e1s, se invita a las provincias y a la Ciudad Aut\u00f3noma de Buenos Aires a que adopten las medidas necesarias para no gravar las operaciones con tarjeta de cr\u00e9dito, compra, d\u00e9bito y transferencias electr\u00f3nicas,\u00bbevitando reg\u00edmenes de retenci\u00f3n o percepci\u00f3n que desalienten las operaciones con tarjetas de d\u00e9bito para monotributistas y micro, peque\u00f1as y medianas empresas pertenecientes al sector comercio\u00bb.<\/p>\n","protected":false},"excerpt":{"rendered":"<p>Un plenario de comisiones de la C\u00e1mara de Diputados emiti\u00f3 esta tarde dictamen favorable a un proyecto de ley que obliga a las entidades bancarias a acreditar en forma inmediata las operaciones realizadas con tarjetas de d\u00e9bito por los comercios mayorista y minoristas categorizados como pymes .<\/p>\n","protected":false},"author":3,"featured_media":48943,"comment_status":"closed","ping_status":"open","sticky":false,"template":"","format":"standard","meta":{"footnotes":""},"categories":[36],"tags":[],"class_list":["post-48940","post","type-post","status-publish","format-standard","has-post-thumbnail","hentry","category-economia"],"yoast_head":"<!-- This site is optimized with the Yoast SEO plugin v25.9 - https:\/\/yoast.com\/wordpress\/plugins\/seo\/ -->\n<title>Emiten dictamen a proyecto que fija acreditaci\u00f3n inmediata a comercios de ventas con tarjeta d\u00e9bito. - Noticias Radio Reflejos<\/title>\n<meta name=\"robots\" content=\"index, follow, max-snippet:-1, max-image-preview:large, max-video-preview:-1\" \/>\n<link rel=\"canonical\" href=\"https:\/\/www.noticiasradioreflejos.com.ar\/2021\/emiten-dictamen-a-proyecto-que-fija-acreditacion-inmediata-a-comercios-de-ventas-con-tarjeta-debito\/\" \/>\n<meta property=\"og:locale\" content=\"es_ES\" \/>\n<meta property=\"og:type\" content=\"article\" \/>\n<meta property=\"og:title\" content=\"Emiten dictamen a proyecto que fija acreditaci\u00f3n inmediata a comercios de ventas con tarjeta d\u00e9bito. - Noticias Radio Reflejos\" \/>\n<meta property=\"og:description\" content=\"Un plenario de comisiones de la C\u00e1mara de Diputados emiti\u00f3 esta tarde dictamen favorable a un proyecto de ley que obliga a las entidades bancarias a acreditar en forma inmediata las operaciones realizadas con tarjetas de d\u00e9bito por los comercios mayorista y minoristas categorizados como pymes .\" \/>\n<meta property=\"og:url\" content=\"https:\/\/www.noticiasradioreflejos.com.ar\/2021\/emiten-dictamen-a-proyecto-que-fija-acreditacion-inmediata-a-comercios-de-ventas-con-tarjeta-debito\/\" \/>\n<meta property=\"og:site_name\" content=\"Noticias Radio Reflejos\" \/>\n<meta property=\"article:published_time\" content=\"2020-11-05T20:20:19+00:00\" \/>\n<meta property=\"og:image\" content=\"https:\/\/www.noticiasradioreflejos.com.ar\/2021\/wp-content\/uploads\/2021\/07\/logosol300x200.png\" \/>\n\t<meta property=\"og:image:width\" content=\"300\" \/>\n\t<meta property=\"og:image:height\" content=\"200\" \/>\n\t<meta property=\"og:image:type\" content=\"image\/png\" \/>\n<meta name=\"author\" content=\"Arnaldo Botto\" \/>\n<meta name=\"twitter:card\" content=\"summary_large_image\" \/>\n<script type=\"application\/ld+json\" class=\"yoast-schema-graph\">{\"@context\":\"https:\/\/schema.org\",\"@graph\":[{\"@type\":\"WebPage\",\"@id\":\"https:\/\/www.noticiasradioreflejos.com.ar\/2021\/emiten-dictamen-a-proyecto-que-fija-acreditacion-inmediata-a-comercios-de-ventas-con-tarjeta-debito\/\",\"url\":\"https:\/\/www.noticiasradioreflejos.com.ar\/2021\/emiten-dictamen-a-proyecto-que-fija-acreditacion-inmediata-a-comercios-de-ventas-con-tarjeta-debito\/\",\"name\":\"Emiten dictamen a proyecto que fija acreditaci\u00f3n inmediata a comercios de ventas con tarjeta d\u00e9bito. - Noticias Radio Reflejos\",\"isPartOf\":{\"@id\":\"https:\/\/www.noticiasradioreflejos.com.ar\/2021\/#website\"},\"primaryImageOfPage\":{\"@id\":\"https:\/\/www.noticiasradioreflejos.com.ar\/2021\/emiten-dictamen-a-proyecto-que-fija-acreditacion-inmediata-a-comercios-de-ventas-con-tarjeta-debito\/#primaryimage\"},\"image\":{\"@id\":\"https:\/\/www.noticiasradioreflejos.com.ar\/2021\/emiten-dictamen-a-proyecto-que-fija-acreditacion-inmediata-a-comercios-de-ventas-con-tarjeta-debito\/#primaryimage\"},\"thumbnailUrl\":\"\",\"datePublished\":\"2020-11-05T20:20:19+00:00\",\"author\":{\"@id\":\"https:\/\/www.noticiasradioreflejos.com.ar\/2021\/#\/schema\/person\/ad82545263dcc5ec0996818884fd5fb1\"},\"breadcrumb\":{\"@id\":\"https:\/\/www.noticiasradioreflejos.com.ar\/2021\/emiten-dictamen-a-proyecto-que-fija-acreditacion-inmediata-a-comercios-de-ventas-con-tarjeta-debito\/#breadcrumb\"},\"inLanguage\":\"es\",\"potentialAction\":[{\"@type\":\"ReadAction\",\"target\":[\"https:\/\/www.noticiasradioreflejos.com.ar\/2021\/emiten-dictamen-a-proyecto-que-fija-acreditacion-inmediata-a-comercios-de-ventas-con-tarjeta-debito\/\"]}]},{\"@type\":\"ImageObject\",\"inLanguage\":\"es\",\"@id\":\"https:\/\/www.noticiasradioreflejos.com.ar\/2021\/emiten-dictamen-a-proyecto-que-fija-acreditacion-inmediata-a-comercios-de-ventas-con-tarjeta-debito\/#primaryimage\",\"url\":\"\",\"contentUrl\":\"\"},{\"@type\":\"BreadcrumbList\",\"@id\":\"https:\/\/www.noticiasradioreflejos.com.ar\/2021\/emiten-dictamen-a-proyecto-que-fija-acreditacion-inmediata-a-comercios-de-ventas-con-tarjeta-debito\/#breadcrumb\",\"itemListElement\":[{\"@type\":\"ListItem\",\"position\":1,\"name\":\"Portada\",\"item\":\"https:\/\/www.noticiasradioreflejos.com.ar\/2021\/\"},{\"@type\":\"ListItem\",\"position\":2,\"name\":\"Emiten dictamen a proyecto que fija acreditaci\u00f3n inmediata a comercios de ventas con tarjeta d\u00e9bito.\"}]},{\"@type\":\"WebSite\",\"@id\":\"https:\/\/www.noticiasradioreflejos.com.ar\/2021\/#website\",\"url\":\"https:\/\/www.noticiasradioreflejos.com.ar\/2021\/\",\"name\":\"Noticias Radio Reflejos\",\"description\":\"Las noticias de mi comarca\",\"potentialAction\":[{\"@type\":\"SearchAction\",\"target\":{\"@type\":\"EntryPoint\",\"urlTemplate\":\"https:\/\/www.noticiasradioreflejos.com.ar\/2021\/?s={search_term_string}\"},\"query-input\":{\"@type\":\"PropertyValueSpecification\",\"valueRequired\":true,\"valueName\":\"search_term_string\"}}],\"inLanguage\":\"es\"},{\"@type\":\"Person\",\"@id\":\"https:\/\/www.noticiasradioreflejos.com.ar\/2021\/#\/schema\/person\/ad82545263dcc5ec0996818884fd5fb1\",\"name\":\"Arnaldo Botto\",\"image\":{\"@type\":\"ImageObject\",\"inLanguage\":\"es\",\"@id\":\"https:\/\/www.noticiasradioreflejos.com.ar\/2021\/#\/schema\/person\/image\/\",\"url\":\"https:\/\/secure.gravatar.com\/avatar\/55cb5e37c1efa326397366e6974cb338056df65cb50e7d64d1cf314e87504837?s=96&d=mm&r=g\",\"contentUrl\":\"https:\/\/secure.gravatar.com\/avatar\/55cb5e37c1efa326397366e6974cb338056df65cb50e7d64d1cf314e87504837?s=96&d=mm&r=g\",\"caption\":\"Arnaldo Botto\"},\"url\":\"https:\/\/www.noticiasradioreflejos.com.ar\/2021\/author\/arnaldo\/\"}]}<\/script>\n<!-- \/ Yoast SEO plugin. -->","yoast_head_json":{"title":"Emiten dictamen a proyecto que fija acreditaci\u00f3n inmediata a comercios de ventas con tarjeta d\u00e9bito. - Noticias Radio Reflejos","robots":{"index":"index","follow":"follow","max-snippet":"max-snippet:-1","max-image-preview":"max-image-preview:large","max-video-preview":"max-video-preview:-1"},"canonical":"https:\/\/www.noticiasradioreflejos.com.ar\/2021\/emiten-dictamen-a-proyecto-que-fija-acreditacion-inmediata-a-comercios-de-ventas-con-tarjeta-debito\/","og_locale":"es_ES","og_type":"article","og_title":"Emiten dictamen a proyecto que fija acreditaci\u00f3n inmediata a comercios de ventas con tarjeta d\u00e9bito. - Noticias Radio Reflejos","og_description":"Un plenario de comisiones de la C\u00e1mara de Diputados emiti\u00f3 esta tarde dictamen favorable a un proyecto de ley que obliga a las entidades bancarias a acreditar en forma inmediata las operaciones realizadas con tarjetas de d\u00e9bito por los comercios mayorista y minoristas categorizados como pymes .","og_url":"https:\/\/www.noticiasradioreflejos.com.ar\/2021\/emiten-dictamen-a-proyecto-que-fija-acreditacion-inmediata-a-comercios-de-ventas-con-tarjeta-debito\/","og_site_name":"Noticias Radio Reflejos","article_published_time":"2020-11-05T20:20:19+00:00","og_image":[{"width":300,"height":200,"url":"https:\/\/www.noticiasradioreflejos.com.ar\/2021\/wp-content\/uploads\/2021\/07\/logosol300x200.png","type":"image\/png"}],"author":"Arnaldo Botto","twitter_card":"summary_large_image","schema":{"@context":"https:\/\/schema.org","@graph":[{"@type":"WebPage","@id":"https:\/\/www.noticiasradioreflejos.com.ar\/2021\/emiten-dictamen-a-proyecto-que-fija-acreditacion-inmediata-a-comercios-de-ventas-con-tarjeta-debito\/","url":"https:\/\/www.noticiasradioreflejos.com.ar\/2021\/emiten-dictamen-a-proyecto-que-fija-acreditacion-inmediata-a-comercios-de-ventas-con-tarjeta-debito\/","name":"Emiten dictamen a proyecto que fija acreditaci\u00f3n inmediata a comercios de ventas con tarjeta d\u00e9bito. - Noticias Radio Reflejos","isPartOf":{"@id":"https:\/\/www.noticiasradioreflejos.com.ar\/2021\/#website"},"primaryImageOfPage":{"@id":"https:\/\/www.noticiasradioreflejos.com.ar\/2021\/emiten-dictamen-a-proyecto-que-fija-acreditacion-inmediata-a-comercios-de-ventas-con-tarjeta-debito\/#primaryimage"},"image":{"@id":"https:\/\/www.noticiasradioreflejos.com.ar\/2021\/emiten-dictamen-a-proyecto-que-fija-acreditacion-inmediata-a-comercios-de-ventas-con-tarjeta-debito\/#primaryimage"},"thumbnailUrl":"","datePublished":"2020-11-05T20:20:19+00:00","author":{"@id":"https:\/\/www.noticiasradioreflejos.com.ar\/2021\/#\/schema\/person\/ad82545263dcc5ec0996818884fd5fb1"},"breadcrumb":{"@id":"https:\/\/www.noticiasradioreflejos.com.ar\/2021\/emiten-dictamen-a-proyecto-que-fija-acreditacion-inmediata-a-comercios-de-ventas-con-tarjeta-debito\/#breadcrumb"},"inLanguage":"es","potentialAction":[{"@type":"ReadAction","target":["https:\/\/www.noticiasradioreflejos.com.ar\/2021\/emiten-dictamen-a-proyecto-que-fija-acreditacion-inmediata-a-comercios-de-ventas-con-tarjeta-debito\/"]}]},{"@type":"ImageObject","inLanguage":"es","@id":"https:\/\/www.noticiasradioreflejos.com.ar\/2021\/emiten-dictamen-a-proyecto-que-fija-acreditacion-inmediata-a-comercios-de-ventas-con-tarjeta-debito\/#primaryimage","url":"","contentUrl":""},{"@type":"BreadcrumbList","@id":"https:\/\/www.noticiasradioreflejos.com.ar\/2021\/emiten-dictamen-a-proyecto-que-fija-acreditacion-inmediata-a-comercios-de-ventas-con-tarjeta-debito\/#breadcrumb","itemListElement":[{"@type":"ListItem","position":1,"name":"Portada","item":"https:\/\/www.noticiasradioreflejos.com.ar\/2021\/"},{"@type":"ListItem","position":2,"name":"Emiten dictamen a proyecto que fija acreditaci\u00f3n inmediata a comercios de ventas con tarjeta d\u00e9bito."}]},{"@type":"WebSite","@id":"https:\/\/www.noticiasradioreflejos.com.ar\/2021\/#website","url":"https:\/\/www.noticiasradioreflejos.com.ar\/2021\/","name":"Noticias Radio Reflejos","description":"Las noticias de mi comarca","potentialAction":[{"@type":"SearchAction","target":{"@type":"EntryPoint","urlTemplate":"https:\/\/www.noticiasradioreflejos.com.ar\/2021\/?s={search_term_string}"},"query-input":{"@type":"PropertyValueSpecification","valueRequired":true,"valueName":"search_term_string"}}],"inLanguage":"es"},{"@type":"Person","@id":"https:\/\/www.noticiasradioreflejos.com.ar\/2021\/#\/schema\/person\/ad82545263dcc5ec0996818884fd5fb1","name":"Arnaldo Botto","image":{"@type":"ImageObject","inLanguage":"es","@id":"https:\/\/www.noticiasradioreflejos.com.ar\/2021\/#\/schema\/person\/image\/","url":"https:\/\/secure.gravatar.com\/avatar\/55cb5e37c1efa326397366e6974cb338056df65cb50e7d64d1cf314e87504837?s=96&d=mm&r=g","contentUrl":"https:\/\/secure.gravatar.com\/avatar\/55cb5e37c1efa326397366e6974cb338056df65cb50e7d64d1cf314e87504837?s=96&d=mm&r=g","caption":"Arnaldo Botto"},"url":"https:\/\/www.noticiasradioreflejos.com.ar\/2021\/author\/arnaldo\/"}]}},"_links":{"self":[{"href":"https:\/\/www.noticiasradioreflejos.com.ar\/2021\/wp-json\/wp\/v2\/posts\/48940","targetHints":{"allow":["GET"]}}],"collection":[{"href":"https:\/\/www.noticiasradioreflejos.com.ar\/2021\/wp-json\/wp\/v2\/posts"}],"about":[{"href":"https:\/\/www.noticiasradioreflejos.com.ar\/2021\/wp-json\/wp\/v2\/types\/post"}],"author":[{"embeddable":true,"href":"https:\/\/www.noticiasradioreflejos.com.ar\/2021\/wp-json\/wp\/v2\/users\/3"}],"replies":[{"embeddable":true,"href":"https:\/\/www.noticiasradioreflejos.com.ar\/2021\/wp-json\/wp\/v2\/comments?post=48940"}],"version-history":[{"count":0,"href":"https:\/\/www.noticiasradioreflejos.com.ar\/2021\/wp-json\/wp\/v2\/posts\/48940\/revisions"}],"wp:featuredmedia":[{"embeddable":true,"href":"https:\/\/www.noticiasradioreflejos.com.ar\/2021\/wp-json\/"}],"wp:attachment":[{"href":"https:\/\/www.noticiasradioreflejos.com.ar\/2021\/wp-json\/wp\/v2\/media?parent=48940"}],"wp:term":[{"taxonomy":"category","embeddable":true,"href":"https:\/\/www.noticiasradioreflejos.com.ar\/2021\/wp-json\/wp\/v2\/categories?post=48940"},{"taxonomy":"post_tag","embeddable":true,"href":"https:\/\/www.noticiasradioreflejos.com.ar\/2021\/wp-json\/wp\/v2\/tags?post=48940"}],"curies":[{"name":"wp","href":"https:\/\/api.w.org\/{rel}","templated":true}]}}