{"id":48927,"date":"2020-11-05T11:51:26","date_gmt":"2020-11-05T14:51:26","guid":{"rendered":"http:\/\/www.noticiasradioreflejos.com.ar\/noticias\/?p=48927"},"modified":"2020-11-05T11:51:26","modified_gmt":"2020-11-05T14:51:26","slug":"ciclo-de-nodos-de-conocimientos-la-dimension-local-en-el-fortalecimiento-regional-de-la-economia-del-conocimiento","status":"publish","type":"post","link":"https:\/\/www.noticiasradioreflejos.com.ar\/2021\/ciclo-de-nodos-de-conocimientos-la-dimension-local-en-el-fortalecimiento-regional-de-la-economia-del-conocimiento\/","title":{"rendered":"Ciclo de nodos de conocimientos: \u201cla dimensi\u00f3n local en el fortalecimiento regional de la econom\u00eda del conocimiento\u201d"},"content":{"rendered":"<p>La Secretar\u00eda de Turismo, Producci\u00f3n, Comercio e Industria, informa que se llevar\u00e1 a cabo un ciclo de nodos de conocimiento \u201cLa dimensi\u00f3n local en el fortalecimiento regional de la econom\u00eda del conocimiento\u201d, organizado por la Subsecretar\u00eda de econom\u00eda del conocimiento dependiente del Ministerio de Desarrollo Productivo de la Naci\u00f3n. <!--more--><\/p>\n<p>Su fecha de inicio ser\u00e1 el pr\u00f3ximo 13 de noviembre de 2020, a las 11.00hs, y estar\u00e1 destinado a empresarios, profesionales y funcionarios que participen en clusters, polos y parques tecnol\u00f3gicos o de proyectos para constituirlos.<br \/>\nSi te interesa ser parte del mismo, podes inscribirte en el siguiente link: <a href=\"https:\/\/docs.google.com\/forms\/d\/e\/1FAIpQLSeRYopAQTcfPNwkp5hxGo6JBFJ5XmxnHaGXtJIFucguqcv0tg\/viewform.\">https:\/\/docs.google.com\/forms\/d\/e\/1FAIpQLSeRYopAQTcfPNwkp5hxGo6JBFJ5XmxnHaGXtJIFucguqcv0tg\/viewform.<\/a><\/p>\n","protected":false},"excerpt":{"rendered":"<p>La Secretar\u00eda de Turismo, Producci\u00f3n, Comercio e Industria, informa que se llevar\u00e1 a cabo un ciclo de nodos de conocimiento \u201cLa dimensi\u00f3n local en el fortalecimiento regional de la econom\u00eda del conocimiento\u201d, organizado por la Subsecretar\u00eda de econom\u00eda del conocimiento dependiente del Ministerio de Desarrollo Productivo de la Naci\u00f3n.<\/p>\n","protected":false},"author":3,"featured_media":0,"comment_status":"closed","ping_status":"open","sticky":false,"template":"","format":"standard","meta":{"footnotes":""},"categories":[25],"tags":[],"class_list":["post-48927","post","type-post","status-publish","format-standard","hentry","category-uncategorized"],"yoast_head":"<!-- This site is optimized with the Yoast SEO plugin v25.9 - https:\/\/yoast.com\/wordpress\/plugins\/seo\/ -->\n<title>Ciclo de nodos de conocimientos: \u201cla dimensi\u00f3n local en el fortalecimiento regional de la econom\u00eda del conocimiento\u201d - Noticias Radio Reflejos<\/title>\n<meta name=\"robots\" content=\"index, follow, max-snippet:-1, max-image-preview:large, max-video-preview:-1\" \/>\n<link rel=\"canonical\" href=\"https:\/\/www.noticiasradioreflejos.com.ar\/2021\/ciclo-de-nodos-de-conocimientos-la-dimension-local-en-el-fortalecimiento-regional-de-la-economia-del-conocimiento\/\" \/>\n<meta property=\"og:locale\" content=\"es_ES\" \/>\n<meta property=\"og:type\" content=\"article\" \/>\n<meta property=\"og:title\" content=\"Ciclo de nodos de conocimientos: \u201cla dimensi\u00f3n local en el fortalecimiento regional de la econom\u00eda del conocimiento\u201d - Noticias Radio Reflejos\" \/>\n<meta property=\"og:description\" content=\"La Secretar\u00eda de Turismo, Producci\u00f3n, Comercio e Industria, informa que se llevar\u00e1 a cabo un ciclo de nodos de conocimiento \u201cLa dimensi\u00f3n local en el fortalecimiento regional de la econom\u00eda del conocimiento\u201d, organizado por la Subsecretar\u00eda de econom\u00eda del conocimiento dependiente del Ministerio de Desarrollo Productivo de la Naci\u00f3n.\" \/>\n<meta property=\"og:url\" content=\"https:\/\/www.noticiasradioreflejos.com.ar\/2021\/ciclo-de-nodos-de-conocimientos-la-dimension-local-en-el-fortalecimiento-regional-de-la-economia-del-conocimiento\/\" \/>\n<meta property=\"og:site_name\" content=\"Noticias Radio Reflejos\" \/>\n<meta property=\"article:published_time\" content=\"2020-11-05T14:51:26+00:00\" \/>\n<meta property=\"og:image\" content=\"https:\/\/www.noticiasradioreflejos.com.ar\/2021\/wp-content\/uploads\/2021\/07\/logosol300x200.png\" \/>\n\t<meta property=\"og:image:width\" content=\"300\" \/>\n\t<meta property=\"og:image:height\" content=\"200\" \/>\n\t<meta property=\"og:image:type\" content=\"image\/png\" \/>\n<meta name=\"author\" content=\"Arnaldo Botto\" \/>\n<meta name=\"twitter:card\" content=\"summary_large_image\" \/>\n<script type=\"application\/ld+json\" class=\"yoast-schema-graph\">{\"@context\":\"https:\/\/schema.org\",\"@graph\":[{\"@type\":\"WebPage\",\"@id\":\"https:\/\/www.noticiasradioreflejos.com.ar\/2021\/ciclo-de-nodos-de-conocimientos-la-dimension-local-en-el-fortalecimiento-regional-de-la-economia-del-conocimiento\/\",\"url\":\"https:\/\/www.noticiasradioreflejos.com.ar\/2021\/ciclo-de-nodos-de-conocimientos-la-dimension-local-en-el-fortalecimiento-regional-de-la-economia-del-conocimiento\/\",\"name\":\"Ciclo de nodos de conocimientos: \u201cla dimensi\u00f3n local en el fortalecimiento regional de la econom\u00eda del conocimiento\u201d - Noticias Radio Reflejos\",\"isPartOf\":{\"@id\":\"https:\/\/www.noticiasradioreflejos.com.ar\/2021\/#website\"},\"datePublished\":\"2020-11-05T14:51:26+00:00\",\"author\":{\"@id\":\"https:\/\/www.noticiasradioreflejos.com.ar\/2021\/#\/schema\/person\/ad82545263dcc5ec0996818884fd5fb1\"},\"breadcrumb\":{\"@id\":\"https:\/\/www.noticiasradioreflejos.com.ar\/2021\/ciclo-de-nodos-de-conocimientos-la-dimension-local-en-el-fortalecimiento-regional-de-la-economia-del-conocimiento\/#breadcrumb\"},\"inLanguage\":\"es\",\"potentialAction\":[{\"@type\":\"ReadAction\",\"target\":[\"https:\/\/www.noticiasradioreflejos.com.ar\/2021\/ciclo-de-nodos-de-conocimientos-la-dimension-local-en-el-fortalecimiento-regional-de-la-economia-del-conocimiento\/\"]}]},{\"@type\":\"BreadcrumbList\",\"@id\":\"https:\/\/www.noticiasradioreflejos.com.ar\/2021\/ciclo-de-nodos-de-conocimientos-la-dimension-local-en-el-fortalecimiento-regional-de-la-economia-del-conocimiento\/#breadcrumb\",\"itemListElement\":[{\"@type\":\"ListItem\",\"position\":1,\"name\":\"Portada\",\"item\":\"https:\/\/www.noticiasradioreflejos.com.ar\/2021\/\"},{\"@type\":\"ListItem\",\"position\":2,\"name\":\"Ciclo de nodos de conocimientos: \u201cla dimensi\u00f3n local en el fortalecimiento regional de la econom\u00eda del conocimiento\u201d\"}]},{\"@type\":\"WebSite\",\"@id\":\"https:\/\/www.noticiasradioreflejos.com.ar\/2021\/#website\",\"url\":\"https:\/\/www.noticiasradioreflejos.com.ar\/2021\/\",\"name\":\"Noticias Radio Reflejos\",\"description\":\"Las noticias de mi comarca\",\"potentialAction\":[{\"@type\":\"SearchAction\",\"target\":{\"@type\":\"EntryPoint\",\"urlTemplate\":\"https:\/\/www.noticiasradioreflejos.com.ar\/2021\/?s={search_term_string}\"},\"query-input\":{\"@type\":\"PropertyValueSpecification\",\"valueRequired\":true,\"valueName\":\"search_term_string\"}}],\"inLanguage\":\"es\"},{\"@type\":\"Person\",\"@id\":\"https:\/\/www.noticiasradioreflejos.com.ar\/2021\/#\/schema\/person\/ad82545263dcc5ec0996818884fd5fb1\",\"name\":\"Arnaldo Botto\",\"image\":{\"@type\":\"ImageObject\",\"inLanguage\":\"es\",\"@id\":\"https:\/\/www.noticiasradioreflejos.com.ar\/2021\/#\/schema\/person\/image\/\",\"url\":\"https:\/\/secure.gravatar.com\/avatar\/55cb5e37c1efa326397366e6974cb338056df65cb50e7d64d1cf314e87504837?s=96&d=mm&r=g\",\"contentUrl\":\"https:\/\/secure.gravatar.com\/avatar\/55cb5e37c1efa326397366e6974cb338056df65cb50e7d64d1cf314e87504837?s=96&d=mm&r=g\",\"caption\":\"Arnaldo Botto\"},\"url\":\"https:\/\/www.noticiasradioreflejos.com.ar\/2021\/author\/arnaldo\/\"}]}<\/script>\n<!-- \/ Yoast SEO plugin. -->","yoast_head_json":{"title":"Ciclo de nodos de conocimientos: \u201cla dimensi\u00f3n local en el fortalecimiento regional de la econom\u00eda del conocimiento\u201d - Noticias Radio Reflejos","robots":{"index":"index","follow":"follow","max-snippet":"max-snippet:-1","max-image-preview":"max-image-preview:large","max-video-preview":"max-video-preview:-1"},"canonical":"https:\/\/www.noticiasradioreflejos.com.ar\/2021\/ciclo-de-nodos-de-conocimientos-la-dimension-local-en-el-fortalecimiento-regional-de-la-economia-del-conocimiento\/","og_locale":"es_ES","og_type":"article","og_title":"Ciclo de nodos de conocimientos: \u201cla dimensi\u00f3n local en el fortalecimiento regional de la econom\u00eda del conocimiento\u201d - Noticias Radio Reflejos","og_description":"La Secretar\u00eda de Turismo, Producci\u00f3n, Comercio e Industria, informa que se llevar\u00e1 a cabo un ciclo de nodos de conocimiento \u201cLa dimensi\u00f3n local en el fortalecimiento regional de la econom\u00eda del conocimiento\u201d, organizado por la Subsecretar\u00eda de econom\u00eda del conocimiento dependiente del Ministerio de Desarrollo Productivo de la Naci\u00f3n.","og_url":"https:\/\/www.noticiasradioreflejos.com.ar\/2021\/ciclo-de-nodos-de-conocimientos-la-dimension-local-en-el-fortalecimiento-regional-de-la-economia-del-conocimiento\/","og_site_name":"Noticias Radio Reflejos","article_published_time":"2020-11-05T14:51:26+00:00","og_image":[{"width":300,"height":200,"url":"https:\/\/www.noticiasradioreflejos.com.ar\/2021\/wp-content\/uploads\/2021\/07\/logosol300x200.png","type":"image\/png"}],"author":"Arnaldo Botto","twitter_card":"summary_large_image","schema":{"@context":"https:\/\/schema.org","@graph":[{"@type":"WebPage","@id":"https:\/\/www.noticiasradioreflejos.com.ar\/2021\/ciclo-de-nodos-de-conocimientos-la-dimension-local-en-el-fortalecimiento-regional-de-la-economia-del-conocimiento\/","url":"https:\/\/www.noticiasradioreflejos.com.ar\/2021\/ciclo-de-nodos-de-conocimientos-la-dimension-local-en-el-fortalecimiento-regional-de-la-economia-del-conocimiento\/","name":"Ciclo de nodos de conocimientos: \u201cla dimensi\u00f3n local en el fortalecimiento regional de la econom\u00eda del conocimiento\u201d - Noticias Radio Reflejos","isPartOf":{"@id":"https:\/\/www.noticiasradioreflejos.com.ar\/2021\/#website"},"datePublished":"2020-11-05T14:51:26+00:00","author":{"@id":"https:\/\/www.noticiasradioreflejos.com.ar\/2021\/#\/schema\/person\/ad82545263dcc5ec0996818884fd5fb1"},"breadcrumb":{"@id":"https:\/\/www.noticiasradioreflejos.com.ar\/2021\/ciclo-de-nodos-de-conocimientos-la-dimension-local-en-el-fortalecimiento-regional-de-la-economia-del-conocimiento\/#breadcrumb"},"inLanguage":"es","potentialAction":[{"@type":"ReadAction","target":["https:\/\/www.noticiasradioreflejos.com.ar\/2021\/ciclo-de-nodos-de-conocimientos-la-dimension-local-en-el-fortalecimiento-regional-de-la-economia-del-conocimiento\/"]}]},{"@type":"BreadcrumbList","@id":"https:\/\/www.noticiasradioreflejos.com.ar\/2021\/ciclo-de-nodos-de-conocimientos-la-dimension-local-en-el-fortalecimiento-regional-de-la-economia-del-conocimiento\/#breadcrumb","itemListElement":[{"@type":"ListItem","position":1,"name":"Portada","item":"https:\/\/www.noticiasradioreflejos.com.ar\/2021\/"},{"@type":"ListItem","position":2,"name":"Ciclo de nodos de conocimientos: \u201cla dimensi\u00f3n local en el fortalecimiento regional de la econom\u00eda del conocimiento\u201d"}]},{"@type":"WebSite","@id":"https:\/\/www.noticiasradioreflejos.com.ar\/2021\/#website","url":"https:\/\/www.noticiasradioreflejos.com.ar\/2021\/","name":"Noticias Radio Reflejos","description":"Las noticias de mi comarca","potentialAction":[{"@type":"SearchAction","target":{"@type":"EntryPoint","urlTemplate":"https:\/\/www.noticiasradioreflejos.com.ar\/2021\/?s={search_term_string}"},"query-input":{"@type":"PropertyValueSpecification","valueRequired":true,"valueName":"search_term_string"}}],"inLanguage":"es"},{"@type":"Person","@id":"https:\/\/www.noticiasradioreflejos.com.ar\/2021\/#\/schema\/person\/ad82545263dcc5ec0996818884fd5fb1","name":"Arnaldo Botto","image":{"@type":"ImageObject","inLanguage":"es","@id":"https:\/\/www.noticiasradioreflejos.com.ar\/2021\/#\/schema\/person\/image\/","url":"https:\/\/secure.gravatar.com\/avatar\/55cb5e37c1efa326397366e6974cb338056df65cb50e7d64d1cf314e87504837?s=96&d=mm&r=g","contentUrl":"https:\/\/secure.gravatar.com\/avatar\/55cb5e37c1efa326397366e6974cb338056df65cb50e7d64d1cf314e87504837?s=96&d=mm&r=g","caption":"Arnaldo Botto"},"url":"https:\/\/www.noticiasradioreflejos.com.ar\/2021\/author\/arnaldo\/"}]}},"_links":{"self":[{"href":"https:\/\/www.noticiasradioreflejos.com.ar\/2021\/wp-json\/wp\/v2\/posts\/48927","targetHints":{"allow":["GET"]}}],"collection":[{"href":"https:\/\/www.noticiasradioreflejos.com.ar\/2021\/wp-json\/wp\/v2\/posts"}],"about":[{"href":"https:\/\/www.noticiasradioreflejos.com.ar\/2021\/wp-json\/wp\/v2\/types\/post"}],"author":[{"embeddable":true,"href":"https:\/\/www.noticiasradioreflejos.com.ar\/2021\/wp-json\/wp\/v2\/users\/3"}],"replies":[{"embeddable":true,"href":"https:\/\/www.noticiasradioreflejos.com.ar\/2021\/wp-json\/wp\/v2\/comments?post=48927"}],"version-history":[{"count":0,"href":"https:\/\/www.noticiasradioreflejos.com.ar\/2021\/wp-json\/wp\/v2\/posts\/48927\/revisions"}],"wp:attachment":[{"href":"https:\/\/www.noticiasradioreflejos.com.ar\/2021\/wp-json\/wp\/v2\/media?parent=48927"}],"wp:term":[{"taxonomy":"category","embeddable":true,"href":"https:\/\/www.noticiasradioreflejos.com.ar\/2021\/wp-json\/wp\/v2\/categories?post=48927"},{"taxonomy":"post_tag","embeddable":true,"href":"https:\/\/www.noticiasradioreflejos.com.ar\/2021\/wp-json\/wp\/v2\/tags?post=48927"}],"curies":[{"name":"wp","href":"https:\/\/api.w.org\/{rel}","templated":true}]}}