{"id":48923,"date":"2020-11-05T10:52:48","date_gmt":"2020-11-05T13:52:48","guid":{"rendered":"http:\/\/www.noticiasradioreflejos.com.ar\/noticias\/?p=48923"},"modified":"2020-11-05T10:52:48","modified_gmt":"2020-11-05T13:52:48","slug":"se-conformo-el-comite-mixto-distrital-de-salud-y-seguridad","status":"publish","type":"post","link":"https:\/\/www.noticiasradioreflejos.com.ar\/2021\/se-conformo-el-comite-mixto-distrital-de-salud-y-seguridad\/","title":{"rendered":"Se conform\u00f3 el Comit\u00e9  Mixto Distrital de Salud y Seguridad."},"content":{"rendered":"<p>Esta Jefatura Distrital informa que el d\u00eda 25 de septiembre  convoc\u00f3 a una reuni\u00f3n, con la finalidad de conformar el Comit\u00e9  Mixto Distrital de Salud y Seguridad , en el marco de la Normativa Ley 14226\/10 y Decreto Reglamentario 120\/11.<!--more--><\/p>\n<p> Son funciones del CMDSyS<br \/>\n\u2022 Participar en la elaboraci\u00f3n, puesta en pr\u00e1ctica y evaluaci\u00f3n de los planes y programas de prevenci\u00f3n de riesgos en los establecimientos, organismos o unidades de gesti\u00f3n.<br \/>\n\u2022 Promover iniciativas sobre m\u00e9todos y procedimientos para la efectiva prevenci\u00f3n de los riesgos, proponiendo a la CJM las mejoras de las condiciones o la correcci\u00f3n de las deficiencias existentes.<br \/>\n\u2022 Crear un clima de cooperaci\u00f3n en el establecimiento, organismo o unidad de gesti\u00f3n y fomentar la colaboraci\u00f3n entre trabajadores\/as y funcionarios\/as a fin de promover la salud, prevenir los riesgos laborales y mejorar las condiciones y medio ambiente de trabajo.<br \/>\n\u2022 Solicitar a la CJM que arbitre los medios necesarios para la realizaci\u00f3n de estudios o an\u00e1lisis sobre las Condiciones y Medio Ambiente de Trabajo en su \u00e1mbito de actuaci\u00f3n.<br \/>\n\u2022 Colaborar con las actividades de concientizaci\u00f3n, informaci\u00f3n y formaci\u00f3n en materia de salud, prevenci\u00f3n de riesgos y condiciones y medio ambiente de trabajo que programe la Comisi\u00f3n Mixta de Salud y Seguridad en el Empleo P\u00fablico (CoMiSaSEP).<br \/>\n\u2022 Acompa\u00f1ar a los\/as t\u00e9cnicos\/as de la Direcci\u00f3n, Departamento o Unidad Responsable de la Prevenci\u00f3n, Salud y Seguridad en el Trabajo de la Jurisdicci\u00f3n en las evaluaciones de car\u00e1cter preventivo del medio ambiente de trabajo, as\u00ed como a los\/as Inspectores\/as de la Autoridad de Aplicaci\u00f3n en las visitas y verificaciones que realicen en los centros de trabajo para comprobar el cumplimiento de la normativa sobre prevenci\u00f3n de riesgos laborales, pudiendo formular ante ellos las observaciones que estimen oportunas.<br \/>\n\u2022 Llevar un registro de actas de reuniones del CMD, debiendo estar a disposici\u00f3n de la CJM cuando \u00e9sta lo requiera.<br \/>\n\u2022 Realizar informes a solicitud de la CJM sobre cuestiones atinentes a los establecimientos escolares y dependencias de los organismos del gobierno de la DGCE en el distrito.El Comit\u00e9 qued\u00f3 conformado por representantes del Estado de la DGCyE del distrito (Jefatura Distrital, Consejo Escolar, Inspectores Areales,  Secretar\u00eda de Asuntos Docentes, CIIE) y representantes de los trabajadores ( ATE, FEB, SUETRA UPCN, UDOCBA, SUTEBA).<\/p>\n<p>Las autoridades fueron elegidas por consenso y, en este per\u00edodo, la Presidencia y Secretar\u00eda estar\u00e1n a cargo de:<\/p>\n<p>. Presidenta: Paula Mu\u00f1oz (FeB)y suplente Cecilia Ludue\u00f1a (SUTEBA).<\/p>\n<p>. Secretaria:Carina Pereyra (Inspectora de nivel Primario)y suplente Silvia Rossi  (CONSEJO ESCOLAR).<\/p>\n<p>Celebrando la conformaci\u00f3n del CMD como un paso fundamental para garantizar el cuidado de la Salud y la Seguridad de todos los Trabajadores de la Educaci\u00f3n, los saludo muy Atentamente<\/p>\n<p>Irina Ches\u00f1evar IJD<\/p>\n","protected":false},"excerpt":{"rendered":"<p>Esta Jefatura Distrital informa que el d\u00eda 25 de septiembre convoc\u00f3 a una reuni\u00f3n, con la finalidad de conformar el Comit\u00e9 Mixto Distrital de Salud y Seguridad , en el marco de la Normativa Ley 14226\/10 y Decreto Reglamentario 120\/11.<\/p>\n","protected":false},"author":3,"featured_media":48925,"comment_status":"closed","ping_status":"open","sticky":false,"template":"","format":"standard","meta":{"footnotes":""},"categories":[34],"tags":[],"class_list":["post-48923","post","type-post","status-publish","format-standard","has-post-thumbnail","hentry","category-educacion"],"yoast_head":"<!-- This site is optimized with the Yoast SEO plugin v25.9 - https:\/\/yoast.com\/wordpress\/plugins\/seo\/ -->\n<title>Se conform\u00f3 el Comit\u00e9 Mixto Distrital de Salud y Seguridad. - Noticias Radio Reflejos<\/title>\n<meta name=\"robots\" content=\"index, follow, max-snippet:-1, max-image-preview:large, max-video-preview:-1\" \/>\n<link rel=\"canonical\" href=\"https:\/\/www.noticiasradioreflejos.com.ar\/2021\/se-conformo-el-comite-mixto-distrital-de-salud-y-seguridad\/\" \/>\n<meta property=\"og:locale\" content=\"es_ES\" \/>\n<meta property=\"og:type\" content=\"article\" \/>\n<meta property=\"og:title\" content=\"Se conform\u00f3 el Comit\u00e9 Mixto Distrital de Salud y Seguridad. - Noticias Radio Reflejos\" \/>\n<meta property=\"og:description\" content=\"Esta Jefatura Distrital informa que el d\u00eda 25 de septiembre convoc\u00f3 a una reuni\u00f3n, con la finalidad de conformar el Comit\u00e9 Mixto Distrital de Salud y Seguridad , en el marco de la Normativa Ley 14226\/10 y Decreto Reglamentario 120\/11.\" \/>\n<meta property=\"og:url\" content=\"https:\/\/www.noticiasradioreflejos.com.ar\/2021\/se-conformo-el-comite-mixto-distrital-de-salud-y-seguridad\/\" \/>\n<meta property=\"og:site_name\" content=\"Noticias Radio Reflejos\" \/>\n<meta property=\"article:published_time\" content=\"2020-11-05T13:52:48+00:00\" \/>\n<meta property=\"og:image\" content=\"https:\/\/www.noticiasradioreflejos.com.ar\/2021\/wp-content\/uploads\/2021\/07\/logosol300x200.png\" \/>\n\t<meta property=\"og:image:width\" content=\"300\" \/>\n\t<meta property=\"og:image:height\" content=\"200\" \/>\n\t<meta property=\"og:image:type\" content=\"image\/png\" \/>\n<meta name=\"author\" content=\"Arnaldo Botto\" \/>\n<meta name=\"twitter:card\" content=\"summary_large_image\" \/>\n<script type=\"application\/ld+json\" class=\"yoast-schema-graph\">{\"@context\":\"https:\/\/schema.org\",\"@graph\":[{\"@type\":\"WebPage\",\"@id\":\"https:\/\/www.noticiasradioreflejos.com.ar\/2021\/se-conformo-el-comite-mixto-distrital-de-salud-y-seguridad\/\",\"url\":\"https:\/\/www.noticiasradioreflejos.com.ar\/2021\/se-conformo-el-comite-mixto-distrital-de-salud-y-seguridad\/\",\"name\":\"Se conform\u00f3 el Comit\u00e9 Mixto Distrital de Salud y Seguridad. - Noticias Radio Reflejos\",\"isPartOf\":{\"@id\":\"https:\/\/www.noticiasradioreflejos.com.ar\/2021\/#website\"},\"primaryImageOfPage\":{\"@id\":\"https:\/\/www.noticiasradioreflejos.com.ar\/2021\/se-conformo-el-comite-mixto-distrital-de-salud-y-seguridad\/#primaryimage\"},\"image\":{\"@id\":\"https:\/\/www.noticiasradioreflejos.com.ar\/2021\/se-conformo-el-comite-mixto-distrital-de-salud-y-seguridad\/#primaryimage\"},\"thumbnailUrl\":\"\",\"datePublished\":\"2020-11-05T13:52:48+00:00\",\"author\":{\"@id\":\"https:\/\/www.noticiasradioreflejos.com.ar\/2021\/#\/schema\/person\/ad82545263dcc5ec0996818884fd5fb1\"},\"breadcrumb\":{\"@id\":\"https:\/\/www.noticiasradioreflejos.com.ar\/2021\/se-conformo-el-comite-mixto-distrital-de-salud-y-seguridad\/#breadcrumb\"},\"inLanguage\":\"es\",\"potentialAction\":[{\"@type\":\"ReadAction\",\"target\":[\"https:\/\/www.noticiasradioreflejos.com.ar\/2021\/se-conformo-el-comite-mixto-distrital-de-salud-y-seguridad\/\"]}]},{\"@type\":\"ImageObject\",\"inLanguage\":\"es\",\"@id\":\"https:\/\/www.noticiasradioreflejos.com.ar\/2021\/se-conformo-el-comite-mixto-distrital-de-salud-y-seguridad\/#primaryimage\",\"url\":\"\",\"contentUrl\":\"\"},{\"@type\":\"BreadcrumbList\",\"@id\":\"https:\/\/www.noticiasradioreflejos.com.ar\/2021\/se-conformo-el-comite-mixto-distrital-de-salud-y-seguridad\/#breadcrumb\",\"itemListElement\":[{\"@type\":\"ListItem\",\"position\":1,\"name\":\"Portada\",\"item\":\"https:\/\/www.noticiasradioreflejos.com.ar\/2021\/\"},{\"@type\":\"ListItem\",\"position\":2,\"name\":\"Se conform\u00f3 el Comit\u00e9 Mixto Distrital de Salud y Seguridad.\"}]},{\"@type\":\"WebSite\",\"@id\":\"https:\/\/www.noticiasradioreflejos.com.ar\/2021\/#website\",\"url\":\"https:\/\/www.noticiasradioreflejos.com.ar\/2021\/\",\"name\":\"Noticias Radio Reflejos\",\"description\":\"Las noticias de mi comarca\",\"potentialAction\":[{\"@type\":\"SearchAction\",\"target\":{\"@type\":\"EntryPoint\",\"urlTemplate\":\"https:\/\/www.noticiasradioreflejos.com.ar\/2021\/?s={search_term_string}\"},\"query-input\":{\"@type\":\"PropertyValueSpecification\",\"valueRequired\":true,\"valueName\":\"search_term_string\"}}],\"inLanguage\":\"es\"},{\"@type\":\"Person\",\"@id\":\"https:\/\/www.noticiasradioreflejos.com.ar\/2021\/#\/schema\/person\/ad82545263dcc5ec0996818884fd5fb1\",\"name\":\"Arnaldo Botto\",\"image\":{\"@type\":\"ImageObject\",\"inLanguage\":\"es\",\"@id\":\"https:\/\/www.noticiasradioreflejos.com.ar\/2021\/#\/schema\/person\/image\/\",\"url\":\"https:\/\/secure.gravatar.com\/avatar\/55cb5e37c1efa326397366e6974cb338056df65cb50e7d64d1cf314e87504837?s=96&d=mm&r=g\",\"contentUrl\":\"https:\/\/secure.gravatar.com\/avatar\/55cb5e37c1efa326397366e6974cb338056df65cb50e7d64d1cf314e87504837?s=96&d=mm&r=g\",\"caption\":\"Arnaldo Botto\"},\"url\":\"https:\/\/www.noticiasradioreflejos.com.ar\/2021\/author\/arnaldo\/\"}]}<\/script>\n<!-- \/ Yoast SEO plugin. -->","yoast_head_json":{"title":"Se conform\u00f3 el Comit\u00e9 Mixto Distrital de Salud y Seguridad. - Noticias Radio Reflejos","robots":{"index":"index","follow":"follow","max-snippet":"max-snippet:-1","max-image-preview":"max-image-preview:large","max-video-preview":"max-video-preview:-1"},"canonical":"https:\/\/www.noticiasradioreflejos.com.ar\/2021\/se-conformo-el-comite-mixto-distrital-de-salud-y-seguridad\/","og_locale":"es_ES","og_type":"article","og_title":"Se conform\u00f3 el Comit\u00e9 Mixto Distrital de Salud y Seguridad. - Noticias Radio Reflejos","og_description":"Esta Jefatura Distrital informa que el d\u00eda 25 de septiembre convoc\u00f3 a una reuni\u00f3n, con la finalidad de conformar el Comit\u00e9 Mixto Distrital de Salud y Seguridad , en el marco de la Normativa Ley 14226\/10 y Decreto Reglamentario 120\/11.","og_url":"https:\/\/www.noticiasradioreflejos.com.ar\/2021\/se-conformo-el-comite-mixto-distrital-de-salud-y-seguridad\/","og_site_name":"Noticias Radio Reflejos","article_published_time":"2020-11-05T13:52:48+00:00","og_image":[{"width":300,"height":200,"url":"https:\/\/www.noticiasradioreflejos.com.ar\/2021\/wp-content\/uploads\/2021\/07\/logosol300x200.png","type":"image\/png"}],"author":"Arnaldo Botto","twitter_card":"summary_large_image","schema":{"@context":"https:\/\/schema.org","@graph":[{"@type":"WebPage","@id":"https:\/\/www.noticiasradioreflejos.com.ar\/2021\/se-conformo-el-comite-mixto-distrital-de-salud-y-seguridad\/","url":"https:\/\/www.noticiasradioreflejos.com.ar\/2021\/se-conformo-el-comite-mixto-distrital-de-salud-y-seguridad\/","name":"Se conform\u00f3 el Comit\u00e9 Mixto Distrital de Salud y Seguridad. - Noticias Radio Reflejos","isPartOf":{"@id":"https:\/\/www.noticiasradioreflejos.com.ar\/2021\/#website"},"primaryImageOfPage":{"@id":"https:\/\/www.noticiasradioreflejos.com.ar\/2021\/se-conformo-el-comite-mixto-distrital-de-salud-y-seguridad\/#primaryimage"},"image":{"@id":"https:\/\/www.noticiasradioreflejos.com.ar\/2021\/se-conformo-el-comite-mixto-distrital-de-salud-y-seguridad\/#primaryimage"},"thumbnailUrl":"","datePublished":"2020-11-05T13:52:48+00:00","author":{"@id":"https:\/\/www.noticiasradioreflejos.com.ar\/2021\/#\/schema\/person\/ad82545263dcc5ec0996818884fd5fb1"},"breadcrumb":{"@id":"https:\/\/www.noticiasradioreflejos.com.ar\/2021\/se-conformo-el-comite-mixto-distrital-de-salud-y-seguridad\/#breadcrumb"},"inLanguage":"es","potentialAction":[{"@type":"ReadAction","target":["https:\/\/www.noticiasradioreflejos.com.ar\/2021\/se-conformo-el-comite-mixto-distrital-de-salud-y-seguridad\/"]}]},{"@type":"ImageObject","inLanguage":"es","@id":"https:\/\/www.noticiasradioreflejos.com.ar\/2021\/se-conformo-el-comite-mixto-distrital-de-salud-y-seguridad\/#primaryimage","url":"","contentUrl":""},{"@type":"BreadcrumbList","@id":"https:\/\/www.noticiasradioreflejos.com.ar\/2021\/se-conformo-el-comite-mixto-distrital-de-salud-y-seguridad\/#breadcrumb","itemListElement":[{"@type":"ListItem","position":1,"name":"Portada","item":"https:\/\/www.noticiasradioreflejos.com.ar\/2021\/"},{"@type":"ListItem","position":2,"name":"Se conform\u00f3 el Comit\u00e9 Mixto Distrital de Salud y Seguridad."}]},{"@type":"WebSite","@id":"https:\/\/www.noticiasradioreflejos.com.ar\/2021\/#website","url":"https:\/\/www.noticiasradioreflejos.com.ar\/2021\/","name":"Noticias Radio Reflejos","description":"Las noticias de mi comarca","potentialAction":[{"@type":"SearchAction","target":{"@type":"EntryPoint","urlTemplate":"https:\/\/www.noticiasradioreflejos.com.ar\/2021\/?s={search_term_string}"},"query-input":{"@type":"PropertyValueSpecification","valueRequired":true,"valueName":"search_term_string"}}],"inLanguage":"es"},{"@type":"Person","@id":"https:\/\/www.noticiasradioreflejos.com.ar\/2021\/#\/schema\/person\/ad82545263dcc5ec0996818884fd5fb1","name":"Arnaldo Botto","image":{"@type":"ImageObject","inLanguage":"es","@id":"https:\/\/www.noticiasradioreflejos.com.ar\/2021\/#\/schema\/person\/image\/","url":"https:\/\/secure.gravatar.com\/avatar\/55cb5e37c1efa326397366e6974cb338056df65cb50e7d64d1cf314e87504837?s=96&d=mm&r=g","contentUrl":"https:\/\/secure.gravatar.com\/avatar\/55cb5e37c1efa326397366e6974cb338056df65cb50e7d64d1cf314e87504837?s=96&d=mm&r=g","caption":"Arnaldo Botto"},"url":"https:\/\/www.noticiasradioreflejos.com.ar\/2021\/author\/arnaldo\/"}]}},"_links":{"self":[{"href":"https:\/\/www.noticiasradioreflejos.com.ar\/2021\/wp-json\/wp\/v2\/posts\/48923","targetHints":{"allow":["GET"]}}],"collection":[{"href":"https:\/\/www.noticiasradioreflejos.com.ar\/2021\/wp-json\/wp\/v2\/posts"}],"about":[{"href":"https:\/\/www.noticiasradioreflejos.com.ar\/2021\/wp-json\/wp\/v2\/types\/post"}],"author":[{"embeddable":true,"href":"https:\/\/www.noticiasradioreflejos.com.ar\/2021\/wp-json\/wp\/v2\/users\/3"}],"replies":[{"embeddable":true,"href":"https:\/\/www.noticiasradioreflejos.com.ar\/2021\/wp-json\/wp\/v2\/comments?post=48923"}],"version-history":[{"count":0,"href":"https:\/\/www.noticiasradioreflejos.com.ar\/2021\/wp-json\/wp\/v2\/posts\/48923\/revisions"}],"wp:featuredmedia":[{"embeddable":true,"href":"https:\/\/www.noticiasradioreflejos.com.ar\/2021\/wp-json\/"}],"wp:attachment":[{"href":"https:\/\/www.noticiasradioreflejos.com.ar\/2021\/wp-json\/wp\/v2\/media?parent=48923"}],"wp:term":[{"taxonomy":"category","embeddable":true,"href":"https:\/\/www.noticiasradioreflejos.com.ar\/2021\/wp-json\/wp\/v2\/categories?post=48923"},{"taxonomy":"post_tag","embeddable":true,"href":"https:\/\/www.noticiasradioreflejos.com.ar\/2021\/wp-json\/wp\/v2\/tags?post=48923"}],"curies":[{"name":"wp","href":"https:\/\/api.w.org\/{rel}","templated":true}]}}