{"id":4886,"date":"2016-12-18T23:12:45","date_gmt":"2016-12-18T23:12:45","guid":{"rendered":"http:\/\/noticiasradioreflejos.com.ar\/noticias\/?p=4886"},"modified":"2016-12-18T23:12:45","modified_gmt":"2016-12-18T23:12:45","slug":"la-trochita-y-su-llegada-al-club-hotel-de-villa-ventana","status":"publish","type":"post","link":"https:\/\/www.noticiasradioreflejos.com.ar\/2021\/la-trochita-y-su-llegada-al-club-hotel-de-villa-ventana\/","title":{"rendered":"La Trochita y su llegada al Club Hotel de Villa Ventana"},"content":{"rendered":"<p><a title=\"La trochita llega al Club Hotel (12)\" href=\"http:\/\/farm1.staticflickr.com\/502\/30888570194_4e19436f4c.jpg\" rel=\"\"><img loading=\"lazy\" decoding=\"async\" class=\"alignleft\" style=\"float: left;\" title=\"La trochita llega al Club Hotel (12)\" src=\"http:\/\/farm1.staticflickr.com\/502\/30888570194_4e19436f4c.jpg\" alt=\"La trochita llega al Club Hotel (12)\" width=\"500\" height=\"281\" \/><\/a>Se celebr\u00f3 este 17 de diciembre un nuevo aniversario de la llegada del tren de trocha angosta al Club Hotel y Casino de la Ventana.<br \/>\nEl evento record\u00f3 el momento en el cual hac\u00eda \u00a0103 a\u00f1os, un servicio de transporte ferroviario de pasajeros llagaba a las instalaciones del majestuoso hotel con los primero visitantes, dos a\u00f1os despu\u00e9s de su inauguraci\u00f3n del 11 de Noviembre de 1911.<br \/>\nOrganizado por la Asociaci\u00f3n Amigos de la Trochita en conjunto con el Municipio de Tornquist, se realiz\u00f3 inicialmente \u00a0una caminata con la actuaci\u00f3n\u00a0 del grupo \u00abTeatreros de las Sierras\u00bb, \u00a0ataviados de \u00e9poca y representando diferentes momentos de la llegada de pasajeros al Ex Club Hotel.<!--more--><br \/>\n<a title=\"La trochita llega al Club Hotel (22)\" href=\"http:\/\/farm1.staticflickr.com\/255\/30920089313_b1010965d1_z.jpg\" rel=\"\"><img loading=\"lazy\" decoding=\"async\" class=\"aligncenter\" title=\"La trochita llega al Club Hotel (22)\" src=\"http:\/\/farm1.staticflickr.com\/255\/30920089313_b1010965d1_z.jpg\" alt=\"La trochita llega al Club Hotel (22)\" width=\"640\" height=\"360\" \/><\/a><br \/>\nA su llegada al and\u00e9n donde imaginariamente descend\u00edan del tren, se dio comienzo al acto protocolar que cont\u00f3 con la presencia del Intendente Municipal <strong>Sergio Bordoni,<\/strong> la Secretaria de Turismo Susana Dos Santos, Delegado de Villa Ventana Alfredo Alarc\u00f3n, integrantes del gabinete municipal, de la Asociaci\u00f3n Amigos de la Trochita y un centenar entre vecinos y turistas que fueron parte del evento.<br \/>\n<a title=\"La trochita llega al Club Hotel (41)\" href=\"http:\/\/farm1.staticflickr.com\/341\/31582946392_91db35e47d_z.jpg\" rel=\"\"><img loading=\"lazy\" decoding=\"async\" class=\"aligncenter\" title=\"La trochita llega al Club Hotel (41)\" src=\"http:\/\/farm1.staticflickr.com\/341\/31582946392_91db35e47d_z.jpg\" alt=\"La trochita llega al Club Hotel (41)\" width=\"640\" height=\"360\" \/><\/a><br \/>\nAmante y defensora de la historia local a trav\u00e9s de su museo \u00abSendero de los Recuerdos\u00bb, Mercedes Willich tuvo a su cargo las palabras inaugurales del evento que record\u00f3 los 103 a\u00f1os de la llegada del tren de trocha angosta al Club Hotel y Casino de la Ventana mediante una rese\u00f1a hist\u00f3rica que ley\u00f3 para finalmente agradecer por la participaci\u00f3n y compromiso por recuperar y mantener el patrimonio hist\u00f3rico y cultural de nuestra comarca al intendente y Asociaci\u00f3n Amigos de la Trochita.<br \/>\n<a title=\"La trochita llega al Club Hotel (56)\" href=\"http:\/\/farm1.staticflickr.com\/751\/31614052551_30302712f5_z.jpg\" rel=\"\"><img loading=\"lazy\" decoding=\"async\" class=\"aligncenter\" title=\"La trochita llega al Club Hotel (56)\" src=\"http:\/\/farm1.staticflickr.com\/751\/31614052551_30302712f5_z.jpg\" alt=\"La trochita llega al Club Hotel (56)\" width=\"640\" height=\"360\" \/><\/a><br \/>\nSeguidamente hizo uso de la palabra \u00a0Sergio Bordoni, qui\u00e9n destac\u00f3 el trabajo mancomunado de las Asociaciones de turismo de la comarca en organizar este tipo de eventos asegurando que Villa Ventana y todas las localidades del distrito se deben posicionar a nivel nacional como los destinos tur\u00edsticos\u00a0de mayor inter\u00e9s.<br \/>\n<a title=\"La trochita llega al Club Hotel (58)\" href=\"http:\/\/farm1.staticflickr.com\/778\/30919689943_a88fbffb33_z.jpg\" rel=\"\"><img loading=\"lazy\" decoding=\"async\" class=\"aligncenter\" title=\"La trochita llega al Club Hotel (58)\" src=\"http:\/\/farm1.staticflickr.com\/778\/30919689943_a88fbffb33_z.jpg\" alt=\"La trochita llega al Club Hotel (58)\" width=\"640\" height=\"360\" \/><\/a><br \/>\nPosteriormente se dio lugar al descubrimiento de una placa recordatoria y un tramo del ramal cercado frente al and\u00e9n original de llegada de la Trochita, como un\u00a0sitio de inter\u00e9s hist\u00f3rico y estuvo a cargo de la Secretaria de Turismo Susana Dos Santos, \u00a0 Peter Schumacher por la Asociaci\u00f3n Amigos de la Trochita, el Intendente Sergio Bordoni\u00a0y el Delegado de Villa Ventana Alfredo Alarc\u00f3n.<br \/>\nFinalizado el acto, los actores realizaron una \u00faltima intervenci\u00f3n y seguidamente actu\u00f3 Paly Gim\u00e9nez con su banda musical.<br \/>\n<iframe loading=\"lazy\" src=\"https:\/\/w.soundcloud.com\/player\/?url=https%3A\/\/api.soundcloud.com\/tracks\/298527750&amp;color=ff5500&amp;auto_play=false&amp;hide_related=false&amp;show_comments=true&amp;show_user=true&amp;show_reposts=false\" width=\"100%\" height=\"166\" frameborder=\"no\" scrolling=\"no\"><\/iframe><br \/>\n<iframe loading=\"lazy\" src=\"https:\/\/w.soundcloud.com\/player\/?url=https%3A\/\/api.soundcloud.com\/tracks\/298528083&amp;color=ff5500&amp;auto_play=false&amp;hide_related=false&amp;show_comments=true&amp;show_user=true&amp;show_reposts=false\" width=\"100%\" height=\"166\" frameborder=\"no\" scrolling=\"no\"><\/iframe><br \/>\n<iframe loading=\"lazy\" src=\"https:\/\/w.soundcloud.com\/player\/?url=https%3A\/\/api.soundcloud.com\/tracks\/298528648&amp;color=ff5500&amp;auto_play=false&amp;hide_related=false&amp;show_comments=true&amp;show_user=true&amp;show_reposts=false\" width=\"100%\" height=\"166\" frameborder=\"no\" scrolling=\"no\"><\/iframe><br \/>\n<iframe loading=\"lazy\" src=\"https:\/\/w.soundcloud.com\/player\/?url=https%3A\/\/api.soundcloud.com\/tracks\/298529678&amp;color=ff5500&amp;auto_play=false&amp;hide_related=false&amp;show_comments=true&amp;show_user=true&amp;show_reposts=false\" width=\"100%\" height=\"166\" frameborder=\"no\" scrolling=\"no\"><\/iframe><br \/>\n<a title=\"La trochita llega al Club Hotel (68)\" href=\"http:\/\/farm1.staticflickr.com\/423\/30919609773_0103c09341_z.jpg\" rel=\"\"><img loading=\"lazy\" decoding=\"async\" class=\"aligncenter\" title=\"La trochita llega al Club Hotel (68)\" src=\"http:\/\/farm1.staticflickr.com\/423\/30919609773_0103c09341_z.jpg\" alt=\"La trochita llega al Club Hotel (68)\" width=\"640\" height=\"360\" \/><\/a><br \/>\n<a href=\"https:\/\/www.facebook.com\/reflejosfm\/media_set?set=a.10211547525192525.1073742005.1496587978&amp;type=3&amp;uploaded=66\">Ver todas las fotos:<\/a><\/p>\n","protected":false},"excerpt":{"rendered":"<p>Se celebr\u00f3 este 17 de diciembre un nuevo aniversario de la llegada del tren de trocha angosta al Club Hotel y Casino de la Ventana. El evento record\u00f3 el momento en el cual hac\u00eda \u00a0103 a\u00f1os, un servicio de transporte ferroviario de pasajeros llagaba a las instalaciones del majestuoso hotel con los primero visitantes, dos [&hellip;]<\/p>\n","protected":false},"author":3,"featured_media":0,"comment_status":"closed","ping_status":"open","sticky":false,"template":"","format":"standard","meta":{"footnotes":""},"categories":[33],"tags":[],"class_list":["post-4886","post","type-post","status-publish","format-standard","hentry","category-turismo"],"yoast_head":"<!-- This site is optimized with the Yoast SEO plugin v25.9 - https:\/\/yoast.com\/wordpress\/plugins\/seo\/ -->\n<title>La Trochita y su llegada al Club Hotel de Villa Ventana - Noticias Radio Reflejos<\/title>\n<meta name=\"robots\" content=\"index, follow, max-snippet:-1, max-image-preview:large, max-video-preview:-1\" \/>\n<link rel=\"canonical\" href=\"https:\/\/www.noticiasradioreflejos.com.ar\/2021\/la-trochita-y-su-llegada-al-club-hotel-de-villa-ventana\/\" \/>\n<meta property=\"og:locale\" content=\"es_ES\" \/>\n<meta property=\"og:type\" content=\"article\" \/>\n<meta property=\"og:title\" content=\"La Trochita y su llegada al Club Hotel de Villa Ventana - Noticias Radio Reflejos\" \/>\n<meta property=\"og:description\" content=\"Se celebr\u00f3 este 17 de diciembre un nuevo aniversario de la llegada del tren de trocha angosta al Club Hotel y Casino de la Ventana. El evento record\u00f3 el momento en el cual hac\u00eda \u00a0103 a\u00f1os, un servicio de transporte ferroviario de pasajeros llagaba a las instalaciones del majestuoso hotel con los primero visitantes, dos [&hellip;]\" \/>\n<meta property=\"og:url\" content=\"https:\/\/www.noticiasradioreflejos.com.ar\/2021\/la-trochita-y-su-llegada-al-club-hotel-de-villa-ventana\/\" \/>\n<meta property=\"og:site_name\" content=\"Noticias Radio Reflejos\" \/>\n<meta property=\"article:published_time\" content=\"2016-12-18T23:12:45+00:00\" \/>\n<meta property=\"og:image\" content=\"http:\/\/farm1.staticflickr.com\/502\/30888570194_4e19436f4c.jpg\" \/>\n<meta name=\"author\" content=\"Arnaldo Botto\" \/>\n<meta name=\"twitter:card\" content=\"summary_large_image\" \/>\n<script type=\"application\/ld+json\" class=\"yoast-schema-graph\">{\"@context\":\"https:\/\/schema.org\",\"@graph\":[{\"@type\":\"WebPage\",\"@id\":\"https:\/\/www.noticiasradioreflejos.com.ar\/2021\/la-trochita-y-su-llegada-al-club-hotel-de-villa-ventana\/\",\"url\":\"https:\/\/www.noticiasradioreflejos.com.ar\/2021\/la-trochita-y-su-llegada-al-club-hotel-de-villa-ventana\/\",\"name\":\"La Trochita y su llegada al Club Hotel de Villa Ventana - Noticias Radio Reflejos\",\"isPartOf\":{\"@id\":\"https:\/\/www.noticiasradioreflejos.com.ar\/2021\/#website\"},\"primaryImageOfPage\":{\"@id\":\"https:\/\/www.noticiasradioreflejos.com.ar\/2021\/la-trochita-y-su-llegada-al-club-hotel-de-villa-ventana\/#primaryimage\"},\"image\":{\"@id\":\"https:\/\/www.noticiasradioreflejos.com.ar\/2021\/la-trochita-y-su-llegada-al-club-hotel-de-villa-ventana\/#primaryimage\"},\"thumbnailUrl\":\"http:\/\/farm1.staticflickr.com\/502\/30888570194_4e19436f4c.jpg\",\"datePublished\":\"2016-12-18T23:12:45+00:00\",\"author\":{\"@id\":\"https:\/\/www.noticiasradioreflejos.com.ar\/2021\/#\/schema\/person\/ad82545263dcc5ec0996818884fd5fb1\"},\"breadcrumb\":{\"@id\":\"https:\/\/www.noticiasradioreflejos.com.ar\/2021\/la-trochita-y-su-llegada-al-club-hotel-de-villa-ventana\/#breadcrumb\"},\"inLanguage\":\"es\",\"potentialAction\":[{\"@type\":\"ReadAction\",\"target\":[\"https:\/\/www.noticiasradioreflejos.com.ar\/2021\/la-trochita-y-su-llegada-al-club-hotel-de-villa-ventana\/\"]}]},{\"@type\":\"ImageObject\",\"inLanguage\":\"es\",\"@id\":\"https:\/\/www.noticiasradioreflejos.com.ar\/2021\/la-trochita-y-su-llegada-al-club-hotel-de-villa-ventana\/#primaryimage\",\"url\":\"http:\/\/farm1.staticflickr.com\/502\/30888570194_4e19436f4c.jpg\",\"contentUrl\":\"http:\/\/farm1.staticflickr.com\/502\/30888570194_4e19436f4c.jpg\"},{\"@type\":\"BreadcrumbList\",\"@id\":\"https:\/\/www.noticiasradioreflejos.com.ar\/2021\/la-trochita-y-su-llegada-al-club-hotel-de-villa-ventana\/#breadcrumb\",\"itemListElement\":[{\"@type\":\"ListItem\",\"position\":1,\"name\":\"Portada\",\"item\":\"https:\/\/www.noticiasradioreflejos.com.ar\/2021\/\"},{\"@type\":\"ListItem\",\"position\":2,\"name\":\"La Trochita y su llegada al Club Hotel de Villa Ventana\"}]},{\"@type\":\"WebSite\",\"@id\":\"https:\/\/www.noticiasradioreflejos.com.ar\/2021\/#website\",\"url\":\"https:\/\/www.noticiasradioreflejos.com.ar\/2021\/\",\"name\":\"Noticias Radio Reflejos\",\"description\":\"Las noticias de mi comarca\",\"potentialAction\":[{\"@type\":\"SearchAction\",\"target\":{\"@type\":\"EntryPoint\",\"urlTemplate\":\"https:\/\/www.noticiasradioreflejos.com.ar\/2021\/?s={search_term_string}\"},\"query-input\":{\"@type\":\"PropertyValueSpecification\",\"valueRequired\":true,\"valueName\":\"search_term_string\"}}],\"inLanguage\":\"es\"},{\"@type\":\"Person\",\"@id\":\"https:\/\/www.noticiasradioreflejos.com.ar\/2021\/#\/schema\/person\/ad82545263dcc5ec0996818884fd5fb1\",\"name\":\"Arnaldo Botto\",\"image\":{\"@type\":\"ImageObject\",\"inLanguage\":\"es\",\"@id\":\"https:\/\/www.noticiasradioreflejos.com.ar\/2021\/#\/schema\/person\/image\/\",\"url\":\"https:\/\/secure.gravatar.com\/avatar\/55cb5e37c1efa326397366e6974cb338056df65cb50e7d64d1cf314e87504837?s=96&d=mm&r=g\",\"contentUrl\":\"https:\/\/secure.gravatar.com\/avatar\/55cb5e37c1efa326397366e6974cb338056df65cb50e7d64d1cf314e87504837?s=96&d=mm&r=g\",\"caption\":\"Arnaldo Botto\"},\"url\":\"https:\/\/www.noticiasradioreflejos.com.ar\/2021\/author\/arnaldo\/\"}]}<\/script>\n<!-- \/ Yoast SEO plugin. -->","yoast_head_json":{"title":"La Trochita y su llegada al Club Hotel de Villa Ventana - Noticias Radio Reflejos","robots":{"index":"index","follow":"follow","max-snippet":"max-snippet:-1","max-image-preview":"max-image-preview:large","max-video-preview":"max-video-preview:-1"},"canonical":"https:\/\/www.noticiasradioreflejos.com.ar\/2021\/la-trochita-y-su-llegada-al-club-hotel-de-villa-ventana\/","og_locale":"es_ES","og_type":"article","og_title":"La Trochita y su llegada al Club Hotel de Villa Ventana - Noticias Radio Reflejos","og_description":"Se celebr\u00f3 este 17 de diciembre un nuevo aniversario de la llegada del tren de trocha angosta al Club Hotel y Casino de la Ventana. El evento record\u00f3 el momento en el cual hac\u00eda \u00a0103 a\u00f1os, un servicio de transporte ferroviario de pasajeros llagaba a las instalaciones del majestuoso hotel con los primero visitantes, dos [&hellip;]","og_url":"https:\/\/www.noticiasradioreflejos.com.ar\/2021\/la-trochita-y-su-llegada-al-club-hotel-de-villa-ventana\/","og_site_name":"Noticias Radio Reflejos","article_published_time":"2016-12-18T23:12:45+00:00","og_image":[{"url":"http:\/\/farm1.staticflickr.com\/502\/30888570194_4e19436f4c.jpg","type":"","width":"","height":""}],"author":"Arnaldo Botto","twitter_card":"summary_large_image","schema":{"@context":"https:\/\/schema.org","@graph":[{"@type":"WebPage","@id":"https:\/\/www.noticiasradioreflejos.com.ar\/2021\/la-trochita-y-su-llegada-al-club-hotel-de-villa-ventana\/","url":"https:\/\/www.noticiasradioreflejos.com.ar\/2021\/la-trochita-y-su-llegada-al-club-hotel-de-villa-ventana\/","name":"La Trochita y su llegada al Club Hotel de Villa Ventana - Noticias Radio Reflejos","isPartOf":{"@id":"https:\/\/www.noticiasradioreflejos.com.ar\/2021\/#website"},"primaryImageOfPage":{"@id":"https:\/\/www.noticiasradioreflejos.com.ar\/2021\/la-trochita-y-su-llegada-al-club-hotel-de-villa-ventana\/#primaryimage"},"image":{"@id":"https:\/\/www.noticiasradioreflejos.com.ar\/2021\/la-trochita-y-su-llegada-al-club-hotel-de-villa-ventana\/#primaryimage"},"thumbnailUrl":"http:\/\/farm1.staticflickr.com\/502\/30888570194_4e19436f4c.jpg","datePublished":"2016-12-18T23:12:45+00:00","author":{"@id":"https:\/\/www.noticiasradioreflejos.com.ar\/2021\/#\/schema\/person\/ad82545263dcc5ec0996818884fd5fb1"},"breadcrumb":{"@id":"https:\/\/www.noticiasradioreflejos.com.ar\/2021\/la-trochita-y-su-llegada-al-club-hotel-de-villa-ventana\/#breadcrumb"},"inLanguage":"es","potentialAction":[{"@type":"ReadAction","target":["https:\/\/www.noticiasradioreflejos.com.ar\/2021\/la-trochita-y-su-llegada-al-club-hotel-de-villa-ventana\/"]}]},{"@type":"ImageObject","inLanguage":"es","@id":"https:\/\/www.noticiasradioreflejos.com.ar\/2021\/la-trochita-y-su-llegada-al-club-hotel-de-villa-ventana\/#primaryimage","url":"http:\/\/farm1.staticflickr.com\/502\/30888570194_4e19436f4c.jpg","contentUrl":"http:\/\/farm1.staticflickr.com\/502\/30888570194_4e19436f4c.jpg"},{"@type":"BreadcrumbList","@id":"https:\/\/www.noticiasradioreflejos.com.ar\/2021\/la-trochita-y-su-llegada-al-club-hotel-de-villa-ventana\/#breadcrumb","itemListElement":[{"@type":"ListItem","position":1,"name":"Portada","item":"https:\/\/www.noticiasradioreflejos.com.ar\/2021\/"},{"@type":"ListItem","position":2,"name":"La Trochita y su llegada al Club Hotel de Villa Ventana"}]},{"@type":"WebSite","@id":"https:\/\/www.noticiasradioreflejos.com.ar\/2021\/#website","url":"https:\/\/www.noticiasradioreflejos.com.ar\/2021\/","name":"Noticias Radio Reflejos","description":"Las noticias de mi comarca","potentialAction":[{"@type":"SearchAction","target":{"@type":"EntryPoint","urlTemplate":"https:\/\/www.noticiasradioreflejos.com.ar\/2021\/?s={search_term_string}"},"query-input":{"@type":"PropertyValueSpecification","valueRequired":true,"valueName":"search_term_string"}}],"inLanguage":"es"},{"@type":"Person","@id":"https:\/\/www.noticiasradioreflejos.com.ar\/2021\/#\/schema\/person\/ad82545263dcc5ec0996818884fd5fb1","name":"Arnaldo Botto","image":{"@type":"ImageObject","inLanguage":"es","@id":"https:\/\/www.noticiasradioreflejos.com.ar\/2021\/#\/schema\/person\/image\/","url":"https:\/\/secure.gravatar.com\/avatar\/55cb5e37c1efa326397366e6974cb338056df65cb50e7d64d1cf314e87504837?s=96&d=mm&r=g","contentUrl":"https:\/\/secure.gravatar.com\/avatar\/55cb5e37c1efa326397366e6974cb338056df65cb50e7d64d1cf314e87504837?s=96&d=mm&r=g","caption":"Arnaldo Botto"},"url":"https:\/\/www.noticiasradioreflejos.com.ar\/2021\/author\/arnaldo\/"}]}},"_links":{"self":[{"href":"https:\/\/www.noticiasradioreflejos.com.ar\/2021\/wp-json\/wp\/v2\/posts\/4886","targetHints":{"allow":["GET"]}}],"collection":[{"href":"https:\/\/www.noticiasradioreflejos.com.ar\/2021\/wp-json\/wp\/v2\/posts"}],"about":[{"href":"https:\/\/www.noticiasradioreflejos.com.ar\/2021\/wp-json\/wp\/v2\/types\/post"}],"author":[{"embeddable":true,"href":"https:\/\/www.noticiasradioreflejos.com.ar\/2021\/wp-json\/wp\/v2\/users\/3"}],"replies":[{"embeddable":true,"href":"https:\/\/www.noticiasradioreflejos.com.ar\/2021\/wp-json\/wp\/v2\/comments?post=4886"}],"version-history":[{"count":0,"href":"https:\/\/www.noticiasradioreflejos.com.ar\/2021\/wp-json\/wp\/v2\/posts\/4886\/revisions"}],"wp:attachment":[{"href":"https:\/\/www.noticiasradioreflejos.com.ar\/2021\/wp-json\/wp\/v2\/media?parent=4886"}],"wp:term":[{"taxonomy":"category","embeddable":true,"href":"https:\/\/www.noticiasradioreflejos.com.ar\/2021\/wp-json\/wp\/v2\/categories?post=4886"},{"taxonomy":"post_tag","embeddable":true,"href":"https:\/\/www.noticiasradioreflejos.com.ar\/2021\/wp-json\/wp\/v2\/tags?post=4886"}],"curies":[{"name":"wp","href":"https:\/\/api.w.org\/{rel}","templated":true}]}}