{"id":48841,"date":"2020-11-03T10:03:49","date_gmt":"2020-11-03T13:03:49","guid":{"rendered":"http:\/\/www.noticiasradioreflejos.com.ar\/noticias\/?p=48841"},"modified":"2020-11-03T10:03:49","modified_gmt":"2020-11-03T13:03:49","slug":"sesion-ordinaria-en-el-concejo-deliberante-de-tornquist","status":"publish","type":"post","link":"https:\/\/www.noticiasradioreflejos.com.ar\/2021\/sesion-ordinaria-en-el-concejo-deliberante-de-tornquist\/","title":{"rendered":"Sesi\u00f3n ordinaria en el Concejo Deliberante de Tornquist."},"content":{"rendered":"<p>Se realizar\u00e1 hoy desde las 20 hs en el recinto del HCD del palacio municipal\u00a0para tratar el siguiente Orden del D\u00eda<!--more--><\/p>\n<p>1.- Aprobaci\u00f3n del Acta N\u00ba 1143\/20.&#8212;&#8212;&#8212;&#8212;&#8212;&#8212;&#8212;&#8212;&#8212;&#8212;&#8212;&#8212;&#8212;&#8212;&#8212;&#8212;&#8212;&#8212;&#8212;&#8211;<\/p>\n<p>2.- Comunicaciones Oficiales:<br \/>\n#Expte. N\u00ba 182\/20: D.E. Convalida la firma del Contrato de Comodato Gratuito celebrado e\/Agro F\u00e1tima S.A. y el Municipio de Tornquist.<br \/>\n#Expte. N\u00ba 183\/20: D.E. Adhiere y acompa\u00f1a al Proyecto de Ley de la H.C. de Diputados de la Naci\u00f3n bajo Expte. 4814-D-2020 que incorpora a los Cuarteles V, VI, VII, IX, X, y XI del Partido de Pu\u00e1n y los Cuarteles III, IV y V del Partido de Tornquist en la Regi\u00f3n Patag\u00f3nica.<br \/>\n#Expte. N\u00ba 7230\/20: Bloques Cambiemos Bs. As. y Juntos por el Cambio- Proyecto de Ordenanza: Proveer de Plantas Frutales a Instituciones del Distrito.&#8212;-<br \/>\n#Expte. N\u00ba 7231\/20: Bloques Cambiemos Bs. As. y Juntos por el Cambio- Proyecto de Ordenanza: En ref. a Prohibici\u00f3n de Uso y Entrega de Sorbetes Pl\u00e1sticos.&#8212;&#8212;&#8212;&#8212;&#8212;&#8212;&#8212;&#8212;&#8212;&#8212;&#8212;&#8212;&#8212;&#8212;&#8212;&#8212;&#8212;-<br \/>\n3.-Dict\u00e1menes De Las Comisiones: &#8212;&#8212;&#8212;&#8212;&#8212;&#8212;&#8212;&#8212;&#8212;&#8212;&#8212;&#8212;&#8212;&#8212;&#8212;&#8212;&#8212;&#8212;&#8212;&#8212;<\/p>\n<p>#Expte. N\u00ba 4114-232\/19: \u00c1rea Regularizaci\u00f3n Dominial Municipal- Cambio Titularidad Inmueble: Cir. I Secc. B- Pla. 1 F- Pda. 16721- \u201cPlan Solidaridad 80 Viviendas en Tornquist\u201d.&#8212;&#8212;&#8212;&#8212;&#8212;&#8212;&#8212;&#8212;&#8212;&#8212;&#8212;-<br \/>\n#Expte. N\u00ba 162\/20: D.E. Modificaci\u00f3n de la Ordenanza N\u00ba 2816\/16 \u201cEstatuto para el Personal de la Municipalidad de Tornquist\u201d.<br \/>\n#Expte. N\u00ba 6041\/07: &#8211; N.P \u2013 Sergio Cid: Ref.\/intercambio de terreno de Lote 21 Mz. 38 de la localidad de Saldungaray.<br \/>\n#Expte. N\u00ba 6251\/10: &#8211; Presidentes Bloques H.C.D. \u2013 Pedido de Informe: Ref. estado de la adquisici\u00f3n de tierras del ONABE en Sierra de la Ventana.<br \/>\n#Expte. N\u00ba 6334\/11: &#8211; Bloques Coalici\u00f3n C\u00edvica y Uni\u00f3n Pro \u2013 Proyecto de Ordenanza: Solicitan modificaci\u00f3n circulaci\u00f3n de la Calle Dorrego de Sierra de la Ventana.<br \/>\n#Expte. N\u00ba 6396\/11: &#8211; N.P. \u2013 Sergio Rodr\u00edguez \u2013 Pte. Cooperativa de Provisi\u00f3n de Agua Potable y otros servicios B\u00ba Parque Golf: Solicita realizar una nueva perforaci\u00f3n para la extracci\u00f3n de agua en el Barrio.-<br \/>\n#Expte. N\u00ba 6412\/12: &#8211; N.P. \u2013 Vecinos de Av. 9 de Julio, Alem, Ventura Picado: Ref. Interferencia radial que se ha originado a partir del funcionamiento de las nuevas fuentes ubicadas en la Plaza Ernesto Tornquist.<\/p>\n<p>#Expte. N\u00ba 6419\/12: &#8211; N.P. \u2013 Claudio Heredia: Solicita soluci\u00f3n a problem\u00e1tica en relaci\u00f3n a la falta de obras para evitar inundaciones en la Calles Santiago Carbone.<br \/>\n#Expte. N\u00ba 6547\/13: N.P. \u2013 Eduardo de Salvo: Solicita excepci\u00f3n retiros frente y fondo unific\u00e1ndolo, por lote de terreno que posee en la localidad de Saldungaray.<br \/>\n#Expte. N\u00ba 6572\/13: N.P. \u2013 Nieves Alonso: Solicita la incorporaci\u00f3n a su propiedad de un excedente lindero.<br \/>\n#Expte. N\u00ba 6584\/13: N.P.\u2013 Santiloni Adri\u00e1n Javier presenta problema que tiene con un lote de terreno de su propiedad en la localidad de Sierra de la Ventana y no puede acceder a los servicios b\u00e1sicos.<br \/>\n#Expte. N\u00ba 6648\/14: Bloques F.P.C. y S., UCR y C.C. \u2013 Minuta de Comunicaci\u00f3n: Solicita que se arbitren los medios para la construcci\u00f3n de dos Pasos a Niveles en la Ciudad de Tornquist.<br \/>\n#Expte. N\u00ba 6713\/15: N.P. \u2013 Vecinos de Calle Rivadavia e\/Lamela y J. D. Filiberto: Solicitan ampliaci\u00f3n de Red Cloacal.<br \/>\n#Expte. N\u00ba 6784\/15: N.P.- Ram\u00f3n Francisco Rodr\u00edguez: Propone realizar una reglamentaci\u00f3n restringiendo la velocidad en la Ruta N\u00ba 76 \u2013 tramo Tornquist-Saldungaray.<br \/>\n#Expte. N\u00ba 6841\/16: Bloques Cambiemos Bs. As. y F.P.C. y S. \u2013 Minuta de Comunicaci\u00f3n: Ref. obras realizadas en el Distrito desde el a\u00f1o 2003 hasta la fecha con Fondos Nacionales y Provinciales.<br \/>\n#Expte. N\u00ba 6870\/16: Bloque Corriente Renovadora \u2013 Proyecto de Ordenanza: Disponer en la Av. Roca de Sierra de la Ventana el estacionamiento a 45\u00ba sobre el lado impar<br \/>\n#Expte. N\u00ba 6906\/16: Bloque F.P.V. \u2013 Pedido de Informe: Ref. suspensi\u00f3n de la obra de Repavimentaci\u00f3n de calles Colectoras en Avda. del Libertador Gral. San Mart\u00edn de la localidad de Sierra de la Ventana.<br \/>\n#Expte. N\u00ba 6922\/17: Bloque F.P.V. \u2013 Concejal Ant\u00f3n: Pedido de Informe: Solicita se informen las acciones tomadas para concluir la obra de energizaci\u00f3n del Acueducto Sauce Grande y El Pinar<br \/>\n#Expte. N\u00ba 7025\/18: N.P. \u2013 Karin True: Solicita medidas de seguridad sobre Avda. Malvinas de Sierra de la Ventana.<br \/>\n#Expte. N\u00ba 7052\/18: N.P. \u2013 Mesa de Trabajo Interinstitucional Villa Ventana: Ref. ampliaci\u00f3n red de Gas en Villa Ventana.<br \/>\n#Expte. N\u00ba 7222\/20: Bloques Frente de Todos y Frente Justicialista Cumplir- Proyecto de Ordenanza: Deroga Ordenanza N\u00ba 1352\/99 y adhiere al Decreto Presidencial N\u00ba 096\/2019 en referencia a la prohibici\u00f3n, adquisici\u00f3n, y uso de Pirotecnia en el sector p\u00fablico.<br \/>\n#Expte. N\u00ba 7223\/20: H.C.D. Proyecto de Ordenanza: Deroga Ordenanza N\u00ba 2797\/15, y adhiere a la Ley Nacional N\u00ba 14346- Tenencia responsable de Mascotas.<br \/>\n#Expte. N\u00ba 7226\/20: Bloques Frente de Todos y Frente Justicialista Cumplir- Proyecto de Ordenanza: Creaci\u00f3n del Servicio de Telemedicina en el \u00c1mbito del Hospital Municipal.<br \/>\n#Expte. N\u00ba 7233\/20: Bloques Frente de Todos y Frente Justicialista Cumplir- Proyecto de Resoluci\u00f3n: Adhesi\u00f3n a la Ley Provincial N\u00ba 15.035 y Ley Nacional N\u00ba 27.043 en ref. Tratornos del Espectro Autista-<br \/>\n#Expte. N\u00ba 7234\/20: Bloques Frente de Todos y Frente Justicialista Cumplir- Proyecto de Ordenanza: Creaci\u00f3n Programa \u201cG\u00f3ndola Local\u201d.<br \/>\n#Expte. N\u00ba 7236\/20: N.P. Holfmann Melisa- Tornquist habla de Autismo- Solicita uso de la Banca Concejal N\u00ba 13.<\/p>\n<p>4.- Proyectos Presentados.&#8212;&#8212;&#8212;&#8212;&#8212;&#8212;&#8212;&#8212;&#8212;&#8212;&#8212;&#8212;&#8212;&#8212;&#8212;&#8212;&#8212;&#8212;&#8212;&#8212;&#8212;&#8212;&#8212;&#8212;<\/p>\n<p>5.- Asuntos Particulares. &#8212;&#8212;&#8212;&#8212;&#8212;&#8212;&#8212;&#8212;&#8212;&#8212;&#8212;&#8212;&#8212;&#8212;&#8212;&#8212;&#8212;&#8212;&#8212;&#8212;&#8212;&#8212;&#8212;&#8212;&#8211;<\/p>\n<p>DIA DE LA SESION: 3 de noviembre de 2020.-<br \/>\nHORA DE COMIENZO: 20:00 Hs.-<\/p>\n<p><strong>Jos\u00e9 M. Castro\u00a0 \u00a0 \u00a0 \u00a0 \u00a0 \u00a0 \u00a0 \u00a0 \u00a0 \u00a0 \u00a0 \u00a0 \u00a0 \u00a0 \u00a0 \u00a0 \u00a0 \u00a0 \u00a0 \u00a0 \u00a0 \u00a0 \u00a0 \u00a0 \u00a0 \u00a0 \u00a0 \u00a0 \u00a0 \u00a0 \u00a0 \u00a0 \u00a0 \u00a0 \u00a0 \u00a0 \u00a0 \u00a0 \u00a0 \u00a0 \u00a0 \u00a0 \u00a0Cristian Raising<\/strong><br \/>\n<strong>\u00a0 \u00a0 Secretario\u00a0 \u00a0 \u00a0 \u00a0 \u00a0 \u00a0 \u00a0 \u00a0 \u00a0 \u00a0 \u00a0 \u00a0 \u00a0 \u00a0 \u00a0 \u00a0 \u00a0 \u00a0 \u00a0 \u00a0 \u00a0 \u00a0 \u00a0 \u00a0 \u00a0 \u00a0 \u00a0 \u00a0 \u00a0 \u00a0 \u00a0 \u00a0 \u00a0 \u00a0 \u00a0 \u00a0 \u00a0 \u00a0 \u00a0 \u00a0 \u00a0 \u00a0 \u00a0 \u00a0 \u00a0 Vicepresidente 1\u00ba<\/strong><br \/>\n<strong>\u00a0 \u00a0 \u00a0 \u00a0 \u00a0 H.C.D.\u00a0 \u00a0 \u00a0 \u00a0 \u00a0 \u00a0 \u00a0 \u00a0 \u00a0 \u00a0 \u00a0 \u00a0 \u00a0 \u00a0 \u00a0 \u00a0 \u00a0 \u00a0 \u00a0 \u00a0 \u00a0 \u00a0 \u00a0 \u00a0 \u00a0 \u00a0 \u00a0 \u00a0 \u00a0 \u00a0 \u00a0 \u00a0 \u00a0 \u00a0 \u00a0 \u00a0 \u00a0 \u00a0 \u00a0 \u00a0 \u00a0 \u00a0 \u00a0 \u00a0 \u00a0 \u00a0 \u00a0 \u00a0 \u00a0 \u00a0H.C.D.<\/strong><\/p>\n","protected":false},"excerpt":{"rendered":"<p>Se realizar\u00e1 hoy desde las 20 hs en el recinto del HCD del palacio municipal\u00a0para tratar el siguiente Orden del D\u00eda<\/p>\n","protected":false},"author":3,"featured_media":0,"comment_status":"closed","ping_status":"open","sticky":false,"template":"","format":"standard","meta":{"footnotes":""},"categories":[28],"tags":[],"class_list":["post-48841","post","type-post","status-publish","format-standard","hentry","category-municipales"],"yoast_head":"<!-- This site is optimized with the Yoast SEO plugin v25.9 - https:\/\/yoast.com\/wordpress\/plugins\/seo\/ -->\n<title>Sesi\u00f3n ordinaria en el Concejo Deliberante de Tornquist. - Noticias Radio Reflejos<\/title>\n<meta name=\"robots\" content=\"index, follow, max-snippet:-1, max-image-preview:large, max-video-preview:-1\" \/>\n<link rel=\"canonical\" href=\"https:\/\/www.noticiasradioreflejos.com.ar\/2021\/sesion-ordinaria-en-el-concejo-deliberante-de-tornquist\/\" \/>\n<meta property=\"og:locale\" content=\"es_ES\" \/>\n<meta property=\"og:type\" content=\"article\" \/>\n<meta property=\"og:title\" content=\"Sesi\u00f3n ordinaria en el Concejo Deliberante de Tornquist. - Noticias Radio Reflejos\" \/>\n<meta property=\"og:description\" content=\"Se realizar\u00e1 hoy desde las 20 hs en el recinto del HCD del palacio municipal\u00a0para tratar el siguiente Orden del D\u00eda\" \/>\n<meta property=\"og:url\" content=\"https:\/\/www.noticiasradioreflejos.com.ar\/2021\/sesion-ordinaria-en-el-concejo-deliberante-de-tornquist\/\" \/>\n<meta property=\"og:site_name\" content=\"Noticias Radio Reflejos\" \/>\n<meta property=\"article:published_time\" content=\"2020-11-03T13:03:49+00:00\" \/>\n<meta property=\"og:image\" content=\"https:\/\/www.noticiasradioreflejos.com.ar\/2021\/wp-content\/uploads\/2021\/07\/logosol300x200.png\" \/>\n\t<meta property=\"og:image:width\" content=\"300\" \/>\n\t<meta property=\"og:image:height\" content=\"200\" \/>\n\t<meta property=\"og:image:type\" content=\"image\/png\" \/>\n<meta name=\"author\" content=\"Arnaldo Botto\" \/>\n<meta name=\"twitter:card\" content=\"summary_large_image\" \/>\n<script type=\"application\/ld+json\" class=\"yoast-schema-graph\">{\"@context\":\"https:\/\/schema.org\",\"@graph\":[{\"@type\":\"WebPage\",\"@id\":\"https:\/\/www.noticiasradioreflejos.com.ar\/2021\/sesion-ordinaria-en-el-concejo-deliberante-de-tornquist\/\",\"url\":\"https:\/\/www.noticiasradioreflejos.com.ar\/2021\/sesion-ordinaria-en-el-concejo-deliberante-de-tornquist\/\",\"name\":\"Sesi\u00f3n ordinaria en el Concejo Deliberante de Tornquist. - Noticias Radio Reflejos\",\"isPartOf\":{\"@id\":\"https:\/\/www.noticiasradioreflejos.com.ar\/2021\/#website\"},\"datePublished\":\"2020-11-03T13:03:49+00:00\",\"author\":{\"@id\":\"https:\/\/www.noticiasradioreflejos.com.ar\/2021\/#\/schema\/person\/ad82545263dcc5ec0996818884fd5fb1\"},\"breadcrumb\":{\"@id\":\"https:\/\/www.noticiasradioreflejos.com.ar\/2021\/sesion-ordinaria-en-el-concejo-deliberante-de-tornquist\/#breadcrumb\"},\"inLanguage\":\"es\",\"potentialAction\":[{\"@type\":\"ReadAction\",\"target\":[\"https:\/\/www.noticiasradioreflejos.com.ar\/2021\/sesion-ordinaria-en-el-concejo-deliberante-de-tornquist\/\"]}]},{\"@type\":\"BreadcrumbList\",\"@id\":\"https:\/\/www.noticiasradioreflejos.com.ar\/2021\/sesion-ordinaria-en-el-concejo-deliberante-de-tornquist\/#breadcrumb\",\"itemListElement\":[{\"@type\":\"ListItem\",\"position\":1,\"name\":\"Portada\",\"item\":\"https:\/\/www.noticiasradioreflejos.com.ar\/2021\/\"},{\"@type\":\"ListItem\",\"position\":2,\"name\":\"Sesi\u00f3n ordinaria en el Concejo Deliberante de Tornquist.\"}]},{\"@type\":\"WebSite\",\"@id\":\"https:\/\/www.noticiasradioreflejos.com.ar\/2021\/#website\",\"url\":\"https:\/\/www.noticiasradioreflejos.com.ar\/2021\/\",\"name\":\"Noticias Radio Reflejos\",\"description\":\"Las noticias de mi comarca\",\"potentialAction\":[{\"@type\":\"SearchAction\",\"target\":{\"@type\":\"EntryPoint\",\"urlTemplate\":\"https:\/\/www.noticiasradioreflejos.com.ar\/2021\/?s={search_term_string}\"},\"query-input\":{\"@type\":\"PropertyValueSpecification\",\"valueRequired\":true,\"valueName\":\"search_term_string\"}}],\"inLanguage\":\"es\"},{\"@type\":\"Person\",\"@id\":\"https:\/\/www.noticiasradioreflejos.com.ar\/2021\/#\/schema\/person\/ad82545263dcc5ec0996818884fd5fb1\",\"name\":\"Arnaldo Botto\",\"image\":{\"@type\":\"ImageObject\",\"inLanguage\":\"es\",\"@id\":\"https:\/\/www.noticiasradioreflejos.com.ar\/2021\/#\/schema\/person\/image\/\",\"url\":\"https:\/\/secure.gravatar.com\/avatar\/55cb5e37c1efa326397366e6974cb338056df65cb50e7d64d1cf314e87504837?s=96&d=mm&r=g\",\"contentUrl\":\"https:\/\/secure.gravatar.com\/avatar\/55cb5e37c1efa326397366e6974cb338056df65cb50e7d64d1cf314e87504837?s=96&d=mm&r=g\",\"caption\":\"Arnaldo Botto\"},\"url\":\"https:\/\/www.noticiasradioreflejos.com.ar\/2021\/author\/arnaldo\/\"}]}<\/script>\n<!-- \/ Yoast SEO plugin. -->","yoast_head_json":{"title":"Sesi\u00f3n ordinaria en el Concejo Deliberante de Tornquist. - Noticias Radio Reflejos","robots":{"index":"index","follow":"follow","max-snippet":"max-snippet:-1","max-image-preview":"max-image-preview:large","max-video-preview":"max-video-preview:-1"},"canonical":"https:\/\/www.noticiasradioreflejos.com.ar\/2021\/sesion-ordinaria-en-el-concejo-deliberante-de-tornquist\/","og_locale":"es_ES","og_type":"article","og_title":"Sesi\u00f3n ordinaria en el Concejo Deliberante de Tornquist. - Noticias Radio Reflejos","og_description":"Se realizar\u00e1 hoy desde las 20 hs en el recinto del HCD del palacio municipal\u00a0para tratar el siguiente Orden del D\u00eda","og_url":"https:\/\/www.noticiasradioreflejos.com.ar\/2021\/sesion-ordinaria-en-el-concejo-deliberante-de-tornquist\/","og_site_name":"Noticias Radio Reflejos","article_published_time":"2020-11-03T13:03:49+00:00","og_image":[{"width":300,"height":200,"url":"https:\/\/www.noticiasradioreflejos.com.ar\/2021\/wp-content\/uploads\/2021\/07\/logosol300x200.png","type":"image\/png"}],"author":"Arnaldo Botto","twitter_card":"summary_large_image","schema":{"@context":"https:\/\/schema.org","@graph":[{"@type":"WebPage","@id":"https:\/\/www.noticiasradioreflejos.com.ar\/2021\/sesion-ordinaria-en-el-concejo-deliberante-de-tornquist\/","url":"https:\/\/www.noticiasradioreflejos.com.ar\/2021\/sesion-ordinaria-en-el-concejo-deliberante-de-tornquist\/","name":"Sesi\u00f3n ordinaria en el Concejo Deliberante de Tornquist. - Noticias Radio Reflejos","isPartOf":{"@id":"https:\/\/www.noticiasradioreflejos.com.ar\/2021\/#website"},"datePublished":"2020-11-03T13:03:49+00:00","author":{"@id":"https:\/\/www.noticiasradioreflejos.com.ar\/2021\/#\/schema\/person\/ad82545263dcc5ec0996818884fd5fb1"},"breadcrumb":{"@id":"https:\/\/www.noticiasradioreflejos.com.ar\/2021\/sesion-ordinaria-en-el-concejo-deliberante-de-tornquist\/#breadcrumb"},"inLanguage":"es","potentialAction":[{"@type":"ReadAction","target":["https:\/\/www.noticiasradioreflejos.com.ar\/2021\/sesion-ordinaria-en-el-concejo-deliberante-de-tornquist\/"]}]},{"@type":"BreadcrumbList","@id":"https:\/\/www.noticiasradioreflejos.com.ar\/2021\/sesion-ordinaria-en-el-concejo-deliberante-de-tornquist\/#breadcrumb","itemListElement":[{"@type":"ListItem","position":1,"name":"Portada","item":"https:\/\/www.noticiasradioreflejos.com.ar\/2021\/"},{"@type":"ListItem","position":2,"name":"Sesi\u00f3n ordinaria en el Concejo Deliberante de Tornquist."}]},{"@type":"WebSite","@id":"https:\/\/www.noticiasradioreflejos.com.ar\/2021\/#website","url":"https:\/\/www.noticiasradioreflejos.com.ar\/2021\/","name":"Noticias Radio Reflejos","description":"Las noticias de mi comarca","potentialAction":[{"@type":"SearchAction","target":{"@type":"EntryPoint","urlTemplate":"https:\/\/www.noticiasradioreflejos.com.ar\/2021\/?s={search_term_string}"},"query-input":{"@type":"PropertyValueSpecification","valueRequired":true,"valueName":"search_term_string"}}],"inLanguage":"es"},{"@type":"Person","@id":"https:\/\/www.noticiasradioreflejos.com.ar\/2021\/#\/schema\/person\/ad82545263dcc5ec0996818884fd5fb1","name":"Arnaldo Botto","image":{"@type":"ImageObject","inLanguage":"es","@id":"https:\/\/www.noticiasradioreflejos.com.ar\/2021\/#\/schema\/person\/image\/","url":"https:\/\/secure.gravatar.com\/avatar\/55cb5e37c1efa326397366e6974cb338056df65cb50e7d64d1cf314e87504837?s=96&d=mm&r=g","contentUrl":"https:\/\/secure.gravatar.com\/avatar\/55cb5e37c1efa326397366e6974cb338056df65cb50e7d64d1cf314e87504837?s=96&d=mm&r=g","caption":"Arnaldo Botto"},"url":"https:\/\/www.noticiasradioreflejos.com.ar\/2021\/author\/arnaldo\/"}]}},"_links":{"self":[{"href":"https:\/\/www.noticiasradioreflejos.com.ar\/2021\/wp-json\/wp\/v2\/posts\/48841","targetHints":{"allow":["GET"]}}],"collection":[{"href":"https:\/\/www.noticiasradioreflejos.com.ar\/2021\/wp-json\/wp\/v2\/posts"}],"about":[{"href":"https:\/\/www.noticiasradioreflejos.com.ar\/2021\/wp-json\/wp\/v2\/types\/post"}],"author":[{"embeddable":true,"href":"https:\/\/www.noticiasradioreflejos.com.ar\/2021\/wp-json\/wp\/v2\/users\/3"}],"replies":[{"embeddable":true,"href":"https:\/\/www.noticiasradioreflejos.com.ar\/2021\/wp-json\/wp\/v2\/comments?post=48841"}],"version-history":[{"count":0,"href":"https:\/\/www.noticiasradioreflejos.com.ar\/2021\/wp-json\/wp\/v2\/posts\/48841\/revisions"}],"wp:attachment":[{"href":"https:\/\/www.noticiasradioreflejos.com.ar\/2021\/wp-json\/wp\/v2\/media?parent=48841"}],"wp:term":[{"taxonomy":"category","embeddable":true,"href":"https:\/\/www.noticiasradioreflejos.com.ar\/2021\/wp-json\/wp\/v2\/categories?post=48841"},{"taxonomy":"post_tag","embeddable":true,"href":"https:\/\/www.noticiasradioreflejos.com.ar\/2021\/wp-json\/wp\/v2\/tags?post=48841"}],"curies":[{"name":"wp","href":"https:\/\/api.w.org\/{rel}","templated":true}]}}