{"id":48817,"date":"2020-11-02T12:27:21","date_gmt":"2020-11-02T15:27:21","guid":{"rendered":"http:\/\/www.noticiasradioreflejos.com.ar\/noticias\/?p=48817"},"modified":"2020-11-02T12:27:21","modified_gmt":"2020-11-02T15:27:21","slug":"la-anses-extiende-la-suspension-del-tramite-de-fe-de-vida-hasta-el-31-de-diciembre","status":"publish","type":"post","link":"https:\/\/www.noticiasradioreflejos.com.ar\/2021\/la-anses-extiende-la-suspension-del-tramite-de-fe-de-vida-hasta-el-31-de-diciembre\/","title":{"rendered":"La ANSES extiende la suspensi\u00f3n del tr\u00e1mite de fe de vida hasta el 31 de diciembre"},"content":{"rendered":"<p>En el marco de la Resoluci\u00f3n 389\/2020 publicada en el Bolet\u00edn Oficial, la ANSES prorroga hasta el 31 de diciembre la suspensi\u00f3n del tr\u00e1mite de supervivencia \/ fe de vida para el cobro de las jubilaciones y pensiones de noviembre y diciembre. Esto significa que los beneficiarios no deben concurrir a los bancos para hacer el tr\u00e1mite.<!--more--><\/p>\n<p>Adem\u00e1s, dicha resoluci\u00f3n establece que los titulares residentes en el exterior pueden presentar, de forma excepcional, el certificado de supervivencia semestral ante el banco apoderado tambi\u00e9n hasta el \u00faltimo d\u00eda de este a\u00f1o.<\/p>\n","protected":false},"excerpt":{"rendered":"<p>En el marco de la Resoluci\u00f3n 389\/2020 publicada en el Bolet\u00edn Oficial, la ANSES prorroga hasta el 31 de diciembre la suspensi\u00f3n del tr\u00e1mite de supervivencia \/ fe de vida para el cobro de las jubilaciones y pensiones de noviembre y diciembre. Esto significa que los beneficiarios no deben concurrir a los bancos para hacer [&hellip;]<\/p>\n","protected":false},"author":3,"featured_media":0,"comment_status":"closed","ping_status":"open","sticky":false,"template":"","format":"standard","meta":{"footnotes":""},"categories":[25],"tags":[],"class_list":["post-48817","post","type-post","status-publish","format-standard","hentry","category-uncategorized"],"yoast_head":"<!-- This site is optimized with the Yoast SEO plugin v25.9 - https:\/\/yoast.com\/wordpress\/plugins\/seo\/ -->\n<title>La ANSES extiende la suspensi\u00f3n del tr\u00e1mite de fe de vida hasta el 31 de diciembre - Noticias Radio Reflejos<\/title>\n<meta name=\"robots\" content=\"index, follow, max-snippet:-1, max-image-preview:large, max-video-preview:-1\" \/>\n<link rel=\"canonical\" href=\"https:\/\/www.noticiasradioreflejos.com.ar\/2021\/la-anses-extiende-la-suspension-del-tramite-de-fe-de-vida-hasta-el-31-de-diciembre\/\" \/>\n<meta property=\"og:locale\" content=\"es_ES\" \/>\n<meta property=\"og:type\" content=\"article\" \/>\n<meta property=\"og:title\" content=\"La ANSES extiende la suspensi\u00f3n del tr\u00e1mite de fe de vida hasta el 31 de diciembre - Noticias Radio Reflejos\" \/>\n<meta property=\"og:description\" content=\"En el marco de la Resoluci\u00f3n 389\/2020 publicada en el Bolet\u00edn Oficial, la ANSES prorroga hasta el 31 de diciembre la suspensi\u00f3n del tr\u00e1mite de supervivencia \/ fe de vida para el cobro de las jubilaciones y pensiones de noviembre y diciembre. Esto significa que los beneficiarios no deben concurrir a los bancos para hacer [&hellip;]\" \/>\n<meta property=\"og:url\" content=\"https:\/\/www.noticiasradioreflejos.com.ar\/2021\/la-anses-extiende-la-suspension-del-tramite-de-fe-de-vida-hasta-el-31-de-diciembre\/\" \/>\n<meta property=\"og:site_name\" content=\"Noticias Radio Reflejos\" \/>\n<meta property=\"article:published_time\" content=\"2020-11-02T15:27:21+00:00\" \/>\n<meta property=\"og:image\" content=\"https:\/\/www.noticiasradioreflejos.com.ar\/2021\/wp-content\/uploads\/2021\/07\/logosol300x200.png\" \/>\n\t<meta property=\"og:image:width\" content=\"300\" \/>\n\t<meta property=\"og:image:height\" content=\"200\" \/>\n\t<meta property=\"og:image:type\" content=\"image\/png\" \/>\n<meta name=\"author\" content=\"Arnaldo Botto\" \/>\n<meta name=\"twitter:card\" content=\"summary_large_image\" \/>\n<script type=\"application\/ld+json\" class=\"yoast-schema-graph\">{\"@context\":\"https:\/\/schema.org\",\"@graph\":[{\"@type\":\"WebPage\",\"@id\":\"https:\/\/www.noticiasradioreflejos.com.ar\/2021\/la-anses-extiende-la-suspension-del-tramite-de-fe-de-vida-hasta-el-31-de-diciembre\/\",\"url\":\"https:\/\/www.noticiasradioreflejos.com.ar\/2021\/la-anses-extiende-la-suspension-del-tramite-de-fe-de-vida-hasta-el-31-de-diciembre\/\",\"name\":\"La ANSES extiende la suspensi\u00f3n del tr\u00e1mite de fe de vida hasta el 31 de diciembre - Noticias Radio Reflejos\",\"isPartOf\":{\"@id\":\"https:\/\/www.noticiasradioreflejos.com.ar\/2021\/#website\"},\"datePublished\":\"2020-11-02T15:27:21+00:00\",\"author\":{\"@id\":\"https:\/\/www.noticiasradioreflejos.com.ar\/2021\/#\/schema\/person\/ad82545263dcc5ec0996818884fd5fb1\"},\"breadcrumb\":{\"@id\":\"https:\/\/www.noticiasradioreflejos.com.ar\/2021\/la-anses-extiende-la-suspension-del-tramite-de-fe-de-vida-hasta-el-31-de-diciembre\/#breadcrumb\"},\"inLanguage\":\"es\",\"potentialAction\":[{\"@type\":\"ReadAction\",\"target\":[\"https:\/\/www.noticiasradioreflejos.com.ar\/2021\/la-anses-extiende-la-suspension-del-tramite-de-fe-de-vida-hasta-el-31-de-diciembre\/\"]}]},{\"@type\":\"BreadcrumbList\",\"@id\":\"https:\/\/www.noticiasradioreflejos.com.ar\/2021\/la-anses-extiende-la-suspension-del-tramite-de-fe-de-vida-hasta-el-31-de-diciembre\/#breadcrumb\",\"itemListElement\":[{\"@type\":\"ListItem\",\"position\":1,\"name\":\"Portada\",\"item\":\"https:\/\/www.noticiasradioreflejos.com.ar\/2021\/\"},{\"@type\":\"ListItem\",\"position\":2,\"name\":\"La ANSES extiende la suspensi\u00f3n del tr\u00e1mite de fe de vida hasta el 31 de diciembre\"}]},{\"@type\":\"WebSite\",\"@id\":\"https:\/\/www.noticiasradioreflejos.com.ar\/2021\/#website\",\"url\":\"https:\/\/www.noticiasradioreflejos.com.ar\/2021\/\",\"name\":\"Noticias Radio Reflejos\",\"description\":\"Las noticias de mi comarca\",\"potentialAction\":[{\"@type\":\"SearchAction\",\"target\":{\"@type\":\"EntryPoint\",\"urlTemplate\":\"https:\/\/www.noticiasradioreflejos.com.ar\/2021\/?s={search_term_string}\"},\"query-input\":{\"@type\":\"PropertyValueSpecification\",\"valueRequired\":true,\"valueName\":\"search_term_string\"}}],\"inLanguage\":\"es\"},{\"@type\":\"Person\",\"@id\":\"https:\/\/www.noticiasradioreflejos.com.ar\/2021\/#\/schema\/person\/ad82545263dcc5ec0996818884fd5fb1\",\"name\":\"Arnaldo Botto\",\"image\":{\"@type\":\"ImageObject\",\"inLanguage\":\"es\",\"@id\":\"https:\/\/www.noticiasradioreflejos.com.ar\/2021\/#\/schema\/person\/image\/\",\"url\":\"https:\/\/secure.gravatar.com\/avatar\/55cb5e37c1efa326397366e6974cb338056df65cb50e7d64d1cf314e87504837?s=96&d=mm&r=g\",\"contentUrl\":\"https:\/\/secure.gravatar.com\/avatar\/55cb5e37c1efa326397366e6974cb338056df65cb50e7d64d1cf314e87504837?s=96&d=mm&r=g\",\"caption\":\"Arnaldo Botto\"},\"url\":\"https:\/\/www.noticiasradioreflejos.com.ar\/2021\/author\/arnaldo\/\"}]}<\/script>\n<!-- \/ Yoast SEO plugin. -->","yoast_head_json":{"title":"La ANSES extiende la suspensi\u00f3n del tr\u00e1mite de fe de vida hasta el 31 de diciembre - Noticias Radio Reflejos","robots":{"index":"index","follow":"follow","max-snippet":"max-snippet:-1","max-image-preview":"max-image-preview:large","max-video-preview":"max-video-preview:-1"},"canonical":"https:\/\/www.noticiasradioreflejos.com.ar\/2021\/la-anses-extiende-la-suspension-del-tramite-de-fe-de-vida-hasta-el-31-de-diciembre\/","og_locale":"es_ES","og_type":"article","og_title":"La ANSES extiende la suspensi\u00f3n del tr\u00e1mite de fe de vida hasta el 31 de diciembre - Noticias Radio Reflejos","og_description":"En el marco de la Resoluci\u00f3n 389\/2020 publicada en el Bolet\u00edn Oficial, la ANSES prorroga hasta el 31 de diciembre la suspensi\u00f3n del tr\u00e1mite de supervivencia \/ fe de vida para el cobro de las jubilaciones y pensiones de noviembre y diciembre. Esto significa que los beneficiarios no deben concurrir a los bancos para hacer [&hellip;]","og_url":"https:\/\/www.noticiasradioreflejos.com.ar\/2021\/la-anses-extiende-la-suspension-del-tramite-de-fe-de-vida-hasta-el-31-de-diciembre\/","og_site_name":"Noticias Radio Reflejos","article_published_time":"2020-11-02T15:27:21+00:00","og_image":[{"width":300,"height":200,"url":"https:\/\/www.noticiasradioreflejos.com.ar\/2021\/wp-content\/uploads\/2021\/07\/logosol300x200.png","type":"image\/png"}],"author":"Arnaldo Botto","twitter_card":"summary_large_image","schema":{"@context":"https:\/\/schema.org","@graph":[{"@type":"WebPage","@id":"https:\/\/www.noticiasradioreflejos.com.ar\/2021\/la-anses-extiende-la-suspension-del-tramite-de-fe-de-vida-hasta-el-31-de-diciembre\/","url":"https:\/\/www.noticiasradioreflejos.com.ar\/2021\/la-anses-extiende-la-suspension-del-tramite-de-fe-de-vida-hasta-el-31-de-diciembre\/","name":"La ANSES extiende la suspensi\u00f3n del tr\u00e1mite de fe de vida hasta el 31 de diciembre - Noticias Radio Reflejos","isPartOf":{"@id":"https:\/\/www.noticiasradioreflejos.com.ar\/2021\/#website"},"datePublished":"2020-11-02T15:27:21+00:00","author":{"@id":"https:\/\/www.noticiasradioreflejos.com.ar\/2021\/#\/schema\/person\/ad82545263dcc5ec0996818884fd5fb1"},"breadcrumb":{"@id":"https:\/\/www.noticiasradioreflejos.com.ar\/2021\/la-anses-extiende-la-suspension-del-tramite-de-fe-de-vida-hasta-el-31-de-diciembre\/#breadcrumb"},"inLanguage":"es","potentialAction":[{"@type":"ReadAction","target":["https:\/\/www.noticiasradioreflejos.com.ar\/2021\/la-anses-extiende-la-suspension-del-tramite-de-fe-de-vida-hasta-el-31-de-diciembre\/"]}]},{"@type":"BreadcrumbList","@id":"https:\/\/www.noticiasradioreflejos.com.ar\/2021\/la-anses-extiende-la-suspension-del-tramite-de-fe-de-vida-hasta-el-31-de-diciembre\/#breadcrumb","itemListElement":[{"@type":"ListItem","position":1,"name":"Portada","item":"https:\/\/www.noticiasradioreflejos.com.ar\/2021\/"},{"@type":"ListItem","position":2,"name":"La ANSES extiende la suspensi\u00f3n del tr\u00e1mite de fe de vida hasta el 31 de diciembre"}]},{"@type":"WebSite","@id":"https:\/\/www.noticiasradioreflejos.com.ar\/2021\/#website","url":"https:\/\/www.noticiasradioreflejos.com.ar\/2021\/","name":"Noticias Radio Reflejos","description":"Las noticias de mi comarca","potentialAction":[{"@type":"SearchAction","target":{"@type":"EntryPoint","urlTemplate":"https:\/\/www.noticiasradioreflejos.com.ar\/2021\/?s={search_term_string}"},"query-input":{"@type":"PropertyValueSpecification","valueRequired":true,"valueName":"search_term_string"}}],"inLanguage":"es"},{"@type":"Person","@id":"https:\/\/www.noticiasradioreflejos.com.ar\/2021\/#\/schema\/person\/ad82545263dcc5ec0996818884fd5fb1","name":"Arnaldo Botto","image":{"@type":"ImageObject","inLanguage":"es","@id":"https:\/\/www.noticiasradioreflejos.com.ar\/2021\/#\/schema\/person\/image\/","url":"https:\/\/secure.gravatar.com\/avatar\/55cb5e37c1efa326397366e6974cb338056df65cb50e7d64d1cf314e87504837?s=96&d=mm&r=g","contentUrl":"https:\/\/secure.gravatar.com\/avatar\/55cb5e37c1efa326397366e6974cb338056df65cb50e7d64d1cf314e87504837?s=96&d=mm&r=g","caption":"Arnaldo Botto"},"url":"https:\/\/www.noticiasradioreflejos.com.ar\/2021\/author\/arnaldo\/"}]}},"_links":{"self":[{"href":"https:\/\/www.noticiasradioreflejos.com.ar\/2021\/wp-json\/wp\/v2\/posts\/48817","targetHints":{"allow":["GET"]}}],"collection":[{"href":"https:\/\/www.noticiasradioreflejos.com.ar\/2021\/wp-json\/wp\/v2\/posts"}],"about":[{"href":"https:\/\/www.noticiasradioreflejos.com.ar\/2021\/wp-json\/wp\/v2\/types\/post"}],"author":[{"embeddable":true,"href":"https:\/\/www.noticiasradioreflejos.com.ar\/2021\/wp-json\/wp\/v2\/users\/3"}],"replies":[{"embeddable":true,"href":"https:\/\/www.noticiasradioreflejos.com.ar\/2021\/wp-json\/wp\/v2\/comments?post=48817"}],"version-history":[{"count":0,"href":"https:\/\/www.noticiasradioreflejos.com.ar\/2021\/wp-json\/wp\/v2\/posts\/48817\/revisions"}],"wp:attachment":[{"href":"https:\/\/www.noticiasradioreflejos.com.ar\/2021\/wp-json\/wp\/v2\/media?parent=48817"}],"wp:term":[{"taxonomy":"category","embeddable":true,"href":"https:\/\/www.noticiasradioreflejos.com.ar\/2021\/wp-json\/wp\/v2\/categories?post=48817"},{"taxonomy":"post_tag","embeddable":true,"href":"https:\/\/www.noticiasradioreflejos.com.ar\/2021\/wp-json\/wp\/v2\/tags?post=48817"}],"curies":[{"name":"wp","href":"https:\/\/api.w.org\/{rel}","templated":true}]}}