{"id":48777,"date":"2020-11-01T21:34:32","date_gmt":"2020-11-02T00:34:32","guid":{"rendered":"http:\/\/www.noticiasradioreflejos.com.ar\/noticias\/?p=48777"},"modified":"2020-11-01T21:34:32","modified_gmt":"2020-11-02T00:34:32","slug":"vialidad-nacional-finalizo-con-la-obra-de-arte-o-de-la-ruta-nacional-3-con-la-pintura-horizontal-del-tramo","status":"publish","type":"post","link":"https:\/\/www.noticiasradioreflejos.com.ar\/2021\/vialidad-nacional-finalizo-con-la-obra-de-arte-o-de-la-ruta-nacional-3-con-la-pintura-horizontal-del-tramo\/","title":{"rendered":"Vialidad Nacional finaliz\u00f3 con la obra de arte de la RN  3 con la pintura horizontal del tramo."},"content":{"rendered":"<p>La obra concluy\u00f3 con las tareas de pintura horizontal en el tramo intervenido para dar una soluci\u00f3n definitiva luego de la inundaci\u00f3n entre Bah\u00eda Blanca y Monte Hermoso.<!--more--><\/p>\n<p>Bah\u00eda Blanca, 01 de noviembre de 2020- El Ministerio de Obras P\u00fablicas a trav\u00e9s de Vialidad Nacional informa que, hoy domingo, finalizaron los trabajos en el tramo de la Ruta Nacional N\u00b0 3 entre los Km 607,56 al 608,63.<br \/>\nLos trabajos consistieron en la ejecuci\u00f3n de un alteo en la calzada existente, la construcci\u00f3n de carpeta asf\u00e1ltica, pintura horizontal de ejes y bordes, barandas de contenci\u00f3n\u00a0y se\u00f1alamiento vertical. El tramo se elev\u00f3 2,35 m sobre el nivel de la calzada original, con un ancho de 7,30 m y banquinas de 3,50 m.<br \/>\n\u201cAgradezco a quienes confiaron en nuestra gesti\u00f3n para resolver este problema de larga data. Hoy podemos decir que el objetivo est\u00e1 cumplido gracias a la decisi\u00f3n pol\u00edtica y la<br \/>\nconducci\u00f3n del ministro de Obras P\u00fablicas, Gabriel Katopodis y el administrador general<br \/>\nde Vialidad Nacional, Gustavo Arrieta en conjunto con el trabajo de los compa\u00f1eros y compa\u00f1eras\u00a0de Vialidad Nacional que trabajaron incansablemente para terminar la<br \/>\ntarea y cumplir con el compromiso asumido\u201d, manifest\u00f3 el jefe del 19 Distrito de Vialidad Nacional, Gustavo Trankels.<\/p>\n<p><a title=\"2020-11-01_09-33-35\" href=\"http:\/\/live.staticflickr.com\/65535\/50557055751_b0f9bc7cca_s.jpg\" rel=\"\"><img loading=\"lazy\" decoding=\"async\" class=\"aligncenter\" title=\"2020-11-01_09-33-35\" src=\"http:\/\/live.staticflickr.com\/65535\/50557055751_b0f9bc7cca_c.jpg\" alt=\"2020-11-01_09-33-35\" width=\"800\" height=\"406\" \/><\/a><br \/>\nEsta obra, que gener\u00f3 30 puestos de trabajo, favorecer\u00e1 el tr\u00e1nsito y la seguridad vial en\u00a0una de las v\u00edas de comunicaci\u00f3n m\u00e1s importantes del sur de la provincia de Buenos Aires\u00a0hacia el popular balneario Monte Hermoso y los balnearios de la zona en temporada\u00a0estival, y la industria y la producci\u00f3n desde los distritos de Dorrego y Tres Arroyos\u00a0hacia el puerto de Ingeniero White.<\/p>\n","protected":false},"excerpt":{"rendered":"<p>La obra concluy\u00f3 con las tareas de pintura horizontal en el tramo intervenido para dar una soluci\u00f3n definitiva luego de la inundaci\u00f3n entre Bah\u00eda Blanca y Monte Hermoso.<\/p>\n","protected":false},"author":3,"featured_media":0,"comment_status":"closed","ping_status":"open","sticky":false,"template":"","format":"standard","meta":{"footnotes":""},"categories":[24],"tags":[],"class_list":["post-48777","post","type-post","status-publish","format-standard","hentry","category-politica"],"yoast_head":"<!-- This site is optimized with the Yoast SEO plugin v25.9 - https:\/\/yoast.com\/wordpress\/plugins\/seo\/ -->\n<title>Vialidad Nacional finaliz\u00f3 con la obra de arte de la RN 3 con la pintura horizontal del tramo. - Noticias Radio Reflejos<\/title>\n<meta name=\"robots\" content=\"index, follow, max-snippet:-1, max-image-preview:large, max-video-preview:-1\" \/>\n<link rel=\"canonical\" href=\"https:\/\/www.noticiasradioreflejos.com.ar\/2021\/vialidad-nacional-finalizo-con-la-obra-de-arte-o-de-la-ruta-nacional-3-con-la-pintura-horizontal-del-tramo\/\" \/>\n<meta property=\"og:locale\" content=\"es_ES\" \/>\n<meta property=\"og:type\" content=\"article\" \/>\n<meta property=\"og:title\" content=\"Vialidad Nacional finaliz\u00f3 con la obra de arte de la RN 3 con la pintura horizontal del tramo. - Noticias Radio Reflejos\" \/>\n<meta property=\"og:description\" content=\"La obra concluy\u00f3 con las tareas de pintura horizontal en el tramo intervenido para dar una soluci\u00f3n definitiva luego de la inundaci\u00f3n entre Bah\u00eda Blanca y Monte Hermoso.\" \/>\n<meta property=\"og:url\" content=\"https:\/\/www.noticiasradioreflejos.com.ar\/2021\/vialidad-nacional-finalizo-con-la-obra-de-arte-o-de-la-ruta-nacional-3-con-la-pintura-horizontal-del-tramo\/\" \/>\n<meta property=\"og:site_name\" content=\"Noticias Radio Reflejos\" \/>\n<meta property=\"article:published_time\" content=\"2020-11-02T00:34:32+00:00\" \/>\n<meta property=\"og:image\" content=\"http:\/\/live.staticflickr.com\/65535\/50557055751_b0f9bc7cca_c.jpg\" \/>\n<meta name=\"author\" content=\"Arnaldo Botto\" \/>\n<meta name=\"twitter:card\" content=\"summary_large_image\" \/>\n<script type=\"application\/ld+json\" class=\"yoast-schema-graph\">{\"@context\":\"https:\/\/schema.org\",\"@graph\":[{\"@type\":\"WebPage\",\"@id\":\"https:\/\/www.noticiasradioreflejos.com.ar\/2021\/vialidad-nacional-finalizo-con-la-obra-de-arte-o-de-la-ruta-nacional-3-con-la-pintura-horizontal-del-tramo\/\",\"url\":\"https:\/\/www.noticiasradioreflejos.com.ar\/2021\/vialidad-nacional-finalizo-con-la-obra-de-arte-o-de-la-ruta-nacional-3-con-la-pintura-horizontal-del-tramo\/\",\"name\":\"Vialidad Nacional finaliz\u00f3 con la obra de arte de la RN 3 con la pintura horizontal del tramo. - Noticias Radio Reflejos\",\"isPartOf\":{\"@id\":\"https:\/\/www.noticiasradioreflejos.com.ar\/2021\/#website\"},\"primaryImageOfPage\":{\"@id\":\"https:\/\/www.noticiasradioreflejos.com.ar\/2021\/vialidad-nacional-finalizo-con-la-obra-de-arte-o-de-la-ruta-nacional-3-con-la-pintura-horizontal-del-tramo\/#primaryimage\"},\"image\":{\"@id\":\"https:\/\/www.noticiasradioreflejos.com.ar\/2021\/vialidad-nacional-finalizo-con-la-obra-de-arte-o-de-la-ruta-nacional-3-con-la-pintura-horizontal-del-tramo\/#primaryimage\"},\"thumbnailUrl\":\"http:\/\/live.staticflickr.com\/65535\/50557055751_b0f9bc7cca_c.jpg\",\"datePublished\":\"2020-11-02T00:34:32+00:00\",\"author\":{\"@id\":\"https:\/\/www.noticiasradioreflejos.com.ar\/2021\/#\/schema\/person\/ad82545263dcc5ec0996818884fd5fb1\"},\"breadcrumb\":{\"@id\":\"https:\/\/www.noticiasradioreflejos.com.ar\/2021\/vialidad-nacional-finalizo-con-la-obra-de-arte-o-de-la-ruta-nacional-3-con-la-pintura-horizontal-del-tramo\/#breadcrumb\"},\"inLanguage\":\"es\",\"potentialAction\":[{\"@type\":\"ReadAction\",\"target\":[\"https:\/\/www.noticiasradioreflejos.com.ar\/2021\/vialidad-nacional-finalizo-con-la-obra-de-arte-o-de-la-ruta-nacional-3-con-la-pintura-horizontal-del-tramo\/\"]}]},{\"@type\":\"ImageObject\",\"inLanguage\":\"es\",\"@id\":\"https:\/\/www.noticiasradioreflejos.com.ar\/2021\/vialidad-nacional-finalizo-con-la-obra-de-arte-o-de-la-ruta-nacional-3-con-la-pintura-horizontal-del-tramo\/#primaryimage\",\"url\":\"http:\/\/live.staticflickr.com\/65535\/50557055751_b0f9bc7cca_c.jpg\",\"contentUrl\":\"http:\/\/live.staticflickr.com\/65535\/50557055751_b0f9bc7cca_c.jpg\"},{\"@type\":\"BreadcrumbList\",\"@id\":\"https:\/\/www.noticiasradioreflejos.com.ar\/2021\/vialidad-nacional-finalizo-con-la-obra-de-arte-o-de-la-ruta-nacional-3-con-la-pintura-horizontal-del-tramo\/#breadcrumb\",\"itemListElement\":[{\"@type\":\"ListItem\",\"position\":1,\"name\":\"Portada\",\"item\":\"https:\/\/www.noticiasradioreflejos.com.ar\/2021\/\"},{\"@type\":\"ListItem\",\"position\":2,\"name\":\"Vialidad Nacional finaliz\u00f3 con la obra de arte de la RN 3 con la pintura horizontal del tramo.\"}]},{\"@type\":\"WebSite\",\"@id\":\"https:\/\/www.noticiasradioreflejos.com.ar\/2021\/#website\",\"url\":\"https:\/\/www.noticiasradioreflejos.com.ar\/2021\/\",\"name\":\"Noticias Radio Reflejos\",\"description\":\"Las noticias de mi comarca\",\"potentialAction\":[{\"@type\":\"SearchAction\",\"target\":{\"@type\":\"EntryPoint\",\"urlTemplate\":\"https:\/\/www.noticiasradioreflejos.com.ar\/2021\/?s={search_term_string}\"},\"query-input\":{\"@type\":\"PropertyValueSpecification\",\"valueRequired\":true,\"valueName\":\"search_term_string\"}}],\"inLanguage\":\"es\"},{\"@type\":\"Person\",\"@id\":\"https:\/\/www.noticiasradioreflejos.com.ar\/2021\/#\/schema\/person\/ad82545263dcc5ec0996818884fd5fb1\",\"name\":\"Arnaldo Botto\",\"image\":{\"@type\":\"ImageObject\",\"inLanguage\":\"es\",\"@id\":\"https:\/\/www.noticiasradioreflejos.com.ar\/2021\/#\/schema\/person\/image\/\",\"url\":\"https:\/\/secure.gravatar.com\/avatar\/55cb5e37c1efa326397366e6974cb338056df65cb50e7d64d1cf314e87504837?s=96&d=mm&r=g\",\"contentUrl\":\"https:\/\/secure.gravatar.com\/avatar\/55cb5e37c1efa326397366e6974cb338056df65cb50e7d64d1cf314e87504837?s=96&d=mm&r=g\",\"caption\":\"Arnaldo Botto\"},\"url\":\"https:\/\/www.noticiasradioreflejos.com.ar\/2021\/author\/arnaldo\/\"}]}<\/script>\n<!-- \/ Yoast SEO plugin. -->","yoast_head_json":{"title":"Vialidad Nacional finaliz\u00f3 con la obra de arte de la RN 3 con la pintura horizontal del tramo. - Noticias Radio Reflejos","robots":{"index":"index","follow":"follow","max-snippet":"max-snippet:-1","max-image-preview":"max-image-preview:large","max-video-preview":"max-video-preview:-1"},"canonical":"https:\/\/www.noticiasradioreflejos.com.ar\/2021\/vialidad-nacional-finalizo-con-la-obra-de-arte-o-de-la-ruta-nacional-3-con-la-pintura-horizontal-del-tramo\/","og_locale":"es_ES","og_type":"article","og_title":"Vialidad Nacional finaliz\u00f3 con la obra de arte de la RN 3 con la pintura horizontal del tramo. - Noticias Radio Reflejos","og_description":"La obra concluy\u00f3 con las tareas de pintura horizontal en el tramo intervenido para dar una soluci\u00f3n definitiva luego de la inundaci\u00f3n entre Bah\u00eda Blanca y Monte Hermoso.","og_url":"https:\/\/www.noticiasradioreflejos.com.ar\/2021\/vialidad-nacional-finalizo-con-la-obra-de-arte-o-de-la-ruta-nacional-3-con-la-pintura-horizontal-del-tramo\/","og_site_name":"Noticias Radio Reflejos","article_published_time":"2020-11-02T00:34:32+00:00","og_image":[{"url":"http:\/\/live.staticflickr.com\/65535\/50557055751_b0f9bc7cca_c.jpg","type":"","width":"","height":""}],"author":"Arnaldo Botto","twitter_card":"summary_large_image","schema":{"@context":"https:\/\/schema.org","@graph":[{"@type":"WebPage","@id":"https:\/\/www.noticiasradioreflejos.com.ar\/2021\/vialidad-nacional-finalizo-con-la-obra-de-arte-o-de-la-ruta-nacional-3-con-la-pintura-horizontal-del-tramo\/","url":"https:\/\/www.noticiasradioreflejos.com.ar\/2021\/vialidad-nacional-finalizo-con-la-obra-de-arte-o-de-la-ruta-nacional-3-con-la-pintura-horizontal-del-tramo\/","name":"Vialidad Nacional finaliz\u00f3 con la obra de arte de la RN 3 con la pintura horizontal del tramo. - Noticias Radio Reflejos","isPartOf":{"@id":"https:\/\/www.noticiasradioreflejos.com.ar\/2021\/#website"},"primaryImageOfPage":{"@id":"https:\/\/www.noticiasradioreflejos.com.ar\/2021\/vialidad-nacional-finalizo-con-la-obra-de-arte-o-de-la-ruta-nacional-3-con-la-pintura-horizontal-del-tramo\/#primaryimage"},"image":{"@id":"https:\/\/www.noticiasradioreflejos.com.ar\/2021\/vialidad-nacional-finalizo-con-la-obra-de-arte-o-de-la-ruta-nacional-3-con-la-pintura-horizontal-del-tramo\/#primaryimage"},"thumbnailUrl":"http:\/\/live.staticflickr.com\/65535\/50557055751_b0f9bc7cca_c.jpg","datePublished":"2020-11-02T00:34:32+00:00","author":{"@id":"https:\/\/www.noticiasradioreflejos.com.ar\/2021\/#\/schema\/person\/ad82545263dcc5ec0996818884fd5fb1"},"breadcrumb":{"@id":"https:\/\/www.noticiasradioreflejos.com.ar\/2021\/vialidad-nacional-finalizo-con-la-obra-de-arte-o-de-la-ruta-nacional-3-con-la-pintura-horizontal-del-tramo\/#breadcrumb"},"inLanguage":"es","potentialAction":[{"@type":"ReadAction","target":["https:\/\/www.noticiasradioreflejos.com.ar\/2021\/vialidad-nacional-finalizo-con-la-obra-de-arte-o-de-la-ruta-nacional-3-con-la-pintura-horizontal-del-tramo\/"]}]},{"@type":"ImageObject","inLanguage":"es","@id":"https:\/\/www.noticiasradioreflejos.com.ar\/2021\/vialidad-nacional-finalizo-con-la-obra-de-arte-o-de-la-ruta-nacional-3-con-la-pintura-horizontal-del-tramo\/#primaryimage","url":"http:\/\/live.staticflickr.com\/65535\/50557055751_b0f9bc7cca_c.jpg","contentUrl":"http:\/\/live.staticflickr.com\/65535\/50557055751_b0f9bc7cca_c.jpg"},{"@type":"BreadcrumbList","@id":"https:\/\/www.noticiasradioreflejos.com.ar\/2021\/vialidad-nacional-finalizo-con-la-obra-de-arte-o-de-la-ruta-nacional-3-con-la-pintura-horizontal-del-tramo\/#breadcrumb","itemListElement":[{"@type":"ListItem","position":1,"name":"Portada","item":"https:\/\/www.noticiasradioreflejos.com.ar\/2021\/"},{"@type":"ListItem","position":2,"name":"Vialidad Nacional finaliz\u00f3 con la obra de arte de la RN 3 con la pintura horizontal del tramo."}]},{"@type":"WebSite","@id":"https:\/\/www.noticiasradioreflejos.com.ar\/2021\/#website","url":"https:\/\/www.noticiasradioreflejos.com.ar\/2021\/","name":"Noticias Radio Reflejos","description":"Las noticias de mi comarca","potentialAction":[{"@type":"SearchAction","target":{"@type":"EntryPoint","urlTemplate":"https:\/\/www.noticiasradioreflejos.com.ar\/2021\/?s={search_term_string}"},"query-input":{"@type":"PropertyValueSpecification","valueRequired":true,"valueName":"search_term_string"}}],"inLanguage":"es"},{"@type":"Person","@id":"https:\/\/www.noticiasradioreflejos.com.ar\/2021\/#\/schema\/person\/ad82545263dcc5ec0996818884fd5fb1","name":"Arnaldo Botto","image":{"@type":"ImageObject","inLanguage":"es","@id":"https:\/\/www.noticiasradioreflejos.com.ar\/2021\/#\/schema\/person\/image\/","url":"https:\/\/secure.gravatar.com\/avatar\/55cb5e37c1efa326397366e6974cb338056df65cb50e7d64d1cf314e87504837?s=96&d=mm&r=g","contentUrl":"https:\/\/secure.gravatar.com\/avatar\/55cb5e37c1efa326397366e6974cb338056df65cb50e7d64d1cf314e87504837?s=96&d=mm&r=g","caption":"Arnaldo Botto"},"url":"https:\/\/www.noticiasradioreflejos.com.ar\/2021\/author\/arnaldo\/"}]}},"_links":{"self":[{"href":"https:\/\/www.noticiasradioreflejos.com.ar\/2021\/wp-json\/wp\/v2\/posts\/48777","targetHints":{"allow":["GET"]}}],"collection":[{"href":"https:\/\/www.noticiasradioreflejos.com.ar\/2021\/wp-json\/wp\/v2\/posts"}],"about":[{"href":"https:\/\/www.noticiasradioreflejos.com.ar\/2021\/wp-json\/wp\/v2\/types\/post"}],"author":[{"embeddable":true,"href":"https:\/\/www.noticiasradioreflejos.com.ar\/2021\/wp-json\/wp\/v2\/users\/3"}],"replies":[{"embeddable":true,"href":"https:\/\/www.noticiasradioreflejos.com.ar\/2021\/wp-json\/wp\/v2\/comments?post=48777"}],"version-history":[{"count":0,"href":"https:\/\/www.noticiasradioreflejos.com.ar\/2021\/wp-json\/wp\/v2\/posts\/48777\/revisions"}],"wp:attachment":[{"href":"https:\/\/www.noticiasradioreflejos.com.ar\/2021\/wp-json\/wp\/v2\/media?parent=48777"}],"wp:term":[{"taxonomy":"category","embeddable":true,"href":"https:\/\/www.noticiasradioreflejos.com.ar\/2021\/wp-json\/wp\/v2\/categories?post=48777"},{"taxonomy":"post_tag","embeddable":true,"href":"https:\/\/www.noticiasradioreflejos.com.ar\/2021\/wp-json\/wp\/v2\/tags?post=48777"}],"curies":[{"name":"wp","href":"https:\/\/api.w.org\/{rel}","templated":true}]}}