{"id":48773,"date":"2020-11-01T20:45:40","date_gmt":"2020-11-01T23:45:40","guid":{"rendered":"http:\/\/www.noticiasradioreflejos.com.ar\/noticias\/?p=48773"},"modified":"2020-11-01T20:45:40","modified_gmt":"2020-11-01T23:45:40","slug":"sin-controles-la-comarca-se-lleno-de-turistas","status":"publish","type":"post","link":"https:\/\/www.noticiasradioreflejos.com.ar\/2021\/sin-controles-la-comarca-se-lleno-de-turistas\/","title":{"rendered":"Sin controles: La comarca se llen\u00f3 de turistas."},"content":{"rendered":"<p><a title=\"IMG_20201101_193522\" href=\"http:\/\/live.staticflickr.com\/65535\/50556753676_19f9f6572d_s.jpg\" rel=\"\"><img loading=\"lazy\" decoding=\"async\" class=\"alignleft\" style=\"float: left;\" title=\"IMG_20201101_193522\" src=\"http:\/\/live.staticflickr.com\/65535\/50556753676_878718b517_o.jpg\" alt=\"IMG_20201101_193522\" width=\"409\" height=\"345\" \/><\/a>Acompa\u00f1ados por dos d\u00edas de condiciones meteorol\u00f3gicas primaverales, cientos de visitantes se volcaron a disfrutar del sol, los espacios verdes, r\u00edos y arroyos; dando la fisionom\u00eda de una jornada de plena temporada tur\u00edstica en las sierras.<!--more--><\/p>\n<p>Los pron\u00f3sticos menos alentadores especularon con ver las localidades del distrito de Tornquist con mucho movimiento, una vez que se levantaran los retenes que se montaron con motivo de la pandemia. Y, los m\u00e1s positivos, que todo desbordar\u00eda. Cerca estuvieron ambos, desde el viernes el movimiento vehicular y de peatones por las calles de la localidad dejaron de ser como las ven\u00edamos viendo en los \u00faltimos meses. Cola en la estaci\u00f3n de servicio para cargar combustible, supermercados y verduler\u00edas con caras desconocidas, el ulular de motores de cortar pasto, rompiendo el silencio de los barrios; Sierra no era la misma.<\/p>\n<p><a title=\"IMG-20201101-WA0066\" href=\"http:\/\/live.staticflickr.com\/65535\/50556753721_afe74c9fd8_s.jpg\" rel=\"\"><img loading=\"lazy\" decoding=\"async\" class=\"aligncenter\" title=\"IMG-20201101-WA0066\" src=\"http:\/\/live.staticflickr.com\/65535\/50556753721_afe74c9fd8_c.jpg\" alt=\"IMG-20201101-WA0066\" width=\"800\" height=\"600\" \/><\/a><br \/>\nPropietarios de 2das residencias no esperaron, muchos llegaron durante el viernes y la ma\u00f1ana del s\u00e1bado, pero a esto se sumaban veh\u00edculos que llegaban con mucho equipaje, buscando direcciones de complejos y arribando a viviendas que por muchos meses estuvieron cerradas. No quedaban dudas: sin controles, qu\u00e9 imped\u00eda al turismo llegar..?<br \/>\nEste domingo todo qued\u00f3 plasmado en las postales de los Paradores, plazas y boulevares, cientos y por qu\u00e9 no miles de personas invadiendo todo. Las calles de Sierra de la Ventana volvieron a sentir el pisoteo del tranquilo paseandero, las vidrieras observadas y la sonrisa en el rostro de los comerciantes volvi\u00f3.<br \/>\nPunto aparte es el respeto por los protocolos y el distanciamiento social. En su mayor\u00eda falt\u00f3, varios comerciantes nos informaron que debieron pedir retirarse de los locales por falta de barbijos o tapabocas, tanto a turistas como a propios clientes vecinos, que en forma totalmente relajada, salieron como si nada a hacer sus compras.<\/p>\n<p><a title=\"IMG-20201101-WA0028\" href=\"http:\/\/live.staticflickr.com\/65535\/50556520736_abe9e4a3cc_s.jpg\" rel=\"\"><img loading=\"lazy\" decoding=\"async\" class=\"aligncenter\" title=\"IMG-20201101-WA0028\" src=\"http:\/\/live.staticflickr.com\/65535\/50556520736_abe9e4a3cc_c.jpg\" alt=\"IMG-20201101-WA0028\" width=\"800\" height=\"450\" \/><\/a><\/p>\n<p><em>Estacionamiento en Los Angelitos, Barrio Golf.<\/em><\/p>\n<p>En los balnearios hubo diferentes im\u00e1genes, en algunos como<strong> \u00abLa Hoya\u00bb<\/strong> la gente se mantuvo en sus mesas y deambulaba con los respectivos cuidados, en otros nada. Como si la pandemia no existiera al aire libre y en maya.<\/p>\n<p><a title=\"IMG-20201101-WA0036\" href=\"http:\/\/live.staticflickr.com\/65535\/50555785543_f1220ec8e8_s.jpg\" rel=\"\"><img loading=\"lazy\" decoding=\"async\" title=\"IMG-20201101-WA0036\" src=\"http:\/\/live.staticflickr.com\/65535\/50555785543_f1220ec8e8_c.jpg\" alt=\"IMG-20201101-WA0036\" width=\"800\" height=\"600\" \/><\/a><br \/>\nEn el <strong>Balneario El Dique<\/strong>, sobre el r\u00edo Sauce Grande se notaron grupos distanciados y respetando las burbujas familiares.<\/p>\n<p><a title=\"IMG_20201101_181120\" href=\"http:\/\/live.staticflickr.com\/65535\/50556520166_bbb7761f6c_s.jpg\" rel=\"\"><img loading=\"lazy\" decoding=\"async\" title=\"IMG_20201101_181120\" src=\"http:\/\/live.staticflickr.com\/65535\/50556520166_bbb7761f6c_c.jpg\" alt=\"IMG_20201101_181120\" width=\"400\" height=\"800\" \/><\/a><\/p>\n<p>En tanto en el parador <strong>Namast\u00e9, <\/strong>que abri\u00f3 los sanitarios exigiendo al ingreso respetar los protocolos sanitarios, se not\u00f3 que la mayor\u00eda de los acampantes del d\u00eda no tuvo ning\u00fan respeto por las medidas sanitarias dispuestas.<\/p>\n<p><a title=\"IMG-20201101-WA0040\" href=\"http:\/\/live.staticflickr.com\/65535\/50555785488_5e30c32737_s.jpg\" rel=\"\"><img loading=\"lazy\" decoding=\"async\" title=\"IMG-20201101-WA0040\" src=\"http:\/\/live.staticflickr.com\/65535\/50555785488_5e30c32737_c.jpg\" alt=\"IMG-20201101-WA0040\" width=\"800\" height=\"449\" \/><\/a><\/p>\n<p>Este fin de semana debemos considerarlo una prueba piloto y las respuestas a tantas dudas e inc\u00f3gnitas de d\u00edas atr\u00e1s no terminan de develarse.<\/p>\n<p>Si no existe un comportamiento de empat\u00eda y responsable, en adelante el futuro puede ser m\u00e1s incierto y lamentable de lo que esperamos.<\/p>\n<p><a title=\"IMG-20201101-WA0041\" href=\"http:\/\/live.staticflickr.com\/65535\/50556649402_b8f9408206_s.jpg\" rel=\"\"><img loading=\"lazy\" decoding=\"async\" class=\"aligncenter\" title=\"IMG-20201101-WA0041\" src=\"http:\/\/live.staticflickr.com\/65535\/50556649402_b8f9408206_c.jpg\" alt=\"IMG-20201101-WA0041\" width=\"449\" height=\"800\" \/><\/a><\/p>\n<p><a title=\"received_385430639310000\" href=\"http:\/\/live.staticflickr.com\/65535\/50556154243_65e2b1269c_s.jpg\" rel=\"\"><img loading=\"lazy\" decoding=\"async\" title=\"received_385430639310000\" src=\"http:\/\/live.staticflickr.com\/65535\/50556154243_65e2b1269c_c.jpg\" alt=\"received_385430639310000\" width=\"800\" height=\"450\" \/><\/a><a title=\"IMG_20201101_185828\" href=\"http:\/\/live.staticflickr.com\/65535\/50556887981_5167da7a86_s.jpg\" rel=\"\"><img loading=\"lazy\" decoding=\"async\" class=\"aligncenter\" title=\"IMG_20201101_185828\" src=\"http:\/\/live.staticflickr.com\/65535\/50556887981_5167da7a86_c.jpg\" alt=\"IMG_20201101_185828\" width=\"800\" height=\"600\" \/><\/a><a title=\"received_1295662354133761\" href=\"http:\/\/live.staticflickr.com\/65535\/50556154468_17864be7d2_s.jpg\" rel=\"\"><img loading=\"lazy\" decoding=\"async\" class=\"aligncenter\" title=\"received_1295662354133761\" src=\"http:\/\/live.staticflickr.com\/65535\/50556154468_17864be7d2_c.jpg\" alt=\"received_1295662354133761\" width=\"800\" height=\"450\" \/><\/a><a title=\"IMG_20201101_185902\" href=\"http:\/\/live.staticflickr.com\/65535\/50556888026_6e370ec9dc_s.jpg\" rel=\"\"><img loading=\"lazy\" decoding=\"async\" class=\"aligncenter\" title=\"IMG_20201101_185902\" src=\"http:\/\/live.staticflickr.com\/65535\/50556888026_6e370ec9dc_c.jpg\" alt=\"IMG_20201101_185902\" width=\"800\" height=\"600\" \/><\/a><\/p>\n","protected":false},"excerpt":{"rendered":"<p>Acompa\u00f1ados por dos d\u00edas de condiciones meteorol\u00f3gicas primaverales, cientos de visitantes se volcaron a disfrutar del sol, los espacios verdes, r\u00edos y arroyos; dando la fisionom\u00eda de una jornada de plena temporada tur\u00edstica en las sierras.<\/p>\n","protected":false},"author":3,"featured_media":0,"comment_status":"closed","ping_status":"open","sticky":false,"template":"","format":"standard","meta":{"footnotes":""},"categories":[33],"tags":[],"class_list":["post-48773","post","type-post","status-publish","format-standard","hentry","category-turismo"],"yoast_head":"<!-- This site is optimized with the Yoast SEO plugin v25.9 - https:\/\/yoast.com\/wordpress\/plugins\/seo\/ -->\n<title>Sin controles: La comarca se llen\u00f3 de turistas. - Noticias Radio Reflejos<\/title>\n<meta name=\"robots\" content=\"index, follow, max-snippet:-1, max-image-preview:large, max-video-preview:-1\" \/>\n<link rel=\"canonical\" href=\"https:\/\/www.noticiasradioreflejos.com.ar\/2021\/sin-controles-la-comarca-se-lleno-de-turistas\/\" \/>\n<meta property=\"og:locale\" content=\"es_ES\" \/>\n<meta property=\"og:type\" content=\"article\" \/>\n<meta property=\"og:title\" content=\"Sin controles: La comarca se llen\u00f3 de turistas. - Noticias Radio Reflejos\" \/>\n<meta property=\"og:description\" content=\"Acompa\u00f1ados por dos d\u00edas de condiciones meteorol\u00f3gicas primaverales, cientos de visitantes se volcaron a disfrutar del sol, los espacios verdes, r\u00edos y arroyos; dando la fisionom\u00eda de una jornada de plena temporada tur\u00edstica en las sierras.\" \/>\n<meta property=\"og:url\" content=\"https:\/\/www.noticiasradioreflejos.com.ar\/2021\/sin-controles-la-comarca-se-lleno-de-turistas\/\" \/>\n<meta property=\"og:site_name\" content=\"Noticias Radio Reflejos\" \/>\n<meta property=\"article:published_time\" content=\"2020-11-01T23:45:40+00:00\" \/>\n<meta property=\"og:image\" content=\"http:\/\/live.staticflickr.com\/65535\/50556753676_878718b517_o.jpg\" \/>\n<meta name=\"author\" content=\"Arnaldo Botto\" \/>\n<meta name=\"twitter:card\" content=\"summary_large_image\" \/>\n<script type=\"application\/ld+json\" class=\"yoast-schema-graph\">{\"@context\":\"https:\/\/schema.org\",\"@graph\":[{\"@type\":\"WebPage\",\"@id\":\"https:\/\/www.noticiasradioreflejos.com.ar\/2021\/sin-controles-la-comarca-se-lleno-de-turistas\/\",\"url\":\"https:\/\/www.noticiasradioreflejos.com.ar\/2021\/sin-controles-la-comarca-se-lleno-de-turistas\/\",\"name\":\"Sin controles: La comarca se llen\u00f3 de turistas. - Noticias Radio Reflejos\",\"isPartOf\":{\"@id\":\"https:\/\/www.noticiasradioreflejos.com.ar\/2021\/#website\"},\"primaryImageOfPage\":{\"@id\":\"https:\/\/www.noticiasradioreflejos.com.ar\/2021\/sin-controles-la-comarca-se-lleno-de-turistas\/#primaryimage\"},\"image\":{\"@id\":\"https:\/\/www.noticiasradioreflejos.com.ar\/2021\/sin-controles-la-comarca-se-lleno-de-turistas\/#primaryimage\"},\"thumbnailUrl\":\"http:\/\/live.staticflickr.com\/65535\/50556753676_878718b517_o.jpg\",\"datePublished\":\"2020-11-01T23:45:40+00:00\",\"author\":{\"@id\":\"https:\/\/www.noticiasradioreflejos.com.ar\/2021\/#\/schema\/person\/ad82545263dcc5ec0996818884fd5fb1\"},\"breadcrumb\":{\"@id\":\"https:\/\/www.noticiasradioreflejos.com.ar\/2021\/sin-controles-la-comarca-se-lleno-de-turistas\/#breadcrumb\"},\"inLanguage\":\"es\",\"potentialAction\":[{\"@type\":\"ReadAction\",\"target\":[\"https:\/\/www.noticiasradioreflejos.com.ar\/2021\/sin-controles-la-comarca-se-lleno-de-turistas\/\"]}]},{\"@type\":\"ImageObject\",\"inLanguage\":\"es\",\"@id\":\"https:\/\/www.noticiasradioreflejos.com.ar\/2021\/sin-controles-la-comarca-se-lleno-de-turistas\/#primaryimage\",\"url\":\"http:\/\/live.staticflickr.com\/65535\/50556753676_878718b517_o.jpg\",\"contentUrl\":\"http:\/\/live.staticflickr.com\/65535\/50556753676_878718b517_o.jpg\"},{\"@type\":\"BreadcrumbList\",\"@id\":\"https:\/\/www.noticiasradioreflejos.com.ar\/2021\/sin-controles-la-comarca-se-lleno-de-turistas\/#breadcrumb\",\"itemListElement\":[{\"@type\":\"ListItem\",\"position\":1,\"name\":\"Portada\",\"item\":\"https:\/\/www.noticiasradioreflejos.com.ar\/2021\/\"},{\"@type\":\"ListItem\",\"position\":2,\"name\":\"Sin controles: La comarca se llen\u00f3 de turistas.\"}]},{\"@type\":\"WebSite\",\"@id\":\"https:\/\/www.noticiasradioreflejos.com.ar\/2021\/#website\",\"url\":\"https:\/\/www.noticiasradioreflejos.com.ar\/2021\/\",\"name\":\"Noticias Radio Reflejos\",\"description\":\"Las noticias de mi comarca\",\"potentialAction\":[{\"@type\":\"SearchAction\",\"target\":{\"@type\":\"EntryPoint\",\"urlTemplate\":\"https:\/\/www.noticiasradioreflejos.com.ar\/2021\/?s={search_term_string}\"},\"query-input\":{\"@type\":\"PropertyValueSpecification\",\"valueRequired\":true,\"valueName\":\"search_term_string\"}}],\"inLanguage\":\"es\"},{\"@type\":\"Person\",\"@id\":\"https:\/\/www.noticiasradioreflejos.com.ar\/2021\/#\/schema\/person\/ad82545263dcc5ec0996818884fd5fb1\",\"name\":\"Arnaldo Botto\",\"image\":{\"@type\":\"ImageObject\",\"inLanguage\":\"es\",\"@id\":\"https:\/\/www.noticiasradioreflejos.com.ar\/2021\/#\/schema\/person\/image\/\",\"url\":\"https:\/\/secure.gravatar.com\/avatar\/55cb5e37c1efa326397366e6974cb338056df65cb50e7d64d1cf314e87504837?s=96&d=mm&r=g\",\"contentUrl\":\"https:\/\/secure.gravatar.com\/avatar\/55cb5e37c1efa326397366e6974cb338056df65cb50e7d64d1cf314e87504837?s=96&d=mm&r=g\",\"caption\":\"Arnaldo Botto\"},\"url\":\"https:\/\/www.noticiasradioreflejos.com.ar\/2021\/author\/arnaldo\/\"}]}<\/script>\n<!-- \/ Yoast SEO plugin. -->","yoast_head_json":{"title":"Sin controles: La comarca se llen\u00f3 de turistas. - Noticias Radio Reflejos","robots":{"index":"index","follow":"follow","max-snippet":"max-snippet:-1","max-image-preview":"max-image-preview:large","max-video-preview":"max-video-preview:-1"},"canonical":"https:\/\/www.noticiasradioreflejos.com.ar\/2021\/sin-controles-la-comarca-se-lleno-de-turistas\/","og_locale":"es_ES","og_type":"article","og_title":"Sin controles: La comarca se llen\u00f3 de turistas. - Noticias Radio Reflejos","og_description":"Acompa\u00f1ados por dos d\u00edas de condiciones meteorol\u00f3gicas primaverales, cientos de visitantes se volcaron a disfrutar del sol, los espacios verdes, r\u00edos y arroyos; dando la fisionom\u00eda de una jornada de plena temporada tur\u00edstica en las sierras.","og_url":"https:\/\/www.noticiasradioreflejos.com.ar\/2021\/sin-controles-la-comarca-se-lleno-de-turistas\/","og_site_name":"Noticias Radio Reflejos","article_published_time":"2020-11-01T23:45:40+00:00","og_image":[{"url":"http:\/\/live.staticflickr.com\/65535\/50556753676_878718b517_o.jpg","type":"","width":"","height":""}],"author":"Arnaldo Botto","twitter_card":"summary_large_image","schema":{"@context":"https:\/\/schema.org","@graph":[{"@type":"WebPage","@id":"https:\/\/www.noticiasradioreflejos.com.ar\/2021\/sin-controles-la-comarca-se-lleno-de-turistas\/","url":"https:\/\/www.noticiasradioreflejos.com.ar\/2021\/sin-controles-la-comarca-se-lleno-de-turistas\/","name":"Sin controles: La comarca se llen\u00f3 de turistas. - Noticias Radio Reflejos","isPartOf":{"@id":"https:\/\/www.noticiasradioreflejos.com.ar\/2021\/#website"},"primaryImageOfPage":{"@id":"https:\/\/www.noticiasradioreflejos.com.ar\/2021\/sin-controles-la-comarca-se-lleno-de-turistas\/#primaryimage"},"image":{"@id":"https:\/\/www.noticiasradioreflejos.com.ar\/2021\/sin-controles-la-comarca-se-lleno-de-turistas\/#primaryimage"},"thumbnailUrl":"http:\/\/live.staticflickr.com\/65535\/50556753676_878718b517_o.jpg","datePublished":"2020-11-01T23:45:40+00:00","author":{"@id":"https:\/\/www.noticiasradioreflejos.com.ar\/2021\/#\/schema\/person\/ad82545263dcc5ec0996818884fd5fb1"},"breadcrumb":{"@id":"https:\/\/www.noticiasradioreflejos.com.ar\/2021\/sin-controles-la-comarca-se-lleno-de-turistas\/#breadcrumb"},"inLanguage":"es","potentialAction":[{"@type":"ReadAction","target":["https:\/\/www.noticiasradioreflejos.com.ar\/2021\/sin-controles-la-comarca-se-lleno-de-turistas\/"]}]},{"@type":"ImageObject","inLanguage":"es","@id":"https:\/\/www.noticiasradioreflejos.com.ar\/2021\/sin-controles-la-comarca-se-lleno-de-turistas\/#primaryimage","url":"http:\/\/live.staticflickr.com\/65535\/50556753676_878718b517_o.jpg","contentUrl":"http:\/\/live.staticflickr.com\/65535\/50556753676_878718b517_o.jpg"},{"@type":"BreadcrumbList","@id":"https:\/\/www.noticiasradioreflejos.com.ar\/2021\/sin-controles-la-comarca-se-lleno-de-turistas\/#breadcrumb","itemListElement":[{"@type":"ListItem","position":1,"name":"Portada","item":"https:\/\/www.noticiasradioreflejos.com.ar\/2021\/"},{"@type":"ListItem","position":2,"name":"Sin controles: La comarca se llen\u00f3 de turistas."}]},{"@type":"WebSite","@id":"https:\/\/www.noticiasradioreflejos.com.ar\/2021\/#website","url":"https:\/\/www.noticiasradioreflejos.com.ar\/2021\/","name":"Noticias Radio Reflejos","description":"Las noticias de mi comarca","potentialAction":[{"@type":"SearchAction","target":{"@type":"EntryPoint","urlTemplate":"https:\/\/www.noticiasradioreflejos.com.ar\/2021\/?s={search_term_string}"},"query-input":{"@type":"PropertyValueSpecification","valueRequired":true,"valueName":"search_term_string"}}],"inLanguage":"es"},{"@type":"Person","@id":"https:\/\/www.noticiasradioreflejos.com.ar\/2021\/#\/schema\/person\/ad82545263dcc5ec0996818884fd5fb1","name":"Arnaldo Botto","image":{"@type":"ImageObject","inLanguage":"es","@id":"https:\/\/www.noticiasradioreflejos.com.ar\/2021\/#\/schema\/person\/image\/","url":"https:\/\/secure.gravatar.com\/avatar\/55cb5e37c1efa326397366e6974cb338056df65cb50e7d64d1cf314e87504837?s=96&d=mm&r=g","contentUrl":"https:\/\/secure.gravatar.com\/avatar\/55cb5e37c1efa326397366e6974cb338056df65cb50e7d64d1cf314e87504837?s=96&d=mm&r=g","caption":"Arnaldo Botto"},"url":"https:\/\/www.noticiasradioreflejos.com.ar\/2021\/author\/arnaldo\/"}]}},"_links":{"self":[{"href":"https:\/\/www.noticiasradioreflejos.com.ar\/2021\/wp-json\/wp\/v2\/posts\/48773","targetHints":{"allow":["GET"]}}],"collection":[{"href":"https:\/\/www.noticiasradioreflejos.com.ar\/2021\/wp-json\/wp\/v2\/posts"}],"about":[{"href":"https:\/\/www.noticiasradioreflejos.com.ar\/2021\/wp-json\/wp\/v2\/types\/post"}],"author":[{"embeddable":true,"href":"https:\/\/www.noticiasradioreflejos.com.ar\/2021\/wp-json\/wp\/v2\/users\/3"}],"replies":[{"embeddable":true,"href":"https:\/\/www.noticiasradioreflejos.com.ar\/2021\/wp-json\/wp\/v2\/comments?post=48773"}],"version-history":[{"count":0,"href":"https:\/\/www.noticiasradioreflejos.com.ar\/2021\/wp-json\/wp\/v2\/posts\/48773\/revisions"}],"wp:attachment":[{"href":"https:\/\/www.noticiasradioreflejos.com.ar\/2021\/wp-json\/wp\/v2\/media?parent=48773"}],"wp:term":[{"taxonomy":"category","embeddable":true,"href":"https:\/\/www.noticiasradioreflejos.com.ar\/2021\/wp-json\/wp\/v2\/categories?post=48773"},{"taxonomy":"post_tag","embeddable":true,"href":"https:\/\/www.noticiasradioreflejos.com.ar\/2021\/wp-json\/wp\/v2\/tags?post=48773"}],"curies":[{"name":"wp","href":"https:\/\/api.w.org\/{rel}","templated":true}]}}