{"id":48770,"date":"2020-11-01T19:32:52","date_gmt":"2020-11-01T22:32:52","guid":{"rendered":"http:\/\/www.noticiasradioreflejos.com.ar\/noticias\/?p=48770"},"modified":"2020-11-01T19:32:52","modified_gmt":"2020-11-01T22:32:52","slug":"la-provincia-de-buenos-aires-prepara-un-mega-operativo-para-vacunar-contra-el-coronavirus","status":"publish","type":"post","link":"https:\/\/www.noticiasradioreflejos.com.ar\/2021\/la-provincia-de-buenos-aires-prepara-un-mega-operativo-para-vacunar-contra-el-coronavirus\/","title":{"rendered":"La provincia de Buenos Aires prepara un mega operativo para vacunar contra el coronavirus"},"content":{"rendered":"<p>Unos 6 millones de personas -mayores de 60 a\u00f1os, mayores de 18 con factores de riesgo, personal de salud, polic\u00edas y docentes- ser\u00e1n vacunados contra el coronavirus en una primera etapa en la provincia de Buenos Aires, operativo que emplear\u00e1 unos 5.400 vacunadores y contar\u00e1 con la producci\u00f3n de alcohol en gran escala, se inform\u00f3 oficialmente.<!--more--><\/p>\n<p>Fuentes del Ministerio de Salud informaron a T\u00e9lam que, si bien el operativo sanitario est\u00e1 directamente atado a la llegada de una vacuna y a la cantidad de dosis disponibles, remarcaron que \u00abla primera etapa de la vacunaci\u00f3n durar\u00eda 6 meses\u00bb.<\/p>\n<p>De esta manera, el Gobierno de la Provincia de Buenos Aires comenz\u00f3 la planificaci\u00f3n del operativo de vacunaci\u00f3n contra el coronavirus.<\/p>\n<p>Como parte de la estrategia, se comenz\u00f3 el proceso de compras de insumos y se trabaja en la adaptaci\u00f3n de los protocolos para capacitar a unos 2.500 nuevos vacunadores que se sumar\u00e1n a los 2.900 que se encuentran realizando tareas en territorio bonaerense.<\/p>\n<p>En cuanto a la capacitaci\u00f3n, indicaron que, aprobados los protocolos sanitarios, comienza la capacitaci\u00f3n de vacunadores, al considerar que todas las vacunas tienen alguna particularidad en su m\u00e9todo de aplicaci\u00f3n, los cuidados y la manipulaci\u00f3n de las dosis.<\/p>\n<p>Adem\u00e1s, indicaron que se incorporar\u00e1n m\u00e1s de 2.500 vacunadores que pertenecen a escuelas de enfermer\u00eda de la provincia de Buenos Aires, quienes se sumar\u00e1n a los m\u00e1s de 2.900 provinciales y municipales que ya se encuentran trabajando en el territorio bonaerense.<\/p>\n<p>Las fuentes informaron que ya se dio inicio al proceso de compra de insumos necesarios como jeringas, agujas, descartadores, elementos para el armado de los puntos de vacunaci\u00f3n, algod\u00f3n, elementos de higiene, conservadoras, heladeras.<\/p>\n<p>En cuanto a la producci\u00f3n de alcohol, informaron que \u00abel Instituto Biol\u00f3gico Tom\u00e1s Per\u00f3n inici\u00f3 los procesos de producci\u00f3n de alcohol a gran escala para poder abastecer los puntos de vacunaci\u00f3n y tener la cantidad suficiente para el per\u00edodo de vacunaci\u00f3n\u00bb.<\/p>\n<p>Adem\u00e1s, precisaron que la provincia de Buenos Aires ya cuenta con un relevamiento cuantitativo de la poblaci\u00f3n prioritaria a vacunar que llega a los 6.000.000 de personas, lo que incluye a personal de salud, mayores de 60, mayores de 18 con factores de riesgo, polic\u00edas y docentes.<\/p>\n<p>Anoche el jefe de Gabinete, Santiago Cafiero, confirm\u00f3 que la secretaria de Acceso a la Salud de la Naci\u00f3n, Carla Vizzotti, viaj\u00f3 a Rusia para \u00abrecabar informaci\u00f3n\u00bb sobre una de las vacunas contra el coronavirus que se est\u00e1 testeando en ese pa\u00eds, con el fin de \u00abanalizarla con la del resto de las vacunas que tambi\u00e9n est\u00e1n avanzadas\u00bb.<\/p>\n<p>\u00abEra una de las vacunas avanzadas pero sin punto focal en la Argentina; por eso tuvo que viajar\u00bb, explic\u00f3 Cafiero, quien mencion\u00f3 la necesidad de tener \u00abuna relaci\u00f3n directa y estrecha\u00bb con cada uno de los desarrollos..<\/p>\n<p>El jefe de Gabinete record\u00f3 que \u00abhay cuatro o cinco proyectos a nivel mundial que son los m\u00e1s avanzados\u00bb, pero indic\u00f3 que \u00abArgentina va a comprar la primera que est\u00e9\u00bb,<\/p>\n<p>En el mismo sentido, la ministra de Gobierno de la provincia de Buenos Aires, Mar\u00eda Teresa Garc\u00eda, sostuvo hoy que la Argentina est\u00e1 \u00abapostando fuertemente a la llegada de la vacuna\u00bb contra el coronavirus.<\/p>\n<p>\u00abEsperemos que prontamente alguna est\u00e9 confirmada en fase 3 para empezar el operativo de vacunaci\u00f3n\u00bb, declar\u00f3.<\/p>\n","protected":false},"excerpt":{"rendered":"<p>Unos 6 millones de personas -mayores de 60 a\u00f1os, mayores de 18 con factores de riesgo, personal de salud, polic\u00edas y docentes- ser\u00e1n vacunados contra el coronavirus en una primera etapa en la provincia de Buenos Aires, operativo que emplear\u00e1 unos 5.400 vacunadores y contar\u00e1 con la producci\u00f3n de alcohol en gran escala, se inform\u00f3 [&hellip;]<\/p>\n","protected":false},"author":3,"featured_media":48771,"comment_status":"closed","ping_status":"open","sticky":false,"template":"","format":"standard","meta":{"footnotes":""},"categories":[30],"tags":[],"class_list":["post-48770","post","type-post","status-publish","format-standard","has-post-thumbnail","hentry","category-salud"],"yoast_head":"<!-- This site is optimized with the Yoast SEO plugin v25.9 - https:\/\/yoast.com\/wordpress\/plugins\/seo\/ -->\n<title>La provincia de Buenos Aires prepara un mega operativo para vacunar contra el coronavirus - Noticias Radio Reflejos<\/title>\n<meta name=\"robots\" content=\"index, follow, max-snippet:-1, max-image-preview:large, max-video-preview:-1\" \/>\n<link rel=\"canonical\" href=\"https:\/\/www.noticiasradioreflejos.com.ar\/2021\/la-provincia-de-buenos-aires-prepara-un-mega-operativo-para-vacunar-contra-el-coronavirus\/\" \/>\n<meta property=\"og:locale\" content=\"es_ES\" \/>\n<meta property=\"og:type\" content=\"article\" \/>\n<meta property=\"og:title\" content=\"La provincia de Buenos Aires prepara un mega operativo para vacunar contra el coronavirus - Noticias Radio Reflejos\" \/>\n<meta property=\"og:description\" content=\"Unos 6 millones de personas -mayores de 60 a\u00f1os, mayores de 18 con factores de riesgo, personal de salud, polic\u00edas y docentes- ser\u00e1n vacunados contra el coronavirus en una primera etapa en la provincia de Buenos Aires, operativo que emplear\u00e1 unos 5.400 vacunadores y contar\u00e1 con la producci\u00f3n de alcohol en gran escala, se inform\u00f3 [&hellip;]\" \/>\n<meta property=\"og:url\" content=\"https:\/\/www.noticiasradioreflejos.com.ar\/2021\/la-provincia-de-buenos-aires-prepara-un-mega-operativo-para-vacunar-contra-el-coronavirus\/\" \/>\n<meta property=\"og:site_name\" content=\"Noticias Radio Reflejos\" \/>\n<meta property=\"article:published_time\" content=\"2020-11-01T22:32:52+00:00\" \/>\n<meta property=\"og:image\" content=\"https:\/\/www.noticiasradioreflejos.com.ar\/2021\/wp-content\/uploads\/2021\/07\/logosol300x200.png\" \/>\n\t<meta property=\"og:image:width\" content=\"300\" \/>\n\t<meta property=\"og:image:height\" content=\"200\" \/>\n\t<meta property=\"og:image:type\" content=\"image\/png\" \/>\n<meta name=\"author\" content=\"Arnaldo Botto\" \/>\n<meta name=\"twitter:card\" content=\"summary_large_image\" \/>\n<script type=\"application\/ld+json\" class=\"yoast-schema-graph\">{\"@context\":\"https:\/\/schema.org\",\"@graph\":[{\"@type\":\"WebPage\",\"@id\":\"https:\/\/www.noticiasradioreflejos.com.ar\/2021\/la-provincia-de-buenos-aires-prepara-un-mega-operativo-para-vacunar-contra-el-coronavirus\/\",\"url\":\"https:\/\/www.noticiasradioreflejos.com.ar\/2021\/la-provincia-de-buenos-aires-prepara-un-mega-operativo-para-vacunar-contra-el-coronavirus\/\",\"name\":\"La provincia de Buenos Aires prepara un mega operativo para vacunar contra el coronavirus - Noticias Radio Reflejos\",\"isPartOf\":{\"@id\":\"https:\/\/www.noticiasradioreflejos.com.ar\/2021\/#website\"},\"primaryImageOfPage\":{\"@id\":\"https:\/\/www.noticiasradioreflejos.com.ar\/2021\/la-provincia-de-buenos-aires-prepara-un-mega-operativo-para-vacunar-contra-el-coronavirus\/#primaryimage\"},\"image\":{\"@id\":\"https:\/\/www.noticiasradioreflejos.com.ar\/2021\/la-provincia-de-buenos-aires-prepara-un-mega-operativo-para-vacunar-contra-el-coronavirus\/#primaryimage\"},\"thumbnailUrl\":\"\",\"datePublished\":\"2020-11-01T22:32:52+00:00\",\"author\":{\"@id\":\"https:\/\/www.noticiasradioreflejos.com.ar\/2021\/#\/schema\/person\/ad82545263dcc5ec0996818884fd5fb1\"},\"breadcrumb\":{\"@id\":\"https:\/\/www.noticiasradioreflejos.com.ar\/2021\/la-provincia-de-buenos-aires-prepara-un-mega-operativo-para-vacunar-contra-el-coronavirus\/#breadcrumb\"},\"inLanguage\":\"es\",\"potentialAction\":[{\"@type\":\"ReadAction\",\"target\":[\"https:\/\/www.noticiasradioreflejos.com.ar\/2021\/la-provincia-de-buenos-aires-prepara-un-mega-operativo-para-vacunar-contra-el-coronavirus\/\"]}]},{\"@type\":\"ImageObject\",\"inLanguage\":\"es\",\"@id\":\"https:\/\/www.noticiasradioreflejos.com.ar\/2021\/la-provincia-de-buenos-aires-prepara-un-mega-operativo-para-vacunar-contra-el-coronavirus\/#primaryimage\",\"url\":\"\",\"contentUrl\":\"\"},{\"@type\":\"BreadcrumbList\",\"@id\":\"https:\/\/www.noticiasradioreflejos.com.ar\/2021\/la-provincia-de-buenos-aires-prepara-un-mega-operativo-para-vacunar-contra-el-coronavirus\/#breadcrumb\",\"itemListElement\":[{\"@type\":\"ListItem\",\"position\":1,\"name\":\"Portada\",\"item\":\"https:\/\/www.noticiasradioreflejos.com.ar\/2021\/\"},{\"@type\":\"ListItem\",\"position\":2,\"name\":\"La provincia de Buenos Aires prepara un mega operativo para vacunar contra el coronavirus\"}]},{\"@type\":\"WebSite\",\"@id\":\"https:\/\/www.noticiasradioreflejos.com.ar\/2021\/#website\",\"url\":\"https:\/\/www.noticiasradioreflejos.com.ar\/2021\/\",\"name\":\"Noticias Radio Reflejos\",\"description\":\"Las noticias de mi comarca\",\"potentialAction\":[{\"@type\":\"SearchAction\",\"target\":{\"@type\":\"EntryPoint\",\"urlTemplate\":\"https:\/\/www.noticiasradioreflejos.com.ar\/2021\/?s={search_term_string}\"},\"query-input\":{\"@type\":\"PropertyValueSpecification\",\"valueRequired\":true,\"valueName\":\"search_term_string\"}}],\"inLanguage\":\"es\"},{\"@type\":\"Person\",\"@id\":\"https:\/\/www.noticiasradioreflejos.com.ar\/2021\/#\/schema\/person\/ad82545263dcc5ec0996818884fd5fb1\",\"name\":\"Arnaldo Botto\",\"image\":{\"@type\":\"ImageObject\",\"inLanguage\":\"es\",\"@id\":\"https:\/\/www.noticiasradioreflejos.com.ar\/2021\/#\/schema\/person\/image\/\",\"url\":\"https:\/\/secure.gravatar.com\/avatar\/55cb5e37c1efa326397366e6974cb338056df65cb50e7d64d1cf314e87504837?s=96&d=mm&r=g\",\"contentUrl\":\"https:\/\/secure.gravatar.com\/avatar\/55cb5e37c1efa326397366e6974cb338056df65cb50e7d64d1cf314e87504837?s=96&d=mm&r=g\",\"caption\":\"Arnaldo Botto\"},\"url\":\"https:\/\/www.noticiasradioreflejos.com.ar\/2021\/author\/arnaldo\/\"}]}<\/script>\n<!-- \/ Yoast SEO plugin. -->","yoast_head_json":{"title":"La provincia de Buenos Aires prepara un mega operativo para vacunar contra el coronavirus - Noticias Radio Reflejos","robots":{"index":"index","follow":"follow","max-snippet":"max-snippet:-1","max-image-preview":"max-image-preview:large","max-video-preview":"max-video-preview:-1"},"canonical":"https:\/\/www.noticiasradioreflejos.com.ar\/2021\/la-provincia-de-buenos-aires-prepara-un-mega-operativo-para-vacunar-contra-el-coronavirus\/","og_locale":"es_ES","og_type":"article","og_title":"La provincia de Buenos Aires prepara un mega operativo para vacunar contra el coronavirus - Noticias Radio Reflejos","og_description":"Unos 6 millones de personas -mayores de 60 a\u00f1os, mayores de 18 con factores de riesgo, personal de salud, polic\u00edas y docentes- ser\u00e1n vacunados contra el coronavirus en una primera etapa en la provincia de Buenos Aires, operativo que emplear\u00e1 unos 5.400 vacunadores y contar\u00e1 con la producci\u00f3n de alcohol en gran escala, se inform\u00f3 [&hellip;]","og_url":"https:\/\/www.noticiasradioreflejos.com.ar\/2021\/la-provincia-de-buenos-aires-prepara-un-mega-operativo-para-vacunar-contra-el-coronavirus\/","og_site_name":"Noticias Radio Reflejos","article_published_time":"2020-11-01T22:32:52+00:00","og_image":[{"width":300,"height":200,"url":"https:\/\/www.noticiasradioreflejos.com.ar\/2021\/wp-content\/uploads\/2021\/07\/logosol300x200.png","type":"image\/png"}],"author":"Arnaldo Botto","twitter_card":"summary_large_image","schema":{"@context":"https:\/\/schema.org","@graph":[{"@type":"WebPage","@id":"https:\/\/www.noticiasradioreflejos.com.ar\/2021\/la-provincia-de-buenos-aires-prepara-un-mega-operativo-para-vacunar-contra-el-coronavirus\/","url":"https:\/\/www.noticiasradioreflejos.com.ar\/2021\/la-provincia-de-buenos-aires-prepara-un-mega-operativo-para-vacunar-contra-el-coronavirus\/","name":"La provincia de Buenos Aires prepara un mega operativo para vacunar contra el coronavirus - Noticias Radio Reflejos","isPartOf":{"@id":"https:\/\/www.noticiasradioreflejos.com.ar\/2021\/#website"},"primaryImageOfPage":{"@id":"https:\/\/www.noticiasradioreflejos.com.ar\/2021\/la-provincia-de-buenos-aires-prepara-un-mega-operativo-para-vacunar-contra-el-coronavirus\/#primaryimage"},"image":{"@id":"https:\/\/www.noticiasradioreflejos.com.ar\/2021\/la-provincia-de-buenos-aires-prepara-un-mega-operativo-para-vacunar-contra-el-coronavirus\/#primaryimage"},"thumbnailUrl":"","datePublished":"2020-11-01T22:32:52+00:00","author":{"@id":"https:\/\/www.noticiasradioreflejos.com.ar\/2021\/#\/schema\/person\/ad82545263dcc5ec0996818884fd5fb1"},"breadcrumb":{"@id":"https:\/\/www.noticiasradioreflejos.com.ar\/2021\/la-provincia-de-buenos-aires-prepara-un-mega-operativo-para-vacunar-contra-el-coronavirus\/#breadcrumb"},"inLanguage":"es","potentialAction":[{"@type":"ReadAction","target":["https:\/\/www.noticiasradioreflejos.com.ar\/2021\/la-provincia-de-buenos-aires-prepara-un-mega-operativo-para-vacunar-contra-el-coronavirus\/"]}]},{"@type":"ImageObject","inLanguage":"es","@id":"https:\/\/www.noticiasradioreflejos.com.ar\/2021\/la-provincia-de-buenos-aires-prepara-un-mega-operativo-para-vacunar-contra-el-coronavirus\/#primaryimage","url":"","contentUrl":""},{"@type":"BreadcrumbList","@id":"https:\/\/www.noticiasradioreflejos.com.ar\/2021\/la-provincia-de-buenos-aires-prepara-un-mega-operativo-para-vacunar-contra-el-coronavirus\/#breadcrumb","itemListElement":[{"@type":"ListItem","position":1,"name":"Portada","item":"https:\/\/www.noticiasradioreflejos.com.ar\/2021\/"},{"@type":"ListItem","position":2,"name":"La provincia de Buenos Aires prepara un mega operativo para vacunar contra el coronavirus"}]},{"@type":"WebSite","@id":"https:\/\/www.noticiasradioreflejos.com.ar\/2021\/#website","url":"https:\/\/www.noticiasradioreflejos.com.ar\/2021\/","name":"Noticias Radio Reflejos","description":"Las noticias de mi comarca","potentialAction":[{"@type":"SearchAction","target":{"@type":"EntryPoint","urlTemplate":"https:\/\/www.noticiasradioreflejos.com.ar\/2021\/?s={search_term_string}"},"query-input":{"@type":"PropertyValueSpecification","valueRequired":true,"valueName":"search_term_string"}}],"inLanguage":"es"},{"@type":"Person","@id":"https:\/\/www.noticiasradioreflejos.com.ar\/2021\/#\/schema\/person\/ad82545263dcc5ec0996818884fd5fb1","name":"Arnaldo Botto","image":{"@type":"ImageObject","inLanguage":"es","@id":"https:\/\/www.noticiasradioreflejos.com.ar\/2021\/#\/schema\/person\/image\/","url":"https:\/\/secure.gravatar.com\/avatar\/55cb5e37c1efa326397366e6974cb338056df65cb50e7d64d1cf314e87504837?s=96&d=mm&r=g","contentUrl":"https:\/\/secure.gravatar.com\/avatar\/55cb5e37c1efa326397366e6974cb338056df65cb50e7d64d1cf314e87504837?s=96&d=mm&r=g","caption":"Arnaldo Botto"},"url":"https:\/\/www.noticiasradioreflejos.com.ar\/2021\/author\/arnaldo\/"}]}},"_links":{"self":[{"href":"https:\/\/www.noticiasradioreflejos.com.ar\/2021\/wp-json\/wp\/v2\/posts\/48770","targetHints":{"allow":["GET"]}}],"collection":[{"href":"https:\/\/www.noticiasradioreflejos.com.ar\/2021\/wp-json\/wp\/v2\/posts"}],"about":[{"href":"https:\/\/www.noticiasradioreflejos.com.ar\/2021\/wp-json\/wp\/v2\/types\/post"}],"author":[{"embeddable":true,"href":"https:\/\/www.noticiasradioreflejos.com.ar\/2021\/wp-json\/wp\/v2\/users\/3"}],"replies":[{"embeddable":true,"href":"https:\/\/www.noticiasradioreflejos.com.ar\/2021\/wp-json\/wp\/v2\/comments?post=48770"}],"version-history":[{"count":0,"href":"https:\/\/www.noticiasradioreflejos.com.ar\/2021\/wp-json\/wp\/v2\/posts\/48770\/revisions"}],"wp:featuredmedia":[{"embeddable":true,"href":"https:\/\/www.noticiasradioreflejos.com.ar\/2021\/wp-json\/"}],"wp:attachment":[{"href":"https:\/\/www.noticiasradioreflejos.com.ar\/2021\/wp-json\/wp\/v2\/media?parent=48770"}],"wp:term":[{"taxonomy":"category","embeddable":true,"href":"https:\/\/www.noticiasradioreflejos.com.ar\/2021\/wp-json\/wp\/v2\/categories?post=48770"},{"taxonomy":"post_tag","embeddable":true,"href":"https:\/\/www.noticiasradioreflejos.com.ar\/2021\/wp-json\/wp\/v2\/tags?post=48770"}],"curies":[{"name":"wp","href":"https:\/\/api.w.org\/{rel}","templated":true}]}}