{"id":48758,"date":"2020-11-01T15:06:24","date_gmt":"2020-11-01T18:06:24","guid":{"rendered":"http:\/\/www.noticiasradioreflejos.com.ar\/noticias\/?p=48758"},"modified":"2020-11-01T15:06:24","modified_gmt":"2020-11-01T18:06:24","slug":"dos-aprehendidos-por-robo-de-vehiculo-en-sierra-de-la-ventana","status":"publish","type":"post","link":"https:\/\/www.noticiasradioreflejos.com.ar\/2021\/dos-aprehendidos-por-robo-de-vehiculo-en-sierra-de-la-ventana\/","title":{"rendered":"Dos aprehendidos por robo de veh\u00edculo en Sierra de la Ventana."},"content":{"rendered":"<p><a title=\"2020-11-01_02-55-16\" href=\"http:\/\/live.staticflickr.com\/65535\/50555744606_b4783fd11e_s.jpg\" rel=\"\"><img loading=\"lazy\" decoding=\"async\" class=\"alignleft\" style=\"float: left;\" title=\"2020-11-01_02-55-16\" src=\"http:\/\/live.staticflickr.com\/65535\/50555744606_b4783fd11e.jpg\" alt=\"2020-11-01_02-55-16\" width=\"375\" height=\"500\" \/><\/a>El hecho ocurri\u00f3 durante la madrugada de este domingo primero de noviembre , 2 hombres que hac\u00edan dedo desde Saldungaray a Sierra de la Ventana le robaron\u00a0 el autom\u00f3vil a qui\u00e9n se ofreci\u00f3 a llevarlos bajo amenaza de muerte.<!--more--><\/p>\n<p><strong>Parte de Prensa<\/strong><br \/>\nEl primero de noviembre del corriente, siendo las 04:00 horas, se apersona en la Guardia de la Subestaci\u00f3n de Polic\u00eda Comunal de Sierra de la Ventana el ciudadano *DANIEL EMILIO GRAFF*, refiriendo que momentos antes 2N.N. masculinos que se hallaban haciendo dedo en el acceso de saldungaray hacia esta localidad, fueron asistidos por \u00e9l mismo, en el transcurso del viaje hasta sierra ambos masculinos comenzaron a amenazar de muerte al conductor, quien se baja del rodado al llegar a este medio, y solicita auxilio en la seccional policial. Inmediatamente se dispone un operativo cerrojo y mediante un r\u00e1pido accionar policial se logra interceptar el veh\u00edculo *FIAT DUNA DOMINIO SSR506* en calle Roca entre Av. San Mart\u00edn y Alberdi de sierra de la ventana, procedi\u00e9ndose de esta manera a la aprehensi\u00f3n de los ciudadanos *BRUNO NAHUEL ROJAS ( 24 a\u00f1os) y de JULIAN ANDRES ROJAS ( 22 a\u00f1os)* por delito de *ROBO AUTOMOTOR EN GRADO DE TENTATIVA* quedando ambos a disposici\u00f3n de la UFIJ Nro. 15 del Dpto. Judicial de Bah\u00eda Blanca. *Secretaria seguridad tornquist *<\/p>\n<p>&nbsp;<\/p>\n<p><a title=\"2020-11-01_02-55-24\" href=\"http:\/\/live.staticflickr.com\/65535\/50555013293_2c6b1a0ffb_s.jpg\" rel=\"\"><img loading=\"lazy\" decoding=\"async\" class=\"aligncenter\" title=\"2020-11-01_02-55-24\" src=\"http:\/\/live.staticflickr.com\/65535\/50555013293_2c6b1a0ffb_c.jpg\" alt=\"2020-11-01_02-55-24\" width=\"600\" height=\"800\" \/><\/a><a title=\"2020-11-01_02-55-35\" href=\"http:\/\/live.staticflickr.com\/65535\/50555879492_75d430ebf2_s.jpg\" rel=\"\"><img loading=\"lazy\" decoding=\"async\" class=\"aligncenter\" title=\"2020-11-01_02-55-35\" src=\"http:\/\/live.staticflickr.com\/65535\/50555879492_75d430ebf2_c.jpg\" alt=\"2020-11-01_02-55-35\" width=\"800\" height=\"600\" \/><\/a><\/p>\n<p>&nbsp;<\/p>\n","protected":false},"excerpt":{"rendered":"<p>El hecho ocurri\u00f3 durante la madrugada de este domingo primero de noviembre , 2 hombres que hac\u00edan dedo desde Saldungaray a Sierra de la Ventana le robaron\u00a0 el autom\u00f3vil a qui\u00e9n se ofreci\u00f3 a llevarlos bajo amenaza de muerte.<\/p>\n","protected":false},"author":3,"featured_media":0,"comment_status":"closed","ping_status":"open","sticky":false,"template":"","format":"standard","meta":{"footnotes":""},"categories":[29],"tags":[],"class_list":["post-48758","post","type-post","status-publish","format-standard","hentry","category-policiales"],"yoast_head":"<!-- This site is optimized with the Yoast SEO plugin v25.9 - https:\/\/yoast.com\/wordpress\/plugins\/seo\/ -->\n<title>Dos aprehendidos por robo de veh\u00edculo en Sierra de la Ventana. - Noticias Radio Reflejos<\/title>\n<meta name=\"robots\" content=\"index, follow, max-snippet:-1, max-image-preview:large, max-video-preview:-1\" \/>\n<link rel=\"canonical\" href=\"https:\/\/www.noticiasradioreflejos.com.ar\/2021\/dos-aprehendidos-por-robo-de-vehiculo-en-sierra-de-la-ventana\/\" \/>\n<meta property=\"og:locale\" content=\"es_ES\" \/>\n<meta property=\"og:type\" content=\"article\" \/>\n<meta property=\"og:title\" content=\"Dos aprehendidos por robo de veh\u00edculo en Sierra de la Ventana. - Noticias Radio Reflejos\" \/>\n<meta property=\"og:description\" content=\"El hecho ocurri\u00f3 durante la madrugada de este domingo primero de noviembre , 2 hombres que hac\u00edan dedo desde Saldungaray a Sierra de la Ventana le robaron\u00a0 el autom\u00f3vil a qui\u00e9n se ofreci\u00f3 a llevarlos bajo amenaza de muerte.\" \/>\n<meta property=\"og:url\" content=\"https:\/\/www.noticiasradioreflejos.com.ar\/2021\/dos-aprehendidos-por-robo-de-vehiculo-en-sierra-de-la-ventana\/\" \/>\n<meta property=\"og:site_name\" content=\"Noticias Radio Reflejos\" \/>\n<meta property=\"article:published_time\" content=\"2020-11-01T18:06:24+00:00\" \/>\n<meta property=\"og:image\" content=\"http:\/\/live.staticflickr.com\/65535\/50555744606_b4783fd11e.jpg\" \/>\n<meta name=\"author\" content=\"Arnaldo Botto\" \/>\n<meta name=\"twitter:card\" content=\"summary_large_image\" \/>\n<script type=\"application\/ld+json\" class=\"yoast-schema-graph\">{\"@context\":\"https:\/\/schema.org\",\"@graph\":[{\"@type\":\"WebPage\",\"@id\":\"https:\/\/www.noticiasradioreflejos.com.ar\/2021\/dos-aprehendidos-por-robo-de-vehiculo-en-sierra-de-la-ventana\/\",\"url\":\"https:\/\/www.noticiasradioreflejos.com.ar\/2021\/dos-aprehendidos-por-robo-de-vehiculo-en-sierra-de-la-ventana\/\",\"name\":\"Dos aprehendidos por robo de veh\u00edculo en Sierra de la Ventana. - Noticias Radio Reflejos\",\"isPartOf\":{\"@id\":\"https:\/\/www.noticiasradioreflejos.com.ar\/2021\/#website\"},\"primaryImageOfPage\":{\"@id\":\"https:\/\/www.noticiasradioreflejos.com.ar\/2021\/dos-aprehendidos-por-robo-de-vehiculo-en-sierra-de-la-ventana\/#primaryimage\"},\"image\":{\"@id\":\"https:\/\/www.noticiasradioreflejos.com.ar\/2021\/dos-aprehendidos-por-robo-de-vehiculo-en-sierra-de-la-ventana\/#primaryimage\"},\"thumbnailUrl\":\"http:\/\/live.staticflickr.com\/65535\/50555744606_b4783fd11e.jpg\",\"datePublished\":\"2020-11-01T18:06:24+00:00\",\"author\":{\"@id\":\"https:\/\/www.noticiasradioreflejos.com.ar\/2021\/#\/schema\/person\/ad82545263dcc5ec0996818884fd5fb1\"},\"breadcrumb\":{\"@id\":\"https:\/\/www.noticiasradioreflejos.com.ar\/2021\/dos-aprehendidos-por-robo-de-vehiculo-en-sierra-de-la-ventana\/#breadcrumb\"},\"inLanguage\":\"es\",\"potentialAction\":[{\"@type\":\"ReadAction\",\"target\":[\"https:\/\/www.noticiasradioreflejos.com.ar\/2021\/dos-aprehendidos-por-robo-de-vehiculo-en-sierra-de-la-ventana\/\"]}]},{\"@type\":\"ImageObject\",\"inLanguage\":\"es\",\"@id\":\"https:\/\/www.noticiasradioreflejos.com.ar\/2021\/dos-aprehendidos-por-robo-de-vehiculo-en-sierra-de-la-ventana\/#primaryimage\",\"url\":\"http:\/\/live.staticflickr.com\/65535\/50555744606_b4783fd11e.jpg\",\"contentUrl\":\"http:\/\/live.staticflickr.com\/65535\/50555744606_b4783fd11e.jpg\"},{\"@type\":\"BreadcrumbList\",\"@id\":\"https:\/\/www.noticiasradioreflejos.com.ar\/2021\/dos-aprehendidos-por-robo-de-vehiculo-en-sierra-de-la-ventana\/#breadcrumb\",\"itemListElement\":[{\"@type\":\"ListItem\",\"position\":1,\"name\":\"Portada\",\"item\":\"https:\/\/www.noticiasradioreflejos.com.ar\/2021\/\"},{\"@type\":\"ListItem\",\"position\":2,\"name\":\"Dos aprehendidos por robo de veh\u00edculo en Sierra de la Ventana.\"}]},{\"@type\":\"WebSite\",\"@id\":\"https:\/\/www.noticiasradioreflejos.com.ar\/2021\/#website\",\"url\":\"https:\/\/www.noticiasradioreflejos.com.ar\/2021\/\",\"name\":\"Noticias Radio Reflejos\",\"description\":\"Las noticias de mi comarca\",\"potentialAction\":[{\"@type\":\"SearchAction\",\"target\":{\"@type\":\"EntryPoint\",\"urlTemplate\":\"https:\/\/www.noticiasradioreflejos.com.ar\/2021\/?s={search_term_string}\"},\"query-input\":{\"@type\":\"PropertyValueSpecification\",\"valueRequired\":true,\"valueName\":\"search_term_string\"}}],\"inLanguage\":\"es\"},{\"@type\":\"Person\",\"@id\":\"https:\/\/www.noticiasradioreflejos.com.ar\/2021\/#\/schema\/person\/ad82545263dcc5ec0996818884fd5fb1\",\"name\":\"Arnaldo Botto\",\"image\":{\"@type\":\"ImageObject\",\"inLanguage\":\"es\",\"@id\":\"https:\/\/www.noticiasradioreflejos.com.ar\/2021\/#\/schema\/person\/image\/\",\"url\":\"https:\/\/secure.gravatar.com\/avatar\/55cb5e37c1efa326397366e6974cb338056df65cb50e7d64d1cf314e87504837?s=96&d=mm&r=g\",\"contentUrl\":\"https:\/\/secure.gravatar.com\/avatar\/55cb5e37c1efa326397366e6974cb338056df65cb50e7d64d1cf314e87504837?s=96&d=mm&r=g\",\"caption\":\"Arnaldo Botto\"},\"url\":\"https:\/\/www.noticiasradioreflejos.com.ar\/2021\/author\/arnaldo\/\"}]}<\/script>\n<!-- \/ Yoast SEO plugin. -->","yoast_head_json":{"title":"Dos aprehendidos por robo de veh\u00edculo en Sierra de la Ventana. - Noticias Radio Reflejos","robots":{"index":"index","follow":"follow","max-snippet":"max-snippet:-1","max-image-preview":"max-image-preview:large","max-video-preview":"max-video-preview:-1"},"canonical":"https:\/\/www.noticiasradioreflejos.com.ar\/2021\/dos-aprehendidos-por-robo-de-vehiculo-en-sierra-de-la-ventana\/","og_locale":"es_ES","og_type":"article","og_title":"Dos aprehendidos por robo de veh\u00edculo en Sierra de la Ventana. - Noticias Radio Reflejos","og_description":"El hecho ocurri\u00f3 durante la madrugada de este domingo primero de noviembre , 2 hombres que hac\u00edan dedo desde Saldungaray a Sierra de la Ventana le robaron\u00a0 el autom\u00f3vil a qui\u00e9n se ofreci\u00f3 a llevarlos bajo amenaza de muerte.","og_url":"https:\/\/www.noticiasradioreflejos.com.ar\/2021\/dos-aprehendidos-por-robo-de-vehiculo-en-sierra-de-la-ventana\/","og_site_name":"Noticias Radio Reflejos","article_published_time":"2020-11-01T18:06:24+00:00","og_image":[{"url":"http:\/\/live.staticflickr.com\/65535\/50555744606_b4783fd11e.jpg","type":"","width":"","height":""}],"author":"Arnaldo Botto","twitter_card":"summary_large_image","schema":{"@context":"https:\/\/schema.org","@graph":[{"@type":"WebPage","@id":"https:\/\/www.noticiasradioreflejos.com.ar\/2021\/dos-aprehendidos-por-robo-de-vehiculo-en-sierra-de-la-ventana\/","url":"https:\/\/www.noticiasradioreflejos.com.ar\/2021\/dos-aprehendidos-por-robo-de-vehiculo-en-sierra-de-la-ventana\/","name":"Dos aprehendidos por robo de veh\u00edculo en Sierra de la Ventana. - Noticias Radio Reflejos","isPartOf":{"@id":"https:\/\/www.noticiasradioreflejos.com.ar\/2021\/#website"},"primaryImageOfPage":{"@id":"https:\/\/www.noticiasradioreflejos.com.ar\/2021\/dos-aprehendidos-por-robo-de-vehiculo-en-sierra-de-la-ventana\/#primaryimage"},"image":{"@id":"https:\/\/www.noticiasradioreflejos.com.ar\/2021\/dos-aprehendidos-por-robo-de-vehiculo-en-sierra-de-la-ventana\/#primaryimage"},"thumbnailUrl":"http:\/\/live.staticflickr.com\/65535\/50555744606_b4783fd11e.jpg","datePublished":"2020-11-01T18:06:24+00:00","author":{"@id":"https:\/\/www.noticiasradioreflejos.com.ar\/2021\/#\/schema\/person\/ad82545263dcc5ec0996818884fd5fb1"},"breadcrumb":{"@id":"https:\/\/www.noticiasradioreflejos.com.ar\/2021\/dos-aprehendidos-por-robo-de-vehiculo-en-sierra-de-la-ventana\/#breadcrumb"},"inLanguage":"es","potentialAction":[{"@type":"ReadAction","target":["https:\/\/www.noticiasradioreflejos.com.ar\/2021\/dos-aprehendidos-por-robo-de-vehiculo-en-sierra-de-la-ventana\/"]}]},{"@type":"ImageObject","inLanguage":"es","@id":"https:\/\/www.noticiasradioreflejos.com.ar\/2021\/dos-aprehendidos-por-robo-de-vehiculo-en-sierra-de-la-ventana\/#primaryimage","url":"http:\/\/live.staticflickr.com\/65535\/50555744606_b4783fd11e.jpg","contentUrl":"http:\/\/live.staticflickr.com\/65535\/50555744606_b4783fd11e.jpg"},{"@type":"BreadcrumbList","@id":"https:\/\/www.noticiasradioreflejos.com.ar\/2021\/dos-aprehendidos-por-robo-de-vehiculo-en-sierra-de-la-ventana\/#breadcrumb","itemListElement":[{"@type":"ListItem","position":1,"name":"Portada","item":"https:\/\/www.noticiasradioreflejos.com.ar\/2021\/"},{"@type":"ListItem","position":2,"name":"Dos aprehendidos por robo de veh\u00edculo en Sierra de la Ventana."}]},{"@type":"WebSite","@id":"https:\/\/www.noticiasradioreflejos.com.ar\/2021\/#website","url":"https:\/\/www.noticiasradioreflejos.com.ar\/2021\/","name":"Noticias Radio Reflejos","description":"Las noticias de mi comarca","potentialAction":[{"@type":"SearchAction","target":{"@type":"EntryPoint","urlTemplate":"https:\/\/www.noticiasradioreflejos.com.ar\/2021\/?s={search_term_string}"},"query-input":{"@type":"PropertyValueSpecification","valueRequired":true,"valueName":"search_term_string"}}],"inLanguage":"es"},{"@type":"Person","@id":"https:\/\/www.noticiasradioreflejos.com.ar\/2021\/#\/schema\/person\/ad82545263dcc5ec0996818884fd5fb1","name":"Arnaldo Botto","image":{"@type":"ImageObject","inLanguage":"es","@id":"https:\/\/www.noticiasradioreflejos.com.ar\/2021\/#\/schema\/person\/image\/","url":"https:\/\/secure.gravatar.com\/avatar\/55cb5e37c1efa326397366e6974cb338056df65cb50e7d64d1cf314e87504837?s=96&d=mm&r=g","contentUrl":"https:\/\/secure.gravatar.com\/avatar\/55cb5e37c1efa326397366e6974cb338056df65cb50e7d64d1cf314e87504837?s=96&d=mm&r=g","caption":"Arnaldo Botto"},"url":"https:\/\/www.noticiasradioreflejos.com.ar\/2021\/author\/arnaldo\/"}]}},"_links":{"self":[{"href":"https:\/\/www.noticiasradioreflejos.com.ar\/2021\/wp-json\/wp\/v2\/posts\/48758","targetHints":{"allow":["GET"]}}],"collection":[{"href":"https:\/\/www.noticiasradioreflejos.com.ar\/2021\/wp-json\/wp\/v2\/posts"}],"about":[{"href":"https:\/\/www.noticiasradioreflejos.com.ar\/2021\/wp-json\/wp\/v2\/types\/post"}],"author":[{"embeddable":true,"href":"https:\/\/www.noticiasradioreflejos.com.ar\/2021\/wp-json\/wp\/v2\/users\/3"}],"replies":[{"embeddable":true,"href":"https:\/\/www.noticiasradioreflejos.com.ar\/2021\/wp-json\/wp\/v2\/comments?post=48758"}],"version-history":[{"count":0,"href":"https:\/\/www.noticiasradioreflejos.com.ar\/2021\/wp-json\/wp\/v2\/posts\/48758\/revisions"}],"wp:attachment":[{"href":"https:\/\/www.noticiasradioreflejos.com.ar\/2021\/wp-json\/wp\/v2\/media?parent=48758"}],"wp:term":[{"taxonomy":"category","embeddable":true,"href":"https:\/\/www.noticiasradioreflejos.com.ar\/2021\/wp-json\/wp\/v2\/categories?post=48758"},{"taxonomy":"post_tag","embeddable":true,"href":"https:\/\/www.noticiasradioreflejos.com.ar\/2021\/wp-json\/wp\/v2\/tags?post=48758"}],"curies":[{"name":"wp","href":"https:\/\/api.w.org\/{rel}","templated":true}]}}