{"id":48734,"date":"2020-10-30T16:30:58","date_gmt":"2020-10-30T19:30:58","guid":{"rendered":"http:\/\/www.noticiasradioreflejos.com.ar\/noticias\/?p=48734"},"modified":"2020-10-30T16:30:58","modified_gmt":"2020-10-30T19:30:58","slug":"cuando-alfonsin-vino-al-senado-a-presentar-su-renuncia-eramos-4-personas-recibiendolo-compartiendo-una-charla-informal-en-un-contexto-institucional-grave-jose-alberto-auzmendi","status":"publish","type":"post","link":"https:\/\/www.noticiasradioreflejos.com.ar\/2021\/cuando-alfonsin-vino-al-senado-a-presentar-su-renuncia-eramos-4-personas-recibiendolo-compartiendo-una-charla-informal-en-un-contexto-institucional-grave-jose-alberto-auzmendi\/","title":{"rendered":"\u00abCuando Alfons\u00edn vino al Senado a presentar su renuncia, \u00e9ramos 4 personas recibi\u00e9ndolo, compartiendo una charla informal en un contexto institucional grave\u00bb &#8211; Jos\u00e9 Alberto Auzmendi."},"content":{"rendered":"<p>En un nuevo aniversario del retorno de la Democracia en la Argentina, durante nuestro programa\u00a0<strong>\u00abTiempo Educativo\u00bb<\/strong>, conversamos con <strong>Jos\u00e9 Alberto Auzmendi<\/strong>, docente de Historia y ex Director de mesa de entradas del Senado de la Naci\u00f3n. Beto nos desarrolla sus experiencias de encuentros con el ex Presidente de la Naci\u00f3n, Ra\u00fal Ricardo Alfons\u00edn, a quien homenajemos en nuestra radio.<!--more--><\/p>\n<p>Al comenzar la nota, Beto se present\u00f3 ante la audiencia: \u00abNac\u00ed en Banfield y en un determinado momento comenc\u00e9 a compartir Banfield con Sierra de la Ventana. Despu\u00e9s como docente egres\u00e9 del profesorado en el 1984. Dentro de la carrera de historia complet\u00e9 la licenciatura con orientaci\u00f3n en pol\u00edtica exterior y despu\u00e9s hice una maestr\u00eda en defensa nacional. A lo largo de este tiempo tambi\u00e9n me fui especializando en la tem\u00e1tica. Empe\u00f1\u00e9 tareas en el Senado Nacional por m\u00e1s de 40 a\u00f1os y me jubil\u00e9 en el a\u00f1o 2018\u00bb.<\/p>\n<p>Con respecto a la presidencia de Ra\u00fal Ricardo Alfonsin, que signific\u00f3 el regreso a la Democracia luego del golpe de Estado de 1976, Beto comparte algunos datos significativos de su rol en el Senado en ese entonces: \u00abCon la consigna reviv\u00ed un mont\u00f3n de emociones de car\u00e1cter personal. En el marco de un proceso de restauraci\u00f3n de la democracia, hay cosas muy emotivas compartiendo el Senado con Ra\u00fal Alfonsin\u00bb.<\/p>\n<p><a title=\"2020-10-30_04-52-08\" href=\"http:\/\/live.staticflickr.com\/65535\/50547774223_a7bc6458e8_s.jpg\" rel=\"\"><img loading=\"lazy\" decoding=\"async\" class=\"aligncenter\" title=\"2020-10-30_04-52-08\" src=\"http:\/\/live.staticflickr.com\/65535\/50547774223_a7bc6458e8_c.jpg\" alt=\"2020-10-30_04-52-08\" width=\"800\" height=\"533\" \/><\/a><\/p>\n<p>\u00abTengo una situaci\u00f3n por dem\u00e1s emocionante\u00bb expres\u00f3 Beto al recordar un encuentro con el ex Presidente de la Naci\u00f3n. \u00abCuando Alfons\u00edn vino al Senado a presentar su renuncia, \u00e9ramos 4 personas recibi\u00e9ndolo, compartiendo una charla informal en un contexto institucional grave. Me hizo acordar todo un proceso y lo que es el poder\u00bb. El docente aclara que hab\u00eda conocido a Alfons\u00edn en su comienzo de campa\u00f1a electoral. \u00abQu\u00e9 loco que lo haya conocido en sus comienzos y el v\u00ednculo termine cuando viene a traer la renuncia. Qu\u00e9 mano invisible del destino!\u00bb expres\u00f3.<\/p>\n<p>Beto menciona que el d\u00eda en que Alfons\u00edn fue a presentar la renuncia en el Senado se lo vi\u00f3 desgastado pol\u00edticamente pero tambi\u00e9n demostrando un alivio despu\u00e9s de una gesti\u00f3n bastante conflictiva. \u00abCuando fue Senador pude hablar con \u00e9l y lo ve\u00eda en las sesiones. Lo he visto muy enojado por un escrache en su domicilio, lo manifestaba en las sesiones. Hubo una sesi\u00f3n que fue la gota que revals\u00f3 el vaso porque \u00e9l se puso muy mal con la actual Vice-Presidenta. En esa sesi\u00f3n lo trataron muy mal a Alfons\u00edn\u00bb record\u00f3.<\/p>\n<p>\u00abCreo que la pol\u00edtica es necesaria, es una herramienta para poder cambiar situaciones. Es acci\u00f3n, es conciencia\u00bb comparti\u00f3 Beto su visi\u00f3n acerca de lo que es la pol\u00edtica. Aunque admite que exite el problema en que la pol\u00edtica se desvirt\u00faa. \u00abSe la desprestigia por errores propios de la pol\u00edtica\u00bb aclar\u00f3 y agreg\u00f3 finalmente \u00abAlfons\u00edn era un hombre de partido\u00bb.<\/p>\n<p>Nota completa a continuaci\u00f3n:<br \/>\n<iframe loading=\"lazy\" src=\"https:\/\/w.soundcloud.com\/player\/?url=https%3A\/\/api.soundcloud.com\/tracks\/920257195&amp;color=%23ff5500&amp;auto_play=false&amp;hide_related=false&amp;show_comments=true&amp;show_user=true&amp;show_reposts=false&amp;show_teaser=true&amp;visual=true\" width=\"100%\" height=\"300\" frameborder=\"no\" scrolling=\"no\"><\/iframe><\/p>\n<div style=\"font-size: 10px; color: #cccccc; line-break: anywhere; word-break: normal; overflow: hidden; white-space: nowrap; text-overflow: ellipsis; font-family: Interstate,Lucida Grande,Lucida Sans Unicode,Lucida Sans,Garuda,Verdana,Tahoma,sans-serif; font-weight: 100;\"><a style=\"color: #cccccc; text-decoration: none;\" title=\"fmreflejos 103.7\" href=\"https:\/\/soundcloud.com\/fmreflejos-103-7\" target=\"_blank\" rel=\"noopener\">fmreflejos 103.7<\/a> \u00b7 <a style=\"color: #cccccc; text-decoration: none;\" title=\"Nota Jos\u00e9 Alberto Auzmendi\" href=\"https:\/\/soundcloud.com\/fmreflejos-103-7\/nota-jose-alberto-auzmendi\" target=\"_blank\" rel=\"noopener\">Nota Jos\u00e9 Alberto Auzmendi<\/a><\/div>\n","protected":false},"excerpt":{"rendered":"<p>En un nuevo aniversario del retorno de la Democracia en la Argentina, durante nuestro programa\u00a0\u00abTiempo Educativo\u00bb, conversamos con Jos\u00e9 Alberto Auzmendi, docente de Historia y ex Director de mesa de entradas del Senado de la Naci\u00f3n. Beto nos desarrolla sus experiencias de encuentros con el ex Presidente de la Naci\u00f3n, Ra\u00fal Ricardo Alfons\u00edn, a quien [&hellip;]<\/p>\n","protected":false},"author":3,"featured_media":0,"comment_status":"closed","ping_status":"open","sticky":false,"template":"","format":"standard","meta":{"footnotes":""},"categories":[24],"tags":[],"class_list":["post-48734","post","type-post","status-publish","format-standard","hentry","category-politica"],"yoast_head":"<!-- This site is optimized with the Yoast SEO plugin v25.9 - https:\/\/yoast.com\/wordpress\/plugins\/seo\/ -->\n<title>&quot;Cuando Alfons\u00edn vino al Senado a presentar su renuncia, \u00e9ramos 4 personas recibi\u00e9ndolo, compartiendo una charla informal en un contexto institucional grave&quot; - Jos\u00e9 Alberto Auzmendi. - Noticias Radio Reflejos<\/title>\n<meta name=\"robots\" content=\"index, follow, max-snippet:-1, max-image-preview:large, max-video-preview:-1\" \/>\n<link rel=\"canonical\" href=\"https:\/\/www.noticiasradioreflejos.com.ar\/2021\/cuando-alfonsin-vino-al-senado-a-presentar-su-renuncia-eramos-4-personas-recibiendolo-compartiendo-una-charla-informal-en-un-contexto-institucional-grave-jose-alberto-auzmendi\/\" \/>\n<meta property=\"og:locale\" content=\"es_ES\" \/>\n<meta property=\"og:type\" content=\"article\" \/>\n<meta property=\"og:title\" content=\"&quot;Cuando Alfons\u00edn vino al Senado a presentar su renuncia, \u00e9ramos 4 personas recibi\u00e9ndolo, compartiendo una charla informal en un contexto institucional grave&quot; - Jos\u00e9 Alberto Auzmendi. - Noticias Radio Reflejos\" \/>\n<meta property=\"og:description\" content=\"En un nuevo aniversario del retorno de la Democracia en la Argentina, durante nuestro programa\u00a0\u00abTiempo Educativo\u00bb, conversamos con Jos\u00e9 Alberto Auzmendi, docente de Historia y ex Director de mesa de entradas del Senado de la Naci\u00f3n. Beto nos desarrolla sus experiencias de encuentros con el ex Presidente de la Naci\u00f3n, Ra\u00fal Ricardo Alfons\u00edn, a quien [&hellip;]\" \/>\n<meta property=\"og:url\" content=\"https:\/\/www.noticiasradioreflejos.com.ar\/2021\/cuando-alfonsin-vino-al-senado-a-presentar-su-renuncia-eramos-4-personas-recibiendolo-compartiendo-una-charla-informal-en-un-contexto-institucional-grave-jose-alberto-auzmendi\/\" \/>\n<meta property=\"og:site_name\" content=\"Noticias Radio Reflejos\" \/>\n<meta property=\"article:published_time\" content=\"2020-10-30T19:30:58+00:00\" \/>\n<meta property=\"og:image\" content=\"http:\/\/live.staticflickr.com\/65535\/50547774223_a7bc6458e8_c.jpg\" \/>\n<meta name=\"author\" content=\"Arnaldo Botto\" \/>\n<meta name=\"twitter:card\" content=\"summary_large_image\" \/>\n<script type=\"application\/ld+json\" class=\"yoast-schema-graph\">{\"@context\":\"https:\/\/schema.org\",\"@graph\":[{\"@type\":\"WebPage\",\"@id\":\"https:\/\/www.noticiasradioreflejos.com.ar\/2021\/cuando-alfonsin-vino-al-senado-a-presentar-su-renuncia-eramos-4-personas-recibiendolo-compartiendo-una-charla-informal-en-un-contexto-institucional-grave-jose-alberto-auzmendi\/\",\"url\":\"https:\/\/www.noticiasradioreflejos.com.ar\/2021\/cuando-alfonsin-vino-al-senado-a-presentar-su-renuncia-eramos-4-personas-recibiendolo-compartiendo-una-charla-informal-en-un-contexto-institucional-grave-jose-alberto-auzmendi\/\",\"name\":\"\\\"Cuando Alfons\u00edn vino al Senado a presentar su renuncia, \u00e9ramos 4 personas recibi\u00e9ndolo, compartiendo una charla informal en un contexto institucional grave\\\" - Jos\u00e9 Alberto Auzmendi. - Noticias Radio Reflejos\",\"isPartOf\":{\"@id\":\"https:\/\/www.noticiasradioreflejos.com.ar\/2021\/#website\"},\"primaryImageOfPage\":{\"@id\":\"https:\/\/www.noticiasradioreflejos.com.ar\/2021\/cuando-alfonsin-vino-al-senado-a-presentar-su-renuncia-eramos-4-personas-recibiendolo-compartiendo-una-charla-informal-en-un-contexto-institucional-grave-jose-alberto-auzmendi\/#primaryimage\"},\"image\":{\"@id\":\"https:\/\/www.noticiasradioreflejos.com.ar\/2021\/cuando-alfonsin-vino-al-senado-a-presentar-su-renuncia-eramos-4-personas-recibiendolo-compartiendo-una-charla-informal-en-un-contexto-institucional-grave-jose-alberto-auzmendi\/#primaryimage\"},\"thumbnailUrl\":\"http:\/\/live.staticflickr.com\/65535\/50547774223_a7bc6458e8_c.jpg\",\"datePublished\":\"2020-10-30T19:30:58+00:00\",\"author\":{\"@id\":\"https:\/\/www.noticiasradioreflejos.com.ar\/2021\/#\/schema\/person\/ad82545263dcc5ec0996818884fd5fb1\"},\"breadcrumb\":{\"@id\":\"https:\/\/www.noticiasradioreflejos.com.ar\/2021\/cuando-alfonsin-vino-al-senado-a-presentar-su-renuncia-eramos-4-personas-recibiendolo-compartiendo-una-charla-informal-en-un-contexto-institucional-grave-jose-alberto-auzmendi\/#breadcrumb\"},\"inLanguage\":\"es\",\"potentialAction\":[{\"@type\":\"ReadAction\",\"target\":[\"https:\/\/www.noticiasradioreflejos.com.ar\/2021\/cuando-alfonsin-vino-al-senado-a-presentar-su-renuncia-eramos-4-personas-recibiendolo-compartiendo-una-charla-informal-en-un-contexto-institucional-grave-jose-alberto-auzmendi\/\"]}]},{\"@type\":\"ImageObject\",\"inLanguage\":\"es\",\"@id\":\"https:\/\/www.noticiasradioreflejos.com.ar\/2021\/cuando-alfonsin-vino-al-senado-a-presentar-su-renuncia-eramos-4-personas-recibiendolo-compartiendo-una-charla-informal-en-un-contexto-institucional-grave-jose-alberto-auzmendi\/#primaryimage\",\"url\":\"http:\/\/live.staticflickr.com\/65535\/50547774223_a7bc6458e8_c.jpg\",\"contentUrl\":\"http:\/\/live.staticflickr.com\/65535\/50547774223_a7bc6458e8_c.jpg\"},{\"@type\":\"BreadcrumbList\",\"@id\":\"https:\/\/www.noticiasradioreflejos.com.ar\/2021\/cuando-alfonsin-vino-al-senado-a-presentar-su-renuncia-eramos-4-personas-recibiendolo-compartiendo-una-charla-informal-en-un-contexto-institucional-grave-jose-alberto-auzmendi\/#breadcrumb\",\"itemListElement\":[{\"@type\":\"ListItem\",\"position\":1,\"name\":\"Portada\",\"item\":\"https:\/\/www.noticiasradioreflejos.com.ar\/2021\/\"},{\"@type\":\"ListItem\",\"position\":2,\"name\":\"\u00abCuando Alfons\u00edn vino al Senado a presentar su renuncia, \u00e9ramos 4 personas recibi\u00e9ndolo, compartiendo una charla informal en un contexto institucional grave\u00bb &#8211; Jos\u00e9 Alberto Auzmendi.\"}]},{\"@type\":\"WebSite\",\"@id\":\"https:\/\/www.noticiasradioreflejos.com.ar\/2021\/#website\",\"url\":\"https:\/\/www.noticiasradioreflejos.com.ar\/2021\/\",\"name\":\"Noticias Radio Reflejos\",\"description\":\"Las noticias de mi comarca\",\"potentialAction\":[{\"@type\":\"SearchAction\",\"target\":{\"@type\":\"EntryPoint\",\"urlTemplate\":\"https:\/\/www.noticiasradioreflejos.com.ar\/2021\/?s={search_term_string}\"},\"query-input\":{\"@type\":\"PropertyValueSpecification\",\"valueRequired\":true,\"valueName\":\"search_term_string\"}}],\"inLanguage\":\"es\"},{\"@type\":\"Person\",\"@id\":\"https:\/\/www.noticiasradioreflejos.com.ar\/2021\/#\/schema\/person\/ad82545263dcc5ec0996818884fd5fb1\",\"name\":\"Arnaldo Botto\",\"image\":{\"@type\":\"ImageObject\",\"inLanguage\":\"es\",\"@id\":\"https:\/\/www.noticiasradioreflejos.com.ar\/2021\/#\/schema\/person\/image\/\",\"url\":\"https:\/\/secure.gravatar.com\/avatar\/55cb5e37c1efa326397366e6974cb338056df65cb50e7d64d1cf314e87504837?s=96&d=mm&r=g\",\"contentUrl\":\"https:\/\/secure.gravatar.com\/avatar\/55cb5e37c1efa326397366e6974cb338056df65cb50e7d64d1cf314e87504837?s=96&d=mm&r=g\",\"caption\":\"Arnaldo Botto\"},\"url\":\"https:\/\/www.noticiasradioreflejos.com.ar\/2021\/author\/arnaldo\/\"}]}<\/script>\n<!-- \/ Yoast SEO plugin. -->","yoast_head_json":{"title":"\"Cuando Alfons\u00edn vino al Senado a presentar su renuncia, \u00e9ramos 4 personas recibi\u00e9ndolo, compartiendo una charla informal en un contexto institucional grave\" - Jos\u00e9 Alberto Auzmendi. - Noticias Radio Reflejos","robots":{"index":"index","follow":"follow","max-snippet":"max-snippet:-1","max-image-preview":"max-image-preview:large","max-video-preview":"max-video-preview:-1"},"canonical":"https:\/\/www.noticiasradioreflejos.com.ar\/2021\/cuando-alfonsin-vino-al-senado-a-presentar-su-renuncia-eramos-4-personas-recibiendolo-compartiendo-una-charla-informal-en-un-contexto-institucional-grave-jose-alberto-auzmendi\/","og_locale":"es_ES","og_type":"article","og_title":"\"Cuando Alfons\u00edn vino al Senado a presentar su renuncia, \u00e9ramos 4 personas recibi\u00e9ndolo, compartiendo una charla informal en un contexto institucional grave\" - Jos\u00e9 Alberto Auzmendi. - Noticias Radio Reflejos","og_description":"En un nuevo aniversario del retorno de la Democracia en la Argentina, durante nuestro programa\u00a0\u00abTiempo Educativo\u00bb, conversamos con Jos\u00e9 Alberto Auzmendi, docente de Historia y ex Director de mesa de entradas del Senado de la Naci\u00f3n. Beto nos desarrolla sus experiencias de encuentros con el ex Presidente de la Naci\u00f3n, Ra\u00fal Ricardo Alfons\u00edn, a quien [&hellip;]","og_url":"https:\/\/www.noticiasradioreflejos.com.ar\/2021\/cuando-alfonsin-vino-al-senado-a-presentar-su-renuncia-eramos-4-personas-recibiendolo-compartiendo-una-charla-informal-en-un-contexto-institucional-grave-jose-alberto-auzmendi\/","og_site_name":"Noticias Radio Reflejos","article_published_time":"2020-10-30T19:30:58+00:00","og_image":[{"url":"http:\/\/live.staticflickr.com\/65535\/50547774223_a7bc6458e8_c.jpg","type":"","width":"","height":""}],"author":"Arnaldo Botto","twitter_card":"summary_large_image","schema":{"@context":"https:\/\/schema.org","@graph":[{"@type":"WebPage","@id":"https:\/\/www.noticiasradioreflejos.com.ar\/2021\/cuando-alfonsin-vino-al-senado-a-presentar-su-renuncia-eramos-4-personas-recibiendolo-compartiendo-una-charla-informal-en-un-contexto-institucional-grave-jose-alberto-auzmendi\/","url":"https:\/\/www.noticiasradioreflejos.com.ar\/2021\/cuando-alfonsin-vino-al-senado-a-presentar-su-renuncia-eramos-4-personas-recibiendolo-compartiendo-una-charla-informal-en-un-contexto-institucional-grave-jose-alberto-auzmendi\/","name":"\"Cuando Alfons\u00edn vino al Senado a presentar su renuncia, \u00e9ramos 4 personas recibi\u00e9ndolo, compartiendo una charla informal en un contexto institucional grave\" - Jos\u00e9 Alberto Auzmendi. - Noticias Radio Reflejos","isPartOf":{"@id":"https:\/\/www.noticiasradioreflejos.com.ar\/2021\/#website"},"primaryImageOfPage":{"@id":"https:\/\/www.noticiasradioreflejos.com.ar\/2021\/cuando-alfonsin-vino-al-senado-a-presentar-su-renuncia-eramos-4-personas-recibiendolo-compartiendo-una-charla-informal-en-un-contexto-institucional-grave-jose-alberto-auzmendi\/#primaryimage"},"image":{"@id":"https:\/\/www.noticiasradioreflejos.com.ar\/2021\/cuando-alfonsin-vino-al-senado-a-presentar-su-renuncia-eramos-4-personas-recibiendolo-compartiendo-una-charla-informal-en-un-contexto-institucional-grave-jose-alberto-auzmendi\/#primaryimage"},"thumbnailUrl":"http:\/\/live.staticflickr.com\/65535\/50547774223_a7bc6458e8_c.jpg","datePublished":"2020-10-30T19:30:58+00:00","author":{"@id":"https:\/\/www.noticiasradioreflejos.com.ar\/2021\/#\/schema\/person\/ad82545263dcc5ec0996818884fd5fb1"},"breadcrumb":{"@id":"https:\/\/www.noticiasradioreflejos.com.ar\/2021\/cuando-alfonsin-vino-al-senado-a-presentar-su-renuncia-eramos-4-personas-recibiendolo-compartiendo-una-charla-informal-en-un-contexto-institucional-grave-jose-alberto-auzmendi\/#breadcrumb"},"inLanguage":"es","potentialAction":[{"@type":"ReadAction","target":["https:\/\/www.noticiasradioreflejos.com.ar\/2021\/cuando-alfonsin-vino-al-senado-a-presentar-su-renuncia-eramos-4-personas-recibiendolo-compartiendo-una-charla-informal-en-un-contexto-institucional-grave-jose-alberto-auzmendi\/"]}]},{"@type":"ImageObject","inLanguage":"es","@id":"https:\/\/www.noticiasradioreflejos.com.ar\/2021\/cuando-alfonsin-vino-al-senado-a-presentar-su-renuncia-eramos-4-personas-recibiendolo-compartiendo-una-charla-informal-en-un-contexto-institucional-grave-jose-alberto-auzmendi\/#primaryimage","url":"http:\/\/live.staticflickr.com\/65535\/50547774223_a7bc6458e8_c.jpg","contentUrl":"http:\/\/live.staticflickr.com\/65535\/50547774223_a7bc6458e8_c.jpg"},{"@type":"BreadcrumbList","@id":"https:\/\/www.noticiasradioreflejos.com.ar\/2021\/cuando-alfonsin-vino-al-senado-a-presentar-su-renuncia-eramos-4-personas-recibiendolo-compartiendo-una-charla-informal-en-un-contexto-institucional-grave-jose-alberto-auzmendi\/#breadcrumb","itemListElement":[{"@type":"ListItem","position":1,"name":"Portada","item":"https:\/\/www.noticiasradioreflejos.com.ar\/2021\/"},{"@type":"ListItem","position":2,"name":"\u00abCuando Alfons\u00edn vino al Senado a presentar su renuncia, \u00e9ramos 4 personas recibi\u00e9ndolo, compartiendo una charla informal en un contexto institucional grave\u00bb &#8211; Jos\u00e9 Alberto Auzmendi."}]},{"@type":"WebSite","@id":"https:\/\/www.noticiasradioreflejos.com.ar\/2021\/#website","url":"https:\/\/www.noticiasradioreflejos.com.ar\/2021\/","name":"Noticias Radio Reflejos","description":"Las noticias de mi comarca","potentialAction":[{"@type":"SearchAction","target":{"@type":"EntryPoint","urlTemplate":"https:\/\/www.noticiasradioreflejos.com.ar\/2021\/?s={search_term_string}"},"query-input":{"@type":"PropertyValueSpecification","valueRequired":true,"valueName":"search_term_string"}}],"inLanguage":"es"},{"@type":"Person","@id":"https:\/\/www.noticiasradioreflejos.com.ar\/2021\/#\/schema\/person\/ad82545263dcc5ec0996818884fd5fb1","name":"Arnaldo Botto","image":{"@type":"ImageObject","inLanguage":"es","@id":"https:\/\/www.noticiasradioreflejos.com.ar\/2021\/#\/schema\/person\/image\/","url":"https:\/\/secure.gravatar.com\/avatar\/55cb5e37c1efa326397366e6974cb338056df65cb50e7d64d1cf314e87504837?s=96&d=mm&r=g","contentUrl":"https:\/\/secure.gravatar.com\/avatar\/55cb5e37c1efa326397366e6974cb338056df65cb50e7d64d1cf314e87504837?s=96&d=mm&r=g","caption":"Arnaldo Botto"},"url":"https:\/\/www.noticiasradioreflejos.com.ar\/2021\/author\/arnaldo\/"}]}},"_links":{"self":[{"href":"https:\/\/www.noticiasradioreflejos.com.ar\/2021\/wp-json\/wp\/v2\/posts\/48734","targetHints":{"allow":["GET"]}}],"collection":[{"href":"https:\/\/www.noticiasradioreflejos.com.ar\/2021\/wp-json\/wp\/v2\/posts"}],"about":[{"href":"https:\/\/www.noticiasradioreflejos.com.ar\/2021\/wp-json\/wp\/v2\/types\/post"}],"author":[{"embeddable":true,"href":"https:\/\/www.noticiasradioreflejos.com.ar\/2021\/wp-json\/wp\/v2\/users\/3"}],"replies":[{"embeddable":true,"href":"https:\/\/www.noticiasradioreflejos.com.ar\/2021\/wp-json\/wp\/v2\/comments?post=48734"}],"version-history":[{"count":0,"href":"https:\/\/www.noticiasradioreflejos.com.ar\/2021\/wp-json\/wp\/v2\/posts\/48734\/revisions"}],"wp:attachment":[{"href":"https:\/\/www.noticiasradioreflejos.com.ar\/2021\/wp-json\/wp\/v2\/media?parent=48734"}],"wp:term":[{"taxonomy":"category","embeddable":true,"href":"https:\/\/www.noticiasradioreflejos.com.ar\/2021\/wp-json\/wp\/v2\/categories?post=48734"},{"taxonomy":"post_tag","embeddable":true,"href":"https:\/\/www.noticiasradioreflejos.com.ar\/2021\/wp-json\/wp\/v2\/tags?post=48734"}],"curies":[{"name":"wp","href":"https:\/\/api.w.org\/{rel}","templated":true}]}}