{"id":48722,"date":"2020-10-29T22:45:14","date_gmt":"2020-10-30T01:45:14","guid":{"rendered":"http:\/\/www.noticiasradioreflejos.com.ar\/noticias\/?p=48722"},"modified":"2020-10-29T22:45:14","modified_gmt":"2020-10-30T01:45:14","slug":"un-tren-arrollo-a-un-patrullero-en-la-ruta-51-murio-un-policia","status":"publish","type":"post","link":"https:\/\/www.noticiasradioreflejos.com.ar\/2021\/un-tren-arrollo-a-un-patrullero-en-la-ruta-51-murio-un-policia\/","title":{"rendered":"Un tren arroll\u00f3 a un patrullero en la ruta 51: muri\u00f3 un polic\u00eda"},"content":{"rendered":"<p>Sucedi\u00f3 pasadas las 20. Defensa Civil, dos ambulancias y Bomberos ya trabajan en el lugar. El tren qued\u00f3 cortando la ruta. Una persona falleci\u00f3 en el lugar y otra fue trasladada en grav\u00edsimo estado.<!--more--><\/p>\n<p>Minutos despu\u00e9s de las 20 una formaci\u00f3n ferroviaria que pasaba por el paraje Corti, a la altura del parque e\u00f3lico en la ruta 51, arroll\u00f3 a un m\u00f3vil policial.<\/p>\n<p><a href=\"http:\/\/www.noticiasradioreflejos.com.ar\/noticias\/wp-content\/uploads\/2020\/10\/corti-1.jpg\"><img loading=\"lazy\" decoding=\"async\" class=\"aligncenter size-large wp-image-48723\" src=\"http:\/\/www.noticiasradioreflejos.com.ar\/noticias\/wp-content\/uploads\/2020\/10\/corti-1-768x1024.jpg\" alt=\"corti-1\" width=\"768\" height=\"1024\" \/><\/a><\/p>\n<p>Seg\u00fan pudo saber la redacci\u00f3n de LA BR\u00daJULA 24, si bien fue un llamado al 911 el que alert\u00f3 de la situaci\u00f3n, minutos despu\u00e9s fue el propio maquinista el que dio las primeras precisiones, aunque en un claro estado de shock. Producto del accidente, la formaci\u00f3n qued\u00f3 sobre la ruta.<\/p>\n<p>De inmediato se enviaron todos los recursos al lugar. El primero en llegar fue un oficial de polic\u00eda, que con desesperaci\u00f3n pidi\u00f3 que apuraran el arribo de las ambulancias en m\u00e1s de una ocasi\u00f3n.<\/p>\n<p>Fue as\u00ed como abriendo camino, otros m\u00f3viles policiales ayudaron a que al sector lleguen con mayor rapidez dos ambulancias del Sistema de Emergencias Prehospitalario (SIEmPre), la guardia de Defensa Civil y Bomberos.<\/p>\n<p>Se constat\u00f3 que Guillermo Aguirre falleci\u00f3 en el lugar, al tiempo que Facundo L\u00f3pez fue trasladado en grav\u00edsimo estado al Hospital Penna. En el nosocomio interzonal se lo est\u00e1 interviniendo quir\u00fargicamente.<\/p>\n<p>Debido a esto se est\u00e1n solicitando dadores de sangre, de grupo 0 positivo. Quienes puedan donar, se deben acercar a dicho centro m\u00e9dico.<\/p>\n<p><strong>Fuente La Br\u00fajula<\/strong><\/p>\n","protected":false},"excerpt":{"rendered":"<p>Sucedi\u00f3 pasadas las 20. Defensa Civil, dos ambulancias y Bomberos ya trabajan en el lugar. El tren qued\u00f3 cortando la ruta. Una persona falleci\u00f3 en el lugar y otra fue trasladada en grav\u00edsimo estado.<\/p>\n","protected":false},"author":3,"featured_media":0,"comment_status":"closed","ping_status":"open","sticky":false,"template":"","format":"standard","meta":{"footnotes":""},"categories":[29],"tags":[],"class_list":["post-48722","post","type-post","status-publish","format-standard","hentry","category-policiales"],"yoast_head":"<!-- This site is optimized with the Yoast SEO plugin v25.9 - https:\/\/yoast.com\/wordpress\/plugins\/seo\/ -->\n<title>Un tren arroll\u00f3 a un patrullero en la ruta 51: muri\u00f3 un polic\u00eda - Noticias Radio Reflejos<\/title>\n<meta name=\"robots\" content=\"index, follow, max-snippet:-1, max-image-preview:large, max-video-preview:-1\" \/>\n<link rel=\"canonical\" href=\"https:\/\/www.noticiasradioreflejos.com.ar\/2021\/un-tren-arrollo-a-un-patrullero-en-la-ruta-51-murio-un-policia\/\" \/>\n<meta property=\"og:locale\" content=\"es_ES\" \/>\n<meta property=\"og:type\" content=\"article\" \/>\n<meta property=\"og:title\" content=\"Un tren arroll\u00f3 a un patrullero en la ruta 51: muri\u00f3 un polic\u00eda - Noticias Radio Reflejos\" \/>\n<meta property=\"og:description\" content=\"Sucedi\u00f3 pasadas las 20. Defensa Civil, dos ambulancias y Bomberos ya trabajan en el lugar. El tren qued\u00f3 cortando la ruta. Una persona falleci\u00f3 en el lugar y otra fue trasladada en grav\u00edsimo estado.\" \/>\n<meta property=\"og:url\" content=\"https:\/\/www.noticiasradioreflejos.com.ar\/2021\/un-tren-arrollo-a-un-patrullero-en-la-ruta-51-murio-un-policia\/\" \/>\n<meta property=\"og:site_name\" content=\"Noticias Radio Reflejos\" \/>\n<meta property=\"article:published_time\" content=\"2020-10-30T01:45:14+00:00\" \/>\n<meta property=\"og:image\" content=\"https:\/\/www.noticiasradioreflejos.com.ar\/2021\/wp-content\/uploads\/2021\/07\/logosol300x200.png\" \/>\n\t<meta property=\"og:image:width\" content=\"300\" \/>\n\t<meta property=\"og:image:height\" content=\"200\" \/>\n\t<meta property=\"og:image:type\" content=\"image\/png\" \/>\n<meta name=\"author\" content=\"Arnaldo Botto\" \/>\n<meta name=\"twitter:card\" content=\"summary_large_image\" \/>\n<script type=\"application\/ld+json\" class=\"yoast-schema-graph\">{\"@context\":\"https:\/\/schema.org\",\"@graph\":[{\"@type\":\"WebPage\",\"@id\":\"https:\/\/www.noticiasradioreflejos.com.ar\/2021\/un-tren-arrollo-a-un-patrullero-en-la-ruta-51-murio-un-policia\/\",\"url\":\"https:\/\/www.noticiasradioreflejos.com.ar\/2021\/un-tren-arrollo-a-un-patrullero-en-la-ruta-51-murio-un-policia\/\",\"name\":\"Un tren arroll\u00f3 a un patrullero en la ruta 51: muri\u00f3 un polic\u00eda - Noticias Radio Reflejos\",\"isPartOf\":{\"@id\":\"https:\/\/www.noticiasradioreflejos.com.ar\/2021\/#website\"},\"primaryImageOfPage\":{\"@id\":\"https:\/\/www.noticiasradioreflejos.com.ar\/2021\/un-tren-arrollo-a-un-patrullero-en-la-ruta-51-murio-un-policia\/#primaryimage\"},\"image\":{\"@id\":\"https:\/\/www.noticiasradioreflejos.com.ar\/2021\/un-tren-arrollo-a-un-patrullero-en-la-ruta-51-murio-un-policia\/#primaryimage\"},\"thumbnailUrl\":\"http:\/\/www.noticiasradioreflejos.com.ar\/noticias\/wp-content\/uploads\/2020\/10\/corti-1-768x1024.jpg\",\"datePublished\":\"2020-10-30T01:45:14+00:00\",\"author\":{\"@id\":\"https:\/\/www.noticiasradioreflejos.com.ar\/2021\/#\/schema\/person\/ad82545263dcc5ec0996818884fd5fb1\"},\"breadcrumb\":{\"@id\":\"https:\/\/www.noticiasradioreflejos.com.ar\/2021\/un-tren-arrollo-a-un-patrullero-en-la-ruta-51-murio-un-policia\/#breadcrumb\"},\"inLanguage\":\"es\",\"potentialAction\":[{\"@type\":\"ReadAction\",\"target\":[\"https:\/\/www.noticiasradioreflejos.com.ar\/2021\/un-tren-arrollo-a-un-patrullero-en-la-ruta-51-murio-un-policia\/\"]}]},{\"@type\":\"ImageObject\",\"inLanguage\":\"es\",\"@id\":\"https:\/\/www.noticiasradioreflejos.com.ar\/2021\/un-tren-arrollo-a-un-patrullero-en-la-ruta-51-murio-un-policia\/#primaryimage\",\"url\":\"http:\/\/www.noticiasradioreflejos.com.ar\/noticias\/wp-content\/uploads\/2020\/10\/corti-1-768x1024.jpg\",\"contentUrl\":\"http:\/\/www.noticiasradioreflejos.com.ar\/noticias\/wp-content\/uploads\/2020\/10\/corti-1-768x1024.jpg\"},{\"@type\":\"BreadcrumbList\",\"@id\":\"https:\/\/www.noticiasradioreflejos.com.ar\/2021\/un-tren-arrollo-a-un-patrullero-en-la-ruta-51-murio-un-policia\/#breadcrumb\",\"itemListElement\":[{\"@type\":\"ListItem\",\"position\":1,\"name\":\"Portada\",\"item\":\"https:\/\/www.noticiasradioreflejos.com.ar\/2021\/\"},{\"@type\":\"ListItem\",\"position\":2,\"name\":\"Un tren arroll\u00f3 a un patrullero en la ruta 51: muri\u00f3 un polic\u00eda\"}]},{\"@type\":\"WebSite\",\"@id\":\"https:\/\/www.noticiasradioreflejos.com.ar\/2021\/#website\",\"url\":\"https:\/\/www.noticiasradioreflejos.com.ar\/2021\/\",\"name\":\"Noticias Radio Reflejos\",\"description\":\"Las noticias de mi comarca\",\"potentialAction\":[{\"@type\":\"SearchAction\",\"target\":{\"@type\":\"EntryPoint\",\"urlTemplate\":\"https:\/\/www.noticiasradioreflejos.com.ar\/2021\/?s={search_term_string}\"},\"query-input\":{\"@type\":\"PropertyValueSpecification\",\"valueRequired\":true,\"valueName\":\"search_term_string\"}}],\"inLanguage\":\"es\"},{\"@type\":\"Person\",\"@id\":\"https:\/\/www.noticiasradioreflejos.com.ar\/2021\/#\/schema\/person\/ad82545263dcc5ec0996818884fd5fb1\",\"name\":\"Arnaldo Botto\",\"image\":{\"@type\":\"ImageObject\",\"inLanguage\":\"es\",\"@id\":\"https:\/\/www.noticiasradioreflejos.com.ar\/2021\/#\/schema\/person\/image\/\",\"url\":\"https:\/\/secure.gravatar.com\/avatar\/55cb5e37c1efa326397366e6974cb338056df65cb50e7d64d1cf314e87504837?s=96&d=mm&r=g\",\"contentUrl\":\"https:\/\/secure.gravatar.com\/avatar\/55cb5e37c1efa326397366e6974cb338056df65cb50e7d64d1cf314e87504837?s=96&d=mm&r=g\",\"caption\":\"Arnaldo Botto\"},\"url\":\"https:\/\/www.noticiasradioreflejos.com.ar\/2021\/author\/arnaldo\/\"}]}<\/script>\n<!-- \/ Yoast SEO plugin. -->","yoast_head_json":{"title":"Un tren arroll\u00f3 a un patrullero en la ruta 51: muri\u00f3 un polic\u00eda - Noticias Radio Reflejos","robots":{"index":"index","follow":"follow","max-snippet":"max-snippet:-1","max-image-preview":"max-image-preview:large","max-video-preview":"max-video-preview:-1"},"canonical":"https:\/\/www.noticiasradioreflejos.com.ar\/2021\/un-tren-arrollo-a-un-patrullero-en-la-ruta-51-murio-un-policia\/","og_locale":"es_ES","og_type":"article","og_title":"Un tren arroll\u00f3 a un patrullero en la ruta 51: muri\u00f3 un polic\u00eda - Noticias Radio Reflejos","og_description":"Sucedi\u00f3 pasadas las 20. Defensa Civil, dos ambulancias y Bomberos ya trabajan en el lugar. El tren qued\u00f3 cortando la ruta. Una persona falleci\u00f3 en el lugar y otra fue trasladada en grav\u00edsimo estado.","og_url":"https:\/\/www.noticiasradioreflejos.com.ar\/2021\/un-tren-arrollo-a-un-patrullero-en-la-ruta-51-murio-un-policia\/","og_site_name":"Noticias Radio Reflejos","article_published_time":"2020-10-30T01:45:14+00:00","og_image":[{"width":300,"height":200,"url":"https:\/\/www.noticiasradioreflejos.com.ar\/2021\/wp-content\/uploads\/2021\/07\/logosol300x200.png","type":"image\/png"}],"author":"Arnaldo Botto","twitter_card":"summary_large_image","schema":{"@context":"https:\/\/schema.org","@graph":[{"@type":"WebPage","@id":"https:\/\/www.noticiasradioreflejos.com.ar\/2021\/un-tren-arrollo-a-un-patrullero-en-la-ruta-51-murio-un-policia\/","url":"https:\/\/www.noticiasradioreflejos.com.ar\/2021\/un-tren-arrollo-a-un-patrullero-en-la-ruta-51-murio-un-policia\/","name":"Un tren arroll\u00f3 a un patrullero en la ruta 51: muri\u00f3 un polic\u00eda - Noticias Radio Reflejos","isPartOf":{"@id":"https:\/\/www.noticiasradioreflejos.com.ar\/2021\/#website"},"primaryImageOfPage":{"@id":"https:\/\/www.noticiasradioreflejos.com.ar\/2021\/un-tren-arrollo-a-un-patrullero-en-la-ruta-51-murio-un-policia\/#primaryimage"},"image":{"@id":"https:\/\/www.noticiasradioreflejos.com.ar\/2021\/un-tren-arrollo-a-un-patrullero-en-la-ruta-51-murio-un-policia\/#primaryimage"},"thumbnailUrl":"http:\/\/www.noticiasradioreflejos.com.ar\/noticias\/wp-content\/uploads\/2020\/10\/corti-1-768x1024.jpg","datePublished":"2020-10-30T01:45:14+00:00","author":{"@id":"https:\/\/www.noticiasradioreflejos.com.ar\/2021\/#\/schema\/person\/ad82545263dcc5ec0996818884fd5fb1"},"breadcrumb":{"@id":"https:\/\/www.noticiasradioreflejos.com.ar\/2021\/un-tren-arrollo-a-un-patrullero-en-la-ruta-51-murio-un-policia\/#breadcrumb"},"inLanguage":"es","potentialAction":[{"@type":"ReadAction","target":["https:\/\/www.noticiasradioreflejos.com.ar\/2021\/un-tren-arrollo-a-un-patrullero-en-la-ruta-51-murio-un-policia\/"]}]},{"@type":"ImageObject","inLanguage":"es","@id":"https:\/\/www.noticiasradioreflejos.com.ar\/2021\/un-tren-arrollo-a-un-patrullero-en-la-ruta-51-murio-un-policia\/#primaryimage","url":"http:\/\/www.noticiasradioreflejos.com.ar\/noticias\/wp-content\/uploads\/2020\/10\/corti-1-768x1024.jpg","contentUrl":"http:\/\/www.noticiasradioreflejos.com.ar\/noticias\/wp-content\/uploads\/2020\/10\/corti-1-768x1024.jpg"},{"@type":"BreadcrumbList","@id":"https:\/\/www.noticiasradioreflejos.com.ar\/2021\/un-tren-arrollo-a-un-patrullero-en-la-ruta-51-murio-un-policia\/#breadcrumb","itemListElement":[{"@type":"ListItem","position":1,"name":"Portada","item":"https:\/\/www.noticiasradioreflejos.com.ar\/2021\/"},{"@type":"ListItem","position":2,"name":"Un tren arroll\u00f3 a un patrullero en la ruta 51: muri\u00f3 un polic\u00eda"}]},{"@type":"WebSite","@id":"https:\/\/www.noticiasradioreflejos.com.ar\/2021\/#website","url":"https:\/\/www.noticiasradioreflejos.com.ar\/2021\/","name":"Noticias Radio Reflejos","description":"Las noticias de mi comarca","potentialAction":[{"@type":"SearchAction","target":{"@type":"EntryPoint","urlTemplate":"https:\/\/www.noticiasradioreflejos.com.ar\/2021\/?s={search_term_string}"},"query-input":{"@type":"PropertyValueSpecification","valueRequired":true,"valueName":"search_term_string"}}],"inLanguage":"es"},{"@type":"Person","@id":"https:\/\/www.noticiasradioreflejos.com.ar\/2021\/#\/schema\/person\/ad82545263dcc5ec0996818884fd5fb1","name":"Arnaldo Botto","image":{"@type":"ImageObject","inLanguage":"es","@id":"https:\/\/www.noticiasradioreflejos.com.ar\/2021\/#\/schema\/person\/image\/","url":"https:\/\/secure.gravatar.com\/avatar\/55cb5e37c1efa326397366e6974cb338056df65cb50e7d64d1cf314e87504837?s=96&d=mm&r=g","contentUrl":"https:\/\/secure.gravatar.com\/avatar\/55cb5e37c1efa326397366e6974cb338056df65cb50e7d64d1cf314e87504837?s=96&d=mm&r=g","caption":"Arnaldo Botto"},"url":"https:\/\/www.noticiasradioreflejos.com.ar\/2021\/author\/arnaldo\/"}]}},"_links":{"self":[{"href":"https:\/\/www.noticiasradioreflejos.com.ar\/2021\/wp-json\/wp\/v2\/posts\/48722","targetHints":{"allow":["GET"]}}],"collection":[{"href":"https:\/\/www.noticiasradioreflejos.com.ar\/2021\/wp-json\/wp\/v2\/posts"}],"about":[{"href":"https:\/\/www.noticiasradioreflejos.com.ar\/2021\/wp-json\/wp\/v2\/types\/post"}],"author":[{"embeddable":true,"href":"https:\/\/www.noticiasradioreflejos.com.ar\/2021\/wp-json\/wp\/v2\/users\/3"}],"replies":[{"embeddable":true,"href":"https:\/\/www.noticiasradioreflejos.com.ar\/2021\/wp-json\/wp\/v2\/comments?post=48722"}],"version-history":[{"count":0,"href":"https:\/\/www.noticiasradioreflejos.com.ar\/2021\/wp-json\/wp\/v2\/posts\/48722\/revisions"}],"wp:attachment":[{"href":"https:\/\/www.noticiasradioreflejos.com.ar\/2021\/wp-json\/wp\/v2\/media?parent=48722"}],"wp:term":[{"taxonomy":"category","embeddable":true,"href":"https:\/\/www.noticiasradioreflejos.com.ar\/2021\/wp-json\/wp\/v2\/categories?post=48722"},{"taxonomy":"post_tag","embeddable":true,"href":"https:\/\/www.noticiasradioreflejos.com.ar\/2021\/wp-json\/wp\/v2\/tags?post=48722"}],"curies":[{"name":"wp","href":"https:\/\/api.w.org\/{rel}","templated":true}]}}