{"id":48719,"date":"2020-10-29T19:28:23","date_gmt":"2020-10-29T22:28:23","guid":{"rendered":"http:\/\/www.noticiasradioreflejos.com.ar\/noticias\/?p=48719"},"modified":"2020-10-29T19:28:23","modified_gmt":"2020-10-29T22:28:23","slug":"otorgan-a-17-provincias-el-certificado-de-destino-seguro-del-consejo-mundial-de-viajes-y-turismo","status":"publish","type":"post","link":"https:\/\/www.noticiasradioreflejos.com.ar\/2021\/otorgan-a-17-provincias-el-certificado-de-destino-seguro-del-consejo-mundial-de-viajes-y-turismo\/","title":{"rendered":"Otorgan a 17 provincias el certificado de destino seguro del Consejo Mundial de Viajes y Turismo"},"content":{"rendered":"<p>Diecis\u00e9is provincias y la Ciudad de Buenos Aires recibieron hoy el certificado internacional Sello Viajes Seguros, del Consejo Mundial de Viajes y Turismo (WTTC, en ingl\u00e9s), que fue entregado por el ministro de Turismo y Deportes, Mat\u00edas Lammens, y garantiza que esos destinos cumplen con los protocolos estandarizados de seguridad sanitaria ante la pandemia de coronavirus.<!--more--><\/p>\n<p>Las provincias distinguidas con esa certificaci\u00f3n son Chaco, Chubut, Corrientes, Entre R\u00edos, Formosa, Jujuy, La Pampa, La Rioja, Neuqu\u00e9n, Mendoza, R\u00edo Negro, San Juan, San Luis, Santa Fe, Tierra del Fuego y Tucum\u00e1n, luego de que Salta fuera la primera en tener el reconocimiento, la semana pasada.<\/p>\n<p>Acompa\u00f1ado por el secretario ejecutivo del Instituto Nacional de Promoci\u00f3n Tur\u00edstica (Inprotur), Ricardo Sosa; la presidenta del Consejo Federal de Turismo (CFT), Claudia Grinszpan y el presidente de la C\u00e1mara Argentina de Turismo, Aldo El\u00edas, Lammens destac\u00f3 el aspecto diferenciador del Sello.<\/p>\n<p>\u00abEs un certificado que cada vez es m\u00e1s reconocido en t\u00e9rminos internacionales y que si esto sigue as\u00ed (la pandemia), si se alarga, va a ser una de las principales diferenciales que vamos a tener con otros lugares del mundo para que efectivamente nos elijan\u00bb, asegur\u00f3.<\/p>\n<p>El ministro de Turismo y Deportes indic\u00f3 que la garant\u00eda que significa el Safe Travels Stamp (en ingl\u00e9s) ser\u00e1 \u00abuna de las primeras demandas que tendr\u00e1n los viajeros a la hora de elegir el destino\u00bb.<\/p>\n<p>Por otra parte, se refiri\u00f3 al rol que va a tener el turismo en la reactivaci\u00f3n y reconstrucci\u00f3n del pa\u00eds, actividad de la que viven \u00abm\u00e1s de un mill\u00f3n de familias\u00bb y que lleva ocho meses parada.<\/p>\n<p>Tambi\u00e9n resalt\u00f3 \u00ablas medidas que hemos tomado y la decisi\u00f3n del Presidente (Alberto Fern\u00e1ndez) de abrir las fronteras, una muestra m\u00e1s de lo que significa el turismo, de la importancia que tiene para cada una de las provincias que ustedes representan y para la econom\u00eda nacional\u00bb.<\/p>\n<p>Lammens hizo hincapi\u00e9 en que esa es la visi\u00f3n que se tiene desde el Gobierno que, dijo, \u00abse ve expresada en t\u00e9rminos presupuestarios\u00bb y agreg\u00f3: \u00abA nuestro Ministerio le han duplicado el presupuesto, lo han multiplicado por ocho, un gesto de respaldo enorme, pero adem\u00e1s un gesto de la importancia estrat\u00e9gica que va a tener el sector\u00bb.<\/p>\n<p>El ministro agreg\u00f3 que ese incremento presupuestario implica \u00abcuidar al sector, porque entendemos que para el d\u00eda de ma\u00f1ana, cuando efectivamente salga el turismo, cuando empecemos a poder recibir turistas, la actividad va a ser uno de los sectores insignia en la recuperaci\u00f3n del pa\u00eds, en la tracci\u00f3n de divisas\u00bb.<\/p>\n<p>\u00abVa a tener m\u00e1s peso en el PBI -continu\u00f3- y creo que todos tenemos que trazar un plan para que tenga cada vez m\u00e1s peso el turismo sustentable, el turismo ecol\u00f3gico\u00bb.<\/p>\n<p>Tras elogiar el trabajo del CFT, \u00abuna herramienta que hemos considerado mucho\u00bb, Lammens destac\u00f3 la decisi\u00f3n del Gobierno de abrir las fronteras para el turismo de pa\u00edses lim\u00edtrofes y el trabajo con la ciudad de Buenos Aires para \u00abpara poder tener efectivamente ese turismo\u00bb.<\/p>\n<p>A pesar de la incertidumbre que genera el contexto de la pandemia, consider\u00f3 que el pa\u00eds \u00abtiene un potencial maravilloso, y es cierto que esta cuesti\u00f3n cambiaria le agrega un factor m\u00e1s para promocionar Argentina y para que nos visiten y para que ustedes (las autoridades tur\u00edsticas provinciales) nos ayuden a que Argentina efectivamente se convierta en uno de los l\u00edderes del turismo mundial, ya no regional\u00bb.<\/p>\n<p>\u00abNo tengo ninguna duda de que tenemos los recursos naturales para hacerlo y tambi\u00e9n los humanos, y en cada una de las provincias se ha trabajado muy bien en todo este tiempo, al igual que el maravilloso trabajo del Inprotur\u00bb, a\u00f1adi\u00f3.<\/p>\n<p>En ese sentido, destac\u00f3 \u00abla sinton\u00eda y el trabajo mancomunado con cada una de las provincias\u00bb, un hecho que celebr\u00f3 y que dijo que demuestra \u00abla visi\u00f3n federal\u00bb que \u00abpotencia el trabajo que hacemos todos\u00bb.<\/p>\n<p>En cuanto a la temporada de verano, si bien reconoci\u00f3 que \u00abno ser\u00e1 r\u00e9cord ni quedar\u00e1 en la historia\u00bb, dijo esperar que \u00absea buena\u00bb y estim\u00f3 que \u00able va a dar un poco de ox\u00edgeno a los prestadores tur\u00edsticos que vienen de tantos meses sin tener facturaci\u00f3n\u00bb.<\/p>\n<p>El Plan PreViaje, continu\u00f3, \u00abpuede dar una inyecci\u00f3n ahora de dinero, de liquidez, y tambi\u00e9n tenemos que trabajar todos, de ac\u00e1 a la temporada, en dar certidumbre\u00bb, para lo cual pidi\u00f3 llegar a \u00abun gran acuerdo con todas las provincias para fijar pautas de visitas a cada uno de sus destinos, como lo hicimos con los protocolos\u00bb.<\/p>\n","protected":false},"excerpt":{"rendered":"<p>Diecis\u00e9is provincias y la Ciudad de Buenos Aires recibieron hoy el certificado internacional Sello Viajes Seguros, del Consejo Mundial de Viajes y Turismo (WTTC, en ingl\u00e9s), que fue entregado por el ministro de Turismo y Deportes, Mat\u00edas Lammens, y garantiza que esos destinos cumplen con los protocolos estandarizados de seguridad sanitaria ante la pandemia de [&hellip;]<\/p>\n","protected":false},"author":3,"featured_media":0,"comment_status":"closed","ping_status":"open","sticky":false,"template":"","format":"standard","meta":{"footnotes":""},"categories":[33],"tags":[],"class_list":["post-48719","post","type-post","status-publish","format-standard","hentry","category-turismo"],"yoast_head":"<!-- This site is optimized with the Yoast SEO plugin v25.9 - https:\/\/yoast.com\/wordpress\/plugins\/seo\/ -->\n<title>Otorgan a 17 provincias el certificado de destino seguro del Consejo Mundial de Viajes y Turismo - Noticias Radio Reflejos<\/title>\n<meta name=\"robots\" content=\"index, follow, max-snippet:-1, max-image-preview:large, max-video-preview:-1\" \/>\n<link rel=\"canonical\" href=\"https:\/\/www.noticiasradioreflejos.com.ar\/2021\/otorgan-a-17-provincias-el-certificado-de-destino-seguro-del-consejo-mundial-de-viajes-y-turismo\/\" \/>\n<meta property=\"og:locale\" content=\"es_ES\" \/>\n<meta property=\"og:type\" content=\"article\" \/>\n<meta property=\"og:title\" content=\"Otorgan a 17 provincias el certificado de destino seguro del Consejo Mundial de Viajes y Turismo - Noticias Radio Reflejos\" \/>\n<meta property=\"og:description\" content=\"Diecis\u00e9is provincias y la Ciudad de Buenos Aires recibieron hoy el certificado internacional Sello Viajes Seguros, del Consejo Mundial de Viajes y Turismo (WTTC, en ingl\u00e9s), que fue entregado por el ministro de Turismo y Deportes, Mat\u00edas Lammens, y garantiza que esos destinos cumplen con los protocolos estandarizados de seguridad sanitaria ante la pandemia de [&hellip;]\" \/>\n<meta property=\"og:url\" content=\"https:\/\/www.noticiasradioreflejos.com.ar\/2021\/otorgan-a-17-provincias-el-certificado-de-destino-seguro-del-consejo-mundial-de-viajes-y-turismo\/\" \/>\n<meta property=\"og:site_name\" content=\"Noticias Radio Reflejos\" \/>\n<meta property=\"article:published_time\" content=\"2020-10-29T22:28:23+00:00\" \/>\n<meta property=\"og:image\" content=\"https:\/\/www.noticiasradioreflejos.com.ar\/2021\/wp-content\/uploads\/2021\/07\/logosol300x200.png\" \/>\n\t<meta property=\"og:image:width\" content=\"300\" \/>\n\t<meta property=\"og:image:height\" content=\"200\" \/>\n\t<meta property=\"og:image:type\" content=\"image\/png\" \/>\n<meta name=\"author\" content=\"Arnaldo Botto\" \/>\n<meta name=\"twitter:card\" content=\"summary_large_image\" \/>\n<script type=\"application\/ld+json\" class=\"yoast-schema-graph\">{\"@context\":\"https:\/\/schema.org\",\"@graph\":[{\"@type\":\"WebPage\",\"@id\":\"https:\/\/www.noticiasradioreflejos.com.ar\/2021\/otorgan-a-17-provincias-el-certificado-de-destino-seguro-del-consejo-mundial-de-viajes-y-turismo\/\",\"url\":\"https:\/\/www.noticiasradioreflejos.com.ar\/2021\/otorgan-a-17-provincias-el-certificado-de-destino-seguro-del-consejo-mundial-de-viajes-y-turismo\/\",\"name\":\"Otorgan a 17 provincias el certificado de destino seguro del Consejo Mundial de Viajes y Turismo - Noticias Radio Reflejos\",\"isPartOf\":{\"@id\":\"https:\/\/www.noticiasradioreflejos.com.ar\/2021\/#website\"},\"datePublished\":\"2020-10-29T22:28:23+00:00\",\"author\":{\"@id\":\"https:\/\/www.noticiasradioreflejos.com.ar\/2021\/#\/schema\/person\/ad82545263dcc5ec0996818884fd5fb1\"},\"breadcrumb\":{\"@id\":\"https:\/\/www.noticiasradioreflejos.com.ar\/2021\/otorgan-a-17-provincias-el-certificado-de-destino-seguro-del-consejo-mundial-de-viajes-y-turismo\/#breadcrumb\"},\"inLanguage\":\"es\",\"potentialAction\":[{\"@type\":\"ReadAction\",\"target\":[\"https:\/\/www.noticiasradioreflejos.com.ar\/2021\/otorgan-a-17-provincias-el-certificado-de-destino-seguro-del-consejo-mundial-de-viajes-y-turismo\/\"]}]},{\"@type\":\"BreadcrumbList\",\"@id\":\"https:\/\/www.noticiasradioreflejos.com.ar\/2021\/otorgan-a-17-provincias-el-certificado-de-destino-seguro-del-consejo-mundial-de-viajes-y-turismo\/#breadcrumb\",\"itemListElement\":[{\"@type\":\"ListItem\",\"position\":1,\"name\":\"Portada\",\"item\":\"https:\/\/www.noticiasradioreflejos.com.ar\/2021\/\"},{\"@type\":\"ListItem\",\"position\":2,\"name\":\"Otorgan a 17 provincias el certificado de destino seguro del Consejo Mundial de Viajes y Turismo\"}]},{\"@type\":\"WebSite\",\"@id\":\"https:\/\/www.noticiasradioreflejos.com.ar\/2021\/#website\",\"url\":\"https:\/\/www.noticiasradioreflejos.com.ar\/2021\/\",\"name\":\"Noticias Radio Reflejos\",\"description\":\"Las noticias de mi comarca\",\"potentialAction\":[{\"@type\":\"SearchAction\",\"target\":{\"@type\":\"EntryPoint\",\"urlTemplate\":\"https:\/\/www.noticiasradioreflejos.com.ar\/2021\/?s={search_term_string}\"},\"query-input\":{\"@type\":\"PropertyValueSpecification\",\"valueRequired\":true,\"valueName\":\"search_term_string\"}}],\"inLanguage\":\"es\"},{\"@type\":\"Person\",\"@id\":\"https:\/\/www.noticiasradioreflejos.com.ar\/2021\/#\/schema\/person\/ad82545263dcc5ec0996818884fd5fb1\",\"name\":\"Arnaldo Botto\",\"image\":{\"@type\":\"ImageObject\",\"inLanguage\":\"es\",\"@id\":\"https:\/\/www.noticiasradioreflejos.com.ar\/2021\/#\/schema\/person\/image\/\",\"url\":\"https:\/\/secure.gravatar.com\/avatar\/55cb5e37c1efa326397366e6974cb338056df65cb50e7d64d1cf314e87504837?s=96&d=mm&r=g\",\"contentUrl\":\"https:\/\/secure.gravatar.com\/avatar\/55cb5e37c1efa326397366e6974cb338056df65cb50e7d64d1cf314e87504837?s=96&d=mm&r=g\",\"caption\":\"Arnaldo Botto\"},\"url\":\"https:\/\/www.noticiasradioreflejos.com.ar\/2021\/author\/arnaldo\/\"}]}<\/script>\n<!-- \/ Yoast SEO plugin. -->","yoast_head_json":{"title":"Otorgan a 17 provincias el certificado de destino seguro del Consejo Mundial de Viajes y Turismo - Noticias Radio Reflejos","robots":{"index":"index","follow":"follow","max-snippet":"max-snippet:-1","max-image-preview":"max-image-preview:large","max-video-preview":"max-video-preview:-1"},"canonical":"https:\/\/www.noticiasradioreflejos.com.ar\/2021\/otorgan-a-17-provincias-el-certificado-de-destino-seguro-del-consejo-mundial-de-viajes-y-turismo\/","og_locale":"es_ES","og_type":"article","og_title":"Otorgan a 17 provincias el certificado de destino seguro del Consejo Mundial de Viajes y Turismo - Noticias Radio Reflejos","og_description":"Diecis\u00e9is provincias y la Ciudad de Buenos Aires recibieron hoy el certificado internacional Sello Viajes Seguros, del Consejo Mundial de Viajes y Turismo (WTTC, en ingl\u00e9s), que fue entregado por el ministro de Turismo y Deportes, Mat\u00edas Lammens, y garantiza que esos destinos cumplen con los protocolos estandarizados de seguridad sanitaria ante la pandemia de [&hellip;]","og_url":"https:\/\/www.noticiasradioreflejos.com.ar\/2021\/otorgan-a-17-provincias-el-certificado-de-destino-seguro-del-consejo-mundial-de-viajes-y-turismo\/","og_site_name":"Noticias Radio Reflejos","article_published_time":"2020-10-29T22:28:23+00:00","og_image":[{"width":300,"height":200,"url":"https:\/\/www.noticiasradioreflejos.com.ar\/2021\/wp-content\/uploads\/2021\/07\/logosol300x200.png","type":"image\/png"}],"author":"Arnaldo Botto","twitter_card":"summary_large_image","schema":{"@context":"https:\/\/schema.org","@graph":[{"@type":"WebPage","@id":"https:\/\/www.noticiasradioreflejos.com.ar\/2021\/otorgan-a-17-provincias-el-certificado-de-destino-seguro-del-consejo-mundial-de-viajes-y-turismo\/","url":"https:\/\/www.noticiasradioreflejos.com.ar\/2021\/otorgan-a-17-provincias-el-certificado-de-destino-seguro-del-consejo-mundial-de-viajes-y-turismo\/","name":"Otorgan a 17 provincias el certificado de destino seguro del Consejo Mundial de Viajes y Turismo - Noticias Radio Reflejos","isPartOf":{"@id":"https:\/\/www.noticiasradioreflejos.com.ar\/2021\/#website"},"datePublished":"2020-10-29T22:28:23+00:00","author":{"@id":"https:\/\/www.noticiasradioreflejos.com.ar\/2021\/#\/schema\/person\/ad82545263dcc5ec0996818884fd5fb1"},"breadcrumb":{"@id":"https:\/\/www.noticiasradioreflejos.com.ar\/2021\/otorgan-a-17-provincias-el-certificado-de-destino-seguro-del-consejo-mundial-de-viajes-y-turismo\/#breadcrumb"},"inLanguage":"es","potentialAction":[{"@type":"ReadAction","target":["https:\/\/www.noticiasradioreflejos.com.ar\/2021\/otorgan-a-17-provincias-el-certificado-de-destino-seguro-del-consejo-mundial-de-viajes-y-turismo\/"]}]},{"@type":"BreadcrumbList","@id":"https:\/\/www.noticiasradioreflejos.com.ar\/2021\/otorgan-a-17-provincias-el-certificado-de-destino-seguro-del-consejo-mundial-de-viajes-y-turismo\/#breadcrumb","itemListElement":[{"@type":"ListItem","position":1,"name":"Portada","item":"https:\/\/www.noticiasradioreflejos.com.ar\/2021\/"},{"@type":"ListItem","position":2,"name":"Otorgan a 17 provincias el certificado de destino seguro del Consejo Mundial de Viajes y Turismo"}]},{"@type":"WebSite","@id":"https:\/\/www.noticiasradioreflejos.com.ar\/2021\/#website","url":"https:\/\/www.noticiasradioreflejos.com.ar\/2021\/","name":"Noticias Radio Reflejos","description":"Las noticias de mi comarca","potentialAction":[{"@type":"SearchAction","target":{"@type":"EntryPoint","urlTemplate":"https:\/\/www.noticiasradioreflejos.com.ar\/2021\/?s={search_term_string}"},"query-input":{"@type":"PropertyValueSpecification","valueRequired":true,"valueName":"search_term_string"}}],"inLanguage":"es"},{"@type":"Person","@id":"https:\/\/www.noticiasradioreflejos.com.ar\/2021\/#\/schema\/person\/ad82545263dcc5ec0996818884fd5fb1","name":"Arnaldo Botto","image":{"@type":"ImageObject","inLanguage":"es","@id":"https:\/\/www.noticiasradioreflejos.com.ar\/2021\/#\/schema\/person\/image\/","url":"https:\/\/secure.gravatar.com\/avatar\/55cb5e37c1efa326397366e6974cb338056df65cb50e7d64d1cf314e87504837?s=96&d=mm&r=g","contentUrl":"https:\/\/secure.gravatar.com\/avatar\/55cb5e37c1efa326397366e6974cb338056df65cb50e7d64d1cf314e87504837?s=96&d=mm&r=g","caption":"Arnaldo Botto"},"url":"https:\/\/www.noticiasradioreflejos.com.ar\/2021\/author\/arnaldo\/"}]}},"_links":{"self":[{"href":"https:\/\/www.noticiasradioreflejos.com.ar\/2021\/wp-json\/wp\/v2\/posts\/48719","targetHints":{"allow":["GET"]}}],"collection":[{"href":"https:\/\/www.noticiasradioreflejos.com.ar\/2021\/wp-json\/wp\/v2\/posts"}],"about":[{"href":"https:\/\/www.noticiasradioreflejos.com.ar\/2021\/wp-json\/wp\/v2\/types\/post"}],"author":[{"embeddable":true,"href":"https:\/\/www.noticiasradioreflejos.com.ar\/2021\/wp-json\/wp\/v2\/users\/3"}],"replies":[{"embeddable":true,"href":"https:\/\/www.noticiasradioreflejos.com.ar\/2021\/wp-json\/wp\/v2\/comments?post=48719"}],"version-history":[{"count":0,"href":"https:\/\/www.noticiasradioreflejos.com.ar\/2021\/wp-json\/wp\/v2\/posts\/48719\/revisions"}],"wp:attachment":[{"href":"https:\/\/www.noticiasradioreflejos.com.ar\/2021\/wp-json\/wp\/v2\/media?parent=48719"}],"wp:term":[{"taxonomy":"category","embeddable":true,"href":"https:\/\/www.noticiasradioreflejos.com.ar\/2021\/wp-json\/wp\/v2\/categories?post=48719"},{"taxonomy":"post_tag","embeddable":true,"href":"https:\/\/www.noticiasradioreflejos.com.ar\/2021\/wp-json\/wp\/v2\/tags?post=48719"}],"curies":[{"name":"wp","href":"https:\/\/api.w.org\/{rel}","templated":true}]}}