{"id":48692,"date":"2020-10-29T12:15:11","date_gmt":"2020-10-29T15:15:11","guid":{"rendered":"http:\/\/www.noticiasradioreflejos.com.ar\/noticias\/?p=48692"},"modified":"2020-10-29T12:15:11","modified_gmt":"2020-10-29T15:15:11","slug":"previaje-se-extendio-el-plazo-para-acceder-a-reintegros-con-tus-compras-para-viajar-en-enero-y-febrero-de-2021-hasta-el-15-de-noviembre","status":"publish","type":"post","link":"https:\/\/www.noticiasradioreflejos.com.ar\/2021\/previaje-se-extendio-el-plazo-para-acceder-a-reintegros-con-tus-compras-para-viajar-en-enero-y-febrero-de-2021-hasta-el-15-de-noviembre\/","title":{"rendered":"Previaje: se extendi\u00f3 el plazo para acceder a reintegros con tus compras para viajar en enero y febrero de 2021, hasta el 15 de noviembre"},"content":{"rendered":"<p>El programa busca impulsar la actividad en todos los destinos del pa\u00eds.<!--more--><\/p>\n<p>El Ministerio de Turismo y Deportes de la Naci\u00f3n anunci\u00f3 hoy la extensi\u00f3n hasta el 15 de noviembre del plazo establecido para la compra de servicios tur\u00edsticos para viajar en enero y febrero de 2021 y quieran acceder a los reintegros del 50 por ciento en el marco del programa Previaje.<\/p>\n<p>La pr\u00f3rroga hab\u00eda sido solicitada por los empresarios del sector con el prop\u00f3sito de maximizar el aprovechamiento de los beneficios de este programa de preventa tur\u00edstica que busca impulsar la reactivaci\u00f3n de uno de los rubros m\u00e1s golpeados por la pandemia.<\/p>\n<p>La promoci\u00f3n abarca los alojamientos, agencias de viajes, transporte, excursiones, centros tur\u00edsticos, alquiler de autom\u00f3viles y equipamiento, atractivos tur\u00edsticos, gastronom\u00eda, entretenimiento y ocio, productos regionales, ferias y convenciones y otros servicios tur\u00edsticos.<\/p>\n","protected":false},"excerpt":{"rendered":"<p>El programa busca impulsar la actividad en todos los destinos del pa\u00eds.<\/p>\n","protected":false},"author":3,"featured_media":0,"comment_status":"closed","ping_status":"open","sticky":false,"template":"","format":"standard","meta":{"footnotes":""},"categories":[33],"tags":[],"class_list":["post-48692","post","type-post","status-publish","format-standard","hentry","category-turismo"],"yoast_head":"<!-- This site is optimized with the Yoast SEO plugin v25.9 - https:\/\/yoast.com\/wordpress\/plugins\/seo\/ -->\n<title>Previaje: se extendi\u00f3 el plazo para acceder a reintegros con tus compras para viajar en enero y febrero de 2021, hasta el 15 de noviembre - Noticias Radio Reflejos<\/title>\n<meta name=\"robots\" content=\"index, follow, max-snippet:-1, max-image-preview:large, max-video-preview:-1\" \/>\n<link rel=\"canonical\" href=\"https:\/\/www.noticiasradioreflejos.com.ar\/2021\/previaje-se-extendio-el-plazo-para-acceder-a-reintegros-con-tus-compras-para-viajar-en-enero-y-febrero-de-2021-hasta-el-15-de-noviembre\/\" \/>\n<meta property=\"og:locale\" content=\"es_ES\" \/>\n<meta property=\"og:type\" content=\"article\" \/>\n<meta property=\"og:title\" content=\"Previaje: se extendi\u00f3 el plazo para acceder a reintegros con tus compras para viajar en enero y febrero de 2021, hasta el 15 de noviembre - Noticias Radio Reflejos\" \/>\n<meta property=\"og:description\" content=\"El programa busca impulsar la actividad en todos los destinos del pa\u00eds.\" \/>\n<meta property=\"og:url\" content=\"https:\/\/www.noticiasradioreflejos.com.ar\/2021\/previaje-se-extendio-el-plazo-para-acceder-a-reintegros-con-tus-compras-para-viajar-en-enero-y-febrero-de-2021-hasta-el-15-de-noviembre\/\" \/>\n<meta property=\"og:site_name\" content=\"Noticias Radio Reflejos\" \/>\n<meta property=\"article:published_time\" content=\"2020-10-29T15:15:11+00:00\" \/>\n<meta property=\"og:image\" content=\"https:\/\/www.noticiasradioreflejos.com.ar\/2021\/wp-content\/uploads\/2021\/07\/logosol300x200.png\" \/>\n\t<meta property=\"og:image:width\" content=\"300\" \/>\n\t<meta property=\"og:image:height\" content=\"200\" \/>\n\t<meta property=\"og:image:type\" content=\"image\/png\" \/>\n<meta name=\"author\" content=\"Arnaldo Botto\" \/>\n<meta name=\"twitter:card\" content=\"summary_large_image\" \/>\n<script type=\"application\/ld+json\" class=\"yoast-schema-graph\">{\"@context\":\"https:\/\/schema.org\",\"@graph\":[{\"@type\":\"WebPage\",\"@id\":\"https:\/\/www.noticiasradioreflejos.com.ar\/2021\/previaje-se-extendio-el-plazo-para-acceder-a-reintegros-con-tus-compras-para-viajar-en-enero-y-febrero-de-2021-hasta-el-15-de-noviembre\/\",\"url\":\"https:\/\/www.noticiasradioreflejos.com.ar\/2021\/previaje-se-extendio-el-plazo-para-acceder-a-reintegros-con-tus-compras-para-viajar-en-enero-y-febrero-de-2021-hasta-el-15-de-noviembre\/\",\"name\":\"Previaje: se extendi\u00f3 el plazo para acceder a reintegros con tus compras para viajar en enero y febrero de 2021, hasta el 15 de noviembre - Noticias Radio Reflejos\",\"isPartOf\":{\"@id\":\"https:\/\/www.noticiasradioreflejos.com.ar\/2021\/#website\"},\"datePublished\":\"2020-10-29T15:15:11+00:00\",\"author\":{\"@id\":\"https:\/\/www.noticiasradioreflejos.com.ar\/2021\/#\/schema\/person\/ad82545263dcc5ec0996818884fd5fb1\"},\"breadcrumb\":{\"@id\":\"https:\/\/www.noticiasradioreflejos.com.ar\/2021\/previaje-se-extendio-el-plazo-para-acceder-a-reintegros-con-tus-compras-para-viajar-en-enero-y-febrero-de-2021-hasta-el-15-de-noviembre\/#breadcrumb\"},\"inLanguage\":\"es\",\"potentialAction\":[{\"@type\":\"ReadAction\",\"target\":[\"https:\/\/www.noticiasradioreflejos.com.ar\/2021\/previaje-se-extendio-el-plazo-para-acceder-a-reintegros-con-tus-compras-para-viajar-en-enero-y-febrero-de-2021-hasta-el-15-de-noviembre\/\"]}]},{\"@type\":\"BreadcrumbList\",\"@id\":\"https:\/\/www.noticiasradioreflejos.com.ar\/2021\/previaje-se-extendio-el-plazo-para-acceder-a-reintegros-con-tus-compras-para-viajar-en-enero-y-febrero-de-2021-hasta-el-15-de-noviembre\/#breadcrumb\",\"itemListElement\":[{\"@type\":\"ListItem\",\"position\":1,\"name\":\"Portada\",\"item\":\"https:\/\/www.noticiasradioreflejos.com.ar\/2021\/\"},{\"@type\":\"ListItem\",\"position\":2,\"name\":\"Previaje: se extendi\u00f3 el plazo para acceder a reintegros con tus compras para viajar en enero y febrero de 2021, hasta el 15 de noviembre\"}]},{\"@type\":\"WebSite\",\"@id\":\"https:\/\/www.noticiasradioreflejos.com.ar\/2021\/#website\",\"url\":\"https:\/\/www.noticiasradioreflejos.com.ar\/2021\/\",\"name\":\"Noticias Radio Reflejos\",\"description\":\"Las noticias de mi comarca\",\"potentialAction\":[{\"@type\":\"SearchAction\",\"target\":{\"@type\":\"EntryPoint\",\"urlTemplate\":\"https:\/\/www.noticiasradioreflejos.com.ar\/2021\/?s={search_term_string}\"},\"query-input\":{\"@type\":\"PropertyValueSpecification\",\"valueRequired\":true,\"valueName\":\"search_term_string\"}}],\"inLanguage\":\"es\"},{\"@type\":\"Person\",\"@id\":\"https:\/\/www.noticiasradioreflejos.com.ar\/2021\/#\/schema\/person\/ad82545263dcc5ec0996818884fd5fb1\",\"name\":\"Arnaldo Botto\",\"image\":{\"@type\":\"ImageObject\",\"inLanguage\":\"es\",\"@id\":\"https:\/\/www.noticiasradioreflejos.com.ar\/2021\/#\/schema\/person\/image\/\",\"url\":\"https:\/\/secure.gravatar.com\/avatar\/55cb5e37c1efa326397366e6974cb338056df65cb50e7d64d1cf314e87504837?s=96&d=mm&r=g\",\"contentUrl\":\"https:\/\/secure.gravatar.com\/avatar\/55cb5e37c1efa326397366e6974cb338056df65cb50e7d64d1cf314e87504837?s=96&d=mm&r=g\",\"caption\":\"Arnaldo Botto\"},\"url\":\"https:\/\/www.noticiasradioreflejos.com.ar\/2021\/author\/arnaldo\/\"}]}<\/script>\n<!-- \/ Yoast SEO plugin. -->","yoast_head_json":{"title":"Previaje: se extendi\u00f3 el plazo para acceder a reintegros con tus compras para viajar en enero y febrero de 2021, hasta el 15 de noviembre - Noticias Radio Reflejos","robots":{"index":"index","follow":"follow","max-snippet":"max-snippet:-1","max-image-preview":"max-image-preview:large","max-video-preview":"max-video-preview:-1"},"canonical":"https:\/\/www.noticiasradioreflejos.com.ar\/2021\/previaje-se-extendio-el-plazo-para-acceder-a-reintegros-con-tus-compras-para-viajar-en-enero-y-febrero-de-2021-hasta-el-15-de-noviembre\/","og_locale":"es_ES","og_type":"article","og_title":"Previaje: se extendi\u00f3 el plazo para acceder a reintegros con tus compras para viajar en enero y febrero de 2021, hasta el 15 de noviembre - Noticias Radio Reflejos","og_description":"El programa busca impulsar la actividad en todos los destinos del pa\u00eds.","og_url":"https:\/\/www.noticiasradioreflejos.com.ar\/2021\/previaje-se-extendio-el-plazo-para-acceder-a-reintegros-con-tus-compras-para-viajar-en-enero-y-febrero-de-2021-hasta-el-15-de-noviembre\/","og_site_name":"Noticias Radio Reflejos","article_published_time":"2020-10-29T15:15:11+00:00","og_image":[{"width":300,"height":200,"url":"https:\/\/www.noticiasradioreflejos.com.ar\/2021\/wp-content\/uploads\/2021\/07\/logosol300x200.png","type":"image\/png"}],"author":"Arnaldo Botto","twitter_card":"summary_large_image","schema":{"@context":"https:\/\/schema.org","@graph":[{"@type":"WebPage","@id":"https:\/\/www.noticiasradioreflejos.com.ar\/2021\/previaje-se-extendio-el-plazo-para-acceder-a-reintegros-con-tus-compras-para-viajar-en-enero-y-febrero-de-2021-hasta-el-15-de-noviembre\/","url":"https:\/\/www.noticiasradioreflejos.com.ar\/2021\/previaje-se-extendio-el-plazo-para-acceder-a-reintegros-con-tus-compras-para-viajar-en-enero-y-febrero-de-2021-hasta-el-15-de-noviembre\/","name":"Previaje: se extendi\u00f3 el plazo para acceder a reintegros con tus compras para viajar en enero y febrero de 2021, hasta el 15 de noviembre - Noticias Radio Reflejos","isPartOf":{"@id":"https:\/\/www.noticiasradioreflejos.com.ar\/2021\/#website"},"datePublished":"2020-10-29T15:15:11+00:00","author":{"@id":"https:\/\/www.noticiasradioreflejos.com.ar\/2021\/#\/schema\/person\/ad82545263dcc5ec0996818884fd5fb1"},"breadcrumb":{"@id":"https:\/\/www.noticiasradioreflejos.com.ar\/2021\/previaje-se-extendio-el-plazo-para-acceder-a-reintegros-con-tus-compras-para-viajar-en-enero-y-febrero-de-2021-hasta-el-15-de-noviembre\/#breadcrumb"},"inLanguage":"es","potentialAction":[{"@type":"ReadAction","target":["https:\/\/www.noticiasradioreflejos.com.ar\/2021\/previaje-se-extendio-el-plazo-para-acceder-a-reintegros-con-tus-compras-para-viajar-en-enero-y-febrero-de-2021-hasta-el-15-de-noviembre\/"]}]},{"@type":"BreadcrumbList","@id":"https:\/\/www.noticiasradioreflejos.com.ar\/2021\/previaje-se-extendio-el-plazo-para-acceder-a-reintegros-con-tus-compras-para-viajar-en-enero-y-febrero-de-2021-hasta-el-15-de-noviembre\/#breadcrumb","itemListElement":[{"@type":"ListItem","position":1,"name":"Portada","item":"https:\/\/www.noticiasradioreflejos.com.ar\/2021\/"},{"@type":"ListItem","position":2,"name":"Previaje: se extendi\u00f3 el plazo para acceder a reintegros con tus compras para viajar en enero y febrero de 2021, hasta el 15 de noviembre"}]},{"@type":"WebSite","@id":"https:\/\/www.noticiasradioreflejos.com.ar\/2021\/#website","url":"https:\/\/www.noticiasradioreflejos.com.ar\/2021\/","name":"Noticias Radio Reflejos","description":"Las noticias de mi comarca","potentialAction":[{"@type":"SearchAction","target":{"@type":"EntryPoint","urlTemplate":"https:\/\/www.noticiasradioreflejos.com.ar\/2021\/?s={search_term_string}"},"query-input":{"@type":"PropertyValueSpecification","valueRequired":true,"valueName":"search_term_string"}}],"inLanguage":"es"},{"@type":"Person","@id":"https:\/\/www.noticiasradioreflejos.com.ar\/2021\/#\/schema\/person\/ad82545263dcc5ec0996818884fd5fb1","name":"Arnaldo Botto","image":{"@type":"ImageObject","inLanguage":"es","@id":"https:\/\/www.noticiasradioreflejos.com.ar\/2021\/#\/schema\/person\/image\/","url":"https:\/\/secure.gravatar.com\/avatar\/55cb5e37c1efa326397366e6974cb338056df65cb50e7d64d1cf314e87504837?s=96&d=mm&r=g","contentUrl":"https:\/\/secure.gravatar.com\/avatar\/55cb5e37c1efa326397366e6974cb338056df65cb50e7d64d1cf314e87504837?s=96&d=mm&r=g","caption":"Arnaldo Botto"},"url":"https:\/\/www.noticiasradioreflejos.com.ar\/2021\/author\/arnaldo\/"}]}},"_links":{"self":[{"href":"https:\/\/www.noticiasradioreflejos.com.ar\/2021\/wp-json\/wp\/v2\/posts\/48692","targetHints":{"allow":["GET"]}}],"collection":[{"href":"https:\/\/www.noticiasradioreflejos.com.ar\/2021\/wp-json\/wp\/v2\/posts"}],"about":[{"href":"https:\/\/www.noticiasradioreflejos.com.ar\/2021\/wp-json\/wp\/v2\/types\/post"}],"author":[{"embeddable":true,"href":"https:\/\/www.noticiasradioreflejos.com.ar\/2021\/wp-json\/wp\/v2\/users\/3"}],"replies":[{"embeddable":true,"href":"https:\/\/www.noticiasradioreflejos.com.ar\/2021\/wp-json\/wp\/v2\/comments?post=48692"}],"version-history":[{"count":0,"href":"https:\/\/www.noticiasradioreflejos.com.ar\/2021\/wp-json\/wp\/v2\/posts\/48692\/revisions"}],"wp:attachment":[{"href":"https:\/\/www.noticiasradioreflejos.com.ar\/2021\/wp-json\/wp\/v2\/media?parent=48692"}],"wp:term":[{"taxonomy":"category","embeddable":true,"href":"https:\/\/www.noticiasradioreflejos.com.ar\/2021\/wp-json\/wp\/v2\/categories?post=48692"},{"taxonomy":"post_tag","embeddable":true,"href":"https:\/\/www.noticiasradioreflejos.com.ar\/2021\/wp-json\/wp\/v2\/tags?post=48692"}],"curies":[{"name":"wp","href":"https:\/\/api.w.org\/{rel}","templated":true}]}}