{"id":48691,"date":"2020-10-29T14:45:44","date_gmt":"2020-10-29T17:45:44","guid":{"rendered":"http:\/\/www.noticiasradioreflejos.com.ar\/noticias\/?p=48691"},"modified":"2020-10-29T14:45:44","modified_gmt":"2020-10-29T17:45:44","slug":"cubre-200-mil-has-con-energia-e-internet-ejes-del-desarrollo-desafios-que-afronta-la-celt-ltda-nota-con-alberto-rubio","status":"publish","type":"post","link":"https:\/\/www.noticiasradioreflejos.com.ar\/2021\/cubre-200-mil-has-con-energia-e-internet-ejes-del-desarrollo-desafios-que-afronta-la-celt-ltda-nota-con-alberto-rubio\/","title":{"rendered":"Cubre 200 mil hect\u00e1reas con Energ\u00eda e Internet, ejes del desarrollo. Desaf\u00edos que afronta la CELT. Nota con Alberto Rubio."},"content":{"rendered":"<p>Esta ma\u00f1ana conversamos con <strong>Alberto &#8216;Beto&#8217; Rubio,<\/strong> Presidente del Consejo de Administraci\u00f3n de la <strong>Cooperativa El\u00e9ctrica Limitada de Tornquist,<\/strong> una de las empresas m\u00e1s importantes de nuestro distrito. En esta nota, Beto desarrolla el rol de la CELT como proveedora de servicios en Tornquist y explica un poco de la situaci\u00f3n actual de las cooperativas en general.<!--more--><\/p>\n<p>La CELT es una de las empresas m\u00e1s grandes de Tornquist, no s\u00f3lo porque cubre unas 200.000 hect\u00e1reas del Distrito, sino tambi\u00e9n por los servicios que brinda: energ\u00eda, telefon\u00eda fija, telefon\u00eda m\u00f3vil, cable e internet. Hoy en d\u00eda, la empresa cuenta con 43 empleados que cubren todos los servicios. \u00abLa cooperativa no es una empresa que tiene que dar rentabilidad, es una empresa que vuelca todos los excedentes en obras y en el bienestar de la sociedad\u00bb, describi\u00f3 Alberto a la Cooperativa en cuesti\u00f3n.<\/p>\n<p>Con el correr de los \u00faltimos 5 a\u00f1os, la CELT ha funcionado bajo el cambio de los frentes que la dirigen, dependiendo de los gobiernos de turno, sufriendo aumentos de precios de los servicios, obligando a los usuarios a pagar hasta 10 veces m\u00e1s de lo que ven\u00edan abonando. Con la cuarentena, la problem\u00e1tica econ\u00f3mica ha incrementado y afrontar los gastos de los servicios se ha vuelto m\u00e1s dif\u00edcil que antes para las familias. &#8216;Beto&#8217; nos comparte su visi\u00f3n acerca de esto: \u00abHasta el 2015, durante 12 a\u00f1os hubo un aumento del 62 % del costo de la energ\u00eda. El precio de la energ\u00eda, la forma de comercializarla y la rentabilidad que le queda a la cooperativa, es fijado por el Estado. Durante esos a\u00f1os el gobierno manej\u00f3 para las cooperativas una serie de subsidios porque sino era inviable la distribuci\u00f3n. Con el per\u00edodo del anterior gobierno los aumentos fueron terribles, del 198 %, pero no fueron proporcionales a la rentabilidad de las cooperativas porque se reduc\u00eda el porcentaje de ganancias. Ahora, con el tema de la pandemia, contin\u00faa siendo m\u00e1s preocupante. A partir del 8 de Marzo no se pudieron cortar los servicios, pero la cooperativa no cobra y tiene que pagar la energ\u00eda. Esa es la situaci\u00f3n de las cooperativas en este momento\u00bb.<\/p>\n<p>Cuando le pedimos que nos comparta su opini\u00f3n acerca de que mucha gente de las grandes ciudades tiene en vista nuestro distrito como un potencial lugar para mudarse y as\u00ed tener una mejor calidad de vida, Beto habl\u00f3 sobre cu\u00e1l ser\u00eda el rol de las cooperativas en estas circunstancias: \u00abEl tema energ\u00eda es fundamental. M\u00e1s all\u00e1 de esta explosi\u00f3n de la pandemia, las cooperativas desde Marzo del 2014 estamos tramitando la ampliaci\u00f3n de la distribuci\u00f3n de la subestaci\u00f3n de Transba. En Agosto tuvimos una reuni\u00f3n donde se trat\u00f3 esta problem\u00e1tica y venimos trabajando partiendo de la informaci\u00f3n de la nueva necesidad que tiene cada cooperativa. Con la explosi\u00f3n que hay ahora, se exige un consumo m\u00e1s grande. En 10 a\u00f1os, necesitar\u00edamos otro transformador de 30 MW( megavatios)\u00bb.<\/p>\n<p>En cuanto al servicio de Internet, manifest\u00f3:<\/p>\n<p>\u00abTuvimos que pedir una ampliaci\u00f3n. Cuando empez\u00f3 la pandemia ten\u00edamos muchos servicios que se conectaron en las casas por las clases virtuales\u00bb, mencion\u00f3 Alberto cuando hicimos referencia a que, bajo las circunstancias actuales de distanciamiento social, internet se ha vuelto el centro de la comunicaci\u00f3n y el contacto social y que la CELT es una de las grandes proveedoras del servicio en nuestro distrito. Aunque el presidente de la Cooperativa El\u00e9ctrica de Tornquist admiti\u00f3 que \u00abTuvimos algunos problemitas de coordinaci\u00f3n entre el Estado que es proveedor y el estado que viene a hacer las obras, pero lo pudimos suplir y se pudo ampliar\u00bb.<\/p>\n<p>\u00abDestacar la buena comunicaci\u00f3n y el trabajo en conjunto que venimos haciendo entre las 4 Cooperativas del Distrito desde hace mucho tiempo, es muy valorable. M\u00e1s all\u00e1 de lo institucional, tienen mucho que ver los dirigentes que est\u00e1n a cargo de cada Cooperativa de poder mantener esta excelente relaci\u00f3n y el compromiso mutuo ante cualquier problema\u00bb, expres\u00f3 finalmente.<\/p>\n<p>Nota completa a continuaci\u00f3n:<br \/>\n<iframe loading=\"lazy\" src=\"https:\/\/w.soundcloud.com\/player\/?url=https%3A\/\/api.soundcloud.com\/tracks\/919599373&amp;color=%23ff5500&amp;auto_play=false&amp;hide_related=false&amp;show_comments=true&amp;show_user=true&amp;show_reposts=false&amp;show_teaser=true&amp;visual=true\" width=\"100%\" height=\"300\" frameborder=\"no\" scrolling=\"no\"><\/iframe><\/p>\n<div style=\"font-size: 10px; color: #cccccc; line-break: anywhere; word-break: normal; overflow: hidden; white-space: nowrap; text-overflow: ellipsis; font-family: Interstate,Lucida Grande,Lucida Sans Unicode,Lucida Sans,Garuda,Verdana,Tahoma,sans-serif; font-weight: 100;\"><a style=\"color: #cccccc; text-decoration: none;\" title=\"fmreflejos 103.7\" href=\"https:\/\/soundcloud.com\/fmreflejos-103-7\" target=\"_blank\" rel=\"noopener\">fmreflejos 103.7<\/a> \u00b7 <a style=\"color: #cccccc; text-decoration: none;\" title=\"Nota Alberto Rubio\" href=\"https:\/\/soundcloud.com\/fmreflejos-103-7\/nota-alberto-rubio\" target=\"_blank\" rel=\"noopener\">Nota Alberto Rubio<\/a><\/div>\n","protected":false},"excerpt":{"rendered":"<p>Esta ma\u00f1ana conversamos con Alberto &#8216;Beto&#8217; Rubio, Presidente del Consejo de Administraci\u00f3n de la Cooperativa El\u00e9ctrica Limitada de Tornquist, una de las empresas m\u00e1s importantes de nuestro distrito. En esta nota, Beto desarrolla el rol de la CELT como proveedora de servicios en Tornquist y explica un poco de la situaci\u00f3n actual de las cooperativas [&hellip;]<\/p>\n","protected":false},"author":3,"featured_media":48706,"comment_status":"closed","ping_status":"open","sticky":false,"template":"","format":"standard","meta":{"footnotes":""},"categories":[26],"tags":[],"class_list":["post-48691","post","type-post","status-publish","format-standard","has-post-thumbnail","hentry","category-sociedad"],"yoast_head":"<!-- This site is optimized with the Yoast SEO plugin v25.9 - https:\/\/yoast.com\/wordpress\/plugins\/seo\/ -->\n<title>Cubre 200 mil hect\u00e1reas con Energ\u00eda e Internet, ejes del desarrollo. Desaf\u00edos que afronta la CELT. Nota con Alberto Rubio. - Noticias Radio Reflejos<\/title>\n<meta name=\"robots\" content=\"index, follow, max-snippet:-1, max-image-preview:large, max-video-preview:-1\" \/>\n<link rel=\"canonical\" href=\"https:\/\/www.noticiasradioreflejos.com.ar\/2021\/cubre-200-mil-has-con-energia-e-internet-ejes-del-desarrollo-desafios-que-afronta-la-celt-ltda-nota-con-alberto-rubio\/\" \/>\n<meta property=\"og:locale\" content=\"es_ES\" \/>\n<meta property=\"og:type\" content=\"article\" \/>\n<meta property=\"og:title\" content=\"Cubre 200 mil hect\u00e1reas con Energ\u00eda e Internet, ejes del desarrollo. Desaf\u00edos que afronta la CELT. Nota con Alberto Rubio. - Noticias Radio Reflejos\" \/>\n<meta property=\"og:description\" content=\"Esta ma\u00f1ana conversamos con Alberto &#8216;Beto&#8217; Rubio, Presidente del Consejo de Administraci\u00f3n de la Cooperativa El\u00e9ctrica Limitada de Tornquist, una de las empresas m\u00e1s importantes de nuestro distrito. En esta nota, Beto desarrolla el rol de la CELT como proveedora de servicios en Tornquist y explica un poco de la situaci\u00f3n actual de las cooperativas [&hellip;]\" \/>\n<meta property=\"og:url\" content=\"https:\/\/www.noticiasradioreflejos.com.ar\/2021\/cubre-200-mil-has-con-energia-e-internet-ejes-del-desarrollo-desafios-que-afronta-la-celt-ltda-nota-con-alberto-rubio\/\" \/>\n<meta property=\"og:site_name\" content=\"Noticias Radio Reflejos\" \/>\n<meta property=\"article:published_time\" content=\"2020-10-29T17:45:44+00:00\" \/>\n<meta property=\"og:image\" content=\"https:\/\/www.noticiasradioreflejos.com.ar\/2021\/wp-content\/uploads\/2021\/07\/logosol300x200.png\" \/>\n\t<meta property=\"og:image:width\" content=\"300\" \/>\n\t<meta property=\"og:image:height\" content=\"200\" \/>\n\t<meta property=\"og:image:type\" content=\"image\/png\" \/>\n<meta name=\"author\" content=\"Arnaldo Botto\" \/>\n<meta name=\"twitter:card\" content=\"summary_large_image\" \/>\n<script type=\"application\/ld+json\" class=\"yoast-schema-graph\">{\"@context\":\"https:\/\/schema.org\",\"@graph\":[{\"@type\":\"WebPage\",\"@id\":\"https:\/\/www.noticiasradioreflejos.com.ar\/2021\/cubre-200-mil-has-con-energia-e-internet-ejes-del-desarrollo-desafios-que-afronta-la-celt-ltda-nota-con-alberto-rubio\/\",\"url\":\"https:\/\/www.noticiasradioreflejos.com.ar\/2021\/cubre-200-mil-has-con-energia-e-internet-ejes-del-desarrollo-desafios-que-afronta-la-celt-ltda-nota-con-alberto-rubio\/\",\"name\":\"Cubre 200 mil hect\u00e1reas con Energ\u00eda e Internet, ejes del desarrollo. Desaf\u00edos que afronta la CELT. Nota con Alberto Rubio. - Noticias Radio Reflejos\",\"isPartOf\":{\"@id\":\"https:\/\/www.noticiasradioreflejos.com.ar\/2021\/#website\"},\"primaryImageOfPage\":{\"@id\":\"https:\/\/www.noticiasradioreflejos.com.ar\/2021\/cubre-200-mil-has-con-energia-e-internet-ejes-del-desarrollo-desafios-que-afronta-la-celt-ltda-nota-con-alberto-rubio\/#primaryimage\"},\"image\":{\"@id\":\"https:\/\/www.noticiasradioreflejos.com.ar\/2021\/cubre-200-mil-has-con-energia-e-internet-ejes-del-desarrollo-desafios-que-afronta-la-celt-ltda-nota-con-alberto-rubio\/#primaryimage\"},\"thumbnailUrl\":\"\",\"datePublished\":\"2020-10-29T17:45:44+00:00\",\"author\":{\"@id\":\"https:\/\/www.noticiasradioreflejos.com.ar\/2021\/#\/schema\/person\/ad82545263dcc5ec0996818884fd5fb1\"},\"breadcrumb\":{\"@id\":\"https:\/\/www.noticiasradioreflejos.com.ar\/2021\/cubre-200-mil-has-con-energia-e-internet-ejes-del-desarrollo-desafios-que-afronta-la-celt-ltda-nota-con-alberto-rubio\/#breadcrumb\"},\"inLanguage\":\"es\",\"potentialAction\":[{\"@type\":\"ReadAction\",\"target\":[\"https:\/\/www.noticiasradioreflejos.com.ar\/2021\/cubre-200-mil-has-con-energia-e-internet-ejes-del-desarrollo-desafios-que-afronta-la-celt-ltda-nota-con-alberto-rubio\/\"]}]},{\"@type\":\"ImageObject\",\"inLanguage\":\"es\",\"@id\":\"https:\/\/www.noticiasradioreflejos.com.ar\/2021\/cubre-200-mil-has-con-energia-e-internet-ejes-del-desarrollo-desafios-que-afronta-la-celt-ltda-nota-con-alberto-rubio\/#primaryimage\",\"url\":\"\",\"contentUrl\":\"\"},{\"@type\":\"BreadcrumbList\",\"@id\":\"https:\/\/www.noticiasradioreflejos.com.ar\/2021\/cubre-200-mil-has-con-energia-e-internet-ejes-del-desarrollo-desafios-que-afronta-la-celt-ltda-nota-con-alberto-rubio\/#breadcrumb\",\"itemListElement\":[{\"@type\":\"ListItem\",\"position\":1,\"name\":\"Portada\",\"item\":\"https:\/\/www.noticiasradioreflejos.com.ar\/2021\/\"},{\"@type\":\"ListItem\",\"position\":2,\"name\":\"Cubre 200 mil hect\u00e1reas con Energ\u00eda e Internet, ejes del desarrollo. Desaf\u00edos que afronta la CELT. Nota con Alberto Rubio.\"}]},{\"@type\":\"WebSite\",\"@id\":\"https:\/\/www.noticiasradioreflejos.com.ar\/2021\/#website\",\"url\":\"https:\/\/www.noticiasradioreflejos.com.ar\/2021\/\",\"name\":\"Noticias Radio Reflejos\",\"description\":\"Las noticias de mi comarca\",\"potentialAction\":[{\"@type\":\"SearchAction\",\"target\":{\"@type\":\"EntryPoint\",\"urlTemplate\":\"https:\/\/www.noticiasradioreflejos.com.ar\/2021\/?s={search_term_string}\"},\"query-input\":{\"@type\":\"PropertyValueSpecification\",\"valueRequired\":true,\"valueName\":\"search_term_string\"}}],\"inLanguage\":\"es\"},{\"@type\":\"Person\",\"@id\":\"https:\/\/www.noticiasradioreflejos.com.ar\/2021\/#\/schema\/person\/ad82545263dcc5ec0996818884fd5fb1\",\"name\":\"Arnaldo Botto\",\"image\":{\"@type\":\"ImageObject\",\"inLanguage\":\"es\",\"@id\":\"https:\/\/www.noticiasradioreflejos.com.ar\/2021\/#\/schema\/person\/image\/\",\"url\":\"https:\/\/secure.gravatar.com\/avatar\/55cb5e37c1efa326397366e6974cb338056df65cb50e7d64d1cf314e87504837?s=96&d=mm&r=g\",\"contentUrl\":\"https:\/\/secure.gravatar.com\/avatar\/55cb5e37c1efa326397366e6974cb338056df65cb50e7d64d1cf314e87504837?s=96&d=mm&r=g\",\"caption\":\"Arnaldo Botto\"},\"url\":\"https:\/\/www.noticiasradioreflejos.com.ar\/2021\/author\/arnaldo\/\"}]}<\/script>\n<!-- \/ Yoast SEO plugin. -->","yoast_head_json":{"title":"Cubre 200 mil hect\u00e1reas con Energ\u00eda e Internet, ejes del desarrollo. Desaf\u00edos que afronta la CELT. Nota con Alberto Rubio. - Noticias Radio Reflejos","robots":{"index":"index","follow":"follow","max-snippet":"max-snippet:-1","max-image-preview":"max-image-preview:large","max-video-preview":"max-video-preview:-1"},"canonical":"https:\/\/www.noticiasradioreflejos.com.ar\/2021\/cubre-200-mil-has-con-energia-e-internet-ejes-del-desarrollo-desafios-que-afronta-la-celt-ltda-nota-con-alberto-rubio\/","og_locale":"es_ES","og_type":"article","og_title":"Cubre 200 mil hect\u00e1reas con Energ\u00eda e Internet, ejes del desarrollo. Desaf\u00edos que afronta la CELT. Nota con Alberto Rubio. - Noticias Radio Reflejos","og_description":"Esta ma\u00f1ana conversamos con Alberto &#8216;Beto&#8217; Rubio, Presidente del Consejo de Administraci\u00f3n de la Cooperativa El\u00e9ctrica Limitada de Tornquist, una de las empresas m\u00e1s importantes de nuestro distrito. En esta nota, Beto desarrolla el rol de la CELT como proveedora de servicios en Tornquist y explica un poco de la situaci\u00f3n actual de las cooperativas [&hellip;]","og_url":"https:\/\/www.noticiasradioreflejos.com.ar\/2021\/cubre-200-mil-has-con-energia-e-internet-ejes-del-desarrollo-desafios-que-afronta-la-celt-ltda-nota-con-alberto-rubio\/","og_site_name":"Noticias Radio Reflejos","article_published_time":"2020-10-29T17:45:44+00:00","og_image":[{"width":300,"height":200,"url":"https:\/\/www.noticiasradioreflejos.com.ar\/2021\/wp-content\/uploads\/2021\/07\/logosol300x200.png","type":"image\/png"}],"author":"Arnaldo Botto","twitter_card":"summary_large_image","schema":{"@context":"https:\/\/schema.org","@graph":[{"@type":"WebPage","@id":"https:\/\/www.noticiasradioreflejos.com.ar\/2021\/cubre-200-mil-has-con-energia-e-internet-ejes-del-desarrollo-desafios-que-afronta-la-celt-ltda-nota-con-alberto-rubio\/","url":"https:\/\/www.noticiasradioreflejos.com.ar\/2021\/cubre-200-mil-has-con-energia-e-internet-ejes-del-desarrollo-desafios-que-afronta-la-celt-ltda-nota-con-alberto-rubio\/","name":"Cubre 200 mil hect\u00e1reas con Energ\u00eda e Internet, ejes del desarrollo. Desaf\u00edos que afronta la CELT. Nota con Alberto Rubio. - Noticias Radio Reflejos","isPartOf":{"@id":"https:\/\/www.noticiasradioreflejos.com.ar\/2021\/#website"},"primaryImageOfPage":{"@id":"https:\/\/www.noticiasradioreflejos.com.ar\/2021\/cubre-200-mil-has-con-energia-e-internet-ejes-del-desarrollo-desafios-que-afronta-la-celt-ltda-nota-con-alberto-rubio\/#primaryimage"},"image":{"@id":"https:\/\/www.noticiasradioreflejos.com.ar\/2021\/cubre-200-mil-has-con-energia-e-internet-ejes-del-desarrollo-desafios-que-afronta-la-celt-ltda-nota-con-alberto-rubio\/#primaryimage"},"thumbnailUrl":"","datePublished":"2020-10-29T17:45:44+00:00","author":{"@id":"https:\/\/www.noticiasradioreflejos.com.ar\/2021\/#\/schema\/person\/ad82545263dcc5ec0996818884fd5fb1"},"breadcrumb":{"@id":"https:\/\/www.noticiasradioreflejos.com.ar\/2021\/cubre-200-mil-has-con-energia-e-internet-ejes-del-desarrollo-desafios-que-afronta-la-celt-ltda-nota-con-alberto-rubio\/#breadcrumb"},"inLanguage":"es","potentialAction":[{"@type":"ReadAction","target":["https:\/\/www.noticiasradioreflejos.com.ar\/2021\/cubre-200-mil-has-con-energia-e-internet-ejes-del-desarrollo-desafios-que-afronta-la-celt-ltda-nota-con-alberto-rubio\/"]}]},{"@type":"ImageObject","inLanguage":"es","@id":"https:\/\/www.noticiasradioreflejos.com.ar\/2021\/cubre-200-mil-has-con-energia-e-internet-ejes-del-desarrollo-desafios-que-afronta-la-celt-ltda-nota-con-alberto-rubio\/#primaryimage","url":"","contentUrl":""},{"@type":"BreadcrumbList","@id":"https:\/\/www.noticiasradioreflejos.com.ar\/2021\/cubre-200-mil-has-con-energia-e-internet-ejes-del-desarrollo-desafios-que-afronta-la-celt-ltda-nota-con-alberto-rubio\/#breadcrumb","itemListElement":[{"@type":"ListItem","position":1,"name":"Portada","item":"https:\/\/www.noticiasradioreflejos.com.ar\/2021\/"},{"@type":"ListItem","position":2,"name":"Cubre 200 mil hect\u00e1reas con Energ\u00eda e Internet, ejes del desarrollo. Desaf\u00edos que afronta la CELT. Nota con Alberto Rubio."}]},{"@type":"WebSite","@id":"https:\/\/www.noticiasradioreflejos.com.ar\/2021\/#website","url":"https:\/\/www.noticiasradioreflejos.com.ar\/2021\/","name":"Noticias Radio Reflejos","description":"Las noticias de mi comarca","potentialAction":[{"@type":"SearchAction","target":{"@type":"EntryPoint","urlTemplate":"https:\/\/www.noticiasradioreflejos.com.ar\/2021\/?s={search_term_string}"},"query-input":{"@type":"PropertyValueSpecification","valueRequired":true,"valueName":"search_term_string"}}],"inLanguage":"es"},{"@type":"Person","@id":"https:\/\/www.noticiasradioreflejos.com.ar\/2021\/#\/schema\/person\/ad82545263dcc5ec0996818884fd5fb1","name":"Arnaldo Botto","image":{"@type":"ImageObject","inLanguage":"es","@id":"https:\/\/www.noticiasradioreflejos.com.ar\/2021\/#\/schema\/person\/image\/","url":"https:\/\/secure.gravatar.com\/avatar\/55cb5e37c1efa326397366e6974cb338056df65cb50e7d64d1cf314e87504837?s=96&d=mm&r=g","contentUrl":"https:\/\/secure.gravatar.com\/avatar\/55cb5e37c1efa326397366e6974cb338056df65cb50e7d64d1cf314e87504837?s=96&d=mm&r=g","caption":"Arnaldo Botto"},"url":"https:\/\/www.noticiasradioreflejos.com.ar\/2021\/author\/arnaldo\/"}]}},"_links":{"self":[{"href":"https:\/\/www.noticiasradioreflejos.com.ar\/2021\/wp-json\/wp\/v2\/posts\/48691","targetHints":{"allow":["GET"]}}],"collection":[{"href":"https:\/\/www.noticiasradioreflejos.com.ar\/2021\/wp-json\/wp\/v2\/posts"}],"about":[{"href":"https:\/\/www.noticiasradioreflejos.com.ar\/2021\/wp-json\/wp\/v2\/types\/post"}],"author":[{"embeddable":true,"href":"https:\/\/www.noticiasradioreflejos.com.ar\/2021\/wp-json\/wp\/v2\/users\/3"}],"replies":[{"embeddable":true,"href":"https:\/\/www.noticiasradioreflejos.com.ar\/2021\/wp-json\/wp\/v2\/comments?post=48691"}],"version-history":[{"count":0,"href":"https:\/\/www.noticiasradioreflejos.com.ar\/2021\/wp-json\/wp\/v2\/posts\/48691\/revisions"}],"wp:featuredmedia":[{"embeddable":true,"href":"https:\/\/www.noticiasradioreflejos.com.ar\/2021\/wp-json\/"}],"wp:attachment":[{"href":"https:\/\/www.noticiasradioreflejos.com.ar\/2021\/wp-json\/wp\/v2\/media?parent=48691"}],"wp:term":[{"taxonomy":"category","embeddable":true,"href":"https:\/\/www.noticiasradioreflejos.com.ar\/2021\/wp-json\/wp\/v2\/categories?post=48691"},{"taxonomy":"post_tag","embeddable":true,"href":"https:\/\/www.noticiasradioreflejos.com.ar\/2021\/wp-json\/wp\/v2\/tags?post=48691"}],"curies":[{"name":"wp","href":"https:\/\/api.w.org\/{rel}","templated":true}]}}