{"id":48681,"date":"2020-10-29T08:03:52","date_gmt":"2020-10-29T11:03:52","guid":{"rendered":"http:\/\/www.noticiasradioreflejos.com.ar\/noticias\/?p=48681"},"modified":"2020-10-29T08:03:52","modified_gmt":"2020-10-29T11:03:52","slug":"oficializan-la-autorizacion-para-actividades-turisticas-como-prueba-piloto","status":"publish","type":"post","link":"https:\/\/www.noticiasradioreflejos.com.ar\/2021\/oficializan-la-autorizacion-para-actividades-turisticas-como-prueba-piloto\/","title":{"rendered":"Oficializan la autorizaci\u00f3n para actividades tur\u00edsticas como prueba piloto"},"content":{"rendered":"<p>El Gobierno nacional habilit\u00f3 hoy a modo de \u00abprueba piloto\u00bb acciones vinculadas al turismo y al servicio p\u00fablico de transporte Internacional, en el contexto del aislamiento social preventivo y obligatorio (ASPO) dispuesto por la pandemia de coronavirus.<!--more--><\/p>\n<p>As\u00ed qued\u00f3 establecido en la Decisi\u00f3n Administrativa 1949\/2020 publicada hoy en el Bolet\u00edn Oficial, que lleva la firma del jefe de Gabinete, Santiago Cafiero; y del ministro de Salud, Gin\u00e9s Gonz\u00e1lez Garc\u00eda.<\/p>\n<p>La medida establece \u00abla reapertura del turismo receptivo para turistas provenientes de pa\u00edses lim\u00edtrofes que sean nacionales o extranjeros residentes en los mismos, y cuyo destino sea el \u00c1rea Metropolitana de Buenos Aires (AMBA)\u00bb.<\/p>\n<p>Adem\u00e1s, except\u00faa del aislamiento social, preventivo y obligatorio y de la prohibici\u00f3n de circular a las personas que ingresen al pa\u00eds \u00aba los fines contemplados en dicha norma\u00bb, indica el texto.<\/p>\n<p>Por otra parte, establece que la Direcci\u00f3n Nacional de Migraciones \u00abdeterminar\u00e1 y habilitar\u00e1 los pasos internacionales de ingreso al territorio nacional\u00bb.<\/p>\n<p>En tanto, la decisi\u00f3n indica que los ministerio de Turismo y Deportes, de Transporte, de Seguridad y del Interior, y de Salud, adoptar\u00e1n \u00aben el marco de sus respectivas competencias\u00bb las \u00abmedidas que resulten necesarias a los efectos del desarrollo de la actividad autorizada\u00bb.<\/p>\n<p>Asimismo se establece que \u00ablos desplazamientos de las personas afectadas deber\u00e1n limitarse al estricto cumplimiento de las actividades exceptuadas\u00bb.<\/p>\n<p>Agrega que \u00ablos establecimientos o prestadores de servicios que reciban al turismo internacional autorizado o intervengan en la actividad autorizada deber\u00e1n garantizar las condiciones de higiene, seguridad y traslado establecidas para preservar la salud de sus equipos de trabajo, sin la utilizaci\u00f3n del servicio p\u00fablico de transporte de pasajeros interurbano\u00bb.<\/p>\n<p>Las personas habilitadas deber\u00e1n \u00abtramitar el Certificado \u00danico Habilitante para Circulaci\u00f3n &#8211; Emergencia Covid-19, establecido por la Decisi\u00f3n Administrativa N\u00b0 897\/20\u00bb y deber\u00e1n \u00abcumplimentar la declaraci\u00f3n jurada prevista por la Disposici\u00f3n de Migraciones N\u00ba 3025\/20\u00bb, puntualiza la decisi\u00f3n oficial.<\/p>\n<p>Tambi\u00e9n deber\u00e1n cumplimentar \u00abla restante normativa que establezcan las autoridades sanitaria y migratoria nacionales, quienes deber\u00e1n incluir la constancia de PCR -con un m\u00e1ximo de 72 horas de anticipaci\u00f3n- y de un seguro de asistencia m\u00e9dica que comprenda prestaciones de internaci\u00f3n y aislamiento por Covid-19\u00bb.<\/p>\n","protected":false},"excerpt":{"rendered":"<p>El Gobierno nacional habilit\u00f3 hoy a modo de \u00abprueba piloto\u00bb acciones vinculadas al turismo y al servicio p\u00fablico de transporte Internacional, en el contexto del aislamiento social preventivo y obligatorio (ASPO) dispuesto por la pandemia de coronavirus.<\/p>\n","protected":false},"author":3,"featured_media":0,"comment_status":"closed","ping_status":"open","sticky":false,"template":"","format":"standard","meta":{"footnotes":""},"categories":[33],"tags":[],"class_list":["post-48681","post","type-post","status-publish","format-standard","hentry","category-turismo"],"yoast_head":"<!-- This site is optimized with the Yoast SEO plugin v25.9 - https:\/\/yoast.com\/wordpress\/plugins\/seo\/ -->\n<title>Oficializan la autorizaci\u00f3n para actividades tur\u00edsticas como prueba piloto - Noticias Radio Reflejos<\/title>\n<meta name=\"robots\" content=\"index, follow, max-snippet:-1, max-image-preview:large, max-video-preview:-1\" \/>\n<link rel=\"canonical\" href=\"https:\/\/www.noticiasradioreflejos.com.ar\/2021\/oficializan-la-autorizacion-para-actividades-turisticas-como-prueba-piloto\/\" \/>\n<meta property=\"og:locale\" content=\"es_ES\" \/>\n<meta property=\"og:type\" content=\"article\" \/>\n<meta property=\"og:title\" content=\"Oficializan la autorizaci\u00f3n para actividades tur\u00edsticas como prueba piloto - Noticias Radio Reflejos\" \/>\n<meta property=\"og:description\" content=\"El Gobierno nacional habilit\u00f3 hoy a modo de \u00abprueba piloto\u00bb acciones vinculadas al turismo y al servicio p\u00fablico de transporte Internacional, en el contexto del aislamiento social preventivo y obligatorio (ASPO) dispuesto por la pandemia de coronavirus.\" \/>\n<meta property=\"og:url\" content=\"https:\/\/www.noticiasradioreflejos.com.ar\/2021\/oficializan-la-autorizacion-para-actividades-turisticas-como-prueba-piloto\/\" \/>\n<meta property=\"og:site_name\" content=\"Noticias Radio Reflejos\" \/>\n<meta property=\"article:published_time\" content=\"2020-10-29T11:03:52+00:00\" \/>\n<meta property=\"og:image\" content=\"https:\/\/www.noticiasradioreflejos.com.ar\/2021\/wp-content\/uploads\/2021\/07\/logosol300x200.png\" \/>\n\t<meta property=\"og:image:width\" content=\"300\" \/>\n\t<meta property=\"og:image:height\" content=\"200\" \/>\n\t<meta property=\"og:image:type\" content=\"image\/png\" \/>\n<meta name=\"author\" content=\"Arnaldo Botto\" \/>\n<meta name=\"twitter:card\" content=\"summary_large_image\" \/>\n<script type=\"application\/ld+json\" class=\"yoast-schema-graph\">{\"@context\":\"https:\/\/schema.org\",\"@graph\":[{\"@type\":\"WebPage\",\"@id\":\"https:\/\/www.noticiasradioreflejos.com.ar\/2021\/oficializan-la-autorizacion-para-actividades-turisticas-como-prueba-piloto\/\",\"url\":\"https:\/\/www.noticiasradioreflejos.com.ar\/2021\/oficializan-la-autorizacion-para-actividades-turisticas-como-prueba-piloto\/\",\"name\":\"Oficializan la autorizaci\u00f3n para actividades tur\u00edsticas como prueba piloto - Noticias Radio Reflejos\",\"isPartOf\":{\"@id\":\"https:\/\/www.noticiasradioreflejos.com.ar\/2021\/#website\"},\"datePublished\":\"2020-10-29T11:03:52+00:00\",\"author\":{\"@id\":\"https:\/\/www.noticiasradioreflejos.com.ar\/2021\/#\/schema\/person\/ad82545263dcc5ec0996818884fd5fb1\"},\"breadcrumb\":{\"@id\":\"https:\/\/www.noticiasradioreflejos.com.ar\/2021\/oficializan-la-autorizacion-para-actividades-turisticas-como-prueba-piloto\/#breadcrumb\"},\"inLanguage\":\"es\",\"potentialAction\":[{\"@type\":\"ReadAction\",\"target\":[\"https:\/\/www.noticiasradioreflejos.com.ar\/2021\/oficializan-la-autorizacion-para-actividades-turisticas-como-prueba-piloto\/\"]}]},{\"@type\":\"BreadcrumbList\",\"@id\":\"https:\/\/www.noticiasradioreflejos.com.ar\/2021\/oficializan-la-autorizacion-para-actividades-turisticas-como-prueba-piloto\/#breadcrumb\",\"itemListElement\":[{\"@type\":\"ListItem\",\"position\":1,\"name\":\"Portada\",\"item\":\"https:\/\/www.noticiasradioreflejos.com.ar\/2021\/\"},{\"@type\":\"ListItem\",\"position\":2,\"name\":\"Oficializan la autorizaci\u00f3n para actividades tur\u00edsticas como prueba piloto\"}]},{\"@type\":\"WebSite\",\"@id\":\"https:\/\/www.noticiasradioreflejos.com.ar\/2021\/#website\",\"url\":\"https:\/\/www.noticiasradioreflejos.com.ar\/2021\/\",\"name\":\"Noticias Radio Reflejos\",\"description\":\"Las noticias de mi comarca\",\"potentialAction\":[{\"@type\":\"SearchAction\",\"target\":{\"@type\":\"EntryPoint\",\"urlTemplate\":\"https:\/\/www.noticiasradioreflejos.com.ar\/2021\/?s={search_term_string}\"},\"query-input\":{\"@type\":\"PropertyValueSpecification\",\"valueRequired\":true,\"valueName\":\"search_term_string\"}}],\"inLanguage\":\"es\"},{\"@type\":\"Person\",\"@id\":\"https:\/\/www.noticiasradioreflejos.com.ar\/2021\/#\/schema\/person\/ad82545263dcc5ec0996818884fd5fb1\",\"name\":\"Arnaldo Botto\",\"image\":{\"@type\":\"ImageObject\",\"inLanguage\":\"es\",\"@id\":\"https:\/\/www.noticiasradioreflejos.com.ar\/2021\/#\/schema\/person\/image\/\",\"url\":\"https:\/\/secure.gravatar.com\/avatar\/55cb5e37c1efa326397366e6974cb338056df65cb50e7d64d1cf314e87504837?s=96&d=mm&r=g\",\"contentUrl\":\"https:\/\/secure.gravatar.com\/avatar\/55cb5e37c1efa326397366e6974cb338056df65cb50e7d64d1cf314e87504837?s=96&d=mm&r=g\",\"caption\":\"Arnaldo Botto\"},\"url\":\"https:\/\/www.noticiasradioreflejos.com.ar\/2021\/author\/arnaldo\/\"}]}<\/script>\n<!-- \/ Yoast SEO plugin. -->","yoast_head_json":{"title":"Oficializan la autorizaci\u00f3n para actividades tur\u00edsticas como prueba piloto - Noticias Radio Reflejos","robots":{"index":"index","follow":"follow","max-snippet":"max-snippet:-1","max-image-preview":"max-image-preview:large","max-video-preview":"max-video-preview:-1"},"canonical":"https:\/\/www.noticiasradioreflejos.com.ar\/2021\/oficializan-la-autorizacion-para-actividades-turisticas-como-prueba-piloto\/","og_locale":"es_ES","og_type":"article","og_title":"Oficializan la autorizaci\u00f3n para actividades tur\u00edsticas como prueba piloto - Noticias Radio Reflejos","og_description":"El Gobierno nacional habilit\u00f3 hoy a modo de \u00abprueba piloto\u00bb acciones vinculadas al turismo y al servicio p\u00fablico de transporte Internacional, en el contexto del aislamiento social preventivo y obligatorio (ASPO) dispuesto por la pandemia de coronavirus.","og_url":"https:\/\/www.noticiasradioreflejos.com.ar\/2021\/oficializan-la-autorizacion-para-actividades-turisticas-como-prueba-piloto\/","og_site_name":"Noticias Radio Reflejos","article_published_time":"2020-10-29T11:03:52+00:00","og_image":[{"width":300,"height":200,"url":"https:\/\/www.noticiasradioreflejos.com.ar\/2021\/wp-content\/uploads\/2021\/07\/logosol300x200.png","type":"image\/png"}],"author":"Arnaldo Botto","twitter_card":"summary_large_image","schema":{"@context":"https:\/\/schema.org","@graph":[{"@type":"WebPage","@id":"https:\/\/www.noticiasradioreflejos.com.ar\/2021\/oficializan-la-autorizacion-para-actividades-turisticas-como-prueba-piloto\/","url":"https:\/\/www.noticiasradioreflejos.com.ar\/2021\/oficializan-la-autorizacion-para-actividades-turisticas-como-prueba-piloto\/","name":"Oficializan la autorizaci\u00f3n para actividades tur\u00edsticas como prueba piloto - Noticias Radio Reflejos","isPartOf":{"@id":"https:\/\/www.noticiasradioreflejos.com.ar\/2021\/#website"},"datePublished":"2020-10-29T11:03:52+00:00","author":{"@id":"https:\/\/www.noticiasradioreflejos.com.ar\/2021\/#\/schema\/person\/ad82545263dcc5ec0996818884fd5fb1"},"breadcrumb":{"@id":"https:\/\/www.noticiasradioreflejos.com.ar\/2021\/oficializan-la-autorizacion-para-actividades-turisticas-como-prueba-piloto\/#breadcrumb"},"inLanguage":"es","potentialAction":[{"@type":"ReadAction","target":["https:\/\/www.noticiasradioreflejos.com.ar\/2021\/oficializan-la-autorizacion-para-actividades-turisticas-como-prueba-piloto\/"]}]},{"@type":"BreadcrumbList","@id":"https:\/\/www.noticiasradioreflejos.com.ar\/2021\/oficializan-la-autorizacion-para-actividades-turisticas-como-prueba-piloto\/#breadcrumb","itemListElement":[{"@type":"ListItem","position":1,"name":"Portada","item":"https:\/\/www.noticiasradioreflejos.com.ar\/2021\/"},{"@type":"ListItem","position":2,"name":"Oficializan la autorizaci\u00f3n para actividades tur\u00edsticas como prueba piloto"}]},{"@type":"WebSite","@id":"https:\/\/www.noticiasradioreflejos.com.ar\/2021\/#website","url":"https:\/\/www.noticiasradioreflejos.com.ar\/2021\/","name":"Noticias Radio Reflejos","description":"Las noticias de mi comarca","potentialAction":[{"@type":"SearchAction","target":{"@type":"EntryPoint","urlTemplate":"https:\/\/www.noticiasradioreflejos.com.ar\/2021\/?s={search_term_string}"},"query-input":{"@type":"PropertyValueSpecification","valueRequired":true,"valueName":"search_term_string"}}],"inLanguage":"es"},{"@type":"Person","@id":"https:\/\/www.noticiasradioreflejos.com.ar\/2021\/#\/schema\/person\/ad82545263dcc5ec0996818884fd5fb1","name":"Arnaldo Botto","image":{"@type":"ImageObject","inLanguage":"es","@id":"https:\/\/www.noticiasradioreflejos.com.ar\/2021\/#\/schema\/person\/image\/","url":"https:\/\/secure.gravatar.com\/avatar\/55cb5e37c1efa326397366e6974cb338056df65cb50e7d64d1cf314e87504837?s=96&d=mm&r=g","contentUrl":"https:\/\/secure.gravatar.com\/avatar\/55cb5e37c1efa326397366e6974cb338056df65cb50e7d64d1cf314e87504837?s=96&d=mm&r=g","caption":"Arnaldo Botto"},"url":"https:\/\/www.noticiasradioreflejos.com.ar\/2021\/author\/arnaldo\/"}]}},"_links":{"self":[{"href":"https:\/\/www.noticiasradioreflejos.com.ar\/2021\/wp-json\/wp\/v2\/posts\/48681","targetHints":{"allow":["GET"]}}],"collection":[{"href":"https:\/\/www.noticiasradioreflejos.com.ar\/2021\/wp-json\/wp\/v2\/posts"}],"about":[{"href":"https:\/\/www.noticiasradioreflejos.com.ar\/2021\/wp-json\/wp\/v2\/types\/post"}],"author":[{"embeddable":true,"href":"https:\/\/www.noticiasradioreflejos.com.ar\/2021\/wp-json\/wp\/v2\/users\/3"}],"replies":[{"embeddable":true,"href":"https:\/\/www.noticiasradioreflejos.com.ar\/2021\/wp-json\/wp\/v2\/comments?post=48681"}],"version-history":[{"count":0,"href":"https:\/\/www.noticiasradioreflejos.com.ar\/2021\/wp-json\/wp\/v2\/posts\/48681\/revisions"}],"wp:attachment":[{"href":"https:\/\/www.noticiasradioreflejos.com.ar\/2021\/wp-json\/wp\/v2\/media?parent=48681"}],"wp:term":[{"taxonomy":"category","embeddable":true,"href":"https:\/\/www.noticiasradioreflejos.com.ar\/2021\/wp-json\/wp\/v2\/categories?post=48681"},{"taxonomy":"post_tag","embeddable":true,"href":"https:\/\/www.noticiasradioreflejos.com.ar\/2021\/wp-json\/wp\/v2\/tags?post=48681"}],"curies":[{"name":"wp","href":"https:\/\/api.w.org\/{rel}","templated":true}]}}