{"id":48673,"date":"2020-10-28T15:15:57","date_gmt":"2020-10-28T18:15:57","guid":{"rendered":"http:\/\/www.noticiasradioreflejos.com.ar\/noticias\/?p=48673"},"modified":"2020-10-28T15:15:57","modified_gmt":"2020-10-28T18:15:57","slug":"docentes-pueden-anotarse-hasta-el-3-de-noviembre-a-programa-que-busca-revincular-alumnos-bonaerenses","status":"publish","type":"post","link":"https:\/\/www.noticiasradioreflejos.com.ar\/2021\/docentes-pueden-anotarse-hasta-el-3-de-noviembre-a-programa-que-busca-revincular-alumnos-bonaerenses\/","title":{"rendered":"Docentes pueden anotarse hasta el 3 de noviembre a programa que busca revincular alumnos bonaerenses"},"content":{"rendered":"<p>Docentes sin cargos o m\u00f3dulos activos y estudiantes del Profesorado de Educaci\u00f3n Inicial, que cursen 3er y 4to a\u00f1o y realicen sus pr\u00e1cticas podr\u00e1n inscribirse hasta el 3 de noviembre pr\u00f3ximo para sumarse al programa de Acompa\u00f1amiento a la Trayectoria y la Revinculaci\u00f3n (ATR) que busca garantizar la continuidad pedag\u00f3gica de todos los alumnos y alumnas bonaerenses.<!--more--><\/p>\n<p>A trav\u00e9s de este programa se espera llegar a un total de 279.000 estudiantes que requieren de un mayor acompa\u00f1amiento pedag\u00f3gico, detall\u00f3 un comunicado de la Direcci\u00f3n General de Educaci\u00f3n y Cultura de la provincia de Buenos Aires.<\/p>\n<p>Unos 225.000 de estos estudiantes mantienen actualmente alg\u00fan tipo de v\u00ednculo con la escuela, pero requieren una continuidad pedag\u00f3gica de mayor intensidad; en tanto los otros 54.000 estudiantes, actualmente no tienen una vinculaci\u00f3n cotidiana con el colegio<\/p>\n<p>Seg\u00fan inform\u00f3 la cartera educativa bonaerense, hasta el 3 de noviembre \u00abse abre una nueva inscripci\u00f3n para ser parte del programa de Acompa\u00f1amiento a la Trayectoria y la Revinculaci\u00f3n\u00bb.<\/p>\n<p>La convocatoria est\u00e1 destinada a docentes sin cargos o m\u00f3dulos activos y estudiantes del Profesorado de Educaci\u00f3n Inicial que est\u00e9n cursando 3er. y 4to. a\u00f1o y se encuentren realizando sus pr\u00e1cticas.<\/p>\n<p>La Inscripci\u00f3n podr\u00e1 realizarse en la plataforma www.abc.gob.ar.<\/p>\n<p>Las visitas domiciliarias ser\u00e1n realizadas por acompa\u00f1antes de las trayectorias educativas: docentes suplentes del Programa de Incorporaci\u00f3n Especial de Docentes y Auxiliares (Piedas) y estudiantes avanzados, de 3\u00b0 y 4\u00b0 a\u00f1o, de los institutos superiores de formaci\u00f3n docente de gesti\u00f3n estatal y privada.<\/p>\n<p>Las y los acompa\u00f1antes de las trayectorias educativas tendr\u00e1n un grupo reducido de estudiantes a su cargo; en esquemas de visitas que podr\u00e1n ser de dos veces por semana a cada estudiante, y se desempe\u00f1ar\u00e1n en el marco de un proyecto educativo a implementarse desde las escuelas con la planificaci\u00f3n y el seguimiento de las y los docentes a cargo de los cursos de aquellos y aquellas estudiantes que ser\u00e1n visitados.<\/p>\n<p>Las visitas a los domicilios se organizar\u00e1n con criterios de cercan\u00eda geogr\u00e1fica y se llevar\u00e1n a cabo con estrictos protocolos sanitarios.<\/p>\n<p>Los docentes que participen percibir\u00e1n una beca mensual de $8.000 ($7.160 en concepto de est\u00edmulo y $ 840 por movilidad) que adem\u00e1s de reconocer la labor realizada, tiene como finalidad ser un aporte de ingresos al segmento de j\u00f3venes adultos.<\/p>\n<p>Por \u00faltimo, se inform\u00f3 que dispondr\u00e1n de cobertura de riesgos de trabajo, seguro de vida y accidentes personales.<\/p>\n","protected":false},"excerpt":{"rendered":"<p>Docentes sin cargos o m\u00f3dulos activos y estudiantes del Profesorado de Educaci\u00f3n Inicial, que cursen 3er y 4to a\u00f1o y realicen sus pr\u00e1cticas podr\u00e1n inscribirse hasta el 3 de noviembre pr\u00f3ximo para sumarse al programa de Acompa\u00f1amiento a la Trayectoria y la Revinculaci\u00f3n (ATR) que busca garantizar la continuidad pedag\u00f3gica de todos los alumnos y [&hellip;]<\/p>\n","protected":false},"author":3,"featured_media":0,"comment_status":"closed","ping_status":"open","sticky":false,"template":"","format":"standard","meta":{"footnotes":""},"categories":[34],"tags":[],"class_list":["post-48673","post","type-post","status-publish","format-standard","hentry","category-educacion"],"yoast_head":"<!-- This site is optimized with the Yoast SEO plugin v25.9 - https:\/\/yoast.com\/wordpress\/plugins\/seo\/ -->\n<title>Docentes pueden anotarse hasta el 3 de noviembre a programa que busca revincular alumnos bonaerenses - Noticias Radio Reflejos<\/title>\n<meta name=\"robots\" content=\"index, follow, max-snippet:-1, max-image-preview:large, max-video-preview:-1\" \/>\n<link rel=\"canonical\" href=\"https:\/\/www.noticiasradioreflejos.com.ar\/2021\/docentes-pueden-anotarse-hasta-el-3-de-noviembre-a-programa-que-busca-revincular-alumnos-bonaerenses\/\" \/>\n<meta property=\"og:locale\" content=\"es_ES\" \/>\n<meta property=\"og:type\" content=\"article\" \/>\n<meta property=\"og:title\" content=\"Docentes pueden anotarse hasta el 3 de noviembre a programa que busca revincular alumnos bonaerenses - Noticias Radio Reflejos\" \/>\n<meta property=\"og:description\" content=\"Docentes sin cargos o m\u00f3dulos activos y estudiantes del Profesorado de Educaci\u00f3n Inicial, que cursen 3er y 4to a\u00f1o y realicen sus pr\u00e1cticas podr\u00e1n inscribirse hasta el 3 de noviembre pr\u00f3ximo para sumarse al programa de Acompa\u00f1amiento a la Trayectoria y la Revinculaci\u00f3n (ATR) que busca garantizar la continuidad pedag\u00f3gica de todos los alumnos y [&hellip;]\" \/>\n<meta property=\"og:url\" content=\"https:\/\/www.noticiasradioreflejos.com.ar\/2021\/docentes-pueden-anotarse-hasta-el-3-de-noviembre-a-programa-que-busca-revincular-alumnos-bonaerenses\/\" \/>\n<meta property=\"og:site_name\" content=\"Noticias Radio Reflejos\" \/>\n<meta property=\"article:published_time\" content=\"2020-10-28T18:15:57+00:00\" \/>\n<meta property=\"og:image\" content=\"https:\/\/www.noticiasradioreflejos.com.ar\/2021\/wp-content\/uploads\/2021\/07\/logosol300x200.png\" \/>\n\t<meta property=\"og:image:width\" content=\"300\" \/>\n\t<meta property=\"og:image:height\" content=\"200\" \/>\n\t<meta property=\"og:image:type\" content=\"image\/png\" \/>\n<meta name=\"author\" content=\"Arnaldo Botto\" \/>\n<meta name=\"twitter:card\" content=\"summary_large_image\" \/>\n<script type=\"application\/ld+json\" class=\"yoast-schema-graph\">{\"@context\":\"https:\/\/schema.org\",\"@graph\":[{\"@type\":\"WebPage\",\"@id\":\"https:\/\/www.noticiasradioreflejos.com.ar\/2021\/docentes-pueden-anotarse-hasta-el-3-de-noviembre-a-programa-que-busca-revincular-alumnos-bonaerenses\/\",\"url\":\"https:\/\/www.noticiasradioreflejos.com.ar\/2021\/docentes-pueden-anotarse-hasta-el-3-de-noviembre-a-programa-que-busca-revincular-alumnos-bonaerenses\/\",\"name\":\"Docentes pueden anotarse hasta el 3 de noviembre a programa que busca revincular alumnos bonaerenses - Noticias Radio Reflejos\",\"isPartOf\":{\"@id\":\"https:\/\/www.noticiasradioreflejos.com.ar\/2021\/#website\"},\"datePublished\":\"2020-10-28T18:15:57+00:00\",\"author\":{\"@id\":\"https:\/\/www.noticiasradioreflejos.com.ar\/2021\/#\/schema\/person\/ad82545263dcc5ec0996818884fd5fb1\"},\"breadcrumb\":{\"@id\":\"https:\/\/www.noticiasradioreflejos.com.ar\/2021\/docentes-pueden-anotarse-hasta-el-3-de-noviembre-a-programa-que-busca-revincular-alumnos-bonaerenses\/#breadcrumb\"},\"inLanguage\":\"es\",\"potentialAction\":[{\"@type\":\"ReadAction\",\"target\":[\"https:\/\/www.noticiasradioreflejos.com.ar\/2021\/docentes-pueden-anotarse-hasta-el-3-de-noviembre-a-programa-que-busca-revincular-alumnos-bonaerenses\/\"]}]},{\"@type\":\"BreadcrumbList\",\"@id\":\"https:\/\/www.noticiasradioreflejos.com.ar\/2021\/docentes-pueden-anotarse-hasta-el-3-de-noviembre-a-programa-que-busca-revincular-alumnos-bonaerenses\/#breadcrumb\",\"itemListElement\":[{\"@type\":\"ListItem\",\"position\":1,\"name\":\"Portada\",\"item\":\"https:\/\/www.noticiasradioreflejos.com.ar\/2021\/\"},{\"@type\":\"ListItem\",\"position\":2,\"name\":\"Docentes pueden anotarse hasta el 3 de noviembre a programa que busca revincular alumnos bonaerenses\"}]},{\"@type\":\"WebSite\",\"@id\":\"https:\/\/www.noticiasradioreflejos.com.ar\/2021\/#website\",\"url\":\"https:\/\/www.noticiasradioreflejos.com.ar\/2021\/\",\"name\":\"Noticias Radio Reflejos\",\"description\":\"Las noticias de mi comarca\",\"potentialAction\":[{\"@type\":\"SearchAction\",\"target\":{\"@type\":\"EntryPoint\",\"urlTemplate\":\"https:\/\/www.noticiasradioreflejos.com.ar\/2021\/?s={search_term_string}\"},\"query-input\":{\"@type\":\"PropertyValueSpecification\",\"valueRequired\":true,\"valueName\":\"search_term_string\"}}],\"inLanguage\":\"es\"},{\"@type\":\"Person\",\"@id\":\"https:\/\/www.noticiasradioreflejos.com.ar\/2021\/#\/schema\/person\/ad82545263dcc5ec0996818884fd5fb1\",\"name\":\"Arnaldo Botto\",\"image\":{\"@type\":\"ImageObject\",\"inLanguage\":\"es\",\"@id\":\"https:\/\/www.noticiasradioreflejos.com.ar\/2021\/#\/schema\/person\/image\/\",\"url\":\"https:\/\/secure.gravatar.com\/avatar\/55cb5e37c1efa326397366e6974cb338056df65cb50e7d64d1cf314e87504837?s=96&d=mm&r=g\",\"contentUrl\":\"https:\/\/secure.gravatar.com\/avatar\/55cb5e37c1efa326397366e6974cb338056df65cb50e7d64d1cf314e87504837?s=96&d=mm&r=g\",\"caption\":\"Arnaldo Botto\"},\"url\":\"https:\/\/www.noticiasradioreflejos.com.ar\/2021\/author\/arnaldo\/\"}]}<\/script>\n<!-- \/ Yoast SEO plugin. -->","yoast_head_json":{"title":"Docentes pueden anotarse hasta el 3 de noviembre a programa que busca revincular alumnos bonaerenses - Noticias Radio Reflejos","robots":{"index":"index","follow":"follow","max-snippet":"max-snippet:-1","max-image-preview":"max-image-preview:large","max-video-preview":"max-video-preview:-1"},"canonical":"https:\/\/www.noticiasradioreflejos.com.ar\/2021\/docentes-pueden-anotarse-hasta-el-3-de-noviembre-a-programa-que-busca-revincular-alumnos-bonaerenses\/","og_locale":"es_ES","og_type":"article","og_title":"Docentes pueden anotarse hasta el 3 de noviembre a programa que busca revincular alumnos bonaerenses - Noticias Radio Reflejos","og_description":"Docentes sin cargos o m\u00f3dulos activos y estudiantes del Profesorado de Educaci\u00f3n Inicial, que cursen 3er y 4to a\u00f1o y realicen sus pr\u00e1cticas podr\u00e1n inscribirse hasta el 3 de noviembre pr\u00f3ximo para sumarse al programa de Acompa\u00f1amiento a la Trayectoria y la Revinculaci\u00f3n (ATR) que busca garantizar la continuidad pedag\u00f3gica de todos los alumnos y [&hellip;]","og_url":"https:\/\/www.noticiasradioreflejos.com.ar\/2021\/docentes-pueden-anotarse-hasta-el-3-de-noviembre-a-programa-que-busca-revincular-alumnos-bonaerenses\/","og_site_name":"Noticias Radio Reflejos","article_published_time":"2020-10-28T18:15:57+00:00","og_image":[{"width":300,"height":200,"url":"https:\/\/www.noticiasradioreflejos.com.ar\/2021\/wp-content\/uploads\/2021\/07\/logosol300x200.png","type":"image\/png"}],"author":"Arnaldo Botto","twitter_card":"summary_large_image","schema":{"@context":"https:\/\/schema.org","@graph":[{"@type":"WebPage","@id":"https:\/\/www.noticiasradioreflejos.com.ar\/2021\/docentes-pueden-anotarse-hasta-el-3-de-noviembre-a-programa-que-busca-revincular-alumnos-bonaerenses\/","url":"https:\/\/www.noticiasradioreflejos.com.ar\/2021\/docentes-pueden-anotarse-hasta-el-3-de-noviembre-a-programa-que-busca-revincular-alumnos-bonaerenses\/","name":"Docentes pueden anotarse hasta el 3 de noviembre a programa que busca revincular alumnos bonaerenses - Noticias Radio Reflejos","isPartOf":{"@id":"https:\/\/www.noticiasradioreflejos.com.ar\/2021\/#website"},"datePublished":"2020-10-28T18:15:57+00:00","author":{"@id":"https:\/\/www.noticiasradioreflejos.com.ar\/2021\/#\/schema\/person\/ad82545263dcc5ec0996818884fd5fb1"},"breadcrumb":{"@id":"https:\/\/www.noticiasradioreflejos.com.ar\/2021\/docentes-pueden-anotarse-hasta-el-3-de-noviembre-a-programa-que-busca-revincular-alumnos-bonaerenses\/#breadcrumb"},"inLanguage":"es","potentialAction":[{"@type":"ReadAction","target":["https:\/\/www.noticiasradioreflejos.com.ar\/2021\/docentes-pueden-anotarse-hasta-el-3-de-noviembre-a-programa-que-busca-revincular-alumnos-bonaerenses\/"]}]},{"@type":"BreadcrumbList","@id":"https:\/\/www.noticiasradioreflejos.com.ar\/2021\/docentes-pueden-anotarse-hasta-el-3-de-noviembre-a-programa-que-busca-revincular-alumnos-bonaerenses\/#breadcrumb","itemListElement":[{"@type":"ListItem","position":1,"name":"Portada","item":"https:\/\/www.noticiasradioreflejos.com.ar\/2021\/"},{"@type":"ListItem","position":2,"name":"Docentes pueden anotarse hasta el 3 de noviembre a programa que busca revincular alumnos bonaerenses"}]},{"@type":"WebSite","@id":"https:\/\/www.noticiasradioreflejos.com.ar\/2021\/#website","url":"https:\/\/www.noticiasradioreflejos.com.ar\/2021\/","name":"Noticias Radio Reflejos","description":"Las noticias de mi comarca","potentialAction":[{"@type":"SearchAction","target":{"@type":"EntryPoint","urlTemplate":"https:\/\/www.noticiasradioreflejos.com.ar\/2021\/?s={search_term_string}"},"query-input":{"@type":"PropertyValueSpecification","valueRequired":true,"valueName":"search_term_string"}}],"inLanguage":"es"},{"@type":"Person","@id":"https:\/\/www.noticiasradioreflejos.com.ar\/2021\/#\/schema\/person\/ad82545263dcc5ec0996818884fd5fb1","name":"Arnaldo Botto","image":{"@type":"ImageObject","inLanguage":"es","@id":"https:\/\/www.noticiasradioreflejos.com.ar\/2021\/#\/schema\/person\/image\/","url":"https:\/\/secure.gravatar.com\/avatar\/55cb5e37c1efa326397366e6974cb338056df65cb50e7d64d1cf314e87504837?s=96&d=mm&r=g","contentUrl":"https:\/\/secure.gravatar.com\/avatar\/55cb5e37c1efa326397366e6974cb338056df65cb50e7d64d1cf314e87504837?s=96&d=mm&r=g","caption":"Arnaldo Botto"},"url":"https:\/\/www.noticiasradioreflejos.com.ar\/2021\/author\/arnaldo\/"}]}},"_links":{"self":[{"href":"https:\/\/www.noticiasradioreflejos.com.ar\/2021\/wp-json\/wp\/v2\/posts\/48673","targetHints":{"allow":["GET"]}}],"collection":[{"href":"https:\/\/www.noticiasradioreflejos.com.ar\/2021\/wp-json\/wp\/v2\/posts"}],"about":[{"href":"https:\/\/www.noticiasradioreflejos.com.ar\/2021\/wp-json\/wp\/v2\/types\/post"}],"author":[{"embeddable":true,"href":"https:\/\/www.noticiasradioreflejos.com.ar\/2021\/wp-json\/wp\/v2\/users\/3"}],"replies":[{"embeddable":true,"href":"https:\/\/www.noticiasradioreflejos.com.ar\/2021\/wp-json\/wp\/v2\/comments?post=48673"}],"version-history":[{"count":0,"href":"https:\/\/www.noticiasradioreflejos.com.ar\/2021\/wp-json\/wp\/v2\/posts\/48673\/revisions"}],"wp:attachment":[{"href":"https:\/\/www.noticiasradioreflejos.com.ar\/2021\/wp-json\/wp\/v2\/media?parent=48673"}],"wp:term":[{"taxonomy":"category","embeddable":true,"href":"https:\/\/www.noticiasradioreflejos.com.ar\/2021\/wp-json\/wp\/v2\/categories?post=48673"},{"taxonomy":"post_tag","embeddable":true,"href":"https:\/\/www.noticiasradioreflejos.com.ar\/2021\/wp-json\/wp\/v2\/tags?post=48673"}],"curies":[{"name":"wp","href":"https:\/\/api.w.org\/{rel}","templated":true}]}}