{"id":48582,"date":"2020-10-27T08:25:20","date_gmt":"2020-10-27T11:25:20","guid":{"rendered":"http:\/\/www.noticiasradioreflejos.com.ar\/noticias\/?p=48582"},"modified":"2020-10-27T08:25:20","modified_gmt":"2020-10-27T11:25:20","slug":"conmemoracion-del-25-de-noviembre-de-las-areas-de-genero-municipales-de-la-region-sexta","status":"publish","type":"post","link":"https:\/\/www.noticiasradioreflejos.com.ar\/2021\/conmemoracion-del-25-de-noviembre-de-las-areas-de-genero-municipales-de-la-region-sexta\/","title":{"rendered":"Conmemoraci\u00f3n del 25 de Noviembre de las \u00c1reas de G\u00e9nero Municipales de la Regi\u00f3n Sexta."},"content":{"rendered":"<p>En el marco del Consejo de Articulaci\u00f3n con los Municipios compuesta por 22 distritos de la Regi\u00f3n Sexta, del Ministerio de las Mujeres, Pol\u00edticas de Genero y Diversidad Sexual PBA, las \u00c1reas de Genero Municipales han decidi\u00f3 llevar adelante acciones comunes en el marco del 25 de Noviembre, d\u00eda de la eliminaci\u00f3n de la violencia por razones de g\u00e9nero en conmemoraci\u00f3n de las hermanas Mirabal, dominicanas, asesinadas el 25 de Noviembre de 1960.<!--more--><\/p>\n<p>Las actividades comenzar\u00e1n el d\u00eda 28\/10 y continuar\u00e1n hasta el d\u00eda 25\/11 y estar\u00e1n centradas en tres \u00e1reas de fortalecimiento:<\/p>\n<p>1) De las \u00e1reas de g\u00e9nero municipales: para las cuales el d\u00eda 28\/10 se realizar\u00e1 una capacitaci\u00f3n sobre Protocolos Municipales para prevenir y abordar las violencias por razones de g\u00e9nero brindada por la Direcci\u00f3n de Igualdad de la Defensor\u00eda del Pueblo PBA. As\u00ed mismo los d\u00edas 4, 11 y 18\/11 se realizar\u00e1n capacitaciones sobre abordaje de casos, a cargo de la Direcci\u00f3n Provincial de Situaciones de Alto Riesgo y Casos Cr\u00edticos de las Violencias por Razones de G\u00e9nero del Ministerio de las Mujeres, Pol\u00edticas de G\u00e9nero y Diversidad Sexual PBA.<\/p>\n<p>2) De las organizaciones de mujeres y diversidades sexuales: para las cuales se brindar\u00e1 la capacitaci\u00f3n \u201cTramando Derechos\u201d para facilitar el acompa\u00f1amiento a personas en situaci\u00f3n de violencia de g\u00e9nero los d\u00edas 28\/10 y el 4\/11, y la capacitaci\u00f3n sobre la \u201cGu\u00eda para la detecci\u00f3n y abordaje de violencias por razones de g\u00e9nero\u201d el 11\/11, dictadas por la Direcci\u00f3n de Sensibilizaci\u00f3n y Promoci\u00f3n de Derechos y la Subsecretaria de Pol\u00edticas contra las Violencias por Razones de G\u00e9nero del Ministerio de las Mujeres, Pol\u00edticas de G\u00e9nero y Diversidad Sexual.<\/p>\n<p>3) Del trabajo con les j\u00f3venes, a trav\u00e9s de una invitaci\u00f3n a elaborar videos y trabajos art\u00edsticos en la plataforma Tic Toc.<\/p>\n<p>As\u00ed mismo, se realizar\u00e1n durante el mes audios de difusi\u00f3n sobre los diferentes tipos y modalidades de violencias por razones de g\u00e9nero.<\/p>\n","protected":false},"excerpt":{"rendered":"<p>En el marco del Consejo de Articulaci\u00f3n con los Municipios compuesta por 22 distritos de la Regi\u00f3n Sexta, del Ministerio de las Mujeres, Pol\u00edticas de Genero y Diversidad Sexual PBA, las \u00c1reas de Genero Municipales han decidi\u00f3 llevar adelante acciones comunes en el marco del 25 de Noviembre, d\u00eda de la eliminaci\u00f3n de la violencia [&hellip;]<\/p>\n","protected":false},"author":3,"featured_media":48583,"comment_status":"closed","ping_status":"open","sticky":false,"template":"","format":"standard","meta":{"footnotes":""},"categories":[24],"tags":[],"class_list":["post-48582","post","type-post","status-publish","format-standard","has-post-thumbnail","hentry","category-politica"],"yoast_head":"<!-- This site is optimized with the Yoast SEO plugin v25.9 - https:\/\/yoast.com\/wordpress\/plugins\/seo\/ -->\n<title>Conmemoraci\u00f3n del 25 de Noviembre de las \u00c1reas de G\u00e9nero Municipales de la Regi\u00f3n Sexta. - Noticias Radio Reflejos<\/title>\n<meta name=\"robots\" content=\"index, follow, max-snippet:-1, max-image-preview:large, max-video-preview:-1\" \/>\n<link rel=\"canonical\" href=\"https:\/\/www.noticiasradioreflejos.com.ar\/2021\/conmemoracion-del-25-de-noviembre-de-las-areas-de-genero-municipales-de-la-region-sexta\/\" \/>\n<meta property=\"og:locale\" content=\"es_ES\" \/>\n<meta property=\"og:type\" content=\"article\" \/>\n<meta property=\"og:title\" content=\"Conmemoraci\u00f3n del 25 de Noviembre de las \u00c1reas de G\u00e9nero Municipales de la Regi\u00f3n Sexta. - Noticias Radio Reflejos\" \/>\n<meta property=\"og:description\" content=\"En el marco del Consejo de Articulaci\u00f3n con los Municipios compuesta por 22 distritos de la Regi\u00f3n Sexta, del Ministerio de las Mujeres, Pol\u00edticas de Genero y Diversidad Sexual PBA, las \u00c1reas de Genero Municipales han decidi\u00f3 llevar adelante acciones comunes en el marco del 25 de Noviembre, d\u00eda de la eliminaci\u00f3n de la violencia [&hellip;]\" \/>\n<meta property=\"og:url\" content=\"https:\/\/www.noticiasradioreflejos.com.ar\/2021\/conmemoracion-del-25-de-noviembre-de-las-areas-de-genero-municipales-de-la-region-sexta\/\" \/>\n<meta property=\"og:site_name\" content=\"Noticias Radio Reflejos\" \/>\n<meta property=\"article:published_time\" content=\"2020-10-27T11:25:20+00:00\" \/>\n<meta property=\"og:image\" content=\"https:\/\/www.noticiasradioreflejos.com.ar\/2021\/wp-content\/uploads\/2021\/07\/logosol300x200.png\" \/>\n\t<meta property=\"og:image:width\" content=\"300\" \/>\n\t<meta property=\"og:image:height\" content=\"200\" \/>\n\t<meta property=\"og:image:type\" content=\"image\/png\" \/>\n<meta name=\"author\" content=\"Arnaldo Botto\" \/>\n<meta name=\"twitter:card\" content=\"summary_large_image\" \/>\n<script type=\"application\/ld+json\" class=\"yoast-schema-graph\">{\"@context\":\"https:\/\/schema.org\",\"@graph\":[{\"@type\":\"WebPage\",\"@id\":\"https:\/\/www.noticiasradioreflejos.com.ar\/2021\/conmemoracion-del-25-de-noviembre-de-las-areas-de-genero-municipales-de-la-region-sexta\/\",\"url\":\"https:\/\/www.noticiasradioreflejos.com.ar\/2021\/conmemoracion-del-25-de-noviembre-de-las-areas-de-genero-municipales-de-la-region-sexta\/\",\"name\":\"Conmemoraci\u00f3n del 25 de Noviembre de las \u00c1reas de G\u00e9nero Municipales de la Regi\u00f3n Sexta. - Noticias Radio Reflejos\",\"isPartOf\":{\"@id\":\"https:\/\/www.noticiasradioreflejos.com.ar\/2021\/#website\"},\"primaryImageOfPage\":{\"@id\":\"https:\/\/www.noticiasradioreflejos.com.ar\/2021\/conmemoracion-del-25-de-noviembre-de-las-areas-de-genero-municipales-de-la-region-sexta\/#primaryimage\"},\"image\":{\"@id\":\"https:\/\/www.noticiasradioreflejos.com.ar\/2021\/conmemoracion-del-25-de-noviembre-de-las-areas-de-genero-municipales-de-la-region-sexta\/#primaryimage\"},\"thumbnailUrl\":\"\",\"datePublished\":\"2020-10-27T11:25:20+00:00\",\"author\":{\"@id\":\"https:\/\/www.noticiasradioreflejos.com.ar\/2021\/#\/schema\/person\/ad82545263dcc5ec0996818884fd5fb1\"},\"breadcrumb\":{\"@id\":\"https:\/\/www.noticiasradioreflejos.com.ar\/2021\/conmemoracion-del-25-de-noviembre-de-las-areas-de-genero-municipales-de-la-region-sexta\/#breadcrumb\"},\"inLanguage\":\"es\",\"potentialAction\":[{\"@type\":\"ReadAction\",\"target\":[\"https:\/\/www.noticiasradioreflejos.com.ar\/2021\/conmemoracion-del-25-de-noviembre-de-las-areas-de-genero-municipales-de-la-region-sexta\/\"]}]},{\"@type\":\"ImageObject\",\"inLanguage\":\"es\",\"@id\":\"https:\/\/www.noticiasradioreflejos.com.ar\/2021\/conmemoracion-del-25-de-noviembre-de-las-areas-de-genero-municipales-de-la-region-sexta\/#primaryimage\",\"url\":\"\",\"contentUrl\":\"\"},{\"@type\":\"BreadcrumbList\",\"@id\":\"https:\/\/www.noticiasradioreflejos.com.ar\/2021\/conmemoracion-del-25-de-noviembre-de-las-areas-de-genero-municipales-de-la-region-sexta\/#breadcrumb\",\"itemListElement\":[{\"@type\":\"ListItem\",\"position\":1,\"name\":\"Portada\",\"item\":\"https:\/\/www.noticiasradioreflejos.com.ar\/2021\/\"},{\"@type\":\"ListItem\",\"position\":2,\"name\":\"Conmemoraci\u00f3n del 25 de Noviembre de las \u00c1reas de G\u00e9nero Municipales de la Regi\u00f3n Sexta.\"}]},{\"@type\":\"WebSite\",\"@id\":\"https:\/\/www.noticiasradioreflejos.com.ar\/2021\/#website\",\"url\":\"https:\/\/www.noticiasradioreflejos.com.ar\/2021\/\",\"name\":\"Noticias Radio Reflejos\",\"description\":\"Las noticias de mi comarca\",\"potentialAction\":[{\"@type\":\"SearchAction\",\"target\":{\"@type\":\"EntryPoint\",\"urlTemplate\":\"https:\/\/www.noticiasradioreflejos.com.ar\/2021\/?s={search_term_string}\"},\"query-input\":{\"@type\":\"PropertyValueSpecification\",\"valueRequired\":true,\"valueName\":\"search_term_string\"}}],\"inLanguage\":\"es\"},{\"@type\":\"Person\",\"@id\":\"https:\/\/www.noticiasradioreflejos.com.ar\/2021\/#\/schema\/person\/ad82545263dcc5ec0996818884fd5fb1\",\"name\":\"Arnaldo Botto\",\"image\":{\"@type\":\"ImageObject\",\"inLanguage\":\"es\",\"@id\":\"https:\/\/www.noticiasradioreflejos.com.ar\/2021\/#\/schema\/person\/image\/\",\"url\":\"https:\/\/secure.gravatar.com\/avatar\/55cb5e37c1efa326397366e6974cb338056df65cb50e7d64d1cf314e87504837?s=96&d=mm&r=g\",\"contentUrl\":\"https:\/\/secure.gravatar.com\/avatar\/55cb5e37c1efa326397366e6974cb338056df65cb50e7d64d1cf314e87504837?s=96&d=mm&r=g\",\"caption\":\"Arnaldo Botto\"},\"url\":\"https:\/\/www.noticiasradioreflejos.com.ar\/2021\/author\/arnaldo\/\"}]}<\/script>\n<!-- \/ Yoast SEO plugin. -->","yoast_head_json":{"title":"Conmemoraci\u00f3n del 25 de Noviembre de las \u00c1reas de G\u00e9nero Municipales de la Regi\u00f3n Sexta. - Noticias Radio Reflejos","robots":{"index":"index","follow":"follow","max-snippet":"max-snippet:-1","max-image-preview":"max-image-preview:large","max-video-preview":"max-video-preview:-1"},"canonical":"https:\/\/www.noticiasradioreflejos.com.ar\/2021\/conmemoracion-del-25-de-noviembre-de-las-areas-de-genero-municipales-de-la-region-sexta\/","og_locale":"es_ES","og_type":"article","og_title":"Conmemoraci\u00f3n del 25 de Noviembre de las \u00c1reas de G\u00e9nero Municipales de la Regi\u00f3n Sexta. - Noticias Radio Reflejos","og_description":"En el marco del Consejo de Articulaci\u00f3n con los Municipios compuesta por 22 distritos de la Regi\u00f3n Sexta, del Ministerio de las Mujeres, Pol\u00edticas de Genero y Diversidad Sexual PBA, las \u00c1reas de Genero Municipales han decidi\u00f3 llevar adelante acciones comunes en el marco del 25 de Noviembre, d\u00eda de la eliminaci\u00f3n de la violencia [&hellip;]","og_url":"https:\/\/www.noticiasradioreflejos.com.ar\/2021\/conmemoracion-del-25-de-noviembre-de-las-areas-de-genero-municipales-de-la-region-sexta\/","og_site_name":"Noticias Radio Reflejos","article_published_time":"2020-10-27T11:25:20+00:00","og_image":[{"width":300,"height":200,"url":"https:\/\/www.noticiasradioreflejos.com.ar\/2021\/wp-content\/uploads\/2021\/07\/logosol300x200.png","type":"image\/png"}],"author":"Arnaldo Botto","twitter_card":"summary_large_image","schema":{"@context":"https:\/\/schema.org","@graph":[{"@type":"WebPage","@id":"https:\/\/www.noticiasradioreflejos.com.ar\/2021\/conmemoracion-del-25-de-noviembre-de-las-areas-de-genero-municipales-de-la-region-sexta\/","url":"https:\/\/www.noticiasradioreflejos.com.ar\/2021\/conmemoracion-del-25-de-noviembre-de-las-areas-de-genero-municipales-de-la-region-sexta\/","name":"Conmemoraci\u00f3n del 25 de Noviembre de las \u00c1reas de G\u00e9nero Municipales de la Regi\u00f3n Sexta. - Noticias Radio Reflejos","isPartOf":{"@id":"https:\/\/www.noticiasradioreflejos.com.ar\/2021\/#website"},"primaryImageOfPage":{"@id":"https:\/\/www.noticiasradioreflejos.com.ar\/2021\/conmemoracion-del-25-de-noviembre-de-las-areas-de-genero-municipales-de-la-region-sexta\/#primaryimage"},"image":{"@id":"https:\/\/www.noticiasradioreflejos.com.ar\/2021\/conmemoracion-del-25-de-noviembre-de-las-areas-de-genero-municipales-de-la-region-sexta\/#primaryimage"},"thumbnailUrl":"","datePublished":"2020-10-27T11:25:20+00:00","author":{"@id":"https:\/\/www.noticiasradioreflejos.com.ar\/2021\/#\/schema\/person\/ad82545263dcc5ec0996818884fd5fb1"},"breadcrumb":{"@id":"https:\/\/www.noticiasradioreflejos.com.ar\/2021\/conmemoracion-del-25-de-noviembre-de-las-areas-de-genero-municipales-de-la-region-sexta\/#breadcrumb"},"inLanguage":"es","potentialAction":[{"@type":"ReadAction","target":["https:\/\/www.noticiasradioreflejos.com.ar\/2021\/conmemoracion-del-25-de-noviembre-de-las-areas-de-genero-municipales-de-la-region-sexta\/"]}]},{"@type":"ImageObject","inLanguage":"es","@id":"https:\/\/www.noticiasradioreflejos.com.ar\/2021\/conmemoracion-del-25-de-noviembre-de-las-areas-de-genero-municipales-de-la-region-sexta\/#primaryimage","url":"","contentUrl":""},{"@type":"BreadcrumbList","@id":"https:\/\/www.noticiasradioreflejos.com.ar\/2021\/conmemoracion-del-25-de-noviembre-de-las-areas-de-genero-municipales-de-la-region-sexta\/#breadcrumb","itemListElement":[{"@type":"ListItem","position":1,"name":"Portada","item":"https:\/\/www.noticiasradioreflejos.com.ar\/2021\/"},{"@type":"ListItem","position":2,"name":"Conmemoraci\u00f3n del 25 de Noviembre de las \u00c1reas de G\u00e9nero Municipales de la Regi\u00f3n Sexta."}]},{"@type":"WebSite","@id":"https:\/\/www.noticiasradioreflejos.com.ar\/2021\/#website","url":"https:\/\/www.noticiasradioreflejos.com.ar\/2021\/","name":"Noticias Radio Reflejos","description":"Las noticias de mi comarca","potentialAction":[{"@type":"SearchAction","target":{"@type":"EntryPoint","urlTemplate":"https:\/\/www.noticiasradioreflejos.com.ar\/2021\/?s={search_term_string}"},"query-input":{"@type":"PropertyValueSpecification","valueRequired":true,"valueName":"search_term_string"}}],"inLanguage":"es"},{"@type":"Person","@id":"https:\/\/www.noticiasradioreflejos.com.ar\/2021\/#\/schema\/person\/ad82545263dcc5ec0996818884fd5fb1","name":"Arnaldo Botto","image":{"@type":"ImageObject","inLanguage":"es","@id":"https:\/\/www.noticiasradioreflejos.com.ar\/2021\/#\/schema\/person\/image\/","url":"https:\/\/secure.gravatar.com\/avatar\/55cb5e37c1efa326397366e6974cb338056df65cb50e7d64d1cf314e87504837?s=96&d=mm&r=g","contentUrl":"https:\/\/secure.gravatar.com\/avatar\/55cb5e37c1efa326397366e6974cb338056df65cb50e7d64d1cf314e87504837?s=96&d=mm&r=g","caption":"Arnaldo Botto"},"url":"https:\/\/www.noticiasradioreflejos.com.ar\/2021\/author\/arnaldo\/"}]}},"_links":{"self":[{"href":"https:\/\/www.noticiasradioreflejos.com.ar\/2021\/wp-json\/wp\/v2\/posts\/48582","targetHints":{"allow":["GET"]}}],"collection":[{"href":"https:\/\/www.noticiasradioreflejos.com.ar\/2021\/wp-json\/wp\/v2\/posts"}],"about":[{"href":"https:\/\/www.noticiasradioreflejos.com.ar\/2021\/wp-json\/wp\/v2\/types\/post"}],"author":[{"embeddable":true,"href":"https:\/\/www.noticiasradioreflejos.com.ar\/2021\/wp-json\/wp\/v2\/users\/3"}],"replies":[{"embeddable":true,"href":"https:\/\/www.noticiasradioreflejos.com.ar\/2021\/wp-json\/wp\/v2\/comments?post=48582"}],"version-history":[{"count":0,"href":"https:\/\/www.noticiasradioreflejos.com.ar\/2021\/wp-json\/wp\/v2\/posts\/48582\/revisions"}],"wp:featuredmedia":[{"embeddable":true,"href":"https:\/\/www.noticiasradioreflejos.com.ar\/2021\/wp-json\/"}],"wp:attachment":[{"href":"https:\/\/www.noticiasradioreflejos.com.ar\/2021\/wp-json\/wp\/v2\/media?parent=48582"}],"wp:term":[{"taxonomy":"category","embeddable":true,"href":"https:\/\/www.noticiasradioreflejos.com.ar\/2021\/wp-json\/wp\/v2\/categories?post=48582"},{"taxonomy":"post_tag","embeddable":true,"href":"https:\/\/www.noticiasradioreflejos.com.ar\/2021\/wp-json\/wp\/v2\/tags?post=48582"}],"curies":[{"name":"wp","href":"https:\/\/api.w.org\/{rel}","templated":true}]}}