{"id":48579,"date":"2020-10-27T08:11:17","date_gmt":"2020-10-27T11:11:17","guid":{"rendered":"http:\/\/www.noticiasradioreflejos.com.ar\/noticias\/?p=48579"},"modified":"2020-10-27T08:11:17","modified_gmt":"2020-10-27T11:11:17","slug":"judiciales-bonaerenses-paran-hoy-y-medicos-realizan-manana-marcha-en-rechazo-a-propuesta-salarial","status":"publish","type":"post","link":"https:\/\/www.noticiasradioreflejos.com.ar\/2021\/judiciales-bonaerenses-paran-hoy-y-medicos-realizan-manana-marcha-en-rechazo-a-propuesta-salarial\/","title":{"rendered":"Judiciales bonaerenses paran hoy y m\u00e9dicos realizan ma\u00f1ana marcha en rechazo a propuesta salarial"},"content":{"rendered":"<p>Trabajadores judiciales bonaerenses realizar\u00e1n hoy una medida de fuerza que afectar\u00e1 al servicio de Justicia en la provincia, mientras que ma\u00f1ana m\u00e9dicos de hospitales p\u00fablicos encolumnados en Cicop llevar\u00e1n a cabo una jornada de protesta en rechazo a la oferta salarial formulada por el Gobierno provincial en el marco de las negociaciones paritarias.<!--more--><br \/>\nLa Asociaci\u00f3n Judicial Bonaerense (AJB) rechaz\u00f3 el viernes pasado una propuesta del Poder Ejecutivo que contemplaba un aumento del 14% desde septiembre en dos tramos (12% en septiembre y 2%).<\/p>\n<p>El sindicato evalu\u00f3 que \u00abque esta propuesta no solo no equipara la inflaci\u00f3n, sino que tambi\u00e9n incrementa la brecha entre el aumento ofrecido y la inflaci\u00f3n proyectada para los \u00faltimos meses del a\u00f1o\u00bb, y llamaron a una medida de fuerza.<\/p>\n<p>As\u00ed, hoy los trabajadores judiciales que se encuentren trabajando de manera presencial no concurrir\u00e1n a sus lugares de trabajo, mientras que aquellos que realizan sus tareas de manera remota, no se conectar\u00e1n al sistema, adelantaron desde la AJB.<\/p>\n<p>En tanto, la Asociaci\u00f3n Sindical de Trabajadores de la Salud (Cicop) realizar\u00e1 ma\u00f1ana una caravana por las calles de la ciudad de La Plata en rechazo a la propuesta que realiz\u00f3 el Gobierno en la paritaria del lunes 19, a la que consideran \u00abinsuficiente\u00bb.<\/p>\n<p>El lunes pasado, los profesionales de la salud consideraron \u00abinsuficiente\u00bb la oferta de aumento salarial, que consisti\u00f3 adem\u00e1s del aumento del 14% al b\u00e1sico resultante de la paritaria de la administraci\u00f3n p\u00fablica, un incremento similar de las bonificaciones para llegar al 14% de bolsillo, con reapertura de paritarias en diciembre pr\u00f3ximo.<\/p>\n<p>La marcha de autos, que comenzar\u00e1 10:30, partir\u00e1 de las calles 7 y 38 de la ciudad de La Plata, pasar\u00e1 por frente a las sedes del Ministerio de Salud y de la Gobernaci\u00f3n, y tiene como objetivo \u00abvisibilizar a\u00fan m\u00e1s la situaci\u00f3n de los profesionales de la salud, instando a las autoridades a formular una propuesta integral que d\u00e9 cuenta de la importancia de disponer de un sistema que sea capaz de cuidar la salud de la poblaci\u00f3n sin poner en riesgo la de sus trabajadores\u00bb.<\/p>\n","protected":false},"excerpt":{"rendered":"<p>Trabajadores judiciales bonaerenses realizar\u00e1n hoy una medida de fuerza que afectar\u00e1 al servicio de Justicia en la provincia, mientras que ma\u00f1ana m\u00e9dicos de hospitales p\u00fablicos encolumnados en Cicop llevar\u00e1n a cabo una jornada de protesta en rechazo a la oferta salarial formulada por el Gobierno provincial en el marco de las negociaciones paritarias.<\/p>\n","protected":false},"author":3,"featured_media":0,"comment_status":"closed","ping_status":"open","sticky":false,"template":"","format":"standard","meta":{"footnotes":""},"categories":[26],"tags":[],"class_list":["post-48579","post","type-post","status-publish","format-standard","hentry","category-sociedad"],"yoast_head":"<!-- This site is optimized with the Yoast SEO plugin v25.9 - https:\/\/yoast.com\/wordpress\/plugins\/seo\/ -->\n<title>Judiciales bonaerenses paran hoy y m\u00e9dicos realizan ma\u00f1ana marcha en rechazo a propuesta salarial - Noticias Radio Reflejos<\/title>\n<meta name=\"robots\" content=\"index, follow, max-snippet:-1, max-image-preview:large, max-video-preview:-1\" \/>\n<link rel=\"canonical\" href=\"https:\/\/www.noticiasradioreflejos.com.ar\/2021\/judiciales-bonaerenses-paran-hoy-y-medicos-realizan-manana-marcha-en-rechazo-a-propuesta-salarial\/\" \/>\n<meta property=\"og:locale\" content=\"es_ES\" \/>\n<meta property=\"og:type\" content=\"article\" \/>\n<meta property=\"og:title\" content=\"Judiciales bonaerenses paran hoy y m\u00e9dicos realizan ma\u00f1ana marcha en rechazo a propuesta salarial - Noticias Radio Reflejos\" \/>\n<meta property=\"og:description\" content=\"Trabajadores judiciales bonaerenses realizar\u00e1n hoy una medida de fuerza que afectar\u00e1 al servicio de Justicia en la provincia, mientras que ma\u00f1ana m\u00e9dicos de hospitales p\u00fablicos encolumnados en Cicop llevar\u00e1n a cabo una jornada de protesta en rechazo a la oferta salarial formulada por el Gobierno provincial en el marco de las negociaciones paritarias.\" \/>\n<meta property=\"og:url\" content=\"https:\/\/www.noticiasradioreflejos.com.ar\/2021\/judiciales-bonaerenses-paran-hoy-y-medicos-realizan-manana-marcha-en-rechazo-a-propuesta-salarial\/\" \/>\n<meta property=\"og:site_name\" content=\"Noticias Radio Reflejos\" \/>\n<meta property=\"article:published_time\" content=\"2020-10-27T11:11:17+00:00\" \/>\n<meta property=\"og:image\" content=\"https:\/\/www.noticiasradioreflejos.com.ar\/2021\/wp-content\/uploads\/2021\/07\/logosol300x200.png\" \/>\n\t<meta property=\"og:image:width\" content=\"300\" \/>\n\t<meta property=\"og:image:height\" content=\"200\" \/>\n\t<meta property=\"og:image:type\" content=\"image\/png\" \/>\n<meta name=\"author\" content=\"Arnaldo Botto\" \/>\n<meta name=\"twitter:card\" content=\"summary_large_image\" \/>\n<script type=\"application\/ld+json\" class=\"yoast-schema-graph\">{\"@context\":\"https:\/\/schema.org\",\"@graph\":[{\"@type\":\"WebPage\",\"@id\":\"https:\/\/www.noticiasradioreflejos.com.ar\/2021\/judiciales-bonaerenses-paran-hoy-y-medicos-realizan-manana-marcha-en-rechazo-a-propuesta-salarial\/\",\"url\":\"https:\/\/www.noticiasradioreflejos.com.ar\/2021\/judiciales-bonaerenses-paran-hoy-y-medicos-realizan-manana-marcha-en-rechazo-a-propuesta-salarial\/\",\"name\":\"Judiciales bonaerenses paran hoy y m\u00e9dicos realizan ma\u00f1ana marcha en rechazo a propuesta salarial - Noticias Radio Reflejos\",\"isPartOf\":{\"@id\":\"https:\/\/www.noticiasradioreflejos.com.ar\/2021\/#website\"},\"datePublished\":\"2020-10-27T11:11:17+00:00\",\"author\":{\"@id\":\"https:\/\/www.noticiasradioreflejos.com.ar\/2021\/#\/schema\/person\/ad82545263dcc5ec0996818884fd5fb1\"},\"breadcrumb\":{\"@id\":\"https:\/\/www.noticiasradioreflejos.com.ar\/2021\/judiciales-bonaerenses-paran-hoy-y-medicos-realizan-manana-marcha-en-rechazo-a-propuesta-salarial\/#breadcrumb\"},\"inLanguage\":\"es\",\"potentialAction\":[{\"@type\":\"ReadAction\",\"target\":[\"https:\/\/www.noticiasradioreflejos.com.ar\/2021\/judiciales-bonaerenses-paran-hoy-y-medicos-realizan-manana-marcha-en-rechazo-a-propuesta-salarial\/\"]}]},{\"@type\":\"BreadcrumbList\",\"@id\":\"https:\/\/www.noticiasradioreflejos.com.ar\/2021\/judiciales-bonaerenses-paran-hoy-y-medicos-realizan-manana-marcha-en-rechazo-a-propuesta-salarial\/#breadcrumb\",\"itemListElement\":[{\"@type\":\"ListItem\",\"position\":1,\"name\":\"Portada\",\"item\":\"https:\/\/www.noticiasradioreflejos.com.ar\/2021\/\"},{\"@type\":\"ListItem\",\"position\":2,\"name\":\"Judiciales bonaerenses paran hoy y m\u00e9dicos realizan ma\u00f1ana marcha en rechazo a propuesta salarial\"}]},{\"@type\":\"WebSite\",\"@id\":\"https:\/\/www.noticiasradioreflejos.com.ar\/2021\/#website\",\"url\":\"https:\/\/www.noticiasradioreflejos.com.ar\/2021\/\",\"name\":\"Noticias Radio Reflejos\",\"description\":\"Las noticias de mi comarca\",\"potentialAction\":[{\"@type\":\"SearchAction\",\"target\":{\"@type\":\"EntryPoint\",\"urlTemplate\":\"https:\/\/www.noticiasradioreflejos.com.ar\/2021\/?s={search_term_string}\"},\"query-input\":{\"@type\":\"PropertyValueSpecification\",\"valueRequired\":true,\"valueName\":\"search_term_string\"}}],\"inLanguage\":\"es\"},{\"@type\":\"Person\",\"@id\":\"https:\/\/www.noticiasradioreflejos.com.ar\/2021\/#\/schema\/person\/ad82545263dcc5ec0996818884fd5fb1\",\"name\":\"Arnaldo Botto\",\"image\":{\"@type\":\"ImageObject\",\"inLanguage\":\"es\",\"@id\":\"https:\/\/www.noticiasradioreflejos.com.ar\/2021\/#\/schema\/person\/image\/\",\"url\":\"https:\/\/secure.gravatar.com\/avatar\/55cb5e37c1efa326397366e6974cb338056df65cb50e7d64d1cf314e87504837?s=96&d=mm&r=g\",\"contentUrl\":\"https:\/\/secure.gravatar.com\/avatar\/55cb5e37c1efa326397366e6974cb338056df65cb50e7d64d1cf314e87504837?s=96&d=mm&r=g\",\"caption\":\"Arnaldo Botto\"},\"url\":\"https:\/\/www.noticiasradioreflejos.com.ar\/2021\/author\/arnaldo\/\"}]}<\/script>\n<!-- \/ Yoast SEO plugin. -->","yoast_head_json":{"title":"Judiciales bonaerenses paran hoy y m\u00e9dicos realizan ma\u00f1ana marcha en rechazo a propuesta salarial - Noticias Radio Reflejos","robots":{"index":"index","follow":"follow","max-snippet":"max-snippet:-1","max-image-preview":"max-image-preview:large","max-video-preview":"max-video-preview:-1"},"canonical":"https:\/\/www.noticiasradioreflejos.com.ar\/2021\/judiciales-bonaerenses-paran-hoy-y-medicos-realizan-manana-marcha-en-rechazo-a-propuesta-salarial\/","og_locale":"es_ES","og_type":"article","og_title":"Judiciales bonaerenses paran hoy y m\u00e9dicos realizan ma\u00f1ana marcha en rechazo a propuesta salarial - Noticias Radio Reflejos","og_description":"Trabajadores judiciales bonaerenses realizar\u00e1n hoy una medida de fuerza que afectar\u00e1 al servicio de Justicia en la provincia, mientras que ma\u00f1ana m\u00e9dicos de hospitales p\u00fablicos encolumnados en Cicop llevar\u00e1n a cabo una jornada de protesta en rechazo a la oferta salarial formulada por el Gobierno provincial en el marco de las negociaciones paritarias.","og_url":"https:\/\/www.noticiasradioreflejos.com.ar\/2021\/judiciales-bonaerenses-paran-hoy-y-medicos-realizan-manana-marcha-en-rechazo-a-propuesta-salarial\/","og_site_name":"Noticias Radio Reflejos","article_published_time":"2020-10-27T11:11:17+00:00","og_image":[{"width":300,"height":200,"url":"https:\/\/www.noticiasradioreflejos.com.ar\/2021\/wp-content\/uploads\/2021\/07\/logosol300x200.png","type":"image\/png"}],"author":"Arnaldo Botto","twitter_card":"summary_large_image","schema":{"@context":"https:\/\/schema.org","@graph":[{"@type":"WebPage","@id":"https:\/\/www.noticiasradioreflejos.com.ar\/2021\/judiciales-bonaerenses-paran-hoy-y-medicos-realizan-manana-marcha-en-rechazo-a-propuesta-salarial\/","url":"https:\/\/www.noticiasradioreflejos.com.ar\/2021\/judiciales-bonaerenses-paran-hoy-y-medicos-realizan-manana-marcha-en-rechazo-a-propuesta-salarial\/","name":"Judiciales bonaerenses paran hoy y m\u00e9dicos realizan ma\u00f1ana marcha en rechazo a propuesta salarial - Noticias Radio Reflejos","isPartOf":{"@id":"https:\/\/www.noticiasradioreflejos.com.ar\/2021\/#website"},"datePublished":"2020-10-27T11:11:17+00:00","author":{"@id":"https:\/\/www.noticiasradioreflejos.com.ar\/2021\/#\/schema\/person\/ad82545263dcc5ec0996818884fd5fb1"},"breadcrumb":{"@id":"https:\/\/www.noticiasradioreflejos.com.ar\/2021\/judiciales-bonaerenses-paran-hoy-y-medicos-realizan-manana-marcha-en-rechazo-a-propuesta-salarial\/#breadcrumb"},"inLanguage":"es","potentialAction":[{"@type":"ReadAction","target":["https:\/\/www.noticiasradioreflejos.com.ar\/2021\/judiciales-bonaerenses-paran-hoy-y-medicos-realizan-manana-marcha-en-rechazo-a-propuesta-salarial\/"]}]},{"@type":"BreadcrumbList","@id":"https:\/\/www.noticiasradioreflejos.com.ar\/2021\/judiciales-bonaerenses-paran-hoy-y-medicos-realizan-manana-marcha-en-rechazo-a-propuesta-salarial\/#breadcrumb","itemListElement":[{"@type":"ListItem","position":1,"name":"Portada","item":"https:\/\/www.noticiasradioreflejos.com.ar\/2021\/"},{"@type":"ListItem","position":2,"name":"Judiciales bonaerenses paran hoy y m\u00e9dicos realizan ma\u00f1ana marcha en rechazo a propuesta salarial"}]},{"@type":"WebSite","@id":"https:\/\/www.noticiasradioreflejos.com.ar\/2021\/#website","url":"https:\/\/www.noticiasradioreflejos.com.ar\/2021\/","name":"Noticias Radio Reflejos","description":"Las noticias de mi comarca","potentialAction":[{"@type":"SearchAction","target":{"@type":"EntryPoint","urlTemplate":"https:\/\/www.noticiasradioreflejos.com.ar\/2021\/?s={search_term_string}"},"query-input":{"@type":"PropertyValueSpecification","valueRequired":true,"valueName":"search_term_string"}}],"inLanguage":"es"},{"@type":"Person","@id":"https:\/\/www.noticiasradioreflejos.com.ar\/2021\/#\/schema\/person\/ad82545263dcc5ec0996818884fd5fb1","name":"Arnaldo Botto","image":{"@type":"ImageObject","inLanguage":"es","@id":"https:\/\/www.noticiasradioreflejos.com.ar\/2021\/#\/schema\/person\/image\/","url":"https:\/\/secure.gravatar.com\/avatar\/55cb5e37c1efa326397366e6974cb338056df65cb50e7d64d1cf314e87504837?s=96&d=mm&r=g","contentUrl":"https:\/\/secure.gravatar.com\/avatar\/55cb5e37c1efa326397366e6974cb338056df65cb50e7d64d1cf314e87504837?s=96&d=mm&r=g","caption":"Arnaldo Botto"},"url":"https:\/\/www.noticiasradioreflejos.com.ar\/2021\/author\/arnaldo\/"}]}},"_links":{"self":[{"href":"https:\/\/www.noticiasradioreflejos.com.ar\/2021\/wp-json\/wp\/v2\/posts\/48579","targetHints":{"allow":["GET"]}}],"collection":[{"href":"https:\/\/www.noticiasradioreflejos.com.ar\/2021\/wp-json\/wp\/v2\/posts"}],"about":[{"href":"https:\/\/www.noticiasradioreflejos.com.ar\/2021\/wp-json\/wp\/v2\/types\/post"}],"author":[{"embeddable":true,"href":"https:\/\/www.noticiasradioreflejos.com.ar\/2021\/wp-json\/wp\/v2\/users\/3"}],"replies":[{"embeddable":true,"href":"https:\/\/www.noticiasradioreflejos.com.ar\/2021\/wp-json\/wp\/v2\/comments?post=48579"}],"version-history":[{"count":0,"href":"https:\/\/www.noticiasradioreflejos.com.ar\/2021\/wp-json\/wp\/v2\/posts\/48579\/revisions"}],"wp:attachment":[{"href":"https:\/\/www.noticiasradioreflejos.com.ar\/2021\/wp-json\/wp\/v2\/media?parent=48579"}],"wp:term":[{"taxonomy":"category","embeddable":true,"href":"https:\/\/www.noticiasradioreflejos.com.ar\/2021\/wp-json\/wp\/v2\/categories?post=48579"},{"taxonomy":"post_tag","embeddable":true,"href":"https:\/\/www.noticiasradioreflejos.com.ar\/2021\/wp-json\/wp\/v2\/tags?post=48579"}],"curies":[{"name":"wp","href":"https:\/\/api.w.org\/{rel}","templated":true}]}}