{"id":48576,"date":"2020-10-27T08:07:17","date_gmt":"2020-10-27T11:07:17","guid":{"rendered":"http:\/\/www.noticiasradioreflejos.com.ar\/noticias\/?p=48576"},"modified":"2020-10-27T08:07:17","modified_gmt":"2020-10-27T11:07:17","slug":"gobierno-extiende-el-programa-atp-hasta-fin-de-ano","status":"publish","type":"post","link":"https:\/\/www.noticiasradioreflejos.com.ar\/2021\/gobierno-extiende-el-programa-atp-hasta-fin-de-ano\/","title":{"rendered":"Gobierno extiende el programa ATP hasta fin de a\u00f1o"},"content":{"rendered":"<p>El Gobierno extendi\u00f3 la vigencia del Programa de Asistencia de Emergencia al Trabajo y la Producci\u00f3n (ATP) establecido por el Decreto 332\/20 y sus modificatorios, hasta el 31 de diciembre de 2020.<!--more--><br \/>\nLo hizo a trav\u00e9s del decreto 823\/2020 publicado hoy en el Bolet\u00edn Oficial, que indic\u00f3 que \u201csi bien se observa una recuperaci\u00f3n de la actividad econ\u00f3mica, la misma evidencia heterogeneidad sectorial y territorial\u201d.<\/p>\n<p>En consecuencia sostuvo que \u201cresulta pertinente extender la temporalidad de la asistencia comprendida en el ATP para empleadores y empleadoras, y trabajadores y trabajadoras en relaci\u00f3n de dependencia e independientes, adecu\u00e1ndolo a las necesidades imperantes en la actualidad y a los cambios que se han producido y se van produciendo en la realidad econ\u00f3mica\u201d.<\/p>\n<p>El ATP se puso en marcha en marzo tras la declaraci\u00f3n de Aislamiento Social Preventivo y Obligatorio (ASPO) por la pandemia del coronavirus, y durante estos meses fue incorporando beneficios tanto para empleadores como a trabajadores.<\/p>\n<p>Comprende la asignaci\u00f3n compensatoria del salario; cr\u00e9ditos a tasa cero para monotributistas y aut\u00f3nomos; pr\u00e9stamos a tasa subsidiada convertible y reintegro de los mismos; y un sistema integral de prestaciones por desempleo.<\/p>\n<p>El programa de asistencia prev\u00e9 que aquellos empleadores con una variaci\u00f3n nominal negativa en su facturaci\u00f3n interanual accedan al salario complementario, equivalente al 50% del salario neto.<\/p>\n<p>Por su parte, las firmas que presenten una variaci\u00f3n nominal positiva en su facturaci\u00f3n de entre 0% y 40% podr\u00e1n solicitar un cr\u00e9dito a tasa subsidiada, cuya tasa de inter\u00e9s ser\u00e1 en todos los casos del 15%.<\/p>\n<p>Ese cr\u00e9dito a pagar en cuotas a 12 meses tiene, adem\u00e1s, un incentivo para las empresas ya que podr\u00e1n transformar parte o todo el pr\u00e9stamos en subsidios del Estado en funci\u00f3n de la creaci\u00f3n de puestos de trabajo, a partir de par\u00e1metros de empleo interanuales.<\/p>\n<p>El tr\u00e1mite para acceder a un cr\u00e9dito a tasa subsidiada, que se acredita directamente en la cuenta bancaria del trabajador, se inicia a trav\u00e9s del sitio web de la Administraci\u00f3n Federal de Ingresos P\u00fablicos (AFIP) y los pr\u00e9stamos se terminan de gestionar ante la entidad bancaria seleccionada por cada empresa.<\/p>\n","protected":false},"excerpt":{"rendered":"<p>El Gobierno extendi\u00f3 la vigencia del Programa de Asistencia de Emergencia al Trabajo y la Producci\u00f3n (ATP) establecido por el Decreto 332\/20 y sus modificatorios, hasta el 31 de diciembre de 2020.<\/p>\n","protected":false},"author":3,"featured_media":0,"comment_status":"closed","ping_status":"open","sticky":false,"template":"","format":"standard","meta":{"footnotes":""},"categories":[36],"tags":[],"class_list":["post-48576","post","type-post","status-publish","format-standard","hentry","category-economia"],"yoast_head":"<!-- This site is optimized with the Yoast SEO plugin v25.9 - https:\/\/yoast.com\/wordpress\/plugins\/seo\/ -->\n<title>Gobierno extiende el programa ATP hasta fin de a\u00f1o - Noticias Radio Reflejos<\/title>\n<meta name=\"robots\" content=\"index, follow, max-snippet:-1, max-image-preview:large, max-video-preview:-1\" \/>\n<link rel=\"canonical\" href=\"https:\/\/www.noticiasradioreflejos.com.ar\/2021\/gobierno-extiende-el-programa-atp-hasta-fin-de-ano\/\" \/>\n<meta property=\"og:locale\" content=\"es_ES\" \/>\n<meta property=\"og:type\" content=\"article\" \/>\n<meta property=\"og:title\" content=\"Gobierno extiende el programa ATP hasta fin de a\u00f1o - Noticias Radio Reflejos\" \/>\n<meta property=\"og:description\" content=\"El Gobierno extendi\u00f3 la vigencia del Programa de Asistencia de Emergencia al Trabajo y la Producci\u00f3n (ATP) establecido por el Decreto 332\/20 y sus modificatorios, hasta el 31 de diciembre de 2020.\" \/>\n<meta property=\"og:url\" content=\"https:\/\/www.noticiasradioreflejos.com.ar\/2021\/gobierno-extiende-el-programa-atp-hasta-fin-de-ano\/\" \/>\n<meta property=\"og:site_name\" content=\"Noticias Radio Reflejos\" \/>\n<meta property=\"article:published_time\" content=\"2020-10-27T11:07:17+00:00\" \/>\n<meta property=\"og:image\" content=\"https:\/\/www.noticiasradioreflejos.com.ar\/2021\/wp-content\/uploads\/2021\/07\/logosol300x200.png\" \/>\n\t<meta property=\"og:image:width\" content=\"300\" \/>\n\t<meta property=\"og:image:height\" content=\"200\" \/>\n\t<meta property=\"og:image:type\" content=\"image\/png\" \/>\n<meta name=\"author\" content=\"Arnaldo Botto\" \/>\n<meta name=\"twitter:card\" content=\"summary_large_image\" \/>\n<script type=\"application\/ld+json\" class=\"yoast-schema-graph\">{\"@context\":\"https:\/\/schema.org\",\"@graph\":[{\"@type\":\"WebPage\",\"@id\":\"https:\/\/www.noticiasradioreflejos.com.ar\/2021\/gobierno-extiende-el-programa-atp-hasta-fin-de-ano\/\",\"url\":\"https:\/\/www.noticiasradioreflejos.com.ar\/2021\/gobierno-extiende-el-programa-atp-hasta-fin-de-ano\/\",\"name\":\"Gobierno extiende el programa ATP hasta fin de a\u00f1o - Noticias Radio Reflejos\",\"isPartOf\":{\"@id\":\"https:\/\/www.noticiasradioreflejos.com.ar\/2021\/#website\"},\"datePublished\":\"2020-10-27T11:07:17+00:00\",\"author\":{\"@id\":\"https:\/\/www.noticiasradioreflejos.com.ar\/2021\/#\/schema\/person\/ad82545263dcc5ec0996818884fd5fb1\"},\"breadcrumb\":{\"@id\":\"https:\/\/www.noticiasradioreflejos.com.ar\/2021\/gobierno-extiende-el-programa-atp-hasta-fin-de-ano\/#breadcrumb\"},\"inLanguage\":\"es\",\"potentialAction\":[{\"@type\":\"ReadAction\",\"target\":[\"https:\/\/www.noticiasradioreflejos.com.ar\/2021\/gobierno-extiende-el-programa-atp-hasta-fin-de-ano\/\"]}]},{\"@type\":\"BreadcrumbList\",\"@id\":\"https:\/\/www.noticiasradioreflejos.com.ar\/2021\/gobierno-extiende-el-programa-atp-hasta-fin-de-ano\/#breadcrumb\",\"itemListElement\":[{\"@type\":\"ListItem\",\"position\":1,\"name\":\"Portada\",\"item\":\"https:\/\/www.noticiasradioreflejos.com.ar\/2021\/\"},{\"@type\":\"ListItem\",\"position\":2,\"name\":\"Gobierno extiende el programa ATP hasta fin de a\u00f1o\"}]},{\"@type\":\"WebSite\",\"@id\":\"https:\/\/www.noticiasradioreflejos.com.ar\/2021\/#website\",\"url\":\"https:\/\/www.noticiasradioreflejos.com.ar\/2021\/\",\"name\":\"Noticias Radio Reflejos\",\"description\":\"Las noticias de mi comarca\",\"potentialAction\":[{\"@type\":\"SearchAction\",\"target\":{\"@type\":\"EntryPoint\",\"urlTemplate\":\"https:\/\/www.noticiasradioreflejos.com.ar\/2021\/?s={search_term_string}\"},\"query-input\":{\"@type\":\"PropertyValueSpecification\",\"valueRequired\":true,\"valueName\":\"search_term_string\"}}],\"inLanguage\":\"es\"},{\"@type\":\"Person\",\"@id\":\"https:\/\/www.noticiasradioreflejos.com.ar\/2021\/#\/schema\/person\/ad82545263dcc5ec0996818884fd5fb1\",\"name\":\"Arnaldo Botto\",\"image\":{\"@type\":\"ImageObject\",\"inLanguage\":\"es\",\"@id\":\"https:\/\/www.noticiasradioreflejos.com.ar\/2021\/#\/schema\/person\/image\/\",\"url\":\"https:\/\/secure.gravatar.com\/avatar\/55cb5e37c1efa326397366e6974cb338056df65cb50e7d64d1cf314e87504837?s=96&d=mm&r=g\",\"contentUrl\":\"https:\/\/secure.gravatar.com\/avatar\/55cb5e37c1efa326397366e6974cb338056df65cb50e7d64d1cf314e87504837?s=96&d=mm&r=g\",\"caption\":\"Arnaldo Botto\"},\"url\":\"https:\/\/www.noticiasradioreflejos.com.ar\/2021\/author\/arnaldo\/\"}]}<\/script>\n<!-- \/ Yoast SEO plugin. -->","yoast_head_json":{"title":"Gobierno extiende el programa ATP hasta fin de a\u00f1o - Noticias Radio Reflejos","robots":{"index":"index","follow":"follow","max-snippet":"max-snippet:-1","max-image-preview":"max-image-preview:large","max-video-preview":"max-video-preview:-1"},"canonical":"https:\/\/www.noticiasradioreflejos.com.ar\/2021\/gobierno-extiende-el-programa-atp-hasta-fin-de-ano\/","og_locale":"es_ES","og_type":"article","og_title":"Gobierno extiende el programa ATP hasta fin de a\u00f1o - Noticias Radio Reflejos","og_description":"El Gobierno extendi\u00f3 la vigencia del Programa de Asistencia de Emergencia al Trabajo y la Producci\u00f3n (ATP) establecido por el Decreto 332\/20 y sus modificatorios, hasta el 31 de diciembre de 2020.","og_url":"https:\/\/www.noticiasradioreflejos.com.ar\/2021\/gobierno-extiende-el-programa-atp-hasta-fin-de-ano\/","og_site_name":"Noticias Radio Reflejos","article_published_time":"2020-10-27T11:07:17+00:00","og_image":[{"width":300,"height":200,"url":"https:\/\/www.noticiasradioreflejos.com.ar\/2021\/wp-content\/uploads\/2021\/07\/logosol300x200.png","type":"image\/png"}],"author":"Arnaldo Botto","twitter_card":"summary_large_image","schema":{"@context":"https:\/\/schema.org","@graph":[{"@type":"WebPage","@id":"https:\/\/www.noticiasradioreflejos.com.ar\/2021\/gobierno-extiende-el-programa-atp-hasta-fin-de-ano\/","url":"https:\/\/www.noticiasradioreflejos.com.ar\/2021\/gobierno-extiende-el-programa-atp-hasta-fin-de-ano\/","name":"Gobierno extiende el programa ATP hasta fin de a\u00f1o - Noticias Radio Reflejos","isPartOf":{"@id":"https:\/\/www.noticiasradioreflejos.com.ar\/2021\/#website"},"datePublished":"2020-10-27T11:07:17+00:00","author":{"@id":"https:\/\/www.noticiasradioreflejos.com.ar\/2021\/#\/schema\/person\/ad82545263dcc5ec0996818884fd5fb1"},"breadcrumb":{"@id":"https:\/\/www.noticiasradioreflejos.com.ar\/2021\/gobierno-extiende-el-programa-atp-hasta-fin-de-ano\/#breadcrumb"},"inLanguage":"es","potentialAction":[{"@type":"ReadAction","target":["https:\/\/www.noticiasradioreflejos.com.ar\/2021\/gobierno-extiende-el-programa-atp-hasta-fin-de-ano\/"]}]},{"@type":"BreadcrumbList","@id":"https:\/\/www.noticiasradioreflejos.com.ar\/2021\/gobierno-extiende-el-programa-atp-hasta-fin-de-ano\/#breadcrumb","itemListElement":[{"@type":"ListItem","position":1,"name":"Portada","item":"https:\/\/www.noticiasradioreflejos.com.ar\/2021\/"},{"@type":"ListItem","position":2,"name":"Gobierno extiende el programa ATP hasta fin de a\u00f1o"}]},{"@type":"WebSite","@id":"https:\/\/www.noticiasradioreflejos.com.ar\/2021\/#website","url":"https:\/\/www.noticiasradioreflejos.com.ar\/2021\/","name":"Noticias Radio Reflejos","description":"Las noticias de mi comarca","potentialAction":[{"@type":"SearchAction","target":{"@type":"EntryPoint","urlTemplate":"https:\/\/www.noticiasradioreflejos.com.ar\/2021\/?s={search_term_string}"},"query-input":{"@type":"PropertyValueSpecification","valueRequired":true,"valueName":"search_term_string"}}],"inLanguage":"es"},{"@type":"Person","@id":"https:\/\/www.noticiasradioreflejos.com.ar\/2021\/#\/schema\/person\/ad82545263dcc5ec0996818884fd5fb1","name":"Arnaldo Botto","image":{"@type":"ImageObject","inLanguage":"es","@id":"https:\/\/www.noticiasradioreflejos.com.ar\/2021\/#\/schema\/person\/image\/","url":"https:\/\/secure.gravatar.com\/avatar\/55cb5e37c1efa326397366e6974cb338056df65cb50e7d64d1cf314e87504837?s=96&d=mm&r=g","contentUrl":"https:\/\/secure.gravatar.com\/avatar\/55cb5e37c1efa326397366e6974cb338056df65cb50e7d64d1cf314e87504837?s=96&d=mm&r=g","caption":"Arnaldo Botto"},"url":"https:\/\/www.noticiasradioreflejos.com.ar\/2021\/author\/arnaldo\/"}]}},"_links":{"self":[{"href":"https:\/\/www.noticiasradioreflejos.com.ar\/2021\/wp-json\/wp\/v2\/posts\/48576","targetHints":{"allow":["GET"]}}],"collection":[{"href":"https:\/\/www.noticiasradioreflejos.com.ar\/2021\/wp-json\/wp\/v2\/posts"}],"about":[{"href":"https:\/\/www.noticiasradioreflejos.com.ar\/2021\/wp-json\/wp\/v2\/types\/post"}],"author":[{"embeddable":true,"href":"https:\/\/www.noticiasradioreflejos.com.ar\/2021\/wp-json\/wp\/v2\/users\/3"}],"replies":[{"embeddable":true,"href":"https:\/\/www.noticiasradioreflejos.com.ar\/2021\/wp-json\/wp\/v2\/comments?post=48576"}],"version-history":[{"count":0,"href":"https:\/\/www.noticiasradioreflejos.com.ar\/2021\/wp-json\/wp\/v2\/posts\/48576\/revisions"}],"wp:attachment":[{"href":"https:\/\/www.noticiasradioreflejos.com.ar\/2021\/wp-json\/wp\/v2\/media?parent=48576"}],"wp:term":[{"taxonomy":"category","embeddable":true,"href":"https:\/\/www.noticiasradioreflejos.com.ar\/2021\/wp-json\/wp\/v2\/categories?post=48576"},{"taxonomy":"post_tag","embeddable":true,"href":"https:\/\/www.noticiasradioreflejos.com.ar\/2021\/wp-json\/wp\/v2\/tags?post=48576"}],"curies":[{"name":"wp","href":"https:\/\/api.w.org\/{rel}","templated":true}]}}