{"id":48564,"date":"2020-10-26T19:22:20","date_gmt":"2020-10-26T22:22:20","guid":{"rendered":"http:\/\/www.noticiasradioreflejos.com.ar\/noticias\/?p=48564"},"modified":"2020-10-26T19:22:20","modified_gmt":"2020-10-26T22:22:20","slug":"instalaran-18-hospitales-modulares-en-el-verano-para-evitar-desbordes-en-el-sistema-sanitario","status":"publish","type":"post","link":"https:\/\/www.noticiasradioreflejos.com.ar\/2021\/instalaran-18-hospitales-modulares-en-el-verano-para-evitar-desbordes-en-el-sistema-sanitario\/","title":{"rendered":"Instalar\u00e1n 18 hospitales modulares en el verano para evitar desbordes en el sistema sanitario."},"content":{"rendered":"<p>El Gobierno instalar\u00e1 18 hospitales modulares en todo el pa\u00eds para la temporada de verano, con lo que apunta a evitar eventuales situaciones de tensi\u00f3n en el sistema sanitario a causa de la pandemia de coronavirus, anunci\u00f3 hoy el ministro de Turismo y Deportes, Mat\u00edas Lammens,<!--more--><\/p>\n<p>\u00abVamos a instalar 18 hospitales modulares en todo el pa\u00eds\u00bb, sostuvo el funcionario, quien precis\u00f3 que esta medida, que anunciar\u00e1 esta semana junto al ministro de Obras P\u00fablicas, Gabriel Katopodis, se suma a una bater\u00eda de acciones que se pondr\u00e1n en pr\u00e1ctica para la temporada de verano.<\/p>\n<p>La decisi\u00f3n apunta a que \u00abno desborde el sistema sanitario\u00bb, dijo Lammens en declaraciones a la radio online FutuR\u00f6ck, y apunt\u00f3 que esa acci\u00f3n se suma al Plan Detectar, que se llevar\u00e1 a todas las ciudades tur\u00edsticas.<\/p>\n<p>El ministro asegur\u00f3 que \u00abno fue f\u00e1cil\u00bb tomar la decisi\u00f3n de habilitar la temporada de verano, sobre todo \u00abcon la situaci\u00f3n epidemiol\u00f3gica que muestran algunas provincias y algunas ciudades del interior del pa\u00eds\u00bb.<\/p>\n<p>Sobre este tema, Lammens adelant\u00f3 que mantendr\u00e1 \u00abuna reuni\u00f3n con la provincia de Buenos Aires para seguir trabajando en lo que va a ser la temporada\u00bb.<\/p>\n<p>En ese sentido, describi\u00f3 que tras nueve meses de pandemia y despu\u00e9s de haber heredado, al asumir el 10 de diciembre, \u00abuna crisis grav\u00edsima en t\u00e9rminos econ\u00f3micos y sociales, no tener temporada de verano para muchas provincias y ciudades ser\u00eda realmente catastr\u00f3fico\u00bb,<\/p>\n<p>En cuanto al impacto econ\u00f3mico de la actividad tur\u00edstica en la particular situaci\u00f3n generada por la pandemia de coronavirus, Lammens estim\u00f3 que este a\u00f1o ingresar\u00e1n en concepto de turismo unos 5.500 millones de d\u00f3lares.<\/p>\n","protected":false},"excerpt":{"rendered":"<p>El Gobierno instalar\u00e1 18 hospitales modulares en todo el pa\u00eds para la temporada de verano, con lo que apunta a evitar eventuales situaciones de tensi\u00f3n en el sistema sanitario a causa de la pandemia de coronavirus, anunci\u00f3 hoy el ministro de Turismo y Deportes, Mat\u00edas Lammens,<\/p>\n","protected":false},"author":3,"featured_media":0,"comment_status":"closed","ping_status":"open","sticky":false,"template":"","format":"standard","meta":{"footnotes":""},"categories":[30],"tags":[],"class_list":["post-48564","post","type-post","status-publish","format-standard","hentry","category-salud"],"yoast_head":"<!-- This site is optimized with the Yoast SEO plugin v25.9 - https:\/\/yoast.com\/wordpress\/plugins\/seo\/ -->\n<title>Instalar\u00e1n 18 hospitales modulares en el verano para evitar desbordes en el sistema sanitario. - Noticias Radio Reflejos<\/title>\n<meta name=\"robots\" content=\"index, follow, max-snippet:-1, max-image-preview:large, max-video-preview:-1\" \/>\n<link rel=\"canonical\" href=\"https:\/\/www.noticiasradioreflejos.com.ar\/2021\/instalaran-18-hospitales-modulares-en-el-verano-para-evitar-desbordes-en-el-sistema-sanitario\/\" \/>\n<meta property=\"og:locale\" content=\"es_ES\" \/>\n<meta property=\"og:type\" content=\"article\" \/>\n<meta property=\"og:title\" content=\"Instalar\u00e1n 18 hospitales modulares en el verano para evitar desbordes en el sistema sanitario. - Noticias Radio Reflejos\" \/>\n<meta property=\"og:description\" content=\"El Gobierno instalar\u00e1 18 hospitales modulares en todo el pa\u00eds para la temporada de verano, con lo que apunta a evitar eventuales situaciones de tensi\u00f3n en el sistema sanitario a causa de la pandemia de coronavirus, anunci\u00f3 hoy el ministro de Turismo y Deportes, Mat\u00edas Lammens,\" \/>\n<meta property=\"og:url\" content=\"https:\/\/www.noticiasradioreflejos.com.ar\/2021\/instalaran-18-hospitales-modulares-en-el-verano-para-evitar-desbordes-en-el-sistema-sanitario\/\" \/>\n<meta property=\"og:site_name\" content=\"Noticias Radio Reflejos\" \/>\n<meta property=\"article:published_time\" content=\"2020-10-26T22:22:20+00:00\" \/>\n<meta property=\"og:image\" content=\"https:\/\/www.noticiasradioreflejos.com.ar\/2021\/wp-content\/uploads\/2021\/07\/logosol300x200.png\" \/>\n\t<meta property=\"og:image:width\" content=\"300\" \/>\n\t<meta property=\"og:image:height\" content=\"200\" \/>\n\t<meta property=\"og:image:type\" content=\"image\/png\" \/>\n<meta name=\"author\" content=\"Arnaldo Botto\" \/>\n<meta name=\"twitter:card\" content=\"summary_large_image\" \/>\n<script type=\"application\/ld+json\" class=\"yoast-schema-graph\">{\"@context\":\"https:\/\/schema.org\",\"@graph\":[{\"@type\":\"WebPage\",\"@id\":\"https:\/\/www.noticiasradioreflejos.com.ar\/2021\/instalaran-18-hospitales-modulares-en-el-verano-para-evitar-desbordes-en-el-sistema-sanitario\/\",\"url\":\"https:\/\/www.noticiasradioreflejos.com.ar\/2021\/instalaran-18-hospitales-modulares-en-el-verano-para-evitar-desbordes-en-el-sistema-sanitario\/\",\"name\":\"Instalar\u00e1n 18 hospitales modulares en el verano para evitar desbordes en el sistema sanitario. - Noticias Radio Reflejos\",\"isPartOf\":{\"@id\":\"https:\/\/www.noticiasradioreflejos.com.ar\/2021\/#website\"},\"datePublished\":\"2020-10-26T22:22:20+00:00\",\"author\":{\"@id\":\"https:\/\/www.noticiasradioreflejos.com.ar\/2021\/#\/schema\/person\/ad82545263dcc5ec0996818884fd5fb1\"},\"breadcrumb\":{\"@id\":\"https:\/\/www.noticiasradioreflejos.com.ar\/2021\/instalaran-18-hospitales-modulares-en-el-verano-para-evitar-desbordes-en-el-sistema-sanitario\/#breadcrumb\"},\"inLanguage\":\"es\",\"potentialAction\":[{\"@type\":\"ReadAction\",\"target\":[\"https:\/\/www.noticiasradioreflejos.com.ar\/2021\/instalaran-18-hospitales-modulares-en-el-verano-para-evitar-desbordes-en-el-sistema-sanitario\/\"]}]},{\"@type\":\"BreadcrumbList\",\"@id\":\"https:\/\/www.noticiasradioreflejos.com.ar\/2021\/instalaran-18-hospitales-modulares-en-el-verano-para-evitar-desbordes-en-el-sistema-sanitario\/#breadcrumb\",\"itemListElement\":[{\"@type\":\"ListItem\",\"position\":1,\"name\":\"Portada\",\"item\":\"https:\/\/www.noticiasradioreflejos.com.ar\/2021\/\"},{\"@type\":\"ListItem\",\"position\":2,\"name\":\"Instalar\u00e1n 18 hospitales modulares en el verano para evitar desbordes en el sistema sanitario.\"}]},{\"@type\":\"WebSite\",\"@id\":\"https:\/\/www.noticiasradioreflejos.com.ar\/2021\/#website\",\"url\":\"https:\/\/www.noticiasradioreflejos.com.ar\/2021\/\",\"name\":\"Noticias Radio Reflejos\",\"description\":\"Las noticias de mi comarca\",\"potentialAction\":[{\"@type\":\"SearchAction\",\"target\":{\"@type\":\"EntryPoint\",\"urlTemplate\":\"https:\/\/www.noticiasradioreflejos.com.ar\/2021\/?s={search_term_string}\"},\"query-input\":{\"@type\":\"PropertyValueSpecification\",\"valueRequired\":true,\"valueName\":\"search_term_string\"}}],\"inLanguage\":\"es\"},{\"@type\":\"Person\",\"@id\":\"https:\/\/www.noticiasradioreflejos.com.ar\/2021\/#\/schema\/person\/ad82545263dcc5ec0996818884fd5fb1\",\"name\":\"Arnaldo Botto\",\"image\":{\"@type\":\"ImageObject\",\"inLanguage\":\"es\",\"@id\":\"https:\/\/www.noticiasradioreflejos.com.ar\/2021\/#\/schema\/person\/image\/\",\"url\":\"https:\/\/secure.gravatar.com\/avatar\/55cb5e37c1efa326397366e6974cb338056df65cb50e7d64d1cf314e87504837?s=96&d=mm&r=g\",\"contentUrl\":\"https:\/\/secure.gravatar.com\/avatar\/55cb5e37c1efa326397366e6974cb338056df65cb50e7d64d1cf314e87504837?s=96&d=mm&r=g\",\"caption\":\"Arnaldo Botto\"},\"url\":\"https:\/\/www.noticiasradioreflejos.com.ar\/2021\/author\/arnaldo\/\"}]}<\/script>\n<!-- \/ Yoast SEO plugin. -->","yoast_head_json":{"title":"Instalar\u00e1n 18 hospitales modulares en el verano para evitar desbordes en el sistema sanitario. - Noticias Radio Reflejos","robots":{"index":"index","follow":"follow","max-snippet":"max-snippet:-1","max-image-preview":"max-image-preview:large","max-video-preview":"max-video-preview:-1"},"canonical":"https:\/\/www.noticiasradioreflejos.com.ar\/2021\/instalaran-18-hospitales-modulares-en-el-verano-para-evitar-desbordes-en-el-sistema-sanitario\/","og_locale":"es_ES","og_type":"article","og_title":"Instalar\u00e1n 18 hospitales modulares en el verano para evitar desbordes en el sistema sanitario. - Noticias Radio Reflejos","og_description":"El Gobierno instalar\u00e1 18 hospitales modulares en todo el pa\u00eds para la temporada de verano, con lo que apunta a evitar eventuales situaciones de tensi\u00f3n en el sistema sanitario a causa de la pandemia de coronavirus, anunci\u00f3 hoy el ministro de Turismo y Deportes, Mat\u00edas Lammens,","og_url":"https:\/\/www.noticiasradioreflejos.com.ar\/2021\/instalaran-18-hospitales-modulares-en-el-verano-para-evitar-desbordes-en-el-sistema-sanitario\/","og_site_name":"Noticias Radio Reflejos","article_published_time":"2020-10-26T22:22:20+00:00","og_image":[{"width":300,"height":200,"url":"https:\/\/www.noticiasradioreflejos.com.ar\/2021\/wp-content\/uploads\/2021\/07\/logosol300x200.png","type":"image\/png"}],"author":"Arnaldo Botto","twitter_card":"summary_large_image","schema":{"@context":"https:\/\/schema.org","@graph":[{"@type":"WebPage","@id":"https:\/\/www.noticiasradioreflejos.com.ar\/2021\/instalaran-18-hospitales-modulares-en-el-verano-para-evitar-desbordes-en-el-sistema-sanitario\/","url":"https:\/\/www.noticiasradioreflejos.com.ar\/2021\/instalaran-18-hospitales-modulares-en-el-verano-para-evitar-desbordes-en-el-sistema-sanitario\/","name":"Instalar\u00e1n 18 hospitales modulares en el verano para evitar desbordes en el sistema sanitario. - Noticias Radio Reflejos","isPartOf":{"@id":"https:\/\/www.noticiasradioreflejos.com.ar\/2021\/#website"},"datePublished":"2020-10-26T22:22:20+00:00","author":{"@id":"https:\/\/www.noticiasradioreflejos.com.ar\/2021\/#\/schema\/person\/ad82545263dcc5ec0996818884fd5fb1"},"breadcrumb":{"@id":"https:\/\/www.noticiasradioreflejos.com.ar\/2021\/instalaran-18-hospitales-modulares-en-el-verano-para-evitar-desbordes-en-el-sistema-sanitario\/#breadcrumb"},"inLanguage":"es","potentialAction":[{"@type":"ReadAction","target":["https:\/\/www.noticiasradioreflejos.com.ar\/2021\/instalaran-18-hospitales-modulares-en-el-verano-para-evitar-desbordes-en-el-sistema-sanitario\/"]}]},{"@type":"BreadcrumbList","@id":"https:\/\/www.noticiasradioreflejos.com.ar\/2021\/instalaran-18-hospitales-modulares-en-el-verano-para-evitar-desbordes-en-el-sistema-sanitario\/#breadcrumb","itemListElement":[{"@type":"ListItem","position":1,"name":"Portada","item":"https:\/\/www.noticiasradioreflejos.com.ar\/2021\/"},{"@type":"ListItem","position":2,"name":"Instalar\u00e1n 18 hospitales modulares en el verano para evitar desbordes en el sistema sanitario."}]},{"@type":"WebSite","@id":"https:\/\/www.noticiasradioreflejos.com.ar\/2021\/#website","url":"https:\/\/www.noticiasradioreflejos.com.ar\/2021\/","name":"Noticias Radio Reflejos","description":"Las noticias de mi comarca","potentialAction":[{"@type":"SearchAction","target":{"@type":"EntryPoint","urlTemplate":"https:\/\/www.noticiasradioreflejos.com.ar\/2021\/?s={search_term_string}"},"query-input":{"@type":"PropertyValueSpecification","valueRequired":true,"valueName":"search_term_string"}}],"inLanguage":"es"},{"@type":"Person","@id":"https:\/\/www.noticiasradioreflejos.com.ar\/2021\/#\/schema\/person\/ad82545263dcc5ec0996818884fd5fb1","name":"Arnaldo Botto","image":{"@type":"ImageObject","inLanguage":"es","@id":"https:\/\/www.noticiasradioreflejos.com.ar\/2021\/#\/schema\/person\/image\/","url":"https:\/\/secure.gravatar.com\/avatar\/55cb5e37c1efa326397366e6974cb338056df65cb50e7d64d1cf314e87504837?s=96&d=mm&r=g","contentUrl":"https:\/\/secure.gravatar.com\/avatar\/55cb5e37c1efa326397366e6974cb338056df65cb50e7d64d1cf314e87504837?s=96&d=mm&r=g","caption":"Arnaldo Botto"},"url":"https:\/\/www.noticiasradioreflejos.com.ar\/2021\/author\/arnaldo\/"}]}},"_links":{"self":[{"href":"https:\/\/www.noticiasradioreflejos.com.ar\/2021\/wp-json\/wp\/v2\/posts\/48564","targetHints":{"allow":["GET"]}}],"collection":[{"href":"https:\/\/www.noticiasradioreflejos.com.ar\/2021\/wp-json\/wp\/v2\/posts"}],"about":[{"href":"https:\/\/www.noticiasradioreflejos.com.ar\/2021\/wp-json\/wp\/v2\/types\/post"}],"author":[{"embeddable":true,"href":"https:\/\/www.noticiasradioreflejos.com.ar\/2021\/wp-json\/wp\/v2\/users\/3"}],"replies":[{"embeddable":true,"href":"https:\/\/www.noticiasradioreflejos.com.ar\/2021\/wp-json\/wp\/v2\/comments?post=48564"}],"version-history":[{"count":0,"href":"https:\/\/www.noticiasradioreflejos.com.ar\/2021\/wp-json\/wp\/v2\/posts\/48564\/revisions"}],"wp:attachment":[{"href":"https:\/\/www.noticiasradioreflejos.com.ar\/2021\/wp-json\/wp\/v2\/media?parent=48564"}],"wp:term":[{"taxonomy":"category","embeddable":true,"href":"https:\/\/www.noticiasradioreflejos.com.ar\/2021\/wp-json\/wp\/v2\/categories?post=48564"},{"taxonomy":"post_tag","embeddable":true,"href":"https:\/\/www.noticiasradioreflejos.com.ar\/2021\/wp-json\/wp\/v2\/tags?post=48564"}],"curies":[{"name":"wp","href":"https:\/\/api.w.org\/{rel}","templated":true}]}}