{"id":4856,"date":"2016-12-17T14:46:07","date_gmt":"2016-12-17T14:46:07","guid":{"rendered":"http:\/\/noticiasradioreflejos.com.ar\/noticias\/?p=4856"},"modified":"2016-12-17T14:46:07","modified_gmt":"2016-12-17T14:46:07","slug":"al-pj-local-le-falto-hacer-una-autocritica-seria","status":"publish","type":"post","link":"https:\/\/www.noticiasradioreflejos.com.ar\/2021\/al-pj-local-le-falto-hacer-una-autocritica-seria\/","title":{"rendered":"\u201cAl PJ local le falt\u00f3 hacer una autocr\u00edtica seria\u201d"},"content":{"rendered":"<p>Carlos Quiroz, hist\u00f3rico militante peronista de nuestra ciudad, se refiri\u00f3 a la actualidad del Partido Justicialista en el distrito y confi\u00f3 en que \u201cse va a reagrupar\u201d.<br \/>\n\u201cSoy militante del PJ como siempre, sigo trabajando y voy a las reuniones seccionales porque conozco a compa\u00f1eros de muchos lugares de la Sexta Secci\u00f3n Electoral\u201d, manifest\u00f3 y agreg\u00f3: <!--more-->\u201cel \u00fanico cargo que tuve fue el de concejal a los 25 a\u00f1os y sigo militando y participando. Cuando uno es militante tiene un convencimiento ideol\u00f3gico doctrinario y un compromiso con la comunidad y determinadas instituciones\u201d.<br \/>\nEn ese marco, Quiroz dej\u00f3 en claro que ya trabaja de cara a las elecciones legislativas del 2017. \u201cHay un conjunto de compa\u00f1eros que quieren participar y el a\u00f1o que viene va a haber un nuevo espacio del peronismo en Tornquist que va a tratar de convocar a todo el mundo. Si no hay acuerdo de militancia, va a haber una interna s\u00ed o s\u00ed\u201d, dispar\u00f3 al respecto.<br \/>\n\u201cLa pol\u00edtica es el arte de lo imposible y creo que la mejor forma de definir las cuestiones es hablando con claridad a la gente, siendo sincero, sobre todo con la militancia\u201d, indic\u00f3.<br \/>\nAsimismo, el ex edil dej\u00f3 en evidencia sus diferencias con la actual conducci\u00f3n del PJ a nivel local: \u201ccreo que falta dialogo y discusi\u00f3n interna. Despu\u00e9s de cinco elecciones consecutivas perdidas, no hubo una autocr\u00edtica seria\u201d, por eso \u201ctenemos el compromiso de militantes de construir el peronismo\u201d.<br \/>\n<iframe loading=\"lazy\" src=\"https:\/\/w.soundcloud.com\/player\/?url=https%3A\/\/api.soundcloud.com\/tracks\/298594192&amp;color=ff5500&amp;auto_play=false&amp;hide_related=false&amp;show_comments=true&amp;show_user=true&amp;show_reposts=false\" width=\"100%\" height=\"166\" frameborder=\"no\" scrolling=\"no\"><\/iframe><\/p>\n","protected":false},"excerpt":{"rendered":"<p>Carlos Quiroz, hist\u00f3rico militante peronista de nuestra ciudad, se refiri\u00f3 a la actualidad del Partido Justicialista en el distrito y confi\u00f3 en que \u201cse va a reagrupar\u201d. \u201cSoy militante del PJ como siempre, sigo trabajando y voy a las reuniones seccionales porque conozco a compa\u00f1eros de muchos lugares de la Sexta Secci\u00f3n Electoral\u201d, manifest\u00f3 y [&hellip;]<\/p>\n","protected":false},"author":3,"featured_media":0,"comment_status":"closed","ping_status":"open","sticky":false,"template":"","format":"standard","meta":{"footnotes":""},"categories":[24],"tags":[],"class_list":["post-4856","post","type-post","status-publish","format-standard","hentry","category-politica"],"yoast_head":"<!-- This site is optimized with the Yoast SEO plugin v25.9 - https:\/\/yoast.com\/wordpress\/plugins\/seo\/ -->\n<title>\u201cAl PJ local le falt\u00f3 hacer una autocr\u00edtica seria\u201d - Noticias Radio Reflejos<\/title>\n<meta name=\"robots\" content=\"index, follow, max-snippet:-1, max-image-preview:large, max-video-preview:-1\" \/>\n<link rel=\"canonical\" href=\"https:\/\/www.noticiasradioreflejos.com.ar\/2021\/al-pj-local-le-falto-hacer-una-autocritica-seria\/\" \/>\n<meta property=\"og:locale\" content=\"es_ES\" \/>\n<meta property=\"og:type\" content=\"article\" \/>\n<meta property=\"og:title\" content=\"\u201cAl PJ local le falt\u00f3 hacer una autocr\u00edtica seria\u201d - Noticias Radio Reflejos\" \/>\n<meta property=\"og:description\" content=\"Carlos Quiroz, hist\u00f3rico militante peronista de nuestra ciudad, se refiri\u00f3 a la actualidad del Partido Justicialista en el distrito y confi\u00f3 en que \u201cse va a reagrupar\u201d. \u201cSoy militante del PJ como siempre, sigo trabajando y voy a las reuniones seccionales porque conozco a compa\u00f1eros de muchos lugares de la Sexta Secci\u00f3n Electoral\u201d, manifest\u00f3 y [&hellip;]\" \/>\n<meta property=\"og:url\" content=\"https:\/\/www.noticiasradioreflejos.com.ar\/2021\/al-pj-local-le-falto-hacer-una-autocritica-seria\/\" \/>\n<meta property=\"og:site_name\" content=\"Noticias Radio Reflejos\" \/>\n<meta property=\"article:published_time\" content=\"2016-12-17T14:46:07+00:00\" \/>\n<meta property=\"og:image\" content=\"https:\/\/www.noticiasradioreflejos.com.ar\/2021\/wp-content\/uploads\/2021\/07\/logosol300x200.png\" \/>\n\t<meta property=\"og:image:width\" content=\"300\" \/>\n\t<meta property=\"og:image:height\" content=\"200\" \/>\n\t<meta property=\"og:image:type\" content=\"image\/png\" \/>\n<meta name=\"author\" content=\"Arnaldo Botto\" \/>\n<meta name=\"twitter:card\" content=\"summary_large_image\" \/>\n<script type=\"application\/ld+json\" class=\"yoast-schema-graph\">{\"@context\":\"https:\/\/schema.org\",\"@graph\":[{\"@type\":\"WebPage\",\"@id\":\"https:\/\/www.noticiasradioreflejos.com.ar\/2021\/al-pj-local-le-falto-hacer-una-autocritica-seria\/\",\"url\":\"https:\/\/www.noticiasradioreflejos.com.ar\/2021\/al-pj-local-le-falto-hacer-una-autocritica-seria\/\",\"name\":\"\u201cAl PJ local le falt\u00f3 hacer una autocr\u00edtica seria\u201d - Noticias Radio Reflejos\",\"isPartOf\":{\"@id\":\"https:\/\/www.noticiasradioreflejos.com.ar\/2021\/#website\"},\"datePublished\":\"2016-12-17T14:46:07+00:00\",\"author\":{\"@id\":\"https:\/\/www.noticiasradioreflejos.com.ar\/2021\/#\/schema\/person\/ad82545263dcc5ec0996818884fd5fb1\"},\"breadcrumb\":{\"@id\":\"https:\/\/www.noticiasradioreflejos.com.ar\/2021\/al-pj-local-le-falto-hacer-una-autocritica-seria\/#breadcrumb\"},\"inLanguage\":\"es\",\"potentialAction\":[{\"@type\":\"ReadAction\",\"target\":[\"https:\/\/www.noticiasradioreflejos.com.ar\/2021\/al-pj-local-le-falto-hacer-una-autocritica-seria\/\"]}]},{\"@type\":\"BreadcrumbList\",\"@id\":\"https:\/\/www.noticiasradioreflejos.com.ar\/2021\/al-pj-local-le-falto-hacer-una-autocritica-seria\/#breadcrumb\",\"itemListElement\":[{\"@type\":\"ListItem\",\"position\":1,\"name\":\"Portada\",\"item\":\"https:\/\/www.noticiasradioreflejos.com.ar\/2021\/\"},{\"@type\":\"ListItem\",\"position\":2,\"name\":\"\u201cAl PJ local le falt\u00f3 hacer una autocr\u00edtica seria\u201d\"}]},{\"@type\":\"WebSite\",\"@id\":\"https:\/\/www.noticiasradioreflejos.com.ar\/2021\/#website\",\"url\":\"https:\/\/www.noticiasradioreflejos.com.ar\/2021\/\",\"name\":\"Noticias Radio Reflejos\",\"description\":\"Las noticias de mi comarca\",\"potentialAction\":[{\"@type\":\"SearchAction\",\"target\":{\"@type\":\"EntryPoint\",\"urlTemplate\":\"https:\/\/www.noticiasradioreflejos.com.ar\/2021\/?s={search_term_string}\"},\"query-input\":{\"@type\":\"PropertyValueSpecification\",\"valueRequired\":true,\"valueName\":\"search_term_string\"}}],\"inLanguage\":\"es\"},{\"@type\":\"Person\",\"@id\":\"https:\/\/www.noticiasradioreflejos.com.ar\/2021\/#\/schema\/person\/ad82545263dcc5ec0996818884fd5fb1\",\"name\":\"Arnaldo Botto\",\"image\":{\"@type\":\"ImageObject\",\"inLanguage\":\"es\",\"@id\":\"https:\/\/www.noticiasradioreflejos.com.ar\/2021\/#\/schema\/person\/image\/\",\"url\":\"https:\/\/secure.gravatar.com\/avatar\/55cb5e37c1efa326397366e6974cb338056df65cb50e7d64d1cf314e87504837?s=96&d=mm&r=g\",\"contentUrl\":\"https:\/\/secure.gravatar.com\/avatar\/55cb5e37c1efa326397366e6974cb338056df65cb50e7d64d1cf314e87504837?s=96&d=mm&r=g\",\"caption\":\"Arnaldo Botto\"},\"url\":\"https:\/\/www.noticiasradioreflejos.com.ar\/2021\/author\/arnaldo\/\"}]}<\/script>\n<!-- \/ Yoast SEO plugin. -->","yoast_head_json":{"title":"\u201cAl PJ local le falt\u00f3 hacer una autocr\u00edtica seria\u201d - Noticias Radio Reflejos","robots":{"index":"index","follow":"follow","max-snippet":"max-snippet:-1","max-image-preview":"max-image-preview:large","max-video-preview":"max-video-preview:-1"},"canonical":"https:\/\/www.noticiasradioreflejos.com.ar\/2021\/al-pj-local-le-falto-hacer-una-autocritica-seria\/","og_locale":"es_ES","og_type":"article","og_title":"\u201cAl PJ local le falt\u00f3 hacer una autocr\u00edtica seria\u201d - Noticias Radio Reflejos","og_description":"Carlos Quiroz, hist\u00f3rico militante peronista de nuestra ciudad, se refiri\u00f3 a la actualidad del Partido Justicialista en el distrito y confi\u00f3 en que \u201cse va a reagrupar\u201d. \u201cSoy militante del PJ como siempre, sigo trabajando y voy a las reuniones seccionales porque conozco a compa\u00f1eros de muchos lugares de la Sexta Secci\u00f3n Electoral\u201d, manifest\u00f3 y [&hellip;]","og_url":"https:\/\/www.noticiasradioreflejos.com.ar\/2021\/al-pj-local-le-falto-hacer-una-autocritica-seria\/","og_site_name":"Noticias Radio Reflejos","article_published_time":"2016-12-17T14:46:07+00:00","og_image":[{"width":300,"height":200,"url":"https:\/\/www.noticiasradioreflejos.com.ar\/2021\/wp-content\/uploads\/2021\/07\/logosol300x200.png","type":"image\/png"}],"author":"Arnaldo Botto","twitter_card":"summary_large_image","schema":{"@context":"https:\/\/schema.org","@graph":[{"@type":"WebPage","@id":"https:\/\/www.noticiasradioreflejos.com.ar\/2021\/al-pj-local-le-falto-hacer-una-autocritica-seria\/","url":"https:\/\/www.noticiasradioreflejos.com.ar\/2021\/al-pj-local-le-falto-hacer-una-autocritica-seria\/","name":"\u201cAl PJ local le falt\u00f3 hacer una autocr\u00edtica seria\u201d - Noticias Radio Reflejos","isPartOf":{"@id":"https:\/\/www.noticiasradioreflejos.com.ar\/2021\/#website"},"datePublished":"2016-12-17T14:46:07+00:00","author":{"@id":"https:\/\/www.noticiasradioreflejos.com.ar\/2021\/#\/schema\/person\/ad82545263dcc5ec0996818884fd5fb1"},"breadcrumb":{"@id":"https:\/\/www.noticiasradioreflejos.com.ar\/2021\/al-pj-local-le-falto-hacer-una-autocritica-seria\/#breadcrumb"},"inLanguage":"es","potentialAction":[{"@type":"ReadAction","target":["https:\/\/www.noticiasradioreflejos.com.ar\/2021\/al-pj-local-le-falto-hacer-una-autocritica-seria\/"]}]},{"@type":"BreadcrumbList","@id":"https:\/\/www.noticiasradioreflejos.com.ar\/2021\/al-pj-local-le-falto-hacer-una-autocritica-seria\/#breadcrumb","itemListElement":[{"@type":"ListItem","position":1,"name":"Portada","item":"https:\/\/www.noticiasradioreflejos.com.ar\/2021\/"},{"@type":"ListItem","position":2,"name":"\u201cAl PJ local le falt\u00f3 hacer una autocr\u00edtica seria\u201d"}]},{"@type":"WebSite","@id":"https:\/\/www.noticiasradioreflejos.com.ar\/2021\/#website","url":"https:\/\/www.noticiasradioreflejos.com.ar\/2021\/","name":"Noticias Radio Reflejos","description":"Las noticias de mi comarca","potentialAction":[{"@type":"SearchAction","target":{"@type":"EntryPoint","urlTemplate":"https:\/\/www.noticiasradioreflejos.com.ar\/2021\/?s={search_term_string}"},"query-input":{"@type":"PropertyValueSpecification","valueRequired":true,"valueName":"search_term_string"}}],"inLanguage":"es"},{"@type":"Person","@id":"https:\/\/www.noticiasradioreflejos.com.ar\/2021\/#\/schema\/person\/ad82545263dcc5ec0996818884fd5fb1","name":"Arnaldo Botto","image":{"@type":"ImageObject","inLanguage":"es","@id":"https:\/\/www.noticiasradioreflejos.com.ar\/2021\/#\/schema\/person\/image\/","url":"https:\/\/secure.gravatar.com\/avatar\/55cb5e37c1efa326397366e6974cb338056df65cb50e7d64d1cf314e87504837?s=96&d=mm&r=g","contentUrl":"https:\/\/secure.gravatar.com\/avatar\/55cb5e37c1efa326397366e6974cb338056df65cb50e7d64d1cf314e87504837?s=96&d=mm&r=g","caption":"Arnaldo Botto"},"url":"https:\/\/www.noticiasradioreflejos.com.ar\/2021\/author\/arnaldo\/"}]}},"_links":{"self":[{"href":"https:\/\/www.noticiasradioreflejos.com.ar\/2021\/wp-json\/wp\/v2\/posts\/4856","targetHints":{"allow":["GET"]}}],"collection":[{"href":"https:\/\/www.noticiasradioreflejos.com.ar\/2021\/wp-json\/wp\/v2\/posts"}],"about":[{"href":"https:\/\/www.noticiasradioreflejos.com.ar\/2021\/wp-json\/wp\/v2\/types\/post"}],"author":[{"embeddable":true,"href":"https:\/\/www.noticiasradioreflejos.com.ar\/2021\/wp-json\/wp\/v2\/users\/3"}],"replies":[{"embeddable":true,"href":"https:\/\/www.noticiasradioreflejos.com.ar\/2021\/wp-json\/wp\/v2\/comments?post=4856"}],"version-history":[{"count":0,"href":"https:\/\/www.noticiasradioreflejos.com.ar\/2021\/wp-json\/wp\/v2\/posts\/4856\/revisions"}],"wp:attachment":[{"href":"https:\/\/www.noticiasradioreflejos.com.ar\/2021\/wp-json\/wp\/v2\/media?parent=4856"}],"wp:term":[{"taxonomy":"category","embeddable":true,"href":"https:\/\/www.noticiasradioreflejos.com.ar\/2021\/wp-json\/wp\/v2\/categories?post=4856"},{"taxonomy":"post_tag","embeddable":true,"href":"https:\/\/www.noticiasradioreflejos.com.ar\/2021\/wp-json\/wp\/v2\/tags?post=4856"}],"curies":[{"name":"wp","href":"https:\/\/api.w.org\/{rel}","templated":true}]}}