{"id":48534,"date":"2020-10-26T10:48:46","date_gmt":"2020-10-26T13:48:46","guid":{"rendered":"http:\/\/www.noticiasradioreflejos.com.ar\/noticias\/?p=48534"},"modified":"2020-10-26T10:48:46","modified_gmt":"2020-10-26T13:48:46","slug":"regresan-a-clases-presenciales-unos-6-700-alumnos-en-la-provincia-de-buenos-aires","status":"publish","type":"post","link":"https:\/\/www.noticiasradioreflejos.com.ar\/2021\/regresan-a-clases-presenciales-unos-6-700-alumnos-en-la-provincia-de-buenos-aires\/","title":{"rendered":"Regresan a clases presenciales unos 6.700 alumnos en la provincia de Buenos Aires"},"content":{"rendered":"<p>El Gobierno bonaerense oficializ\u00f3 hoy la implementaci\u00f3n del Plan Jurisdiccional de la Provincia de Buenos Aires para un Regreso Seguro a Clases Presenciales y unos 6.700 estudiantes de unos 15 municipios bonaerenses con baja circulaci\u00f3n de coronavirus iniciar\u00e1n esta semana la vuelta a las aulas.<!--more--><br \/>\nLo hizo a trav\u00e9s de la Resoluci\u00f3n 63 publicada hoy en el Bolet\u00edn Oficial del distrito, donde se estableci\u00f3 que las actividades que podr\u00e1n realizarse en cada distrito se determinar\u00e1n de acuerdo con el resultado de la evaluaci\u00f3n epidemiol\u00f3gica que realice el Ministerio de Salud bonaerense.<\/p>\n<p>Fuentes del Poder Ejecutivo precisaron que las clases presenciales se reanudan progresivamente esta semana en 338 escuelas de los municipios de Adolfo Alsina, General Lavalle, Adolfo Gonzales Chaves, Daireaux, Salliquel\u00f3, Tres Lomas, Alberti, Guamin\u00ed, Monte, Puan, Florentino Ameghino, Monte Hermoso, 25 de Mayo, Carlos Tejedor y Lezama.<\/p>\n<p>En tanto, desde el 2 de noviembre pr\u00f3ximo podr\u00edan sumarse 357 establecimientos de otros 10 distritos.<\/p>\n<p>Desde la administraci\u00f3n bonaerense se aclar\u00f3 que el regreso a clases ser\u00e1 con grupos reducidos, estrictos protocolos y de manera progresiva.<\/p>\n<p>De este modo, primero ser\u00e1n convocados quienes no sostuvieron un v\u00ednculo cotidiano con la escuela o tuvieron una baja o nula participaci\u00f3n en las propuestas pedag\u00f3gicas.<\/p>\n<p>Dentro de este grupo, quienes est\u00e9n cursando el \u00faltimo a\u00f1o de cada nivel tendr\u00e1n clases presenciales tres veces por semana y los dem\u00e1s a\u00f1os, tendr\u00e1n un encuentro presencial por semana.<\/p>\n<p>De acuerdo con la medida oficializada hoy, la evaluaci\u00f3n epidemiol\u00f3gica de los niveles de riesgo ser\u00e1 realizada por el Ministerio de Salud tomando los casos registrados en el SISA y la ocupaci\u00f3n de camas registrada en el Sistema de Gesti\u00f3n de Camas, con corte de fecha de datos los mi\u00e9rcoles y ser\u00e1 comunicada a Educaci\u00f3n para su difusi\u00f3n a los distritos los viernes, para informaci\u00f3n de todos los establecimientos educativos.<\/p>\n<p>El resultado que arroje la evaluaci\u00f3n epidemiol\u00f3gica semanal podr\u00e1 implicar la incorporaci\u00f3n de nuevos distritos a la actividad de regreso seguro a la actividad presencial o la suspensi\u00f3n de las actividades educativas presenciales en un distrito cuando se modifique su clasificaci\u00f3n y no alcance los indicadores requeridos para ello.<\/p>\n<p>Podr\u00e1 autorizarse la incorporaci\u00f3n de nuevos grupos de estudiantes a las actividades presenciales, si la evaluaci\u00f3n epidemiol\u00f3gica durante dos semanas consecutivas de los distritos donde se hubiese iniciado el dictado de clases presenciales arrojara un resultado positivo.<\/p>\n<p>Adem\u00e1s, se aprobaron las actividades que podr\u00e1n realizarse de acuerdo al nivel de riesgo epidemiol\u00f3gico que revista cada distrito, as\u00ed como el protocolo para la realizaci\u00f3n de actividades educativas no escolares presenciales.<\/p>\n<p>Se trata de actividades educativas no escolares de recreaci\u00f3n, art\u00edsticas, deportivas que pueden ser optativas para familias y estudiantes. Se pueden hacer en predios cerrados como clubes o centros de recreaci\u00f3n.<\/p>\n<p>Los colegios de gesti\u00f3n estatal y privada deber\u00e1n presentar la planificaci\u00f3n de las actividades socioeducativas para su aprobaci\u00f3n ante las autoridades y en caso que la planificaci\u00f3n suponga el uso de los establecimientos educativos o la simultaneidad de grupos en predios mayores a los 3.000 metros cuadrados la aprobaci\u00f3n deber\u00e1 ser realizada por el inspector jefe regional.<\/p>\n<p>Una vez que un distrito haya sido clasificado como bajo riesgo, los equipos de conducci\u00f3n realizar\u00e1n las actividades preparatorias para la vuelta segura a clases presenciales en un plazo de siete d\u00edas h\u00e1biles.<\/p>\n<p>\u00abLas y los estudiantes retomar\u00e1n progresivamente a las actividades presenciales a partir del 8o d\u00eda h\u00e1bil, siendo de aplicaci\u00f3n para el inicio de la actividad presencial en las escuelas el modelo organizacional definido como Etapa I establecido en el Plan Jurisdiccional para el Regreso Seguro a Clases Presenciales\u00bb, dice la medida.<\/p>\n<p>En forma quincenal y progresivamente podr\u00e1n incorporarse nuevos grupos de estudiantes a la presencialidad.<\/p>\n<p>A la vez, se estableci\u00f3 la continuidad en todos los distritos de la Provincia de Buenos Aires del Programa de Acompa\u00f1amiento a las Trayectorias y la Revinculaci\u00f3n.<\/p>\n","protected":false},"excerpt":{"rendered":"<p>El Gobierno bonaerense oficializ\u00f3 hoy la implementaci\u00f3n del Plan Jurisdiccional de la Provincia de Buenos Aires para un Regreso Seguro a Clases Presenciales y unos 6.700 estudiantes de unos 15 municipios bonaerenses con baja circulaci\u00f3n de coronavirus iniciar\u00e1n esta semana la vuelta a las aulas.<\/p>\n","protected":false},"author":3,"featured_media":0,"comment_status":"closed","ping_status":"open","sticky":false,"template":"","format":"standard","meta":{"footnotes":""},"categories":[34],"tags":[],"class_list":["post-48534","post","type-post","status-publish","format-standard","hentry","category-educacion"],"yoast_head":"<!-- This site is optimized with the Yoast SEO plugin v25.9 - https:\/\/yoast.com\/wordpress\/plugins\/seo\/ -->\n<title>Regresan a clases presenciales unos 6.700 alumnos en la provincia de Buenos Aires - Noticias Radio Reflejos<\/title>\n<meta name=\"robots\" content=\"index, follow, max-snippet:-1, max-image-preview:large, max-video-preview:-1\" \/>\n<link rel=\"canonical\" href=\"https:\/\/www.noticiasradioreflejos.com.ar\/2021\/regresan-a-clases-presenciales-unos-6-700-alumnos-en-la-provincia-de-buenos-aires\/\" \/>\n<meta property=\"og:locale\" content=\"es_ES\" \/>\n<meta property=\"og:type\" content=\"article\" \/>\n<meta property=\"og:title\" content=\"Regresan a clases presenciales unos 6.700 alumnos en la provincia de Buenos Aires - Noticias Radio Reflejos\" \/>\n<meta property=\"og:description\" content=\"El Gobierno bonaerense oficializ\u00f3 hoy la implementaci\u00f3n del Plan Jurisdiccional de la Provincia de Buenos Aires para un Regreso Seguro a Clases Presenciales y unos 6.700 estudiantes de unos 15 municipios bonaerenses con baja circulaci\u00f3n de coronavirus iniciar\u00e1n esta semana la vuelta a las aulas.\" \/>\n<meta property=\"og:url\" content=\"https:\/\/www.noticiasradioreflejos.com.ar\/2021\/regresan-a-clases-presenciales-unos-6-700-alumnos-en-la-provincia-de-buenos-aires\/\" \/>\n<meta property=\"og:site_name\" content=\"Noticias Radio Reflejos\" \/>\n<meta property=\"article:published_time\" content=\"2020-10-26T13:48:46+00:00\" \/>\n<meta property=\"og:image\" content=\"https:\/\/www.noticiasradioreflejos.com.ar\/2021\/wp-content\/uploads\/2021\/07\/logosol300x200.png\" \/>\n\t<meta property=\"og:image:width\" content=\"300\" \/>\n\t<meta property=\"og:image:height\" content=\"200\" \/>\n\t<meta property=\"og:image:type\" content=\"image\/png\" \/>\n<meta name=\"author\" content=\"Arnaldo Botto\" \/>\n<meta name=\"twitter:card\" content=\"summary_large_image\" \/>\n<script type=\"application\/ld+json\" class=\"yoast-schema-graph\">{\"@context\":\"https:\/\/schema.org\",\"@graph\":[{\"@type\":\"WebPage\",\"@id\":\"https:\/\/www.noticiasradioreflejos.com.ar\/2021\/regresan-a-clases-presenciales-unos-6-700-alumnos-en-la-provincia-de-buenos-aires\/\",\"url\":\"https:\/\/www.noticiasradioreflejos.com.ar\/2021\/regresan-a-clases-presenciales-unos-6-700-alumnos-en-la-provincia-de-buenos-aires\/\",\"name\":\"Regresan a clases presenciales unos 6.700 alumnos en la provincia de Buenos Aires - Noticias Radio Reflejos\",\"isPartOf\":{\"@id\":\"https:\/\/www.noticiasradioreflejos.com.ar\/2021\/#website\"},\"datePublished\":\"2020-10-26T13:48:46+00:00\",\"author\":{\"@id\":\"https:\/\/www.noticiasradioreflejos.com.ar\/2021\/#\/schema\/person\/ad82545263dcc5ec0996818884fd5fb1\"},\"breadcrumb\":{\"@id\":\"https:\/\/www.noticiasradioreflejos.com.ar\/2021\/regresan-a-clases-presenciales-unos-6-700-alumnos-en-la-provincia-de-buenos-aires\/#breadcrumb\"},\"inLanguage\":\"es\",\"potentialAction\":[{\"@type\":\"ReadAction\",\"target\":[\"https:\/\/www.noticiasradioreflejos.com.ar\/2021\/regresan-a-clases-presenciales-unos-6-700-alumnos-en-la-provincia-de-buenos-aires\/\"]}]},{\"@type\":\"BreadcrumbList\",\"@id\":\"https:\/\/www.noticiasradioreflejos.com.ar\/2021\/regresan-a-clases-presenciales-unos-6-700-alumnos-en-la-provincia-de-buenos-aires\/#breadcrumb\",\"itemListElement\":[{\"@type\":\"ListItem\",\"position\":1,\"name\":\"Portada\",\"item\":\"https:\/\/www.noticiasradioreflejos.com.ar\/2021\/\"},{\"@type\":\"ListItem\",\"position\":2,\"name\":\"Regresan a clases presenciales unos 6.700 alumnos en la provincia de Buenos Aires\"}]},{\"@type\":\"WebSite\",\"@id\":\"https:\/\/www.noticiasradioreflejos.com.ar\/2021\/#website\",\"url\":\"https:\/\/www.noticiasradioreflejos.com.ar\/2021\/\",\"name\":\"Noticias Radio Reflejos\",\"description\":\"Las noticias de mi comarca\",\"potentialAction\":[{\"@type\":\"SearchAction\",\"target\":{\"@type\":\"EntryPoint\",\"urlTemplate\":\"https:\/\/www.noticiasradioreflejos.com.ar\/2021\/?s={search_term_string}\"},\"query-input\":{\"@type\":\"PropertyValueSpecification\",\"valueRequired\":true,\"valueName\":\"search_term_string\"}}],\"inLanguage\":\"es\"},{\"@type\":\"Person\",\"@id\":\"https:\/\/www.noticiasradioreflejos.com.ar\/2021\/#\/schema\/person\/ad82545263dcc5ec0996818884fd5fb1\",\"name\":\"Arnaldo Botto\",\"image\":{\"@type\":\"ImageObject\",\"inLanguage\":\"es\",\"@id\":\"https:\/\/www.noticiasradioreflejos.com.ar\/2021\/#\/schema\/person\/image\/\",\"url\":\"https:\/\/secure.gravatar.com\/avatar\/55cb5e37c1efa326397366e6974cb338056df65cb50e7d64d1cf314e87504837?s=96&d=mm&r=g\",\"contentUrl\":\"https:\/\/secure.gravatar.com\/avatar\/55cb5e37c1efa326397366e6974cb338056df65cb50e7d64d1cf314e87504837?s=96&d=mm&r=g\",\"caption\":\"Arnaldo Botto\"},\"url\":\"https:\/\/www.noticiasradioreflejos.com.ar\/2021\/author\/arnaldo\/\"}]}<\/script>\n<!-- \/ Yoast SEO plugin. -->","yoast_head_json":{"title":"Regresan a clases presenciales unos 6.700 alumnos en la provincia de Buenos Aires - Noticias Radio Reflejos","robots":{"index":"index","follow":"follow","max-snippet":"max-snippet:-1","max-image-preview":"max-image-preview:large","max-video-preview":"max-video-preview:-1"},"canonical":"https:\/\/www.noticiasradioreflejos.com.ar\/2021\/regresan-a-clases-presenciales-unos-6-700-alumnos-en-la-provincia-de-buenos-aires\/","og_locale":"es_ES","og_type":"article","og_title":"Regresan a clases presenciales unos 6.700 alumnos en la provincia de Buenos Aires - Noticias Radio Reflejos","og_description":"El Gobierno bonaerense oficializ\u00f3 hoy la implementaci\u00f3n del Plan Jurisdiccional de la Provincia de Buenos Aires para un Regreso Seguro a Clases Presenciales y unos 6.700 estudiantes de unos 15 municipios bonaerenses con baja circulaci\u00f3n de coronavirus iniciar\u00e1n esta semana la vuelta a las aulas.","og_url":"https:\/\/www.noticiasradioreflejos.com.ar\/2021\/regresan-a-clases-presenciales-unos-6-700-alumnos-en-la-provincia-de-buenos-aires\/","og_site_name":"Noticias Radio Reflejos","article_published_time":"2020-10-26T13:48:46+00:00","og_image":[{"width":300,"height":200,"url":"https:\/\/www.noticiasradioreflejos.com.ar\/2021\/wp-content\/uploads\/2021\/07\/logosol300x200.png","type":"image\/png"}],"author":"Arnaldo Botto","twitter_card":"summary_large_image","schema":{"@context":"https:\/\/schema.org","@graph":[{"@type":"WebPage","@id":"https:\/\/www.noticiasradioreflejos.com.ar\/2021\/regresan-a-clases-presenciales-unos-6-700-alumnos-en-la-provincia-de-buenos-aires\/","url":"https:\/\/www.noticiasradioreflejos.com.ar\/2021\/regresan-a-clases-presenciales-unos-6-700-alumnos-en-la-provincia-de-buenos-aires\/","name":"Regresan a clases presenciales unos 6.700 alumnos en la provincia de Buenos Aires - Noticias Radio Reflejos","isPartOf":{"@id":"https:\/\/www.noticiasradioreflejos.com.ar\/2021\/#website"},"datePublished":"2020-10-26T13:48:46+00:00","author":{"@id":"https:\/\/www.noticiasradioreflejos.com.ar\/2021\/#\/schema\/person\/ad82545263dcc5ec0996818884fd5fb1"},"breadcrumb":{"@id":"https:\/\/www.noticiasradioreflejos.com.ar\/2021\/regresan-a-clases-presenciales-unos-6-700-alumnos-en-la-provincia-de-buenos-aires\/#breadcrumb"},"inLanguage":"es","potentialAction":[{"@type":"ReadAction","target":["https:\/\/www.noticiasradioreflejos.com.ar\/2021\/regresan-a-clases-presenciales-unos-6-700-alumnos-en-la-provincia-de-buenos-aires\/"]}]},{"@type":"BreadcrumbList","@id":"https:\/\/www.noticiasradioreflejos.com.ar\/2021\/regresan-a-clases-presenciales-unos-6-700-alumnos-en-la-provincia-de-buenos-aires\/#breadcrumb","itemListElement":[{"@type":"ListItem","position":1,"name":"Portada","item":"https:\/\/www.noticiasradioreflejos.com.ar\/2021\/"},{"@type":"ListItem","position":2,"name":"Regresan a clases presenciales unos 6.700 alumnos en la provincia de Buenos Aires"}]},{"@type":"WebSite","@id":"https:\/\/www.noticiasradioreflejos.com.ar\/2021\/#website","url":"https:\/\/www.noticiasradioreflejos.com.ar\/2021\/","name":"Noticias Radio Reflejos","description":"Las noticias de mi comarca","potentialAction":[{"@type":"SearchAction","target":{"@type":"EntryPoint","urlTemplate":"https:\/\/www.noticiasradioreflejos.com.ar\/2021\/?s={search_term_string}"},"query-input":{"@type":"PropertyValueSpecification","valueRequired":true,"valueName":"search_term_string"}}],"inLanguage":"es"},{"@type":"Person","@id":"https:\/\/www.noticiasradioreflejos.com.ar\/2021\/#\/schema\/person\/ad82545263dcc5ec0996818884fd5fb1","name":"Arnaldo Botto","image":{"@type":"ImageObject","inLanguage":"es","@id":"https:\/\/www.noticiasradioreflejos.com.ar\/2021\/#\/schema\/person\/image\/","url":"https:\/\/secure.gravatar.com\/avatar\/55cb5e37c1efa326397366e6974cb338056df65cb50e7d64d1cf314e87504837?s=96&d=mm&r=g","contentUrl":"https:\/\/secure.gravatar.com\/avatar\/55cb5e37c1efa326397366e6974cb338056df65cb50e7d64d1cf314e87504837?s=96&d=mm&r=g","caption":"Arnaldo Botto"},"url":"https:\/\/www.noticiasradioreflejos.com.ar\/2021\/author\/arnaldo\/"}]}},"_links":{"self":[{"href":"https:\/\/www.noticiasradioreflejos.com.ar\/2021\/wp-json\/wp\/v2\/posts\/48534","targetHints":{"allow":["GET"]}}],"collection":[{"href":"https:\/\/www.noticiasradioreflejos.com.ar\/2021\/wp-json\/wp\/v2\/posts"}],"about":[{"href":"https:\/\/www.noticiasradioreflejos.com.ar\/2021\/wp-json\/wp\/v2\/types\/post"}],"author":[{"embeddable":true,"href":"https:\/\/www.noticiasradioreflejos.com.ar\/2021\/wp-json\/wp\/v2\/users\/3"}],"replies":[{"embeddable":true,"href":"https:\/\/www.noticiasradioreflejos.com.ar\/2021\/wp-json\/wp\/v2\/comments?post=48534"}],"version-history":[{"count":0,"href":"https:\/\/www.noticiasradioreflejos.com.ar\/2021\/wp-json\/wp\/v2\/posts\/48534\/revisions"}],"wp:attachment":[{"href":"https:\/\/www.noticiasradioreflejos.com.ar\/2021\/wp-json\/wp\/v2\/media?parent=48534"}],"wp:term":[{"taxonomy":"category","embeddable":true,"href":"https:\/\/www.noticiasradioreflejos.com.ar\/2021\/wp-json\/wp\/v2\/categories?post=48534"},{"taxonomy":"post_tag","embeddable":true,"href":"https:\/\/www.noticiasradioreflejos.com.ar\/2021\/wp-json\/wp\/v2\/tags?post=48534"}],"curies":[{"name":"wp","href":"https:\/\/api.w.org\/{rel}","templated":true}]}}