{"id":48528,"date":"2020-10-26T09:40:13","date_gmt":"2020-10-26T12:40:13","guid":{"rendered":"http:\/\/www.noticiasradioreflejos.com.ar\/noticias\/?p=48528"},"modified":"2020-10-26T09:40:13","modified_gmt":"2020-10-26T12:40:13","slug":"coopersive-festejo-su-72-aniversario-con-la-presentacion-del-libro-historias-de-la-comarca","status":"publish","type":"post","link":"https:\/\/www.noticiasradioreflejos.com.ar\/2021\/coopersive-festejo-su-72-aniversario-con-la-presentacion-del-libro-historias-de-la-comarca\/","title":{"rendered":"Coopersive festej\u00f3 su 72\u00b0 aniversario con la presentaci\u00f3n del libro  \u201cHistorias de la Comarca\u201d"},"content":{"rendered":"<p>El d\u00eda 24 de octubre, con motivo de festejar el 72\u00b0 aniversario de su fundaci\u00f3n, integrantes del Consejo y personal administrativo de Coopersive Ltda. se hicieron presentes en la Biblioteca Popular \u201cMariano Moreno\u201d para la presentaci\u00f3n del libro escrito por nuestro vecino Sr Roberto Romero, titulado \u201cHistorias de la Comarca\u201d. Esta edici\u00f3n fue la primera realizada por nuestra editorial \u201cEdiciones Coopersive\u201d.<!--more--><\/p>\n<p>Luego de dicha presentaci\u00f3n, que cont\u00f3 tambi\u00e9n con la presencia de familiares del autor, el Sr Romero autografi\u00f3 los 2 libros que donamos a la Biblioteca y que fueron recibidos por su presidente, Sra. Clarisa Lunanski.<\/p>\n<p><a title=\"Coopersive 72 ani\" href=\"http:\/\/live.staticflickr.com\/65535\/50532882652_1f7d7242bd_s.jpg\" rel=\"\"><img loading=\"lazy\" decoding=\"async\" class=\"aligncenter\" title=\"Coopersive 72 ani\" src=\"http:\/\/live.staticflickr.com\/65535\/50532882652_1f7d7242bd_w.jpg\" alt=\"Coopersive 72 ani\" width=\"400\" height=\"300\" \/><\/a><br \/>\n<a title=\"Coopersive 72\" href=\"http:\/\/live.staticflickr.com\/65535\/50532724621_8810019d4c_s.jpg\" rel=\"\"><img loading=\"lazy\" decoding=\"async\" title=\"Coopersive 72\" src=\"http:\/\/live.staticflickr.com\/65535\/50532724621_6a448f96db_o.jpg\" alt=\"Coopersive 72\" width=\"437\" height=\"328\" \/><\/a><\/p>\n<p>Consejo de Administraci\u00f3n<\/p>\n","protected":false},"excerpt":{"rendered":"<p>El d\u00eda 24 de octubre, con motivo de festejar el 72\u00b0 aniversario de su fundaci\u00f3n, integrantes del Consejo y personal administrativo de Coopersive Ltda. se hicieron presentes en la Biblioteca Popular \u201cMariano Moreno\u201d para la presentaci\u00f3n del libro escrito por nuestro vecino Sr Roberto Romero, titulado \u201cHistorias de la Comarca\u201d. Esta edici\u00f3n fue la primera [&hellip;]<\/p>\n","protected":false},"author":3,"featured_media":0,"comment_status":"closed","ping_status":"open","sticky":false,"template":"","format":"standard","meta":{"footnotes":""},"categories":[35],"tags":[],"class_list":["post-48528","post","type-post","status-publish","format-standard","hentry","category-cultura"],"yoast_head":"<!-- This site is optimized with the Yoast SEO plugin v25.9 - https:\/\/yoast.com\/wordpress\/plugins\/seo\/ -->\n<title>Coopersive festej\u00f3 su 72\u00b0 aniversario con la presentaci\u00f3n del libro \u201cHistorias de la Comarca\u201d - Noticias Radio Reflejos<\/title>\n<meta name=\"robots\" content=\"index, follow, max-snippet:-1, max-image-preview:large, max-video-preview:-1\" \/>\n<link rel=\"canonical\" href=\"https:\/\/www.noticiasradioreflejos.com.ar\/2021\/coopersive-festejo-su-72-aniversario-con-la-presentacion-del-libro-historias-de-la-comarca\/\" \/>\n<meta property=\"og:locale\" content=\"es_ES\" \/>\n<meta property=\"og:type\" content=\"article\" \/>\n<meta property=\"og:title\" content=\"Coopersive festej\u00f3 su 72\u00b0 aniversario con la presentaci\u00f3n del libro \u201cHistorias de la Comarca\u201d - Noticias Radio Reflejos\" \/>\n<meta property=\"og:description\" content=\"El d\u00eda 24 de octubre, con motivo de festejar el 72\u00b0 aniversario de su fundaci\u00f3n, integrantes del Consejo y personal administrativo de Coopersive Ltda. se hicieron presentes en la Biblioteca Popular \u201cMariano Moreno\u201d para la presentaci\u00f3n del libro escrito por nuestro vecino Sr Roberto Romero, titulado \u201cHistorias de la Comarca\u201d. Esta edici\u00f3n fue la primera [&hellip;]\" \/>\n<meta property=\"og:url\" content=\"https:\/\/www.noticiasradioreflejos.com.ar\/2021\/coopersive-festejo-su-72-aniversario-con-la-presentacion-del-libro-historias-de-la-comarca\/\" \/>\n<meta property=\"og:site_name\" content=\"Noticias Radio Reflejos\" \/>\n<meta property=\"article:published_time\" content=\"2020-10-26T12:40:13+00:00\" \/>\n<meta property=\"og:image\" content=\"http:\/\/live.staticflickr.com\/65535\/50532882652_1f7d7242bd_w.jpg\" \/>\n<meta name=\"author\" content=\"Arnaldo Botto\" \/>\n<meta name=\"twitter:card\" content=\"summary_large_image\" \/>\n<script type=\"application\/ld+json\" class=\"yoast-schema-graph\">{\"@context\":\"https:\/\/schema.org\",\"@graph\":[{\"@type\":\"WebPage\",\"@id\":\"https:\/\/www.noticiasradioreflejos.com.ar\/2021\/coopersive-festejo-su-72-aniversario-con-la-presentacion-del-libro-historias-de-la-comarca\/\",\"url\":\"https:\/\/www.noticiasradioreflejos.com.ar\/2021\/coopersive-festejo-su-72-aniversario-con-la-presentacion-del-libro-historias-de-la-comarca\/\",\"name\":\"Coopersive festej\u00f3 su 72\u00b0 aniversario con la presentaci\u00f3n del libro \u201cHistorias de la Comarca\u201d - Noticias Radio Reflejos\",\"isPartOf\":{\"@id\":\"https:\/\/www.noticiasradioreflejos.com.ar\/2021\/#website\"},\"primaryImageOfPage\":{\"@id\":\"https:\/\/www.noticiasradioreflejos.com.ar\/2021\/coopersive-festejo-su-72-aniversario-con-la-presentacion-del-libro-historias-de-la-comarca\/#primaryimage\"},\"image\":{\"@id\":\"https:\/\/www.noticiasradioreflejos.com.ar\/2021\/coopersive-festejo-su-72-aniversario-con-la-presentacion-del-libro-historias-de-la-comarca\/#primaryimage\"},\"thumbnailUrl\":\"http:\/\/live.staticflickr.com\/65535\/50532882652_1f7d7242bd_w.jpg\",\"datePublished\":\"2020-10-26T12:40:13+00:00\",\"author\":{\"@id\":\"https:\/\/www.noticiasradioreflejos.com.ar\/2021\/#\/schema\/person\/ad82545263dcc5ec0996818884fd5fb1\"},\"breadcrumb\":{\"@id\":\"https:\/\/www.noticiasradioreflejos.com.ar\/2021\/coopersive-festejo-su-72-aniversario-con-la-presentacion-del-libro-historias-de-la-comarca\/#breadcrumb\"},\"inLanguage\":\"es\",\"potentialAction\":[{\"@type\":\"ReadAction\",\"target\":[\"https:\/\/www.noticiasradioreflejos.com.ar\/2021\/coopersive-festejo-su-72-aniversario-con-la-presentacion-del-libro-historias-de-la-comarca\/\"]}]},{\"@type\":\"ImageObject\",\"inLanguage\":\"es\",\"@id\":\"https:\/\/www.noticiasradioreflejos.com.ar\/2021\/coopersive-festejo-su-72-aniversario-con-la-presentacion-del-libro-historias-de-la-comarca\/#primaryimage\",\"url\":\"http:\/\/live.staticflickr.com\/65535\/50532882652_1f7d7242bd_w.jpg\",\"contentUrl\":\"http:\/\/live.staticflickr.com\/65535\/50532882652_1f7d7242bd_w.jpg\"},{\"@type\":\"BreadcrumbList\",\"@id\":\"https:\/\/www.noticiasradioreflejos.com.ar\/2021\/coopersive-festejo-su-72-aniversario-con-la-presentacion-del-libro-historias-de-la-comarca\/#breadcrumb\",\"itemListElement\":[{\"@type\":\"ListItem\",\"position\":1,\"name\":\"Portada\",\"item\":\"https:\/\/www.noticiasradioreflejos.com.ar\/2021\/\"},{\"@type\":\"ListItem\",\"position\":2,\"name\":\"Coopersive festej\u00f3 su 72\u00b0 aniversario con la presentaci\u00f3n del libro \u201cHistorias de la Comarca\u201d\"}]},{\"@type\":\"WebSite\",\"@id\":\"https:\/\/www.noticiasradioreflejos.com.ar\/2021\/#website\",\"url\":\"https:\/\/www.noticiasradioreflejos.com.ar\/2021\/\",\"name\":\"Noticias Radio Reflejos\",\"description\":\"Las noticias de mi comarca\",\"potentialAction\":[{\"@type\":\"SearchAction\",\"target\":{\"@type\":\"EntryPoint\",\"urlTemplate\":\"https:\/\/www.noticiasradioreflejos.com.ar\/2021\/?s={search_term_string}\"},\"query-input\":{\"@type\":\"PropertyValueSpecification\",\"valueRequired\":true,\"valueName\":\"search_term_string\"}}],\"inLanguage\":\"es\"},{\"@type\":\"Person\",\"@id\":\"https:\/\/www.noticiasradioreflejos.com.ar\/2021\/#\/schema\/person\/ad82545263dcc5ec0996818884fd5fb1\",\"name\":\"Arnaldo Botto\",\"image\":{\"@type\":\"ImageObject\",\"inLanguage\":\"es\",\"@id\":\"https:\/\/www.noticiasradioreflejos.com.ar\/2021\/#\/schema\/person\/image\/\",\"url\":\"https:\/\/secure.gravatar.com\/avatar\/55cb5e37c1efa326397366e6974cb338056df65cb50e7d64d1cf314e87504837?s=96&d=mm&r=g\",\"contentUrl\":\"https:\/\/secure.gravatar.com\/avatar\/55cb5e37c1efa326397366e6974cb338056df65cb50e7d64d1cf314e87504837?s=96&d=mm&r=g\",\"caption\":\"Arnaldo Botto\"},\"url\":\"https:\/\/www.noticiasradioreflejos.com.ar\/2021\/author\/arnaldo\/\"}]}<\/script>\n<!-- \/ Yoast SEO plugin. -->","yoast_head_json":{"title":"Coopersive festej\u00f3 su 72\u00b0 aniversario con la presentaci\u00f3n del libro \u201cHistorias de la Comarca\u201d - Noticias Radio Reflejos","robots":{"index":"index","follow":"follow","max-snippet":"max-snippet:-1","max-image-preview":"max-image-preview:large","max-video-preview":"max-video-preview:-1"},"canonical":"https:\/\/www.noticiasradioreflejos.com.ar\/2021\/coopersive-festejo-su-72-aniversario-con-la-presentacion-del-libro-historias-de-la-comarca\/","og_locale":"es_ES","og_type":"article","og_title":"Coopersive festej\u00f3 su 72\u00b0 aniversario con la presentaci\u00f3n del libro \u201cHistorias de la Comarca\u201d - Noticias Radio Reflejos","og_description":"El d\u00eda 24 de octubre, con motivo de festejar el 72\u00b0 aniversario de su fundaci\u00f3n, integrantes del Consejo y personal administrativo de Coopersive Ltda. se hicieron presentes en la Biblioteca Popular \u201cMariano Moreno\u201d para la presentaci\u00f3n del libro escrito por nuestro vecino Sr Roberto Romero, titulado \u201cHistorias de la Comarca\u201d. Esta edici\u00f3n fue la primera [&hellip;]","og_url":"https:\/\/www.noticiasradioreflejos.com.ar\/2021\/coopersive-festejo-su-72-aniversario-con-la-presentacion-del-libro-historias-de-la-comarca\/","og_site_name":"Noticias Radio Reflejos","article_published_time":"2020-10-26T12:40:13+00:00","og_image":[{"url":"http:\/\/live.staticflickr.com\/65535\/50532882652_1f7d7242bd_w.jpg","type":"","width":"","height":""}],"author":"Arnaldo Botto","twitter_card":"summary_large_image","schema":{"@context":"https:\/\/schema.org","@graph":[{"@type":"WebPage","@id":"https:\/\/www.noticiasradioreflejos.com.ar\/2021\/coopersive-festejo-su-72-aniversario-con-la-presentacion-del-libro-historias-de-la-comarca\/","url":"https:\/\/www.noticiasradioreflejos.com.ar\/2021\/coopersive-festejo-su-72-aniversario-con-la-presentacion-del-libro-historias-de-la-comarca\/","name":"Coopersive festej\u00f3 su 72\u00b0 aniversario con la presentaci\u00f3n del libro \u201cHistorias de la Comarca\u201d - Noticias Radio Reflejos","isPartOf":{"@id":"https:\/\/www.noticiasradioreflejos.com.ar\/2021\/#website"},"primaryImageOfPage":{"@id":"https:\/\/www.noticiasradioreflejos.com.ar\/2021\/coopersive-festejo-su-72-aniversario-con-la-presentacion-del-libro-historias-de-la-comarca\/#primaryimage"},"image":{"@id":"https:\/\/www.noticiasradioreflejos.com.ar\/2021\/coopersive-festejo-su-72-aniversario-con-la-presentacion-del-libro-historias-de-la-comarca\/#primaryimage"},"thumbnailUrl":"http:\/\/live.staticflickr.com\/65535\/50532882652_1f7d7242bd_w.jpg","datePublished":"2020-10-26T12:40:13+00:00","author":{"@id":"https:\/\/www.noticiasradioreflejos.com.ar\/2021\/#\/schema\/person\/ad82545263dcc5ec0996818884fd5fb1"},"breadcrumb":{"@id":"https:\/\/www.noticiasradioreflejos.com.ar\/2021\/coopersive-festejo-su-72-aniversario-con-la-presentacion-del-libro-historias-de-la-comarca\/#breadcrumb"},"inLanguage":"es","potentialAction":[{"@type":"ReadAction","target":["https:\/\/www.noticiasradioreflejos.com.ar\/2021\/coopersive-festejo-su-72-aniversario-con-la-presentacion-del-libro-historias-de-la-comarca\/"]}]},{"@type":"ImageObject","inLanguage":"es","@id":"https:\/\/www.noticiasradioreflejos.com.ar\/2021\/coopersive-festejo-su-72-aniversario-con-la-presentacion-del-libro-historias-de-la-comarca\/#primaryimage","url":"http:\/\/live.staticflickr.com\/65535\/50532882652_1f7d7242bd_w.jpg","contentUrl":"http:\/\/live.staticflickr.com\/65535\/50532882652_1f7d7242bd_w.jpg"},{"@type":"BreadcrumbList","@id":"https:\/\/www.noticiasradioreflejos.com.ar\/2021\/coopersive-festejo-su-72-aniversario-con-la-presentacion-del-libro-historias-de-la-comarca\/#breadcrumb","itemListElement":[{"@type":"ListItem","position":1,"name":"Portada","item":"https:\/\/www.noticiasradioreflejos.com.ar\/2021\/"},{"@type":"ListItem","position":2,"name":"Coopersive festej\u00f3 su 72\u00b0 aniversario con la presentaci\u00f3n del libro \u201cHistorias de la Comarca\u201d"}]},{"@type":"WebSite","@id":"https:\/\/www.noticiasradioreflejos.com.ar\/2021\/#website","url":"https:\/\/www.noticiasradioreflejos.com.ar\/2021\/","name":"Noticias Radio Reflejos","description":"Las noticias de mi comarca","potentialAction":[{"@type":"SearchAction","target":{"@type":"EntryPoint","urlTemplate":"https:\/\/www.noticiasradioreflejos.com.ar\/2021\/?s={search_term_string}"},"query-input":{"@type":"PropertyValueSpecification","valueRequired":true,"valueName":"search_term_string"}}],"inLanguage":"es"},{"@type":"Person","@id":"https:\/\/www.noticiasradioreflejos.com.ar\/2021\/#\/schema\/person\/ad82545263dcc5ec0996818884fd5fb1","name":"Arnaldo Botto","image":{"@type":"ImageObject","inLanguage":"es","@id":"https:\/\/www.noticiasradioreflejos.com.ar\/2021\/#\/schema\/person\/image\/","url":"https:\/\/secure.gravatar.com\/avatar\/55cb5e37c1efa326397366e6974cb338056df65cb50e7d64d1cf314e87504837?s=96&d=mm&r=g","contentUrl":"https:\/\/secure.gravatar.com\/avatar\/55cb5e37c1efa326397366e6974cb338056df65cb50e7d64d1cf314e87504837?s=96&d=mm&r=g","caption":"Arnaldo Botto"},"url":"https:\/\/www.noticiasradioreflejos.com.ar\/2021\/author\/arnaldo\/"}]}},"_links":{"self":[{"href":"https:\/\/www.noticiasradioreflejos.com.ar\/2021\/wp-json\/wp\/v2\/posts\/48528","targetHints":{"allow":["GET"]}}],"collection":[{"href":"https:\/\/www.noticiasradioreflejos.com.ar\/2021\/wp-json\/wp\/v2\/posts"}],"about":[{"href":"https:\/\/www.noticiasradioreflejos.com.ar\/2021\/wp-json\/wp\/v2\/types\/post"}],"author":[{"embeddable":true,"href":"https:\/\/www.noticiasradioreflejos.com.ar\/2021\/wp-json\/wp\/v2\/users\/3"}],"replies":[{"embeddable":true,"href":"https:\/\/www.noticiasradioreflejos.com.ar\/2021\/wp-json\/wp\/v2\/comments?post=48528"}],"version-history":[{"count":0,"href":"https:\/\/www.noticiasradioreflejos.com.ar\/2021\/wp-json\/wp\/v2\/posts\/48528\/revisions"}],"wp:attachment":[{"href":"https:\/\/www.noticiasradioreflejos.com.ar\/2021\/wp-json\/wp\/v2\/media?parent=48528"}],"wp:term":[{"taxonomy":"category","embeddable":true,"href":"https:\/\/www.noticiasradioreflejos.com.ar\/2021\/wp-json\/wp\/v2\/categories?post=48528"},{"taxonomy":"post_tag","embeddable":true,"href":"https:\/\/www.noticiasradioreflejos.com.ar\/2021\/wp-json\/wp\/v2\/tags?post=48528"}],"curies":[{"name":"wp","href":"https:\/\/api.w.org\/{rel}","templated":true}]}}