{"id":48522,"date":"2020-10-26T08:37:01","date_gmt":"2020-10-26T11:37:01","guid":{"rendered":"http:\/\/www.noticiasradioreflejos.com.ar\/noticias\/?p=48522"},"modified":"2020-10-26T08:37:01","modified_gmt":"2020-10-26T11:37:01","slug":"asesinaron-a-un-hombre-en-un-campo-en-ocasion-de-robo","status":"publish","type":"post","link":"https:\/\/www.noticiasradioreflejos.com.ar\/2021\/asesinaron-a-un-hombre-en-un-campo-en-ocasion-de-robo\/","title":{"rendered":"Asesinaron a un hombre en un campo en ocasi\u00f3n de robo"},"content":{"rendered":"<p>La Polic\u00eda Comunal, la Sub DDI y el CPR trabajan intensamente en el esclarecimiento de un intento de robo en el establecimiento \u00abSan Luis\u00bb del Cuartel XV propiedad de los hermanos Pugliese, en cercan\u00edas del acceso a Pueblo Santa Mar\u00eda, sobre Ruta 85.<!--more--><br \/>\nExtraoficialmente se supo que el hecho se habr\u00eda registrado alrededor de las 20 horas del domingo, dejando como saldo el tr\u00e1gico fallecimiento de un pe\u00f3n del campo que ser\u00eda oriundo de Pueblo Santa Mar\u00eda luego de un intercambio de disparos con los dos masculinos que ingresaron a la propiedad en ocasi\u00f3n de robo.<\/p>\n<p>Otras dos personas, de 89 y 99 a\u00f1os, habr\u00edan resultado heridas dado que al arribar la policia al lugar, los delincuentes los usaron de escudo humano, disparando contra los uniformados, sin que se produjeran heridos. Luego de ello, ambos foragidos se perdieron en la oscuridad.<\/p>\n<p>Cuando los polic\u00edas ingresaron a la casa del establecimiento rural encontraron boca abajo en medio de un charco de sangre a un hombre ya sin vida con heridas en la cabeza, asesinado por los delincuentes minutos antes.<\/p>\n<p>En el lugar se present\u00f3 de inmediato la autoridad judicial de competencia, el Dr. Facundo Indart, titular de la Ayudant\u00eda de Fiscal local.<\/p>\n<p>Los propietarios del campo, los ancianos de 89 y 99 a\u00f1os, fueron trasladados de urgencia en ambulancia del SAME al Hospital Municipal de Coronel Su\u00e1rez con lesiones de distinta consideraci\u00f3n pero sin que corran riesgo sus vidas, sin embargo permanecen internados en el Shockroom de la Guardia del Hospital de manera preventiva.<\/p>\n<p>La Jefatura Policial del distrito dispuso el cierre de todas las rutas, solicitando colaboraci\u00f3n a los distritos vecinos bajo la presunci\u00f3n de que los autores del hecho emprendieron la fuga hacia la zona serrana.<\/p>\n<p>Pasada la medianoche era mucho el despliegue policial sobre las rutas 85, 76 y 67, y en varios caminos vecinales en busca de indicios que sirvan a la causa.<\/p>\n<p>Al finalizar las pericias por parte de la Polic\u00eda Cient\u00edfica y tras una orden judicial el cuerpo sin vida del convecino de Santa Mar\u00eda fue retirado del establecimiento agropecuario para someterlo a la operaci\u00f3n de autopsia en la ma\u00f1ana del lunes.<\/p>\n<p>Por jurisdicci\u00f3n interviene la Polic\u00eda Comunal del distrito.<\/p>\n<p>En la ma\u00f1ana del lunes un jefe de la Superintendencia Regional de Polic\u00eda con sede en Bah\u00eda Blanca arrib\u00f3 a Coronel Su\u00e1rez, poni\u00e9ndose a disposici\u00f3n del Comisario Inspector Martin Otero, Jefe de la Polic\u00eda distrital.<\/p>\n<p>Fuente: La Nueva Radio Su\u00e1rez y LU 24<\/p>\n","protected":false},"excerpt":{"rendered":"<p>La Polic\u00eda Comunal, la Sub DDI y el CPR trabajan intensamente en el esclarecimiento de un intento de robo en el establecimiento \u00abSan Luis\u00bb del Cuartel XV propiedad de los hermanos Pugliese, en cercan\u00edas del acceso a Pueblo Santa Mar\u00eda, sobre Ruta 85.<\/p>\n","protected":false},"author":3,"featured_media":0,"comment_status":"closed","ping_status":"open","sticky":false,"template":"","format":"standard","meta":{"footnotes":""},"categories":[29],"tags":[],"class_list":["post-48522","post","type-post","status-publish","format-standard","hentry","category-policiales"],"yoast_head":"<!-- This site is optimized with the Yoast SEO plugin v25.9 - https:\/\/yoast.com\/wordpress\/plugins\/seo\/ -->\n<title>Asesinaron a un hombre en un campo en ocasi\u00f3n de robo - Noticias Radio Reflejos<\/title>\n<meta name=\"robots\" content=\"index, follow, max-snippet:-1, max-image-preview:large, max-video-preview:-1\" \/>\n<link rel=\"canonical\" href=\"https:\/\/www.noticiasradioreflejos.com.ar\/2021\/asesinaron-a-un-hombre-en-un-campo-en-ocasion-de-robo\/\" \/>\n<meta property=\"og:locale\" content=\"es_ES\" \/>\n<meta property=\"og:type\" content=\"article\" \/>\n<meta property=\"og:title\" content=\"Asesinaron a un hombre en un campo en ocasi\u00f3n de robo - Noticias Radio Reflejos\" \/>\n<meta property=\"og:description\" content=\"La Polic\u00eda Comunal, la Sub DDI y el CPR trabajan intensamente en el esclarecimiento de un intento de robo en el establecimiento \u00abSan Luis\u00bb del Cuartel XV propiedad de los hermanos Pugliese, en cercan\u00edas del acceso a Pueblo Santa Mar\u00eda, sobre Ruta 85.\" \/>\n<meta property=\"og:url\" content=\"https:\/\/www.noticiasradioreflejos.com.ar\/2021\/asesinaron-a-un-hombre-en-un-campo-en-ocasion-de-robo\/\" \/>\n<meta property=\"og:site_name\" content=\"Noticias Radio Reflejos\" \/>\n<meta property=\"article:published_time\" content=\"2020-10-26T11:37:01+00:00\" \/>\n<meta property=\"og:image\" content=\"https:\/\/www.noticiasradioreflejos.com.ar\/2021\/wp-content\/uploads\/2021\/07\/logosol300x200.png\" \/>\n\t<meta property=\"og:image:width\" content=\"300\" \/>\n\t<meta property=\"og:image:height\" content=\"200\" \/>\n\t<meta property=\"og:image:type\" content=\"image\/png\" \/>\n<meta name=\"author\" content=\"Arnaldo Botto\" \/>\n<meta name=\"twitter:card\" content=\"summary_large_image\" \/>\n<script type=\"application\/ld+json\" class=\"yoast-schema-graph\">{\"@context\":\"https:\/\/schema.org\",\"@graph\":[{\"@type\":\"WebPage\",\"@id\":\"https:\/\/www.noticiasradioreflejos.com.ar\/2021\/asesinaron-a-un-hombre-en-un-campo-en-ocasion-de-robo\/\",\"url\":\"https:\/\/www.noticiasradioreflejos.com.ar\/2021\/asesinaron-a-un-hombre-en-un-campo-en-ocasion-de-robo\/\",\"name\":\"Asesinaron a un hombre en un campo en ocasi\u00f3n de robo - Noticias Radio Reflejos\",\"isPartOf\":{\"@id\":\"https:\/\/www.noticiasradioreflejos.com.ar\/2021\/#website\"},\"datePublished\":\"2020-10-26T11:37:01+00:00\",\"author\":{\"@id\":\"https:\/\/www.noticiasradioreflejos.com.ar\/2021\/#\/schema\/person\/ad82545263dcc5ec0996818884fd5fb1\"},\"breadcrumb\":{\"@id\":\"https:\/\/www.noticiasradioreflejos.com.ar\/2021\/asesinaron-a-un-hombre-en-un-campo-en-ocasion-de-robo\/#breadcrumb\"},\"inLanguage\":\"es\",\"potentialAction\":[{\"@type\":\"ReadAction\",\"target\":[\"https:\/\/www.noticiasradioreflejos.com.ar\/2021\/asesinaron-a-un-hombre-en-un-campo-en-ocasion-de-robo\/\"]}]},{\"@type\":\"BreadcrumbList\",\"@id\":\"https:\/\/www.noticiasradioreflejos.com.ar\/2021\/asesinaron-a-un-hombre-en-un-campo-en-ocasion-de-robo\/#breadcrumb\",\"itemListElement\":[{\"@type\":\"ListItem\",\"position\":1,\"name\":\"Portada\",\"item\":\"https:\/\/www.noticiasradioreflejos.com.ar\/2021\/\"},{\"@type\":\"ListItem\",\"position\":2,\"name\":\"Asesinaron a un hombre en un campo en ocasi\u00f3n de robo\"}]},{\"@type\":\"WebSite\",\"@id\":\"https:\/\/www.noticiasradioreflejos.com.ar\/2021\/#website\",\"url\":\"https:\/\/www.noticiasradioreflejos.com.ar\/2021\/\",\"name\":\"Noticias Radio Reflejos\",\"description\":\"Las noticias de mi comarca\",\"potentialAction\":[{\"@type\":\"SearchAction\",\"target\":{\"@type\":\"EntryPoint\",\"urlTemplate\":\"https:\/\/www.noticiasradioreflejos.com.ar\/2021\/?s={search_term_string}\"},\"query-input\":{\"@type\":\"PropertyValueSpecification\",\"valueRequired\":true,\"valueName\":\"search_term_string\"}}],\"inLanguage\":\"es\"},{\"@type\":\"Person\",\"@id\":\"https:\/\/www.noticiasradioreflejos.com.ar\/2021\/#\/schema\/person\/ad82545263dcc5ec0996818884fd5fb1\",\"name\":\"Arnaldo Botto\",\"image\":{\"@type\":\"ImageObject\",\"inLanguage\":\"es\",\"@id\":\"https:\/\/www.noticiasradioreflejos.com.ar\/2021\/#\/schema\/person\/image\/\",\"url\":\"https:\/\/secure.gravatar.com\/avatar\/55cb5e37c1efa326397366e6974cb338056df65cb50e7d64d1cf314e87504837?s=96&d=mm&r=g\",\"contentUrl\":\"https:\/\/secure.gravatar.com\/avatar\/55cb5e37c1efa326397366e6974cb338056df65cb50e7d64d1cf314e87504837?s=96&d=mm&r=g\",\"caption\":\"Arnaldo Botto\"},\"url\":\"https:\/\/www.noticiasradioreflejos.com.ar\/2021\/author\/arnaldo\/\"}]}<\/script>\n<!-- \/ Yoast SEO plugin. -->","yoast_head_json":{"title":"Asesinaron a un hombre en un campo en ocasi\u00f3n de robo - Noticias Radio Reflejos","robots":{"index":"index","follow":"follow","max-snippet":"max-snippet:-1","max-image-preview":"max-image-preview:large","max-video-preview":"max-video-preview:-1"},"canonical":"https:\/\/www.noticiasradioreflejos.com.ar\/2021\/asesinaron-a-un-hombre-en-un-campo-en-ocasion-de-robo\/","og_locale":"es_ES","og_type":"article","og_title":"Asesinaron a un hombre en un campo en ocasi\u00f3n de robo - Noticias Radio Reflejos","og_description":"La Polic\u00eda Comunal, la Sub DDI y el CPR trabajan intensamente en el esclarecimiento de un intento de robo en el establecimiento \u00abSan Luis\u00bb del Cuartel XV propiedad de los hermanos Pugliese, en cercan\u00edas del acceso a Pueblo Santa Mar\u00eda, sobre Ruta 85.","og_url":"https:\/\/www.noticiasradioreflejos.com.ar\/2021\/asesinaron-a-un-hombre-en-un-campo-en-ocasion-de-robo\/","og_site_name":"Noticias Radio Reflejos","article_published_time":"2020-10-26T11:37:01+00:00","og_image":[{"width":300,"height":200,"url":"https:\/\/www.noticiasradioreflejos.com.ar\/2021\/wp-content\/uploads\/2021\/07\/logosol300x200.png","type":"image\/png"}],"author":"Arnaldo Botto","twitter_card":"summary_large_image","schema":{"@context":"https:\/\/schema.org","@graph":[{"@type":"WebPage","@id":"https:\/\/www.noticiasradioreflejos.com.ar\/2021\/asesinaron-a-un-hombre-en-un-campo-en-ocasion-de-robo\/","url":"https:\/\/www.noticiasradioreflejos.com.ar\/2021\/asesinaron-a-un-hombre-en-un-campo-en-ocasion-de-robo\/","name":"Asesinaron a un hombre en un campo en ocasi\u00f3n de robo - Noticias Radio Reflejos","isPartOf":{"@id":"https:\/\/www.noticiasradioreflejos.com.ar\/2021\/#website"},"datePublished":"2020-10-26T11:37:01+00:00","author":{"@id":"https:\/\/www.noticiasradioreflejos.com.ar\/2021\/#\/schema\/person\/ad82545263dcc5ec0996818884fd5fb1"},"breadcrumb":{"@id":"https:\/\/www.noticiasradioreflejos.com.ar\/2021\/asesinaron-a-un-hombre-en-un-campo-en-ocasion-de-robo\/#breadcrumb"},"inLanguage":"es","potentialAction":[{"@type":"ReadAction","target":["https:\/\/www.noticiasradioreflejos.com.ar\/2021\/asesinaron-a-un-hombre-en-un-campo-en-ocasion-de-robo\/"]}]},{"@type":"BreadcrumbList","@id":"https:\/\/www.noticiasradioreflejos.com.ar\/2021\/asesinaron-a-un-hombre-en-un-campo-en-ocasion-de-robo\/#breadcrumb","itemListElement":[{"@type":"ListItem","position":1,"name":"Portada","item":"https:\/\/www.noticiasradioreflejos.com.ar\/2021\/"},{"@type":"ListItem","position":2,"name":"Asesinaron a un hombre en un campo en ocasi\u00f3n de robo"}]},{"@type":"WebSite","@id":"https:\/\/www.noticiasradioreflejos.com.ar\/2021\/#website","url":"https:\/\/www.noticiasradioreflejos.com.ar\/2021\/","name":"Noticias Radio Reflejos","description":"Las noticias de mi comarca","potentialAction":[{"@type":"SearchAction","target":{"@type":"EntryPoint","urlTemplate":"https:\/\/www.noticiasradioreflejos.com.ar\/2021\/?s={search_term_string}"},"query-input":{"@type":"PropertyValueSpecification","valueRequired":true,"valueName":"search_term_string"}}],"inLanguage":"es"},{"@type":"Person","@id":"https:\/\/www.noticiasradioreflejos.com.ar\/2021\/#\/schema\/person\/ad82545263dcc5ec0996818884fd5fb1","name":"Arnaldo Botto","image":{"@type":"ImageObject","inLanguage":"es","@id":"https:\/\/www.noticiasradioreflejos.com.ar\/2021\/#\/schema\/person\/image\/","url":"https:\/\/secure.gravatar.com\/avatar\/55cb5e37c1efa326397366e6974cb338056df65cb50e7d64d1cf314e87504837?s=96&d=mm&r=g","contentUrl":"https:\/\/secure.gravatar.com\/avatar\/55cb5e37c1efa326397366e6974cb338056df65cb50e7d64d1cf314e87504837?s=96&d=mm&r=g","caption":"Arnaldo Botto"},"url":"https:\/\/www.noticiasradioreflejos.com.ar\/2021\/author\/arnaldo\/"}]}},"_links":{"self":[{"href":"https:\/\/www.noticiasradioreflejos.com.ar\/2021\/wp-json\/wp\/v2\/posts\/48522","targetHints":{"allow":["GET"]}}],"collection":[{"href":"https:\/\/www.noticiasradioreflejos.com.ar\/2021\/wp-json\/wp\/v2\/posts"}],"about":[{"href":"https:\/\/www.noticiasradioreflejos.com.ar\/2021\/wp-json\/wp\/v2\/types\/post"}],"author":[{"embeddable":true,"href":"https:\/\/www.noticiasradioreflejos.com.ar\/2021\/wp-json\/wp\/v2\/users\/3"}],"replies":[{"embeddable":true,"href":"https:\/\/www.noticiasradioreflejos.com.ar\/2021\/wp-json\/wp\/v2\/comments?post=48522"}],"version-history":[{"count":0,"href":"https:\/\/www.noticiasradioreflejos.com.ar\/2021\/wp-json\/wp\/v2\/posts\/48522\/revisions"}],"wp:attachment":[{"href":"https:\/\/www.noticiasradioreflejos.com.ar\/2021\/wp-json\/wp\/v2\/media?parent=48522"}],"wp:term":[{"taxonomy":"category","embeddable":true,"href":"https:\/\/www.noticiasradioreflejos.com.ar\/2021\/wp-json\/wp\/v2\/categories?post=48522"},{"taxonomy":"post_tag","embeddable":true,"href":"https:\/\/www.noticiasradioreflejos.com.ar\/2021\/wp-json\/wp\/v2\/tags?post=48522"}],"curies":[{"name":"wp","href":"https:\/\/api.w.org\/{rel}","templated":true}]}}