{"id":48516,"date":"2020-10-25T13:37:32","date_gmt":"2020-10-25T16:37:32","guid":{"rendered":"http:\/\/www.noticiasradioreflejos.com.ar\/noticias\/?p=48516"},"modified":"2020-10-25T13:37:32","modified_gmt":"2020-10-25T16:37:32","slug":"destinos-y-empresas-argentinas-recibiran-desde-esta-semana-el-sello-internacional-viajes-seguros","status":"publish","type":"post","link":"https:\/\/www.noticiasradioreflejos.com.ar\/2021\/destinos-y-empresas-argentinas-recibiran-desde-esta-semana-el-sello-internacional-viajes-seguros\/","title":{"rendered":"Destinos y empresas argentinas recibir\u00e1n desde esta semana el sello internacional Viajes Seguros"},"content":{"rendered":"<p>Numerosos destinos y empresas tur\u00edsticas argentinas recibir\u00e1n desde esta semana el certificado internacional Sello Viajes Seguros, luego de que el Consejo Mundial de Viajes y Turismo (WTTC, en ingl\u00e9s) delegara esa potestad en el Instituto Nacional de Promoci\u00f3n Tur\u00edstica (Inprotur) tras evaluar el trabajo realizado ante la pandemia de coronavirus.<!--more--><\/p>\n<p>La delegaci\u00f3n de la responsabilidad para analizar y entregar esa distinci\u00f3n de garant\u00eda sanitaria (Safe Travels Stamp, en ingl\u00e9s) a un pa\u00eds por parte del WTTC s\u00f3lo se hace si se considera que las acciones fronteras adentro son serias y coincidentes con sus protocolos, que tienen el aval de las m\u00e1ximas autoridades mundiales de salud e infectolog\u00eda.<\/p>\n<p>El sello sirve para que los turistas identifiquen a un destino seguro y este avance \u00abes muy importante porque este sello est\u00e1 circulando y ganando popularidad en diferentes partes del mundo\u00bb, dijo a T\u00e9lam el secretario ejecutivo del Inprotur, Ricardo Sosa, quien a\u00f1adi\u00f3 que muestra \u00abla seriedad con que Argentina viene trabajando\u00bb.<\/p>\n<p>El funcionario agreg\u00f3 que \u00abhay ya cerca de 50 pa\u00edses que lo han recibido junto con Argentina , pero en el caso singular de nuestro pa\u00eds, el WTTC est\u00e1 estudiando lo que estamos haciendo, porque posiblemente sea un caso de \u00e9xito por el trabajo meticuloso que hacemos\u00bb.<\/p>\n<p>La potestad de otorgar el sello permitir\u00e1 que cuando se reinicie la actividad tur\u00edstica internacional y local el pa\u00eds cuente con destinos y empresas con seguridad sanitaria garantizada, muchos de los cuales ya est\u00e1n postulado ante el WTTC -como la ciudad de Buenos Aires- y esperan la entrega.<\/p>\n<p>La entidad que agrupa a los m\u00e1ximos representantes del sector privado del turismo a nivel global ya hab\u00eda tenido un gesto preferencial hacia el Gobierno argentino al admitir entre sus miembros al Inprotur, pese a ser un organismo oficial y a contara con representaci\u00f3n del pa\u00eds mediante la C\u00e1mara Argentina de Turismo (CAT).<\/p>\n<p>El 15 de este mes, Argentina obtuvo el sello y desde entonces el Consejo autoriz\u00f3 a esta dependencia del Ministerio de Turismo y Deportes (Minturdep) a ejercer la fiscalizaci\u00f3n de los postulantes locales, y la primera distinci\u00f3n fue para la provincia de Salta, el mi\u00e9rcoles \u00faltimo.<\/p>\n<p>Sosa adelant\u00f3 a T\u00e9lam que esta semana, \u00abcon la presencia del ministro (de Turismo y Deportes) Mat\u00edas Lammens vamos a realizar las tandas m\u00e1s grande de entregas a destinos y empresas\u00bb de la Argentina.<\/p>\n<p>El proceso que deriv\u00f3 en este trabajo conjunto con el WTTC desde junio pasado, cuando la entidad lanz\u00f3 el Sello Viajes Seguros, con \u00abprotocolos para diez u once segmentos de la cadena de comercializaci\u00f3n tur\u00edstica\u00bb, incentiv\u00f3 a sus empresas miembros para que puedan adherirse.<\/p>\n<p>Pronto algunos pa\u00edses comenzaron a solicitarlo, \u00abentendiendo que les sirve para que se vaya visibilizando el trabajo que se ha hecho\u00bb y, en ese marco, agreg\u00f3, \u00abdesde el Inprotur, como miembro afiliado al WTTC, fuimos gestionando tambi\u00e9n, enviando los protocolos que iba confeccionando el Ministerio de Turismo y Deportes en conjunto con la CAT y el Instituto de Calidad Tur\u00edstica de Argentina\u00bb.<\/p>\n<p>\u00abDurante todos estos meses hubo un intercambio de idas y vueltas, con observaciones que nos hac\u00edan, inquietudes, sugerencias, etc\u00e9tera\u00bb, explic\u00f3, y destac\u00f3 que los protocolos del Minturdep fueron bien recibidos por coincidir con los del WTTC.<\/p>\n<p>Como \u00abel Inprotur representa a un pa\u00eds, entonces nos otorgaron el sello, y la potestad de que nosotros como pa\u00eds lo entreguemos a su vez a los destinos de Argentina, sean provinciales o municipales, y a empresas de Argentina, con los par\u00e1metros y lineamientos de las sugerencias de los protocolos del WTTC, que son los del Ministerio\u00bb, acot\u00f3 Sosa.<\/p>\n<p>\u00abArgentina es el primer pa\u00eds que, en este caso a trav\u00e9s del Inprotur, est\u00e1 generando este sistema tan detallado de aplicaci\u00f3n y otorgamiento del Safe Travel Stamp en comunicaci\u00f3n con ellos\u00bb, sostuvo el funcionario e insisti\u00f3 en que \u00abes muy importante, porque muestra la seriedad con la cual se est\u00e1 manejando Argentina para la certificaci\u00f3n de los destinos y las empresas\u00bb.<\/p>\n<p>El Inprotur cuenta con un proceso interno de validaci\u00f3n, que envi\u00f3 oportunamente al Consejo, y cuando fue aprobado comenz\u00f3 directamente a trabajarlo a nivel interior, aunque \u00abpor una cuesti\u00f3n de informaci\u00f3n y de predisposici\u00f3n nuestra, lo que hacemos es informar diariamente al WTTC de todos los procesos que se van anotando\u00bb, aclar\u00f3 Sosa.<\/p>\n<p>Sobre los pr\u00f3ximos pasos, dijo que como \u00abya hay una lista de muchos postulantes, entre destinos y empresas, que antes del otorgamiento del certificado a Argentina lo han solicitado directamente en julio, agosto y septiembre, y como primero se lo otorga al pa\u00eds, todo ese listado nos lo ha pasado para que nosotros hagamos los otorgamientos pertinentes\u00bb.<\/p>\n<p>Sobre los postulantes que recibir\u00e1n el sello esta semana, aunque no anticip\u00f3 nombres dijo que \u00abya est\u00e1n aprobados, el WTTC nos ha dado el OK y el listado de todos los que fueron enviando esos protocolos y ellos los aprobaron\u00bb.<\/p>\n<p>La entrega se har\u00e1 \u00aben alg\u00fan acto o conferencia virtual, o quiz\u00e1s presencial, pero la idea nuestra es tratar que todas las semanas vayamos entregando estos sellos\u00bb, para lo que \u00abya tuvimos una reuni\u00f3n con Faevyt (Federaci\u00f3n Argentina de Asociaciones de Empresas de Viajes y Turismo)\u00bb.<\/p>\n<p>Sosa anunci\u00f3 que \u00ablo mismo vamos a hacer este lunes con Fehgra (Federaci\u00f3n Empresaria Hotelera Gastron\u00f3mica) y con Aviabue (Asociaci\u00f3n de Agencias de Viajes y Turismo de Buenos Aires)\u00bb.<\/p>\n<p>En tanto, \u00abtras la presentaci\u00f3n hecha ante la CAT, los presidentes de muchas entidades ya est\u00e1n enviando las solicitudes a nuestra p\u00e1gina web, donde est\u00e1 el formulario con el aplicativo\u00bb, coment\u00f3.<\/p>\n","protected":false},"excerpt":{"rendered":"<p>Numerosos destinos y empresas tur\u00edsticas argentinas recibir\u00e1n desde esta semana el certificado internacional Sello Viajes Seguros, luego de que el Consejo Mundial de Viajes y Turismo (WTTC, en ingl\u00e9s) delegara esa potestad en el Instituto Nacional de Promoci\u00f3n Tur\u00edstica (Inprotur) tras evaluar el trabajo realizado ante la pandemia de coronavirus.<\/p>\n","protected":false},"author":3,"featured_media":0,"comment_status":"closed","ping_status":"open","sticky":false,"template":"","format":"standard","meta":{"footnotes":""},"categories":[33],"tags":[],"class_list":["post-48516","post","type-post","status-publish","format-standard","hentry","category-turismo"],"yoast_head":"<!-- This site is optimized with the Yoast SEO plugin v25.9 - https:\/\/yoast.com\/wordpress\/plugins\/seo\/ -->\n<title>Destinos y empresas argentinas recibir\u00e1n desde esta semana el sello internacional Viajes Seguros - Noticias Radio Reflejos<\/title>\n<meta name=\"robots\" content=\"index, follow, max-snippet:-1, max-image-preview:large, max-video-preview:-1\" \/>\n<link rel=\"canonical\" href=\"https:\/\/www.noticiasradioreflejos.com.ar\/2021\/destinos-y-empresas-argentinas-recibiran-desde-esta-semana-el-sello-internacional-viajes-seguros\/\" \/>\n<meta property=\"og:locale\" content=\"es_ES\" \/>\n<meta property=\"og:type\" content=\"article\" \/>\n<meta property=\"og:title\" content=\"Destinos y empresas argentinas recibir\u00e1n desde esta semana el sello internacional Viajes Seguros - Noticias Radio Reflejos\" \/>\n<meta property=\"og:description\" content=\"Numerosos destinos y empresas tur\u00edsticas argentinas recibir\u00e1n desde esta semana el certificado internacional Sello Viajes Seguros, luego de que el Consejo Mundial de Viajes y Turismo (WTTC, en ingl\u00e9s) delegara esa potestad en el Instituto Nacional de Promoci\u00f3n Tur\u00edstica (Inprotur) tras evaluar el trabajo realizado ante la pandemia de coronavirus.\" \/>\n<meta property=\"og:url\" content=\"https:\/\/www.noticiasradioreflejos.com.ar\/2021\/destinos-y-empresas-argentinas-recibiran-desde-esta-semana-el-sello-internacional-viajes-seguros\/\" \/>\n<meta property=\"og:site_name\" content=\"Noticias Radio Reflejos\" \/>\n<meta property=\"article:published_time\" content=\"2020-10-25T16:37:32+00:00\" \/>\n<meta property=\"og:image\" content=\"https:\/\/www.noticiasradioreflejos.com.ar\/2021\/wp-content\/uploads\/2021\/07\/logosol300x200.png\" \/>\n\t<meta property=\"og:image:width\" content=\"300\" \/>\n\t<meta property=\"og:image:height\" content=\"200\" \/>\n\t<meta property=\"og:image:type\" content=\"image\/png\" \/>\n<meta name=\"author\" content=\"Arnaldo Botto\" \/>\n<meta name=\"twitter:card\" content=\"summary_large_image\" \/>\n<script type=\"application\/ld+json\" class=\"yoast-schema-graph\">{\"@context\":\"https:\/\/schema.org\",\"@graph\":[{\"@type\":\"WebPage\",\"@id\":\"https:\/\/www.noticiasradioreflejos.com.ar\/2021\/destinos-y-empresas-argentinas-recibiran-desde-esta-semana-el-sello-internacional-viajes-seguros\/\",\"url\":\"https:\/\/www.noticiasradioreflejos.com.ar\/2021\/destinos-y-empresas-argentinas-recibiran-desde-esta-semana-el-sello-internacional-viajes-seguros\/\",\"name\":\"Destinos y empresas argentinas recibir\u00e1n desde esta semana el sello internacional Viajes Seguros - Noticias Radio Reflejos\",\"isPartOf\":{\"@id\":\"https:\/\/www.noticiasradioreflejos.com.ar\/2021\/#website\"},\"datePublished\":\"2020-10-25T16:37:32+00:00\",\"author\":{\"@id\":\"https:\/\/www.noticiasradioreflejos.com.ar\/2021\/#\/schema\/person\/ad82545263dcc5ec0996818884fd5fb1\"},\"breadcrumb\":{\"@id\":\"https:\/\/www.noticiasradioreflejos.com.ar\/2021\/destinos-y-empresas-argentinas-recibiran-desde-esta-semana-el-sello-internacional-viajes-seguros\/#breadcrumb\"},\"inLanguage\":\"es\",\"potentialAction\":[{\"@type\":\"ReadAction\",\"target\":[\"https:\/\/www.noticiasradioreflejos.com.ar\/2021\/destinos-y-empresas-argentinas-recibiran-desde-esta-semana-el-sello-internacional-viajes-seguros\/\"]}]},{\"@type\":\"BreadcrumbList\",\"@id\":\"https:\/\/www.noticiasradioreflejos.com.ar\/2021\/destinos-y-empresas-argentinas-recibiran-desde-esta-semana-el-sello-internacional-viajes-seguros\/#breadcrumb\",\"itemListElement\":[{\"@type\":\"ListItem\",\"position\":1,\"name\":\"Portada\",\"item\":\"https:\/\/www.noticiasradioreflejos.com.ar\/2021\/\"},{\"@type\":\"ListItem\",\"position\":2,\"name\":\"Destinos y empresas argentinas recibir\u00e1n desde esta semana el sello internacional Viajes Seguros\"}]},{\"@type\":\"WebSite\",\"@id\":\"https:\/\/www.noticiasradioreflejos.com.ar\/2021\/#website\",\"url\":\"https:\/\/www.noticiasradioreflejos.com.ar\/2021\/\",\"name\":\"Noticias Radio Reflejos\",\"description\":\"Las noticias de mi comarca\",\"potentialAction\":[{\"@type\":\"SearchAction\",\"target\":{\"@type\":\"EntryPoint\",\"urlTemplate\":\"https:\/\/www.noticiasradioreflejos.com.ar\/2021\/?s={search_term_string}\"},\"query-input\":{\"@type\":\"PropertyValueSpecification\",\"valueRequired\":true,\"valueName\":\"search_term_string\"}}],\"inLanguage\":\"es\"},{\"@type\":\"Person\",\"@id\":\"https:\/\/www.noticiasradioreflejos.com.ar\/2021\/#\/schema\/person\/ad82545263dcc5ec0996818884fd5fb1\",\"name\":\"Arnaldo Botto\",\"image\":{\"@type\":\"ImageObject\",\"inLanguage\":\"es\",\"@id\":\"https:\/\/www.noticiasradioreflejos.com.ar\/2021\/#\/schema\/person\/image\/\",\"url\":\"https:\/\/secure.gravatar.com\/avatar\/55cb5e37c1efa326397366e6974cb338056df65cb50e7d64d1cf314e87504837?s=96&d=mm&r=g\",\"contentUrl\":\"https:\/\/secure.gravatar.com\/avatar\/55cb5e37c1efa326397366e6974cb338056df65cb50e7d64d1cf314e87504837?s=96&d=mm&r=g\",\"caption\":\"Arnaldo Botto\"},\"url\":\"https:\/\/www.noticiasradioreflejos.com.ar\/2021\/author\/arnaldo\/\"}]}<\/script>\n<!-- \/ Yoast SEO plugin. -->","yoast_head_json":{"title":"Destinos y empresas argentinas recibir\u00e1n desde esta semana el sello internacional Viajes Seguros - Noticias Radio Reflejos","robots":{"index":"index","follow":"follow","max-snippet":"max-snippet:-1","max-image-preview":"max-image-preview:large","max-video-preview":"max-video-preview:-1"},"canonical":"https:\/\/www.noticiasradioreflejos.com.ar\/2021\/destinos-y-empresas-argentinas-recibiran-desde-esta-semana-el-sello-internacional-viajes-seguros\/","og_locale":"es_ES","og_type":"article","og_title":"Destinos y empresas argentinas recibir\u00e1n desde esta semana el sello internacional Viajes Seguros - Noticias Radio Reflejos","og_description":"Numerosos destinos y empresas tur\u00edsticas argentinas recibir\u00e1n desde esta semana el certificado internacional Sello Viajes Seguros, luego de que el Consejo Mundial de Viajes y Turismo (WTTC, en ingl\u00e9s) delegara esa potestad en el Instituto Nacional de Promoci\u00f3n Tur\u00edstica (Inprotur) tras evaluar el trabajo realizado ante la pandemia de coronavirus.","og_url":"https:\/\/www.noticiasradioreflejos.com.ar\/2021\/destinos-y-empresas-argentinas-recibiran-desde-esta-semana-el-sello-internacional-viajes-seguros\/","og_site_name":"Noticias Radio Reflejos","article_published_time":"2020-10-25T16:37:32+00:00","og_image":[{"width":300,"height":200,"url":"https:\/\/www.noticiasradioreflejos.com.ar\/2021\/wp-content\/uploads\/2021\/07\/logosol300x200.png","type":"image\/png"}],"author":"Arnaldo Botto","twitter_card":"summary_large_image","schema":{"@context":"https:\/\/schema.org","@graph":[{"@type":"WebPage","@id":"https:\/\/www.noticiasradioreflejos.com.ar\/2021\/destinos-y-empresas-argentinas-recibiran-desde-esta-semana-el-sello-internacional-viajes-seguros\/","url":"https:\/\/www.noticiasradioreflejos.com.ar\/2021\/destinos-y-empresas-argentinas-recibiran-desde-esta-semana-el-sello-internacional-viajes-seguros\/","name":"Destinos y empresas argentinas recibir\u00e1n desde esta semana el sello internacional Viajes Seguros - Noticias Radio Reflejos","isPartOf":{"@id":"https:\/\/www.noticiasradioreflejos.com.ar\/2021\/#website"},"datePublished":"2020-10-25T16:37:32+00:00","author":{"@id":"https:\/\/www.noticiasradioreflejos.com.ar\/2021\/#\/schema\/person\/ad82545263dcc5ec0996818884fd5fb1"},"breadcrumb":{"@id":"https:\/\/www.noticiasradioreflejos.com.ar\/2021\/destinos-y-empresas-argentinas-recibiran-desde-esta-semana-el-sello-internacional-viajes-seguros\/#breadcrumb"},"inLanguage":"es","potentialAction":[{"@type":"ReadAction","target":["https:\/\/www.noticiasradioreflejos.com.ar\/2021\/destinos-y-empresas-argentinas-recibiran-desde-esta-semana-el-sello-internacional-viajes-seguros\/"]}]},{"@type":"BreadcrumbList","@id":"https:\/\/www.noticiasradioreflejos.com.ar\/2021\/destinos-y-empresas-argentinas-recibiran-desde-esta-semana-el-sello-internacional-viajes-seguros\/#breadcrumb","itemListElement":[{"@type":"ListItem","position":1,"name":"Portada","item":"https:\/\/www.noticiasradioreflejos.com.ar\/2021\/"},{"@type":"ListItem","position":2,"name":"Destinos y empresas argentinas recibir\u00e1n desde esta semana el sello internacional Viajes Seguros"}]},{"@type":"WebSite","@id":"https:\/\/www.noticiasradioreflejos.com.ar\/2021\/#website","url":"https:\/\/www.noticiasradioreflejos.com.ar\/2021\/","name":"Noticias Radio Reflejos","description":"Las noticias de mi comarca","potentialAction":[{"@type":"SearchAction","target":{"@type":"EntryPoint","urlTemplate":"https:\/\/www.noticiasradioreflejos.com.ar\/2021\/?s={search_term_string}"},"query-input":{"@type":"PropertyValueSpecification","valueRequired":true,"valueName":"search_term_string"}}],"inLanguage":"es"},{"@type":"Person","@id":"https:\/\/www.noticiasradioreflejos.com.ar\/2021\/#\/schema\/person\/ad82545263dcc5ec0996818884fd5fb1","name":"Arnaldo Botto","image":{"@type":"ImageObject","inLanguage":"es","@id":"https:\/\/www.noticiasradioreflejos.com.ar\/2021\/#\/schema\/person\/image\/","url":"https:\/\/secure.gravatar.com\/avatar\/55cb5e37c1efa326397366e6974cb338056df65cb50e7d64d1cf314e87504837?s=96&d=mm&r=g","contentUrl":"https:\/\/secure.gravatar.com\/avatar\/55cb5e37c1efa326397366e6974cb338056df65cb50e7d64d1cf314e87504837?s=96&d=mm&r=g","caption":"Arnaldo Botto"},"url":"https:\/\/www.noticiasradioreflejos.com.ar\/2021\/author\/arnaldo\/"}]}},"_links":{"self":[{"href":"https:\/\/www.noticiasradioreflejos.com.ar\/2021\/wp-json\/wp\/v2\/posts\/48516","targetHints":{"allow":["GET"]}}],"collection":[{"href":"https:\/\/www.noticiasradioreflejos.com.ar\/2021\/wp-json\/wp\/v2\/posts"}],"about":[{"href":"https:\/\/www.noticiasradioreflejos.com.ar\/2021\/wp-json\/wp\/v2\/types\/post"}],"author":[{"embeddable":true,"href":"https:\/\/www.noticiasradioreflejos.com.ar\/2021\/wp-json\/wp\/v2\/users\/3"}],"replies":[{"embeddable":true,"href":"https:\/\/www.noticiasradioreflejos.com.ar\/2021\/wp-json\/wp\/v2\/comments?post=48516"}],"version-history":[{"count":0,"href":"https:\/\/www.noticiasradioreflejos.com.ar\/2021\/wp-json\/wp\/v2\/posts\/48516\/revisions"}],"wp:attachment":[{"href":"https:\/\/www.noticiasradioreflejos.com.ar\/2021\/wp-json\/wp\/v2\/media?parent=48516"}],"wp:term":[{"taxonomy":"category","embeddable":true,"href":"https:\/\/www.noticiasradioreflejos.com.ar\/2021\/wp-json\/wp\/v2\/categories?post=48516"},{"taxonomy":"post_tag","embeddable":true,"href":"https:\/\/www.noticiasradioreflejos.com.ar\/2021\/wp-json\/wp\/v2\/tags?post=48516"}],"curies":[{"name":"wp","href":"https:\/\/api.w.org\/{rel}","templated":true}]}}