{"id":48510,"date":"2020-10-24T20:04:26","date_gmt":"2020-10-24T23:04:26","guid":{"rendered":"http:\/\/www.noticiasradioreflejos.com.ar\/noticias\/?p=48510"},"modified":"2020-10-24T20:04:26","modified_gmt":"2020-10-24T23:04:26","slug":"reclamo-por-mejores-condiciones-laborales-y-aumento-el-sindicato-como-siempre-carece-de-todo-de-palabra-de-caracter-y-de-dialogo","status":"publish","type":"post","link":"https:\/\/www.noticiasradioreflejos.com.ar\/2021\/reclamo-por-mejores-condiciones-laborales-y-aumento-el-sindicato-como-siempre-carece-de-todo-de-palabra-de-caracter-y-de-dialogo\/","title":{"rendered":"Reclamo por mejores condiciones laborales y aumento: \u00abel sindicato como siempre carece de todo, de palabra, de car\u00e1cter y de di\u00e1logo\u00bb"},"content":{"rendered":"<p><strong>Carta de lector:<\/strong> Hola buenas tardes espero que se encuentren muy bien, soy Matias de Sierra de la Ventana tengo 35 a\u00f1os y trabajo en la municipalidad en la recolecci\u00f3n de residuos hace casi 5 a\u00f1os, y yo y mis compa\u00f1eros de trabajo tenemos varias inquietudes con relaci\u00f3n a las p\u00e9simas condiciones en la que estamos trabajando,<!--more--> a la fecha de hoy no tenemos indumentaria para trabajar, ni tampoco recategorizaci\u00f3n en muchos de nosotros (me incluyo) y en mi caso jornada de 40hs semanales por estar justamente en un servicio esencial, tampoco tenemos noticias de un incremento salarial, con el tema de la indumentaria y el incremento salarial hemos reclamado al sindicato que supuestamente nos representan y la \u00fanica respuesta que tuvimos es \u00abque si quedaba un resto que el municipio le avisaba al sindicato\u00bb y es como una tomada de pelo, y el sindicato lamentablemente se qued\u00f3 callado y tiene lo que hay que tener para afrontar la situaci\u00f3n que estamos pasando, tenemos nuevo corralon municipal pero tambi\u00e9n est\u00e1 el bienestar de los empleados, como puede ser que otros municipios menos importantes ya les han aumentado a sus empleados y ac\u00e1 todav\u00eda estamos en veremos, el municipio dijo despu\u00e9s de estas \u00faltimas elecciones que iban a empezar a recategorizar y hasta la fecha no tenemos noticias, la \u00faltima campera por ejemplo no las dieron en 2017 es inaceptable esto, y el sindicato como siempre carece de todo, de palabra, de car\u00e1cter y de di\u00e1logo, nos descuentan de nuestro sueldo la cuota sindical y nos preguntamos para que si no nos sentimos representados, nadie del sindicato vino hasta el nuevo corralon a ver que necesitamos lamentable, espero haber sido lo m\u00e1s claro posible y hasta cualquier otro momento<\/p>\n<p><strong>MATIAS MADRI\u00d1AN<\/strong><\/p>\n<p><strong>D.N.I: 31898605<\/strong><\/p>\n","protected":false},"excerpt":{"rendered":"<p>Carta de lector: Hola buenas tardes espero que se encuentren muy bien, soy Matias de Sierra de la Ventana tengo 35 a\u00f1os y trabajo en la municipalidad en la recolecci\u00f3n de residuos hace casi 5 a\u00f1os, y yo y mis compa\u00f1eros de trabajo tenemos varias inquietudes con relaci\u00f3n a las p\u00e9simas condiciones en la que [&hellip;]<\/p>\n","protected":false},"author":3,"featured_media":0,"comment_status":"closed","ping_status":"open","sticky":false,"template":"","format":"standard","meta":{"footnotes":""},"categories":[25],"tags":[],"class_list":["post-48510","post","type-post","status-publish","format-standard","hentry","category-uncategorized"],"yoast_head":"<!-- This site is optimized with the Yoast SEO plugin v25.9 - https:\/\/yoast.com\/wordpress\/plugins\/seo\/ -->\n<title>Reclamo por mejores condiciones laborales y aumento: &quot;el sindicato como siempre carece de todo, de palabra, de car\u00e1cter y de di\u00e1logo&quot; - Noticias Radio Reflejos<\/title>\n<meta name=\"robots\" content=\"index, follow, max-snippet:-1, max-image-preview:large, max-video-preview:-1\" \/>\n<link rel=\"canonical\" href=\"https:\/\/www.noticiasradioreflejos.com.ar\/2021\/reclamo-por-mejores-condiciones-laborales-y-aumento-el-sindicato-como-siempre-carece-de-todo-de-palabra-de-caracter-y-de-dialogo\/\" \/>\n<meta property=\"og:locale\" content=\"es_ES\" \/>\n<meta property=\"og:type\" content=\"article\" \/>\n<meta property=\"og:title\" content=\"Reclamo por mejores condiciones laborales y aumento: &quot;el sindicato como siempre carece de todo, de palabra, de car\u00e1cter y de di\u00e1logo&quot; - Noticias Radio Reflejos\" \/>\n<meta property=\"og:description\" content=\"Carta de lector: Hola buenas tardes espero que se encuentren muy bien, soy Matias de Sierra de la Ventana tengo 35 a\u00f1os y trabajo en la municipalidad en la recolecci\u00f3n de residuos hace casi 5 a\u00f1os, y yo y mis compa\u00f1eros de trabajo tenemos varias inquietudes con relaci\u00f3n a las p\u00e9simas condiciones en la que [&hellip;]\" \/>\n<meta property=\"og:url\" content=\"https:\/\/www.noticiasradioreflejos.com.ar\/2021\/reclamo-por-mejores-condiciones-laborales-y-aumento-el-sindicato-como-siempre-carece-de-todo-de-palabra-de-caracter-y-de-dialogo\/\" \/>\n<meta property=\"og:site_name\" content=\"Noticias Radio Reflejos\" \/>\n<meta property=\"article:published_time\" content=\"2020-10-24T23:04:26+00:00\" \/>\n<meta property=\"og:image\" content=\"https:\/\/www.noticiasradioreflejos.com.ar\/2021\/wp-content\/uploads\/2018\/04\/carta_lector_1.jpg\" \/>\n\t<meta property=\"og:image:width\" content=\"935\" \/>\n\t<meta property=\"og:image:height\" content=\"595\" \/>\n\t<meta property=\"og:image:type\" content=\"image\/jpeg\" \/>\n<meta name=\"author\" content=\"Arnaldo Botto\" \/>\n<meta name=\"twitter:card\" content=\"summary_large_image\" \/>\n<script type=\"application\/ld+json\" class=\"yoast-schema-graph\">{\"@context\":\"https:\/\/schema.org\",\"@graph\":[{\"@type\":\"WebPage\",\"@id\":\"https:\/\/www.noticiasradioreflejos.com.ar\/2021\/reclamo-por-mejores-condiciones-laborales-y-aumento-el-sindicato-como-siempre-carece-de-todo-de-palabra-de-caracter-y-de-dialogo\/\",\"url\":\"https:\/\/www.noticiasradioreflejos.com.ar\/2021\/reclamo-por-mejores-condiciones-laborales-y-aumento-el-sindicato-como-siempre-carece-de-todo-de-palabra-de-caracter-y-de-dialogo\/\",\"name\":\"Reclamo por mejores condiciones laborales y aumento: \\\"el sindicato como siempre carece de todo, de palabra, de car\u00e1cter y de di\u00e1logo\\\" - Noticias Radio Reflejos\",\"isPartOf\":{\"@id\":\"https:\/\/www.noticiasradioreflejos.com.ar\/2021\/#website\"},\"datePublished\":\"2020-10-24T23:04:26+00:00\",\"author\":{\"@id\":\"https:\/\/www.noticiasradioreflejos.com.ar\/2021\/#\/schema\/person\/ad82545263dcc5ec0996818884fd5fb1\"},\"breadcrumb\":{\"@id\":\"https:\/\/www.noticiasradioreflejos.com.ar\/2021\/reclamo-por-mejores-condiciones-laborales-y-aumento-el-sindicato-como-siempre-carece-de-todo-de-palabra-de-caracter-y-de-dialogo\/#breadcrumb\"},\"inLanguage\":\"es\",\"potentialAction\":[{\"@type\":\"ReadAction\",\"target\":[\"https:\/\/www.noticiasradioreflejos.com.ar\/2021\/reclamo-por-mejores-condiciones-laborales-y-aumento-el-sindicato-como-siempre-carece-de-todo-de-palabra-de-caracter-y-de-dialogo\/\"]}]},{\"@type\":\"BreadcrumbList\",\"@id\":\"https:\/\/www.noticiasradioreflejos.com.ar\/2021\/reclamo-por-mejores-condiciones-laborales-y-aumento-el-sindicato-como-siempre-carece-de-todo-de-palabra-de-caracter-y-de-dialogo\/#breadcrumb\",\"itemListElement\":[{\"@type\":\"ListItem\",\"position\":1,\"name\":\"Portada\",\"item\":\"https:\/\/www.noticiasradioreflejos.com.ar\/2021\/\"},{\"@type\":\"ListItem\",\"position\":2,\"name\":\"Reclamo por mejores condiciones laborales y aumento: \u00abel sindicato como siempre carece de todo, de palabra, de car\u00e1cter y de di\u00e1logo\u00bb\"}]},{\"@type\":\"WebSite\",\"@id\":\"https:\/\/www.noticiasradioreflejos.com.ar\/2021\/#website\",\"url\":\"https:\/\/www.noticiasradioreflejos.com.ar\/2021\/\",\"name\":\"Noticias Radio Reflejos\",\"description\":\"Las noticias de mi comarca\",\"potentialAction\":[{\"@type\":\"SearchAction\",\"target\":{\"@type\":\"EntryPoint\",\"urlTemplate\":\"https:\/\/www.noticiasradioreflejos.com.ar\/2021\/?s={search_term_string}\"},\"query-input\":{\"@type\":\"PropertyValueSpecification\",\"valueRequired\":true,\"valueName\":\"search_term_string\"}}],\"inLanguage\":\"es\"},{\"@type\":\"Person\",\"@id\":\"https:\/\/www.noticiasradioreflejos.com.ar\/2021\/#\/schema\/person\/ad82545263dcc5ec0996818884fd5fb1\",\"name\":\"Arnaldo Botto\",\"image\":{\"@type\":\"ImageObject\",\"inLanguage\":\"es\",\"@id\":\"https:\/\/www.noticiasradioreflejos.com.ar\/2021\/#\/schema\/person\/image\/\",\"url\":\"https:\/\/secure.gravatar.com\/avatar\/55cb5e37c1efa326397366e6974cb338056df65cb50e7d64d1cf314e87504837?s=96&d=mm&r=g\",\"contentUrl\":\"https:\/\/secure.gravatar.com\/avatar\/55cb5e37c1efa326397366e6974cb338056df65cb50e7d64d1cf314e87504837?s=96&d=mm&r=g\",\"caption\":\"Arnaldo Botto\"},\"url\":\"https:\/\/www.noticiasradioreflejos.com.ar\/2021\/author\/arnaldo\/\"}]}<\/script>\n<!-- \/ Yoast SEO plugin. -->","yoast_head_json":{"title":"Reclamo por mejores condiciones laborales y aumento: \"el sindicato como siempre carece de todo, de palabra, de car\u00e1cter y de di\u00e1logo\" - Noticias Radio Reflejos","robots":{"index":"index","follow":"follow","max-snippet":"max-snippet:-1","max-image-preview":"max-image-preview:large","max-video-preview":"max-video-preview:-1"},"canonical":"https:\/\/www.noticiasradioreflejos.com.ar\/2021\/reclamo-por-mejores-condiciones-laborales-y-aumento-el-sindicato-como-siempre-carece-de-todo-de-palabra-de-caracter-y-de-dialogo\/","og_locale":"es_ES","og_type":"article","og_title":"Reclamo por mejores condiciones laborales y aumento: \"el sindicato como siempre carece de todo, de palabra, de car\u00e1cter y de di\u00e1logo\" - Noticias Radio Reflejos","og_description":"Carta de lector: Hola buenas tardes espero que se encuentren muy bien, soy Matias de Sierra de la Ventana tengo 35 a\u00f1os y trabajo en la municipalidad en la recolecci\u00f3n de residuos hace casi 5 a\u00f1os, y yo y mis compa\u00f1eros de trabajo tenemos varias inquietudes con relaci\u00f3n a las p\u00e9simas condiciones en la que [&hellip;]","og_url":"https:\/\/www.noticiasradioreflejos.com.ar\/2021\/reclamo-por-mejores-condiciones-laborales-y-aumento-el-sindicato-como-siempre-carece-de-todo-de-palabra-de-caracter-y-de-dialogo\/","og_site_name":"Noticias Radio Reflejos","article_published_time":"2020-10-24T23:04:26+00:00","og_image":[{"width":935,"height":595,"url":"https:\/\/www.noticiasradioreflejos.com.ar\/2021\/wp-content\/uploads\/2018\/04\/carta_lector_1.jpg","type":"image\/jpeg"}],"author":"Arnaldo Botto","twitter_card":"summary_large_image","schema":{"@context":"https:\/\/schema.org","@graph":[{"@type":"WebPage","@id":"https:\/\/www.noticiasradioreflejos.com.ar\/2021\/reclamo-por-mejores-condiciones-laborales-y-aumento-el-sindicato-como-siempre-carece-de-todo-de-palabra-de-caracter-y-de-dialogo\/","url":"https:\/\/www.noticiasradioreflejos.com.ar\/2021\/reclamo-por-mejores-condiciones-laborales-y-aumento-el-sindicato-como-siempre-carece-de-todo-de-palabra-de-caracter-y-de-dialogo\/","name":"Reclamo por mejores condiciones laborales y aumento: \"el sindicato como siempre carece de todo, de palabra, de car\u00e1cter y de di\u00e1logo\" - Noticias Radio Reflejos","isPartOf":{"@id":"https:\/\/www.noticiasradioreflejos.com.ar\/2021\/#website"},"datePublished":"2020-10-24T23:04:26+00:00","author":{"@id":"https:\/\/www.noticiasradioreflejos.com.ar\/2021\/#\/schema\/person\/ad82545263dcc5ec0996818884fd5fb1"},"breadcrumb":{"@id":"https:\/\/www.noticiasradioreflejos.com.ar\/2021\/reclamo-por-mejores-condiciones-laborales-y-aumento-el-sindicato-como-siempre-carece-de-todo-de-palabra-de-caracter-y-de-dialogo\/#breadcrumb"},"inLanguage":"es","potentialAction":[{"@type":"ReadAction","target":["https:\/\/www.noticiasradioreflejos.com.ar\/2021\/reclamo-por-mejores-condiciones-laborales-y-aumento-el-sindicato-como-siempre-carece-de-todo-de-palabra-de-caracter-y-de-dialogo\/"]}]},{"@type":"BreadcrumbList","@id":"https:\/\/www.noticiasradioreflejos.com.ar\/2021\/reclamo-por-mejores-condiciones-laborales-y-aumento-el-sindicato-como-siempre-carece-de-todo-de-palabra-de-caracter-y-de-dialogo\/#breadcrumb","itemListElement":[{"@type":"ListItem","position":1,"name":"Portada","item":"https:\/\/www.noticiasradioreflejos.com.ar\/2021\/"},{"@type":"ListItem","position":2,"name":"Reclamo por mejores condiciones laborales y aumento: \u00abel sindicato como siempre carece de todo, de palabra, de car\u00e1cter y de di\u00e1logo\u00bb"}]},{"@type":"WebSite","@id":"https:\/\/www.noticiasradioreflejos.com.ar\/2021\/#website","url":"https:\/\/www.noticiasradioreflejos.com.ar\/2021\/","name":"Noticias Radio Reflejos","description":"Las noticias de mi comarca","potentialAction":[{"@type":"SearchAction","target":{"@type":"EntryPoint","urlTemplate":"https:\/\/www.noticiasradioreflejos.com.ar\/2021\/?s={search_term_string}"},"query-input":{"@type":"PropertyValueSpecification","valueRequired":true,"valueName":"search_term_string"}}],"inLanguage":"es"},{"@type":"Person","@id":"https:\/\/www.noticiasradioreflejos.com.ar\/2021\/#\/schema\/person\/ad82545263dcc5ec0996818884fd5fb1","name":"Arnaldo Botto","image":{"@type":"ImageObject","inLanguage":"es","@id":"https:\/\/www.noticiasradioreflejos.com.ar\/2021\/#\/schema\/person\/image\/","url":"https:\/\/secure.gravatar.com\/avatar\/55cb5e37c1efa326397366e6974cb338056df65cb50e7d64d1cf314e87504837?s=96&d=mm&r=g","contentUrl":"https:\/\/secure.gravatar.com\/avatar\/55cb5e37c1efa326397366e6974cb338056df65cb50e7d64d1cf314e87504837?s=96&d=mm&r=g","caption":"Arnaldo Botto"},"url":"https:\/\/www.noticiasradioreflejos.com.ar\/2021\/author\/arnaldo\/"}]}},"_links":{"self":[{"href":"https:\/\/www.noticiasradioreflejos.com.ar\/2021\/wp-json\/wp\/v2\/posts\/48510","targetHints":{"allow":["GET"]}}],"collection":[{"href":"https:\/\/www.noticiasradioreflejos.com.ar\/2021\/wp-json\/wp\/v2\/posts"}],"about":[{"href":"https:\/\/www.noticiasradioreflejos.com.ar\/2021\/wp-json\/wp\/v2\/types\/post"}],"author":[{"embeddable":true,"href":"https:\/\/www.noticiasradioreflejos.com.ar\/2021\/wp-json\/wp\/v2\/users\/3"}],"replies":[{"embeddable":true,"href":"https:\/\/www.noticiasradioreflejos.com.ar\/2021\/wp-json\/wp\/v2\/comments?post=48510"}],"version-history":[{"count":0,"href":"https:\/\/www.noticiasradioreflejos.com.ar\/2021\/wp-json\/wp\/v2\/posts\/48510\/revisions"}],"wp:attachment":[{"href":"https:\/\/www.noticiasradioreflejos.com.ar\/2021\/wp-json\/wp\/v2\/media?parent=48510"}],"wp:term":[{"taxonomy":"category","embeddable":true,"href":"https:\/\/www.noticiasradioreflejos.com.ar\/2021\/wp-json\/wp\/v2\/categories?post=48510"},{"taxonomy":"post_tag","embeddable":true,"href":"https:\/\/www.noticiasradioreflejos.com.ar\/2021\/wp-json\/wp\/v2\/tags?post=48510"}],"curies":[{"name":"wp","href":"https:\/\/api.w.org\/{rel}","templated":true}]}}