{"id":48506,"date":"2020-10-24T14:46:17","date_gmt":"2020-10-24T17:46:17","guid":{"rendered":"http:\/\/www.noticiasradioreflejos.com.ar\/noticias\/?p=48506"},"modified":"2020-10-24T14:46:17","modified_gmt":"2020-10-24T17:46:17","slug":"kicillof-dijo-que-mientras-haya-protocolos-se-pueden-buscar-alternativas-para-abrir-campings","status":"publish","type":"post","link":"https:\/\/www.noticiasradioreflejos.com.ar\/2021\/kicillof-dijo-que-mientras-haya-protocolos-se-pueden-buscar-alternativas-para-abrir-campings\/","title":{"rendered":"Kicillof dijo que mientras \u00abhaya protocolos\u00bb se pueden \u00abbuscar alternativas\u00bb para abrir campings"},"content":{"rendered":"<p>El gobernador de la provincia de Buenos Aires, Axel Kicillof, se refiri\u00f3 a la situaci\u00f3n de los campings al anunciar nuevas medidas para la temporada de verano y dijo que se pueden buscar \u00abalternativas\u00bb en la medida que haya \u00abprotocolos y no est\u00e9 el riesgo\u00bb.<!--more--><\/p>\n<p>\u00abSiempre y cuando haya protocolos y no est\u00e9 el riesgo, podemos buscar alternativas. El tema no es prohibir nada sino habilitar todo lo posible evitando los contagios, que es lo que queremos evitar a toda costa\u00bb, dijo el Gobernador.<\/p>\n<p>En una conferencia de prensa ofrecida ayer en La Plata, en la cual detall\u00f3 la situaci\u00f3n epidemiol\u00f3gica en territorio bonaerense, asegur\u00f3 que en la pr\u00f3xima temporada de verano no se permitir\u00e1n las \u00abaglomeraciones\u00bb en las playas ni se habilitar\u00e1n los locales bailables.<\/p>\n<p>\u00abNo podemos permitir aglomeraciones tur\u00edsticas que fomenten contagios, hay que mantener la distancia, no puede haber una multitud como pasaba todos los veranos, puede pasar los primeros d\u00edas, pero hay que evitarlo\u00bb, advirti\u00f3.<\/p>\n<p>Al ser consultado sobre las actividades como el Casino y los campings en la costa bonaerense, indic\u00f3: \u00abTomamos una decisi\u00f3n valiente y que implica tomar riesgos, que es anunciar el inicio de la temporada de verano. Nadie puede ignorar que el panorama que se abre es nuevo\u00bb.<\/p>\n<p>En esa l\u00ednea, sobre el caso particular de los campings, agreg\u00f3: \u00abLo estamos hablando con los intendentes porque nos dicen que hay algunos que pueden tener condiciones\u00bb.<\/p>\n<p>\u00abLo que no puede ocurrir es que puedan producirse aglomeraciones de much\u00edsima gente que usa las mismas instalaciones porque ser\u00eda muy dif\u00edcil evitar el contacto en cercan\u00eda entre aquellos que est\u00e9n utilizando estos recursos\u00bb, dijo.<\/p>\n<p>Explic\u00f3 que \u00abhay algunos campings que tienen bungalows o alg\u00fan tipo de instalaci\u00f3n sanitaria m\u00e1s personalizadas. Hay campings con parcelas con instalaciones propias\u00bb y por eso, aclar\u00f3 que est\u00e1n \u00abtratando de usar el sentido com\u00fan y evitar lo que conocemos\u00bb.<\/p>\n<p>\u00abYo siempre fui usuario de campings y s\u00e9 que hay momentos en que se junta mucha gente como la hora de la ducha o del lavado de los platos\u00bb, coment\u00f3.<\/p>\n","protected":false},"excerpt":{"rendered":"<p>El gobernador de la provincia de Buenos Aires, Axel Kicillof, se refiri\u00f3 a la situaci\u00f3n de los campings al anunciar nuevas medidas para la temporada de verano y dijo que se pueden buscar \u00abalternativas\u00bb en la medida que haya \u00abprotocolos y no est\u00e9 el riesgo\u00bb.<\/p>\n","protected":false},"author":3,"featured_media":0,"comment_status":"closed","ping_status":"open","sticky":false,"template":"","format":"standard","meta":{"footnotes":""},"categories":[33],"tags":[],"class_list":["post-48506","post","type-post","status-publish","format-standard","hentry","category-turismo"],"yoast_head":"<!-- This site is optimized with the Yoast SEO plugin v25.9 - https:\/\/yoast.com\/wordpress\/plugins\/seo\/ -->\n<title>Kicillof dijo que mientras &quot;haya protocolos&quot; se pueden &quot;buscar alternativas&quot; para abrir campings - Noticias Radio Reflejos<\/title>\n<meta name=\"robots\" content=\"index, follow, max-snippet:-1, max-image-preview:large, max-video-preview:-1\" \/>\n<link rel=\"canonical\" href=\"https:\/\/www.noticiasradioreflejos.com.ar\/2021\/kicillof-dijo-que-mientras-haya-protocolos-se-pueden-buscar-alternativas-para-abrir-campings\/\" \/>\n<meta property=\"og:locale\" content=\"es_ES\" \/>\n<meta property=\"og:type\" content=\"article\" \/>\n<meta property=\"og:title\" content=\"Kicillof dijo que mientras &quot;haya protocolos&quot; se pueden &quot;buscar alternativas&quot; para abrir campings - Noticias Radio Reflejos\" \/>\n<meta property=\"og:description\" content=\"El gobernador de la provincia de Buenos Aires, Axel Kicillof, se refiri\u00f3 a la situaci\u00f3n de los campings al anunciar nuevas medidas para la temporada de verano y dijo que se pueden buscar \u00abalternativas\u00bb en la medida que haya \u00abprotocolos y no est\u00e9 el riesgo\u00bb.\" \/>\n<meta property=\"og:url\" content=\"https:\/\/www.noticiasradioreflejos.com.ar\/2021\/kicillof-dijo-que-mientras-haya-protocolos-se-pueden-buscar-alternativas-para-abrir-campings\/\" \/>\n<meta property=\"og:site_name\" content=\"Noticias Radio Reflejos\" \/>\n<meta property=\"article:published_time\" content=\"2020-10-24T17:46:17+00:00\" \/>\n<meta property=\"og:image\" content=\"https:\/\/www.noticiasradioreflejos.com.ar\/2021\/wp-content\/uploads\/2021\/07\/logosol300x200.png\" \/>\n\t<meta property=\"og:image:width\" content=\"300\" \/>\n\t<meta property=\"og:image:height\" content=\"200\" \/>\n\t<meta property=\"og:image:type\" content=\"image\/png\" \/>\n<meta name=\"author\" content=\"Arnaldo Botto\" \/>\n<meta name=\"twitter:card\" content=\"summary_large_image\" \/>\n<script type=\"application\/ld+json\" class=\"yoast-schema-graph\">{\"@context\":\"https:\/\/schema.org\",\"@graph\":[{\"@type\":\"WebPage\",\"@id\":\"https:\/\/www.noticiasradioreflejos.com.ar\/2021\/kicillof-dijo-que-mientras-haya-protocolos-se-pueden-buscar-alternativas-para-abrir-campings\/\",\"url\":\"https:\/\/www.noticiasradioreflejos.com.ar\/2021\/kicillof-dijo-que-mientras-haya-protocolos-se-pueden-buscar-alternativas-para-abrir-campings\/\",\"name\":\"Kicillof dijo que mientras \\\"haya protocolos\\\" se pueden \\\"buscar alternativas\\\" para abrir campings - Noticias Radio Reflejos\",\"isPartOf\":{\"@id\":\"https:\/\/www.noticiasradioreflejos.com.ar\/2021\/#website\"},\"datePublished\":\"2020-10-24T17:46:17+00:00\",\"author\":{\"@id\":\"https:\/\/www.noticiasradioreflejos.com.ar\/2021\/#\/schema\/person\/ad82545263dcc5ec0996818884fd5fb1\"},\"breadcrumb\":{\"@id\":\"https:\/\/www.noticiasradioreflejos.com.ar\/2021\/kicillof-dijo-que-mientras-haya-protocolos-se-pueden-buscar-alternativas-para-abrir-campings\/#breadcrumb\"},\"inLanguage\":\"es\",\"potentialAction\":[{\"@type\":\"ReadAction\",\"target\":[\"https:\/\/www.noticiasradioreflejos.com.ar\/2021\/kicillof-dijo-que-mientras-haya-protocolos-se-pueden-buscar-alternativas-para-abrir-campings\/\"]}]},{\"@type\":\"BreadcrumbList\",\"@id\":\"https:\/\/www.noticiasradioreflejos.com.ar\/2021\/kicillof-dijo-que-mientras-haya-protocolos-se-pueden-buscar-alternativas-para-abrir-campings\/#breadcrumb\",\"itemListElement\":[{\"@type\":\"ListItem\",\"position\":1,\"name\":\"Portada\",\"item\":\"https:\/\/www.noticiasradioreflejos.com.ar\/2021\/\"},{\"@type\":\"ListItem\",\"position\":2,\"name\":\"Kicillof dijo que mientras \u00abhaya protocolos\u00bb se pueden \u00abbuscar alternativas\u00bb para abrir campings\"}]},{\"@type\":\"WebSite\",\"@id\":\"https:\/\/www.noticiasradioreflejos.com.ar\/2021\/#website\",\"url\":\"https:\/\/www.noticiasradioreflejos.com.ar\/2021\/\",\"name\":\"Noticias Radio Reflejos\",\"description\":\"Las noticias de mi comarca\",\"potentialAction\":[{\"@type\":\"SearchAction\",\"target\":{\"@type\":\"EntryPoint\",\"urlTemplate\":\"https:\/\/www.noticiasradioreflejos.com.ar\/2021\/?s={search_term_string}\"},\"query-input\":{\"@type\":\"PropertyValueSpecification\",\"valueRequired\":true,\"valueName\":\"search_term_string\"}}],\"inLanguage\":\"es\"},{\"@type\":\"Person\",\"@id\":\"https:\/\/www.noticiasradioreflejos.com.ar\/2021\/#\/schema\/person\/ad82545263dcc5ec0996818884fd5fb1\",\"name\":\"Arnaldo Botto\",\"image\":{\"@type\":\"ImageObject\",\"inLanguage\":\"es\",\"@id\":\"https:\/\/www.noticiasradioreflejos.com.ar\/2021\/#\/schema\/person\/image\/\",\"url\":\"https:\/\/secure.gravatar.com\/avatar\/55cb5e37c1efa326397366e6974cb338056df65cb50e7d64d1cf314e87504837?s=96&d=mm&r=g\",\"contentUrl\":\"https:\/\/secure.gravatar.com\/avatar\/55cb5e37c1efa326397366e6974cb338056df65cb50e7d64d1cf314e87504837?s=96&d=mm&r=g\",\"caption\":\"Arnaldo Botto\"},\"url\":\"https:\/\/www.noticiasradioreflejos.com.ar\/2021\/author\/arnaldo\/\"}]}<\/script>\n<!-- \/ Yoast SEO plugin. -->","yoast_head_json":{"title":"Kicillof dijo que mientras \"haya protocolos\" se pueden \"buscar alternativas\" para abrir campings - Noticias Radio Reflejos","robots":{"index":"index","follow":"follow","max-snippet":"max-snippet:-1","max-image-preview":"max-image-preview:large","max-video-preview":"max-video-preview:-1"},"canonical":"https:\/\/www.noticiasradioreflejos.com.ar\/2021\/kicillof-dijo-que-mientras-haya-protocolos-se-pueden-buscar-alternativas-para-abrir-campings\/","og_locale":"es_ES","og_type":"article","og_title":"Kicillof dijo que mientras \"haya protocolos\" se pueden \"buscar alternativas\" para abrir campings - Noticias Radio Reflejos","og_description":"El gobernador de la provincia de Buenos Aires, Axel Kicillof, se refiri\u00f3 a la situaci\u00f3n de los campings al anunciar nuevas medidas para la temporada de verano y dijo que se pueden buscar \u00abalternativas\u00bb en la medida que haya \u00abprotocolos y no est\u00e9 el riesgo\u00bb.","og_url":"https:\/\/www.noticiasradioreflejos.com.ar\/2021\/kicillof-dijo-que-mientras-haya-protocolos-se-pueden-buscar-alternativas-para-abrir-campings\/","og_site_name":"Noticias Radio Reflejos","article_published_time":"2020-10-24T17:46:17+00:00","og_image":[{"width":300,"height":200,"url":"https:\/\/www.noticiasradioreflejos.com.ar\/2021\/wp-content\/uploads\/2021\/07\/logosol300x200.png","type":"image\/png"}],"author":"Arnaldo Botto","twitter_card":"summary_large_image","schema":{"@context":"https:\/\/schema.org","@graph":[{"@type":"WebPage","@id":"https:\/\/www.noticiasradioreflejos.com.ar\/2021\/kicillof-dijo-que-mientras-haya-protocolos-se-pueden-buscar-alternativas-para-abrir-campings\/","url":"https:\/\/www.noticiasradioreflejos.com.ar\/2021\/kicillof-dijo-que-mientras-haya-protocolos-se-pueden-buscar-alternativas-para-abrir-campings\/","name":"Kicillof dijo que mientras \"haya protocolos\" se pueden \"buscar alternativas\" para abrir campings - Noticias Radio Reflejos","isPartOf":{"@id":"https:\/\/www.noticiasradioreflejos.com.ar\/2021\/#website"},"datePublished":"2020-10-24T17:46:17+00:00","author":{"@id":"https:\/\/www.noticiasradioreflejos.com.ar\/2021\/#\/schema\/person\/ad82545263dcc5ec0996818884fd5fb1"},"breadcrumb":{"@id":"https:\/\/www.noticiasradioreflejos.com.ar\/2021\/kicillof-dijo-que-mientras-haya-protocolos-se-pueden-buscar-alternativas-para-abrir-campings\/#breadcrumb"},"inLanguage":"es","potentialAction":[{"@type":"ReadAction","target":["https:\/\/www.noticiasradioreflejos.com.ar\/2021\/kicillof-dijo-que-mientras-haya-protocolos-se-pueden-buscar-alternativas-para-abrir-campings\/"]}]},{"@type":"BreadcrumbList","@id":"https:\/\/www.noticiasradioreflejos.com.ar\/2021\/kicillof-dijo-que-mientras-haya-protocolos-se-pueden-buscar-alternativas-para-abrir-campings\/#breadcrumb","itemListElement":[{"@type":"ListItem","position":1,"name":"Portada","item":"https:\/\/www.noticiasradioreflejos.com.ar\/2021\/"},{"@type":"ListItem","position":2,"name":"Kicillof dijo que mientras \u00abhaya protocolos\u00bb se pueden \u00abbuscar alternativas\u00bb para abrir campings"}]},{"@type":"WebSite","@id":"https:\/\/www.noticiasradioreflejos.com.ar\/2021\/#website","url":"https:\/\/www.noticiasradioreflejos.com.ar\/2021\/","name":"Noticias Radio Reflejos","description":"Las noticias de mi comarca","potentialAction":[{"@type":"SearchAction","target":{"@type":"EntryPoint","urlTemplate":"https:\/\/www.noticiasradioreflejos.com.ar\/2021\/?s={search_term_string}"},"query-input":{"@type":"PropertyValueSpecification","valueRequired":true,"valueName":"search_term_string"}}],"inLanguage":"es"},{"@type":"Person","@id":"https:\/\/www.noticiasradioreflejos.com.ar\/2021\/#\/schema\/person\/ad82545263dcc5ec0996818884fd5fb1","name":"Arnaldo Botto","image":{"@type":"ImageObject","inLanguage":"es","@id":"https:\/\/www.noticiasradioreflejos.com.ar\/2021\/#\/schema\/person\/image\/","url":"https:\/\/secure.gravatar.com\/avatar\/55cb5e37c1efa326397366e6974cb338056df65cb50e7d64d1cf314e87504837?s=96&d=mm&r=g","contentUrl":"https:\/\/secure.gravatar.com\/avatar\/55cb5e37c1efa326397366e6974cb338056df65cb50e7d64d1cf314e87504837?s=96&d=mm&r=g","caption":"Arnaldo Botto"},"url":"https:\/\/www.noticiasradioreflejos.com.ar\/2021\/author\/arnaldo\/"}]}},"_links":{"self":[{"href":"https:\/\/www.noticiasradioreflejos.com.ar\/2021\/wp-json\/wp\/v2\/posts\/48506","targetHints":{"allow":["GET"]}}],"collection":[{"href":"https:\/\/www.noticiasradioreflejos.com.ar\/2021\/wp-json\/wp\/v2\/posts"}],"about":[{"href":"https:\/\/www.noticiasradioreflejos.com.ar\/2021\/wp-json\/wp\/v2\/types\/post"}],"author":[{"embeddable":true,"href":"https:\/\/www.noticiasradioreflejos.com.ar\/2021\/wp-json\/wp\/v2\/users\/3"}],"replies":[{"embeddable":true,"href":"https:\/\/www.noticiasradioreflejos.com.ar\/2021\/wp-json\/wp\/v2\/comments?post=48506"}],"version-history":[{"count":0,"href":"https:\/\/www.noticiasradioreflejos.com.ar\/2021\/wp-json\/wp\/v2\/posts\/48506\/revisions"}],"wp:attachment":[{"href":"https:\/\/www.noticiasradioreflejos.com.ar\/2021\/wp-json\/wp\/v2\/media?parent=48506"}],"wp:term":[{"taxonomy":"category","embeddable":true,"href":"https:\/\/www.noticiasradioreflejos.com.ar\/2021\/wp-json\/wp\/v2\/categories?post=48506"},{"taxonomy":"post_tag","embeddable":true,"href":"https:\/\/www.noticiasradioreflejos.com.ar\/2021\/wp-json\/wp\/v2\/tags?post=48506"}],"curies":[{"name":"wp","href":"https:\/\/api.w.org\/{rel}","templated":true}]}}