{"id":48504,"date":"2020-10-24T14:29:36","date_gmt":"2020-10-24T17:29:36","guid":{"rendered":"http:\/\/www.noticiasradioreflejos.com.ar\/noticias\/?p=48504"},"modified":"2020-10-24T14:29:36","modified_gmt":"2020-10-24T17:29:36","slug":"nota-de-opinion-receta-para-un-gobierno-sin-credito","status":"publish","type":"post","link":"https:\/\/www.noticiasradioreflejos.com.ar\/2021\/nota-de-opinion-receta-para-un-gobierno-sin-credito\/","title":{"rendered":"Nota de opini\u00f3n: \u00abReceta para un gobierno sin Cr\u00e9dito.\u00bb"},"content":{"rendered":"<p><strong>Escribe Fabio Abraham.<\/strong><\/p>\n<p>El gobierno asumi\u00f3 el poder hace 10 meses y ya se gasto todo el cr\u00e9dito.<br \/>\nEn el 2015, el Partido Justicialista a trav\u00e9s del FpV presidido por Cristina Fern\u00e1ndez de Kirchner termino su mandato dejando el 30% de los argentinos bajo la l\u00ednea de pobreza, la sucedi\u00f3 la coalici\u00f3n electoral Cambiemos presidida por Mauricio Macri y en 4 a\u00f1os subi\u00f3 al 40%. <!--more-->Nuevamente en el poder el Partido Justicialista a trav\u00e9s del FdT presidido por Alberto Fern\u00e1ndez en tiempo r\u00e9cord, 10 meses, 53% bajo la l\u00ednea de pobreza y va en ascenso.<br \/>\nEste \u00faltimo gobierno, de diferentes matices, unifica su discurso buscando a quien culpar por los sucesivos errores que viene cometiendo, preferentemente al gobierno anterior, la oposici\u00f3n y la terrible pandemia, sin olvidar en la cadena de culpas a los medios de comunicaci\u00f3n. Perdida la credibilidad, su debilidad se convirti\u00f3 en asintom\u00e1tica como el virus de la pandemia, con cuarentena interminable, sin plan econ\u00f3mico, sin rumbo pol\u00edtico, con comercios y Pymes que cierran, con una perdida de mas de 2 millones de puestos de trabajo, grandes empresas que se van del pa\u00eds, suba impresionante del gasto p\u00fablico y baja recaudaci\u00f3n, emisi\u00f3n de billetes a todo ritmo, 100 000 $ por segundo, el d\u00f3lar a 200$ y sin techo, como si fuera poco quieren apagar el incendio con nafta, plan NODIO, reforma judicial, suelta de presos, tomas de tierras y varias cosas mas.<br \/>\nSi alguien se propone hacer todo mal no le saldr\u00eda tan bien.<br \/>\nEstos datos no son ni mas ni menos que el diagn\u00f3stico general que la mayor parte de los argentinos conocemos, no solo por los medios sino por vivirlos en carne propia.<br \/>\nFaltan mas de 3 a\u00f1os de gobierno.<br \/>\nLo primero que deber\u00eda hacer Alberto Fern\u00e1ndez ante semejante debilidad, es llamar a un Concejo Pol\u00edtico, econ\u00f3mico y social donde est\u00e9 representado el conjunto de la sociedad, gobierno y oposici\u00f3n, CGT y empresarios, el campo, representantes sociales, representantes religiosos, para llegar a acuerdos m\u00ednimos que permitan gobernabilidad consensuada.<br \/>\nTambi\u00e9n A. Fern\u00e1ndez deber\u00eda entender que la interna del FdT sin apoyo externo se lo va a llevar puesto produciendo un gran da\u00f1o institucional.<br \/>\nDeber\u00eda con los protocolos necesarios, levantar la cuarentena para reactivar la econom\u00eda urgentemente.<br \/>\nDeber\u00eda implementar urgente un plan alimentario para los mas necesitados.<br \/>\nDeber\u00eda invertir mas en los generadores de empleo, comercios y Pymes.<br \/>\nDeber\u00eda tener diagramado y acordado un plan sint\u00e9tico de las curr\u00edcula educativas tomando los ciclos electivos 2020\/2021 y as\u00ed comprimir los 2 ciclos en 12 meses.<br \/>\nDeber\u00eda garantizar firmemente el derecho a la propiedad privada y si hay verdaderas intenciones de desarrollar la agricultura social hacerlo en tierras fiscales.<br \/>\nDeber\u00eda hacer un plan de desarrollo productivo a 5 a\u00f1os con metas intermedias.<br \/>\nDeber\u00eda decirle a sus amigos ricos ( Bancos y supermercados) que ganen menos y que pongan el hombro ya que en estos meses fueron los grandes ganadores.<br \/>\nDeber\u00eda darse un ba\u00f1o de humildad y salir de toda grieta para ser el Presidente de todos, claro que para eso hace falta grandeza que hasta ahora no demostr\u00f3.<br \/>\nCon un plan de recuperaci\u00f3n productiva y metas econ\u00f3mica serias, tendr\u00eda que mandar una delegaci\u00f3n, lo mas representativa posible, a EEUU, para reunirse con los candidatos Donald Trump (Republicano) y Joe Biden (Dem\u00f3crata) e intentar negociar un pr\u00e9stamo de gobierno a gobierno estilo Plan Marshall para el pr\u00f3ximo a\u00f1o, con el compromiso de utilizarlo para el desarrollo productivo.<br \/>\nLa Naci\u00f3n no va a desaparecer y los pueblos no se suicidan, pero los desaciertos de sus gobernantes pueden traer mucho sufrimiento.<\/p>\n<p><span style=\"color: #ff0000;\"><strong>FABIO ABRAHAM<\/strong><\/span><br \/>\n<span style=\"color: #ff0000;\"><strong> EX Sec de Gobierno<\/strong><\/span><br \/>\n<span style=\"color: #ff0000;\"><strong> Concejal (MC)<\/strong><\/span><br \/>\n<span style=\"color: #ff0000;\"><strong> Lomas de Zamora<\/strong><\/span><br \/>\n<span style=\"color: #ff0000;\"><strong> UCR Movilizaci\u00f3n Partidaria<\/strong><\/span><br \/>\n<span style=\"color: #ff0000;\"><strong> fabioabraham@hotmail.com.ar<\/strong><\/span><\/p>\n","protected":false},"excerpt":{"rendered":"<p>Escribe Fabio Abraham. El gobierno asumi\u00f3 el poder hace 10 meses y ya se gasto todo el cr\u00e9dito. En el 2015, el Partido Justicialista a trav\u00e9s del FpV presidido por Cristina Fern\u00e1ndez de Kirchner termino su mandato dejando el 30% de los argentinos bajo la l\u00ednea de pobreza, la sucedi\u00f3 la coalici\u00f3n electoral Cambiemos presidida [&hellip;]<\/p>\n","protected":false},"author":3,"featured_media":0,"comment_status":"closed","ping_status":"open","sticky":false,"template":"","format":"standard","meta":{"footnotes":""},"categories":[24],"tags":[],"class_list":["post-48504","post","type-post","status-publish","format-standard","hentry","category-politica"],"yoast_head":"<!-- This site is optimized with the Yoast SEO plugin v25.9 - https:\/\/yoast.com\/wordpress\/plugins\/seo\/ -->\n<title>Nota de opini\u00f3n: &quot;Receta para un gobierno sin Cr\u00e9dito.&quot; - Noticias Radio Reflejos<\/title>\n<meta name=\"robots\" content=\"index, follow, max-snippet:-1, max-image-preview:large, max-video-preview:-1\" \/>\n<link rel=\"canonical\" href=\"https:\/\/www.noticiasradioreflejos.com.ar\/2021\/nota-de-opinion-receta-para-un-gobierno-sin-credito\/\" \/>\n<meta property=\"og:locale\" content=\"es_ES\" \/>\n<meta property=\"og:type\" content=\"article\" \/>\n<meta property=\"og:title\" content=\"Nota de opini\u00f3n: &quot;Receta para un gobierno sin Cr\u00e9dito.&quot; - Noticias Radio Reflejos\" \/>\n<meta property=\"og:description\" content=\"Escribe Fabio Abraham. El gobierno asumi\u00f3 el poder hace 10 meses y ya se gasto todo el cr\u00e9dito. En el 2015, el Partido Justicialista a trav\u00e9s del FpV presidido por Cristina Fern\u00e1ndez de Kirchner termino su mandato dejando el 30% de los argentinos bajo la l\u00ednea de pobreza, la sucedi\u00f3 la coalici\u00f3n electoral Cambiemos presidida [&hellip;]\" \/>\n<meta property=\"og:url\" content=\"https:\/\/www.noticiasradioreflejos.com.ar\/2021\/nota-de-opinion-receta-para-un-gobierno-sin-credito\/\" \/>\n<meta property=\"og:site_name\" content=\"Noticias Radio Reflejos\" \/>\n<meta property=\"article:published_time\" content=\"2020-10-24T17:29:36+00:00\" \/>\n<meta property=\"og:image\" content=\"https:\/\/www.noticiasradioreflejos.com.ar\/2021\/wp-content\/uploads\/2021\/07\/logosol300x200.png\" \/>\n\t<meta property=\"og:image:width\" content=\"300\" \/>\n\t<meta property=\"og:image:height\" content=\"200\" \/>\n\t<meta property=\"og:image:type\" content=\"image\/png\" \/>\n<meta name=\"author\" content=\"Arnaldo Botto\" \/>\n<meta name=\"twitter:card\" content=\"summary_large_image\" \/>\n<script type=\"application\/ld+json\" class=\"yoast-schema-graph\">{\"@context\":\"https:\/\/schema.org\",\"@graph\":[{\"@type\":\"WebPage\",\"@id\":\"https:\/\/www.noticiasradioreflejos.com.ar\/2021\/nota-de-opinion-receta-para-un-gobierno-sin-credito\/\",\"url\":\"https:\/\/www.noticiasradioreflejos.com.ar\/2021\/nota-de-opinion-receta-para-un-gobierno-sin-credito\/\",\"name\":\"Nota de opini\u00f3n: \\\"Receta para un gobierno sin Cr\u00e9dito.\\\" - Noticias Radio Reflejos\",\"isPartOf\":{\"@id\":\"https:\/\/www.noticiasradioreflejos.com.ar\/2021\/#website\"},\"datePublished\":\"2020-10-24T17:29:36+00:00\",\"author\":{\"@id\":\"https:\/\/www.noticiasradioreflejos.com.ar\/2021\/#\/schema\/person\/ad82545263dcc5ec0996818884fd5fb1\"},\"breadcrumb\":{\"@id\":\"https:\/\/www.noticiasradioreflejos.com.ar\/2021\/nota-de-opinion-receta-para-un-gobierno-sin-credito\/#breadcrumb\"},\"inLanguage\":\"es\",\"potentialAction\":[{\"@type\":\"ReadAction\",\"target\":[\"https:\/\/www.noticiasradioreflejos.com.ar\/2021\/nota-de-opinion-receta-para-un-gobierno-sin-credito\/\"]}]},{\"@type\":\"BreadcrumbList\",\"@id\":\"https:\/\/www.noticiasradioreflejos.com.ar\/2021\/nota-de-opinion-receta-para-un-gobierno-sin-credito\/#breadcrumb\",\"itemListElement\":[{\"@type\":\"ListItem\",\"position\":1,\"name\":\"Portada\",\"item\":\"https:\/\/www.noticiasradioreflejos.com.ar\/2021\/\"},{\"@type\":\"ListItem\",\"position\":2,\"name\":\"Nota de opini\u00f3n: \u00abReceta para un gobierno sin Cr\u00e9dito.\u00bb\"}]},{\"@type\":\"WebSite\",\"@id\":\"https:\/\/www.noticiasradioreflejos.com.ar\/2021\/#website\",\"url\":\"https:\/\/www.noticiasradioreflejos.com.ar\/2021\/\",\"name\":\"Noticias Radio Reflejos\",\"description\":\"Las noticias de mi comarca\",\"potentialAction\":[{\"@type\":\"SearchAction\",\"target\":{\"@type\":\"EntryPoint\",\"urlTemplate\":\"https:\/\/www.noticiasradioreflejos.com.ar\/2021\/?s={search_term_string}\"},\"query-input\":{\"@type\":\"PropertyValueSpecification\",\"valueRequired\":true,\"valueName\":\"search_term_string\"}}],\"inLanguage\":\"es\"},{\"@type\":\"Person\",\"@id\":\"https:\/\/www.noticiasradioreflejos.com.ar\/2021\/#\/schema\/person\/ad82545263dcc5ec0996818884fd5fb1\",\"name\":\"Arnaldo Botto\",\"image\":{\"@type\":\"ImageObject\",\"inLanguage\":\"es\",\"@id\":\"https:\/\/www.noticiasradioreflejos.com.ar\/2021\/#\/schema\/person\/image\/\",\"url\":\"https:\/\/secure.gravatar.com\/avatar\/55cb5e37c1efa326397366e6974cb338056df65cb50e7d64d1cf314e87504837?s=96&d=mm&r=g\",\"contentUrl\":\"https:\/\/secure.gravatar.com\/avatar\/55cb5e37c1efa326397366e6974cb338056df65cb50e7d64d1cf314e87504837?s=96&d=mm&r=g\",\"caption\":\"Arnaldo Botto\"},\"url\":\"https:\/\/www.noticiasradioreflejos.com.ar\/2021\/author\/arnaldo\/\"}]}<\/script>\n<!-- \/ Yoast SEO plugin. -->","yoast_head_json":{"title":"Nota de opini\u00f3n: \"Receta para un gobierno sin Cr\u00e9dito.\" - Noticias Radio Reflejos","robots":{"index":"index","follow":"follow","max-snippet":"max-snippet:-1","max-image-preview":"max-image-preview:large","max-video-preview":"max-video-preview:-1"},"canonical":"https:\/\/www.noticiasradioreflejos.com.ar\/2021\/nota-de-opinion-receta-para-un-gobierno-sin-credito\/","og_locale":"es_ES","og_type":"article","og_title":"Nota de opini\u00f3n: \"Receta para un gobierno sin Cr\u00e9dito.\" - Noticias Radio Reflejos","og_description":"Escribe Fabio Abraham. El gobierno asumi\u00f3 el poder hace 10 meses y ya se gasto todo el cr\u00e9dito. En el 2015, el Partido Justicialista a trav\u00e9s del FpV presidido por Cristina Fern\u00e1ndez de Kirchner termino su mandato dejando el 30% de los argentinos bajo la l\u00ednea de pobreza, la sucedi\u00f3 la coalici\u00f3n electoral Cambiemos presidida [&hellip;]","og_url":"https:\/\/www.noticiasradioreflejos.com.ar\/2021\/nota-de-opinion-receta-para-un-gobierno-sin-credito\/","og_site_name":"Noticias Radio Reflejos","article_published_time":"2020-10-24T17:29:36+00:00","og_image":[{"width":300,"height":200,"url":"https:\/\/www.noticiasradioreflejos.com.ar\/2021\/wp-content\/uploads\/2021\/07\/logosol300x200.png","type":"image\/png"}],"author":"Arnaldo Botto","twitter_card":"summary_large_image","schema":{"@context":"https:\/\/schema.org","@graph":[{"@type":"WebPage","@id":"https:\/\/www.noticiasradioreflejos.com.ar\/2021\/nota-de-opinion-receta-para-un-gobierno-sin-credito\/","url":"https:\/\/www.noticiasradioreflejos.com.ar\/2021\/nota-de-opinion-receta-para-un-gobierno-sin-credito\/","name":"Nota de opini\u00f3n: \"Receta para un gobierno sin Cr\u00e9dito.\" - Noticias Radio Reflejos","isPartOf":{"@id":"https:\/\/www.noticiasradioreflejos.com.ar\/2021\/#website"},"datePublished":"2020-10-24T17:29:36+00:00","author":{"@id":"https:\/\/www.noticiasradioreflejos.com.ar\/2021\/#\/schema\/person\/ad82545263dcc5ec0996818884fd5fb1"},"breadcrumb":{"@id":"https:\/\/www.noticiasradioreflejos.com.ar\/2021\/nota-de-opinion-receta-para-un-gobierno-sin-credito\/#breadcrumb"},"inLanguage":"es","potentialAction":[{"@type":"ReadAction","target":["https:\/\/www.noticiasradioreflejos.com.ar\/2021\/nota-de-opinion-receta-para-un-gobierno-sin-credito\/"]}]},{"@type":"BreadcrumbList","@id":"https:\/\/www.noticiasradioreflejos.com.ar\/2021\/nota-de-opinion-receta-para-un-gobierno-sin-credito\/#breadcrumb","itemListElement":[{"@type":"ListItem","position":1,"name":"Portada","item":"https:\/\/www.noticiasradioreflejos.com.ar\/2021\/"},{"@type":"ListItem","position":2,"name":"Nota de opini\u00f3n: \u00abReceta para un gobierno sin Cr\u00e9dito.\u00bb"}]},{"@type":"WebSite","@id":"https:\/\/www.noticiasradioreflejos.com.ar\/2021\/#website","url":"https:\/\/www.noticiasradioreflejos.com.ar\/2021\/","name":"Noticias Radio Reflejos","description":"Las noticias de mi comarca","potentialAction":[{"@type":"SearchAction","target":{"@type":"EntryPoint","urlTemplate":"https:\/\/www.noticiasradioreflejos.com.ar\/2021\/?s={search_term_string}"},"query-input":{"@type":"PropertyValueSpecification","valueRequired":true,"valueName":"search_term_string"}}],"inLanguage":"es"},{"@type":"Person","@id":"https:\/\/www.noticiasradioreflejos.com.ar\/2021\/#\/schema\/person\/ad82545263dcc5ec0996818884fd5fb1","name":"Arnaldo Botto","image":{"@type":"ImageObject","inLanguage":"es","@id":"https:\/\/www.noticiasradioreflejos.com.ar\/2021\/#\/schema\/person\/image\/","url":"https:\/\/secure.gravatar.com\/avatar\/55cb5e37c1efa326397366e6974cb338056df65cb50e7d64d1cf314e87504837?s=96&d=mm&r=g","contentUrl":"https:\/\/secure.gravatar.com\/avatar\/55cb5e37c1efa326397366e6974cb338056df65cb50e7d64d1cf314e87504837?s=96&d=mm&r=g","caption":"Arnaldo Botto"},"url":"https:\/\/www.noticiasradioreflejos.com.ar\/2021\/author\/arnaldo\/"}]}},"_links":{"self":[{"href":"https:\/\/www.noticiasradioreflejos.com.ar\/2021\/wp-json\/wp\/v2\/posts\/48504","targetHints":{"allow":["GET"]}}],"collection":[{"href":"https:\/\/www.noticiasradioreflejos.com.ar\/2021\/wp-json\/wp\/v2\/posts"}],"about":[{"href":"https:\/\/www.noticiasradioreflejos.com.ar\/2021\/wp-json\/wp\/v2\/types\/post"}],"author":[{"embeddable":true,"href":"https:\/\/www.noticiasradioreflejos.com.ar\/2021\/wp-json\/wp\/v2\/users\/3"}],"replies":[{"embeddable":true,"href":"https:\/\/www.noticiasradioreflejos.com.ar\/2021\/wp-json\/wp\/v2\/comments?post=48504"}],"version-history":[{"count":0,"href":"https:\/\/www.noticiasradioreflejos.com.ar\/2021\/wp-json\/wp\/v2\/posts\/48504\/revisions"}],"wp:attachment":[{"href":"https:\/\/www.noticiasradioreflejos.com.ar\/2021\/wp-json\/wp\/v2\/media?parent=48504"}],"wp:term":[{"taxonomy":"category","embeddable":true,"href":"https:\/\/www.noticiasradioreflejos.com.ar\/2021\/wp-json\/wp\/v2\/categories?post=48504"},{"taxonomy":"post_tag","embeddable":true,"href":"https:\/\/www.noticiasradioreflejos.com.ar\/2021\/wp-json\/wp\/v2\/tags?post=48504"}],"curies":[{"name":"wp","href":"https:\/\/api.w.org\/{rel}","templated":true}]}}