{"id":48499,"date":"2020-10-24T11:59:21","date_gmt":"2020-10-24T14:59:21","guid":{"rendered":"http:\/\/www.noticiasradioreflejos.com.ar\/noticias\/?p=48499"},"modified":"2020-10-24T11:59:21","modified_gmt":"2020-10-24T14:59:21","slug":"villa-la-arcadia-dos-personas-fueron-aprehendidas-con-armas-de-fuego-luego-de-violentar-la-puerta-de-una-vivienda-y-amenazar-a-sus-pobladores","status":"publish","type":"post","link":"https:\/\/www.noticiasradioreflejos.com.ar\/2021\/villa-la-arcadia-dos-personas-fueron-aprehendidas-con-armas-de-fuego-luego-de-violentar-la-puerta-de-una-vivienda-y-amenazar-a-sus-pobladores\/","title":{"rendered":"Villa la Arcadia: dos personas fueron aprehendidas con armas de fuego luego de violentar la puerta de una vivienda y amenazar a sus pobladores."},"content":{"rendered":"<p>El hecho ocurri\u00f3 cerca de la medianoche del viernes 23 de octubre cuando una pareja ingres\u00f3 violentamente a una vivienda de la localidad de Villa la Arcadia, partido de Coronel Su\u00e1rez, y amenaz\u00f3 a la pareja habitante de la morada.<!--more--><\/p>\n<p>SINTESIS: el d\u00eda 23 del corriente siendo las 23.40 horas personal policial de la Subestaci\u00f3n de Polic\u00eda Comunal de Sierra de la Ventana junto con efectivos Policiales del Puesto de Vigilancia Villa La Arcadia, a ra\u00edz de haber recibido un llamado telef\u00f3nico al 101, donde las victimas ped\u00edan auxilio y gracias al r\u00e1pido accionar policial, procedieron a la aprehensi\u00f3n de FABIO GABRIEL BUFATTELLI y PAULA MARIANELA CARRILLO, quienes momentos antes ingresaron previo violentar la puerta de acceso de una vivienda ubicada en calle Circunvalaci\u00f3n Nro. 40 de Villa la Arcadia, partido de C. Su\u00e1rez, propiedad de la Ex pareja de Buffattelli. El masculino aprehendido aplica golpes de pu\u00f1o a un amigo de su ex pareja que se hallaba en la vivienda, amenaz\u00e1ndolo de muerte, en tanto Carrillo golpea a la propietaria de la morada. Por dichos de la ex pareja, refiere que Buffatelli y Carrillo ten\u00edan un arma fuego en su auto, por cuanto se requiso por necesidad y urgencia el veh\u00edculo marca Fiat Uno dominio KAB731 logr\u00e1ndose secuestrar en el interior UN REVOLVER CAL 38 MARCA TRADE MARK conteniendo en el interior del tambor tres proyectiles intactos listos para disparo. Se procede al secuestro del arma de fuego por no poseer documentaci\u00f3n correspondiente, motivo por el cual se procede a la aprehensi\u00f3n de FABIO GABRIEL BUFATTELLI y PAULA MARIANELA CARRILLO, por los delitos de DA\u00d1O, VIOLACION DE DOMICILIO, LESIONES, AMENAZAS E INFRACCION AL ART. 189 BIS DEL CODIGO PENAL a disposici\u00f3n UFIJ Nro. 15 Dpto Judicial de B. Blanca, logrando de esta manera salvaguardar la vida de las victimas gracias a la inmediatez del llamado, a la colaboraci\u00f3n de los vecinos quienes se sintieron atemorizados por la alteraci\u00f3n de la paz en el barrio y por la r\u00e1pida acci\u00f3n de los efectivos policiales .-<br \/>\nSecretar\u00eda de Seguridad Municipalidad de Tornquist.-<\/p>\n<p><a title=\"IMG-20201024-WA0016\" href=\"http:\/\/live.staticflickr.com\/65535\/50523418513_edd7fee680_s.jpg\" rel=\"\"><img loading=\"lazy\" decoding=\"async\" class=\"aligncenter\" title=\"IMG-20201024-WA0016\" src=\"http:\/\/live.staticflickr.com\/65535\/50523418513_edd7fee680_b.jpg\" alt=\"IMG-20201024-WA0016\" width=\"1024\" height=\"768\" \/><\/a><a title=\"IMG-20201024-WA0017\" href=\"http:\/\/live.staticflickr.com\/65535\/50524137986_0ac936f49b_s.jpg\" rel=\"\"><img loading=\"lazy\" decoding=\"async\" class=\"aligncenter\" title=\"IMG-20201024-WA0017\" src=\"http:\/\/live.staticflickr.com\/65535\/50524137986_0ac936f49b_b.jpg\" alt=\"IMG-20201024-WA0017\" width=\"768\" height=\"1024\" \/><\/a><\/p>\n","protected":false},"excerpt":{"rendered":"<p>El hecho ocurri\u00f3 cerca de la medianoche del viernes 23 de octubre cuando una pareja ingres\u00f3 violentamente a una vivienda de la localidad de Villa la Arcadia, partido de Coronel Su\u00e1rez, y amenaz\u00f3 a la pareja habitante de la morada.<\/p>\n","protected":false},"author":3,"featured_media":0,"comment_status":"closed","ping_status":"open","sticky":false,"template":"","format":"standard","meta":{"footnotes":""},"categories":[29],"tags":[],"class_list":["post-48499","post","type-post","status-publish","format-standard","hentry","category-policiales"],"yoast_head":"<!-- This site is optimized with the Yoast SEO plugin v25.9 - https:\/\/yoast.com\/wordpress\/plugins\/seo\/ -->\n<title>Villa la Arcadia: dos personas fueron aprehendidas con armas de fuego luego de violentar la puerta de una vivienda y amenazar a sus pobladores. - Noticias Radio Reflejos<\/title>\n<meta name=\"robots\" content=\"index, follow, max-snippet:-1, max-image-preview:large, max-video-preview:-1\" \/>\n<link rel=\"canonical\" href=\"https:\/\/www.noticiasradioreflejos.com.ar\/2021\/villa-la-arcadia-dos-personas-fueron-aprehendidas-con-armas-de-fuego-luego-de-violentar-la-puerta-de-una-vivienda-y-amenazar-a-sus-pobladores\/\" \/>\n<meta property=\"og:locale\" content=\"es_ES\" \/>\n<meta property=\"og:type\" content=\"article\" \/>\n<meta property=\"og:title\" content=\"Villa la Arcadia: dos personas fueron aprehendidas con armas de fuego luego de violentar la puerta de una vivienda y amenazar a sus pobladores. - Noticias Radio Reflejos\" \/>\n<meta property=\"og:description\" content=\"El hecho ocurri\u00f3 cerca de la medianoche del viernes 23 de octubre cuando una pareja ingres\u00f3 violentamente a una vivienda de la localidad de Villa la Arcadia, partido de Coronel Su\u00e1rez, y amenaz\u00f3 a la pareja habitante de la morada.\" \/>\n<meta property=\"og:url\" content=\"https:\/\/www.noticiasradioreflejos.com.ar\/2021\/villa-la-arcadia-dos-personas-fueron-aprehendidas-con-armas-de-fuego-luego-de-violentar-la-puerta-de-una-vivienda-y-amenazar-a-sus-pobladores\/\" \/>\n<meta property=\"og:site_name\" content=\"Noticias Radio Reflejos\" \/>\n<meta property=\"article:published_time\" content=\"2020-10-24T14:59:21+00:00\" \/>\n<meta property=\"og:image\" content=\"http:\/\/live.staticflickr.com\/65535\/50523418513_edd7fee680_b.jpg\" \/>\n<meta name=\"author\" content=\"Arnaldo Botto\" \/>\n<meta name=\"twitter:card\" content=\"summary_large_image\" \/>\n<script type=\"application\/ld+json\" class=\"yoast-schema-graph\">{\"@context\":\"https:\/\/schema.org\",\"@graph\":[{\"@type\":\"WebPage\",\"@id\":\"https:\/\/www.noticiasradioreflejos.com.ar\/2021\/villa-la-arcadia-dos-personas-fueron-aprehendidas-con-armas-de-fuego-luego-de-violentar-la-puerta-de-una-vivienda-y-amenazar-a-sus-pobladores\/\",\"url\":\"https:\/\/www.noticiasradioreflejos.com.ar\/2021\/villa-la-arcadia-dos-personas-fueron-aprehendidas-con-armas-de-fuego-luego-de-violentar-la-puerta-de-una-vivienda-y-amenazar-a-sus-pobladores\/\",\"name\":\"Villa la Arcadia: dos personas fueron aprehendidas con armas de fuego luego de violentar la puerta de una vivienda y amenazar a sus pobladores. - Noticias Radio Reflejos\",\"isPartOf\":{\"@id\":\"https:\/\/www.noticiasradioreflejos.com.ar\/2021\/#website\"},\"primaryImageOfPage\":{\"@id\":\"https:\/\/www.noticiasradioreflejos.com.ar\/2021\/villa-la-arcadia-dos-personas-fueron-aprehendidas-con-armas-de-fuego-luego-de-violentar-la-puerta-de-una-vivienda-y-amenazar-a-sus-pobladores\/#primaryimage\"},\"image\":{\"@id\":\"https:\/\/www.noticiasradioreflejos.com.ar\/2021\/villa-la-arcadia-dos-personas-fueron-aprehendidas-con-armas-de-fuego-luego-de-violentar-la-puerta-de-una-vivienda-y-amenazar-a-sus-pobladores\/#primaryimage\"},\"thumbnailUrl\":\"http:\/\/live.staticflickr.com\/65535\/50523418513_edd7fee680_b.jpg\",\"datePublished\":\"2020-10-24T14:59:21+00:00\",\"author\":{\"@id\":\"https:\/\/www.noticiasradioreflejos.com.ar\/2021\/#\/schema\/person\/ad82545263dcc5ec0996818884fd5fb1\"},\"breadcrumb\":{\"@id\":\"https:\/\/www.noticiasradioreflejos.com.ar\/2021\/villa-la-arcadia-dos-personas-fueron-aprehendidas-con-armas-de-fuego-luego-de-violentar-la-puerta-de-una-vivienda-y-amenazar-a-sus-pobladores\/#breadcrumb\"},\"inLanguage\":\"es\",\"potentialAction\":[{\"@type\":\"ReadAction\",\"target\":[\"https:\/\/www.noticiasradioreflejos.com.ar\/2021\/villa-la-arcadia-dos-personas-fueron-aprehendidas-con-armas-de-fuego-luego-de-violentar-la-puerta-de-una-vivienda-y-amenazar-a-sus-pobladores\/\"]}]},{\"@type\":\"ImageObject\",\"inLanguage\":\"es\",\"@id\":\"https:\/\/www.noticiasradioreflejos.com.ar\/2021\/villa-la-arcadia-dos-personas-fueron-aprehendidas-con-armas-de-fuego-luego-de-violentar-la-puerta-de-una-vivienda-y-amenazar-a-sus-pobladores\/#primaryimage\",\"url\":\"http:\/\/live.staticflickr.com\/65535\/50523418513_edd7fee680_b.jpg\",\"contentUrl\":\"http:\/\/live.staticflickr.com\/65535\/50523418513_edd7fee680_b.jpg\"},{\"@type\":\"BreadcrumbList\",\"@id\":\"https:\/\/www.noticiasradioreflejos.com.ar\/2021\/villa-la-arcadia-dos-personas-fueron-aprehendidas-con-armas-de-fuego-luego-de-violentar-la-puerta-de-una-vivienda-y-amenazar-a-sus-pobladores\/#breadcrumb\",\"itemListElement\":[{\"@type\":\"ListItem\",\"position\":1,\"name\":\"Portada\",\"item\":\"https:\/\/www.noticiasradioreflejos.com.ar\/2021\/\"},{\"@type\":\"ListItem\",\"position\":2,\"name\":\"Villa la Arcadia: dos personas fueron aprehendidas con armas de fuego luego de violentar la puerta de una vivienda y amenazar a sus pobladores.\"}]},{\"@type\":\"WebSite\",\"@id\":\"https:\/\/www.noticiasradioreflejos.com.ar\/2021\/#website\",\"url\":\"https:\/\/www.noticiasradioreflejos.com.ar\/2021\/\",\"name\":\"Noticias Radio Reflejos\",\"description\":\"Las noticias de mi comarca\",\"potentialAction\":[{\"@type\":\"SearchAction\",\"target\":{\"@type\":\"EntryPoint\",\"urlTemplate\":\"https:\/\/www.noticiasradioreflejos.com.ar\/2021\/?s={search_term_string}\"},\"query-input\":{\"@type\":\"PropertyValueSpecification\",\"valueRequired\":true,\"valueName\":\"search_term_string\"}}],\"inLanguage\":\"es\"},{\"@type\":\"Person\",\"@id\":\"https:\/\/www.noticiasradioreflejos.com.ar\/2021\/#\/schema\/person\/ad82545263dcc5ec0996818884fd5fb1\",\"name\":\"Arnaldo Botto\",\"image\":{\"@type\":\"ImageObject\",\"inLanguage\":\"es\",\"@id\":\"https:\/\/www.noticiasradioreflejos.com.ar\/2021\/#\/schema\/person\/image\/\",\"url\":\"https:\/\/secure.gravatar.com\/avatar\/55cb5e37c1efa326397366e6974cb338056df65cb50e7d64d1cf314e87504837?s=96&d=mm&r=g\",\"contentUrl\":\"https:\/\/secure.gravatar.com\/avatar\/55cb5e37c1efa326397366e6974cb338056df65cb50e7d64d1cf314e87504837?s=96&d=mm&r=g\",\"caption\":\"Arnaldo Botto\"},\"url\":\"https:\/\/www.noticiasradioreflejos.com.ar\/2021\/author\/arnaldo\/\"}]}<\/script>\n<!-- \/ Yoast SEO plugin. -->","yoast_head_json":{"title":"Villa la Arcadia: dos personas fueron aprehendidas con armas de fuego luego de violentar la puerta de una vivienda y amenazar a sus pobladores. - Noticias Radio Reflejos","robots":{"index":"index","follow":"follow","max-snippet":"max-snippet:-1","max-image-preview":"max-image-preview:large","max-video-preview":"max-video-preview:-1"},"canonical":"https:\/\/www.noticiasradioreflejos.com.ar\/2021\/villa-la-arcadia-dos-personas-fueron-aprehendidas-con-armas-de-fuego-luego-de-violentar-la-puerta-de-una-vivienda-y-amenazar-a-sus-pobladores\/","og_locale":"es_ES","og_type":"article","og_title":"Villa la Arcadia: dos personas fueron aprehendidas con armas de fuego luego de violentar la puerta de una vivienda y amenazar a sus pobladores. - Noticias Radio Reflejos","og_description":"El hecho ocurri\u00f3 cerca de la medianoche del viernes 23 de octubre cuando una pareja ingres\u00f3 violentamente a una vivienda de la localidad de Villa la Arcadia, partido de Coronel Su\u00e1rez, y amenaz\u00f3 a la pareja habitante de la morada.","og_url":"https:\/\/www.noticiasradioreflejos.com.ar\/2021\/villa-la-arcadia-dos-personas-fueron-aprehendidas-con-armas-de-fuego-luego-de-violentar-la-puerta-de-una-vivienda-y-amenazar-a-sus-pobladores\/","og_site_name":"Noticias Radio Reflejos","article_published_time":"2020-10-24T14:59:21+00:00","og_image":[{"url":"http:\/\/live.staticflickr.com\/65535\/50523418513_edd7fee680_b.jpg","type":"","width":"","height":""}],"author":"Arnaldo Botto","twitter_card":"summary_large_image","schema":{"@context":"https:\/\/schema.org","@graph":[{"@type":"WebPage","@id":"https:\/\/www.noticiasradioreflejos.com.ar\/2021\/villa-la-arcadia-dos-personas-fueron-aprehendidas-con-armas-de-fuego-luego-de-violentar-la-puerta-de-una-vivienda-y-amenazar-a-sus-pobladores\/","url":"https:\/\/www.noticiasradioreflejos.com.ar\/2021\/villa-la-arcadia-dos-personas-fueron-aprehendidas-con-armas-de-fuego-luego-de-violentar-la-puerta-de-una-vivienda-y-amenazar-a-sus-pobladores\/","name":"Villa la Arcadia: dos personas fueron aprehendidas con armas de fuego luego de violentar la puerta de una vivienda y amenazar a sus pobladores. - Noticias Radio Reflejos","isPartOf":{"@id":"https:\/\/www.noticiasradioreflejos.com.ar\/2021\/#website"},"primaryImageOfPage":{"@id":"https:\/\/www.noticiasradioreflejos.com.ar\/2021\/villa-la-arcadia-dos-personas-fueron-aprehendidas-con-armas-de-fuego-luego-de-violentar-la-puerta-de-una-vivienda-y-amenazar-a-sus-pobladores\/#primaryimage"},"image":{"@id":"https:\/\/www.noticiasradioreflejos.com.ar\/2021\/villa-la-arcadia-dos-personas-fueron-aprehendidas-con-armas-de-fuego-luego-de-violentar-la-puerta-de-una-vivienda-y-amenazar-a-sus-pobladores\/#primaryimage"},"thumbnailUrl":"http:\/\/live.staticflickr.com\/65535\/50523418513_edd7fee680_b.jpg","datePublished":"2020-10-24T14:59:21+00:00","author":{"@id":"https:\/\/www.noticiasradioreflejos.com.ar\/2021\/#\/schema\/person\/ad82545263dcc5ec0996818884fd5fb1"},"breadcrumb":{"@id":"https:\/\/www.noticiasradioreflejos.com.ar\/2021\/villa-la-arcadia-dos-personas-fueron-aprehendidas-con-armas-de-fuego-luego-de-violentar-la-puerta-de-una-vivienda-y-amenazar-a-sus-pobladores\/#breadcrumb"},"inLanguage":"es","potentialAction":[{"@type":"ReadAction","target":["https:\/\/www.noticiasradioreflejos.com.ar\/2021\/villa-la-arcadia-dos-personas-fueron-aprehendidas-con-armas-de-fuego-luego-de-violentar-la-puerta-de-una-vivienda-y-amenazar-a-sus-pobladores\/"]}]},{"@type":"ImageObject","inLanguage":"es","@id":"https:\/\/www.noticiasradioreflejos.com.ar\/2021\/villa-la-arcadia-dos-personas-fueron-aprehendidas-con-armas-de-fuego-luego-de-violentar-la-puerta-de-una-vivienda-y-amenazar-a-sus-pobladores\/#primaryimage","url":"http:\/\/live.staticflickr.com\/65535\/50523418513_edd7fee680_b.jpg","contentUrl":"http:\/\/live.staticflickr.com\/65535\/50523418513_edd7fee680_b.jpg"},{"@type":"BreadcrumbList","@id":"https:\/\/www.noticiasradioreflejos.com.ar\/2021\/villa-la-arcadia-dos-personas-fueron-aprehendidas-con-armas-de-fuego-luego-de-violentar-la-puerta-de-una-vivienda-y-amenazar-a-sus-pobladores\/#breadcrumb","itemListElement":[{"@type":"ListItem","position":1,"name":"Portada","item":"https:\/\/www.noticiasradioreflejos.com.ar\/2021\/"},{"@type":"ListItem","position":2,"name":"Villa la Arcadia: dos personas fueron aprehendidas con armas de fuego luego de violentar la puerta de una vivienda y amenazar a sus pobladores."}]},{"@type":"WebSite","@id":"https:\/\/www.noticiasradioreflejos.com.ar\/2021\/#website","url":"https:\/\/www.noticiasradioreflejos.com.ar\/2021\/","name":"Noticias Radio Reflejos","description":"Las noticias de mi comarca","potentialAction":[{"@type":"SearchAction","target":{"@type":"EntryPoint","urlTemplate":"https:\/\/www.noticiasradioreflejos.com.ar\/2021\/?s={search_term_string}"},"query-input":{"@type":"PropertyValueSpecification","valueRequired":true,"valueName":"search_term_string"}}],"inLanguage":"es"},{"@type":"Person","@id":"https:\/\/www.noticiasradioreflejos.com.ar\/2021\/#\/schema\/person\/ad82545263dcc5ec0996818884fd5fb1","name":"Arnaldo Botto","image":{"@type":"ImageObject","inLanguage":"es","@id":"https:\/\/www.noticiasradioreflejos.com.ar\/2021\/#\/schema\/person\/image\/","url":"https:\/\/secure.gravatar.com\/avatar\/55cb5e37c1efa326397366e6974cb338056df65cb50e7d64d1cf314e87504837?s=96&d=mm&r=g","contentUrl":"https:\/\/secure.gravatar.com\/avatar\/55cb5e37c1efa326397366e6974cb338056df65cb50e7d64d1cf314e87504837?s=96&d=mm&r=g","caption":"Arnaldo Botto"},"url":"https:\/\/www.noticiasradioreflejos.com.ar\/2021\/author\/arnaldo\/"}]}},"_links":{"self":[{"href":"https:\/\/www.noticiasradioreflejos.com.ar\/2021\/wp-json\/wp\/v2\/posts\/48499","targetHints":{"allow":["GET"]}}],"collection":[{"href":"https:\/\/www.noticiasradioreflejos.com.ar\/2021\/wp-json\/wp\/v2\/posts"}],"about":[{"href":"https:\/\/www.noticiasradioreflejos.com.ar\/2021\/wp-json\/wp\/v2\/types\/post"}],"author":[{"embeddable":true,"href":"https:\/\/www.noticiasradioreflejos.com.ar\/2021\/wp-json\/wp\/v2\/users\/3"}],"replies":[{"embeddable":true,"href":"https:\/\/www.noticiasradioreflejos.com.ar\/2021\/wp-json\/wp\/v2\/comments?post=48499"}],"version-history":[{"count":0,"href":"https:\/\/www.noticiasradioreflejos.com.ar\/2021\/wp-json\/wp\/v2\/posts\/48499\/revisions"}],"wp:attachment":[{"href":"https:\/\/www.noticiasradioreflejos.com.ar\/2021\/wp-json\/wp\/v2\/media?parent=48499"}],"wp:term":[{"taxonomy":"category","embeddable":true,"href":"https:\/\/www.noticiasradioreflejos.com.ar\/2021\/wp-json\/wp\/v2\/categories?post=48499"},{"taxonomy":"post_tag","embeddable":true,"href":"https:\/\/www.noticiasradioreflejos.com.ar\/2021\/wp-json\/wp\/v2\/tags?post=48499"}],"curies":[{"name":"wp","href":"https:\/\/api.w.org\/{rel}","templated":true}]}}