{"id":48492,"date":"2020-10-24T10:23:03","date_gmt":"2020-10-24T13:23:03","guid":{"rendered":"http:\/\/www.noticiasradioreflejos.com.ar\/noticias\/?p=48492"},"modified":"2020-10-24T10:23:03","modified_gmt":"2020-10-24T13:23:03","slug":"suteba-y-la-unipe-firman-convenio-actualizarnos-para-ser-mejores","status":"publish","type":"post","link":"https:\/\/www.noticiasradioreflejos.com.ar\/2021\/suteba-y-la-unipe-firman-convenio-actualizarnos-para-ser-mejores\/","title":{"rendered":"SUTEBA Y LA UNIPE  firman convenio:    \u201cACTUALIZARNOS PARA SER MEJORES\u201d"},"content":{"rendered":"<p>En un encuentro virtual del que formaron parte Roberto Baradel, Secretario General del SUTEBA, Mar\u00eda Laura Torre, Secretaria General Adjunta, y Sandra Ramal, Secretaria de Educaci\u00f3n y Cultura, se realiz\u00f3 la presentaci\u00f3n de la Diplomatura en Pol\u00edticas P\u00fablicas y Gesti\u00f3n Escolar, resultado de un convenio entre el SUTEBA y la Universidad Pedag\u00f3gica Nacional (UNIPE).<!--more--><\/p>\n<p>El encuentro se llev\u00f3 adelante este viernes a partir de las 19, y cont\u00f3 con la asistencia de m\u00e1s de 200 representantes de varios distritos, como General Pueyrred\u00f3n, Chascom\u00fas, Moreno, Esteban Echeverr\u00eda, Trenque Lauquen y Saavedra. Cabe destacar que esta es la primera etapa de una iniciativa que posteriormente se ir\u00e1 extendiendo a otros distritos.<\/p>\n<p>Luego de una apertura a cargo de Sandra Ramal, Marcelo Krichesky, Coordinador de la Diplomatura, hizo un repaso de los objetivos y contenidos del programa de estudios. Despu\u00e9s habl\u00f3 Adri\u00e1n Cannellotto, Rector de la UNIPE, cerrando el encuentro Roberto Baradel.<\/p>\n<p>\u201cEn esta Diplomatura participan 283 cursantes afiliadxs al SUTEBA\u201d, se\u00f1al\u00f3 Ramal, que destac\u00f3 \u201cel derecho de todxs lxs Docentes del Sistema Educativo a la capacitaci\u00f3n y a la actualizaci\u00f3n integral y gratuita, una premisa por la que hemos luchado incansablemente\u201d.<\/p>\n<p>Por su parte, Cannellotto subray\u00f3 la importancia del v\u00ednculo entre el SUTEBA y la UNIPE y se refiri\u00f3 a las posibilidades de desarrollo de esa relaci\u00f3n en el marco de la emergencia sanitaria. \u201cLa pandemia nos pone a discutir el sentido y los fines de la Educaci\u00f3n, para repensar de qu\u00e9 manera transmitimos conocimientos en un mundo digital como el que se est\u00e1 construyendo\u201d.<\/p>\n<p>\u201cPara nosotrxs es muy importante la Formaci\u00f3n, fue un reclamo hist\u00f3rico de las y los Trabajadores de la Educaci\u00f3n\u201d, remarc\u00f3 a su turno Roberto Baradel, y record\u00f3 a Stella Maldonado, \u201cuna gran impulsora de la formaci\u00f3n de lxs Docentes\u201d.<\/p>\n<p>\u201cHacer un convenio con la UNIPE para nosotrxs es un orgullo, porque tambi\u00e9n tiene que ver con procurar una Educaci\u00f3n P\u00fablica de calidad, una Educaci\u00f3n de excelencia, inclusiva y con compromiso\u201d. Asimismo, el Secretario General del SUTEBA record\u00f3 que \u201cel a\u00f1o que viene se cumplen cien a\u00f1os del nacimiento de Paulo Freire\u201d y valor\u00f3 \u201cla concepci\u00f3n que ten\u00eda Freire de la Educaci\u00f3n\u201d, que tiene que ver con \u201cformar sujetos de derecho, ciudadanxs cr\u00edticxs, que aporten a la transformaci\u00f3n de la comunidad\u201d.<\/p>\n<p>Finalmente, destac\u00f3 un compromiso que sirve como s\u00edntesis del encuentro: \u201cFormarnos, actualizarnos, para poder ser mejores\u201d.<\/p>\n","protected":false},"excerpt":{"rendered":"<p>En un encuentro virtual del que formaron parte Roberto Baradel, Secretario General del SUTEBA, Mar\u00eda Laura Torre, Secretaria General Adjunta, y Sandra Ramal, Secretaria de Educaci\u00f3n y Cultura, se realiz\u00f3 la presentaci\u00f3n de la Diplomatura en Pol\u00edticas P\u00fablicas y Gesti\u00f3n Escolar, resultado de un convenio entre el SUTEBA y la Universidad Pedag\u00f3gica Nacional (UNIPE).<\/p>\n","protected":false},"author":3,"featured_media":0,"comment_status":"closed","ping_status":"open","sticky":false,"template":"","format":"standard","meta":{"footnotes":""},"categories":[34],"tags":[],"class_list":["post-48492","post","type-post","status-publish","format-standard","hentry","category-educacion"],"yoast_head":"<!-- This site is optimized with the Yoast SEO plugin v25.9 - https:\/\/yoast.com\/wordpress\/plugins\/seo\/ -->\n<title>SUTEBA Y LA UNIPE firman convenio:  \u201cACTUALIZARNOS PARA SER MEJORES\u201d - Noticias Radio Reflejos<\/title>\n<meta name=\"robots\" content=\"index, follow, max-snippet:-1, max-image-preview:large, max-video-preview:-1\" \/>\n<link rel=\"canonical\" href=\"https:\/\/www.noticiasradioreflejos.com.ar\/2021\/suteba-y-la-unipe-firman-convenio-actualizarnos-para-ser-mejores\/\" \/>\n<meta property=\"og:locale\" content=\"es_ES\" \/>\n<meta property=\"og:type\" content=\"article\" \/>\n<meta property=\"og:title\" content=\"SUTEBA Y LA UNIPE firman convenio:  \u201cACTUALIZARNOS PARA SER MEJORES\u201d - Noticias Radio Reflejos\" \/>\n<meta property=\"og:description\" content=\"En un encuentro virtual del que formaron parte Roberto Baradel, Secretario General del SUTEBA, Mar\u00eda Laura Torre, Secretaria General Adjunta, y Sandra Ramal, Secretaria de Educaci\u00f3n y Cultura, se realiz\u00f3 la presentaci\u00f3n de la Diplomatura en Pol\u00edticas P\u00fablicas y Gesti\u00f3n Escolar, resultado de un convenio entre el SUTEBA y la Universidad Pedag\u00f3gica Nacional (UNIPE).\" \/>\n<meta property=\"og:url\" content=\"https:\/\/www.noticiasradioreflejos.com.ar\/2021\/suteba-y-la-unipe-firman-convenio-actualizarnos-para-ser-mejores\/\" \/>\n<meta property=\"og:site_name\" content=\"Noticias Radio Reflejos\" \/>\n<meta property=\"article:published_time\" content=\"2020-10-24T13:23:03+00:00\" \/>\n<meta property=\"og:image\" content=\"https:\/\/www.noticiasradioreflejos.com.ar\/2021\/wp-content\/uploads\/2021\/07\/logosol300x200.png\" \/>\n\t<meta property=\"og:image:width\" content=\"300\" \/>\n\t<meta property=\"og:image:height\" content=\"200\" \/>\n\t<meta property=\"og:image:type\" content=\"image\/png\" \/>\n<meta name=\"author\" content=\"Arnaldo Botto\" \/>\n<meta name=\"twitter:card\" content=\"summary_large_image\" \/>\n<script type=\"application\/ld+json\" class=\"yoast-schema-graph\">{\"@context\":\"https:\/\/schema.org\",\"@graph\":[{\"@type\":\"WebPage\",\"@id\":\"https:\/\/www.noticiasradioreflejos.com.ar\/2021\/suteba-y-la-unipe-firman-convenio-actualizarnos-para-ser-mejores\/\",\"url\":\"https:\/\/www.noticiasradioreflejos.com.ar\/2021\/suteba-y-la-unipe-firman-convenio-actualizarnos-para-ser-mejores\/\",\"name\":\"SUTEBA Y LA UNIPE firman convenio: \u201cACTUALIZARNOS PARA SER MEJORES\u201d - Noticias Radio Reflejos\",\"isPartOf\":{\"@id\":\"https:\/\/www.noticiasradioreflejos.com.ar\/2021\/#website\"},\"datePublished\":\"2020-10-24T13:23:03+00:00\",\"author\":{\"@id\":\"https:\/\/www.noticiasradioreflejos.com.ar\/2021\/#\/schema\/person\/ad82545263dcc5ec0996818884fd5fb1\"},\"breadcrumb\":{\"@id\":\"https:\/\/www.noticiasradioreflejos.com.ar\/2021\/suteba-y-la-unipe-firman-convenio-actualizarnos-para-ser-mejores\/#breadcrumb\"},\"inLanguage\":\"es\",\"potentialAction\":[{\"@type\":\"ReadAction\",\"target\":[\"https:\/\/www.noticiasradioreflejos.com.ar\/2021\/suteba-y-la-unipe-firman-convenio-actualizarnos-para-ser-mejores\/\"]}]},{\"@type\":\"BreadcrumbList\",\"@id\":\"https:\/\/www.noticiasradioreflejos.com.ar\/2021\/suteba-y-la-unipe-firman-convenio-actualizarnos-para-ser-mejores\/#breadcrumb\",\"itemListElement\":[{\"@type\":\"ListItem\",\"position\":1,\"name\":\"Portada\",\"item\":\"https:\/\/www.noticiasradioreflejos.com.ar\/2021\/\"},{\"@type\":\"ListItem\",\"position\":2,\"name\":\"SUTEBA Y LA UNIPE firman convenio: \u201cACTUALIZARNOS PARA SER MEJORES\u201d\"}]},{\"@type\":\"WebSite\",\"@id\":\"https:\/\/www.noticiasradioreflejos.com.ar\/2021\/#website\",\"url\":\"https:\/\/www.noticiasradioreflejos.com.ar\/2021\/\",\"name\":\"Noticias Radio Reflejos\",\"description\":\"Las noticias de mi comarca\",\"potentialAction\":[{\"@type\":\"SearchAction\",\"target\":{\"@type\":\"EntryPoint\",\"urlTemplate\":\"https:\/\/www.noticiasradioreflejos.com.ar\/2021\/?s={search_term_string}\"},\"query-input\":{\"@type\":\"PropertyValueSpecification\",\"valueRequired\":true,\"valueName\":\"search_term_string\"}}],\"inLanguage\":\"es\"},{\"@type\":\"Person\",\"@id\":\"https:\/\/www.noticiasradioreflejos.com.ar\/2021\/#\/schema\/person\/ad82545263dcc5ec0996818884fd5fb1\",\"name\":\"Arnaldo Botto\",\"image\":{\"@type\":\"ImageObject\",\"inLanguage\":\"es\",\"@id\":\"https:\/\/www.noticiasradioreflejos.com.ar\/2021\/#\/schema\/person\/image\/\",\"url\":\"https:\/\/secure.gravatar.com\/avatar\/55cb5e37c1efa326397366e6974cb338056df65cb50e7d64d1cf314e87504837?s=96&d=mm&r=g\",\"contentUrl\":\"https:\/\/secure.gravatar.com\/avatar\/55cb5e37c1efa326397366e6974cb338056df65cb50e7d64d1cf314e87504837?s=96&d=mm&r=g\",\"caption\":\"Arnaldo Botto\"},\"url\":\"https:\/\/www.noticiasradioreflejos.com.ar\/2021\/author\/arnaldo\/\"}]}<\/script>\n<!-- \/ Yoast SEO plugin. -->","yoast_head_json":{"title":"SUTEBA Y LA UNIPE firman convenio:  \u201cACTUALIZARNOS PARA SER MEJORES\u201d - Noticias Radio Reflejos","robots":{"index":"index","follow":"follow","max-snippet":"max-snippet:-1","max-image-preview":"max-image-preview:large","max-video-preview":"max-video-preview:-1"},"canonical":"https:\/\/www.noticiasradioreflejos.com.ar\/2021\/suteba-y-la-unipe-firman-convenio-actualizarnos-para-ser-mejores\/","og_locale":"es_ES","og_type":"article","og_title":"SUTEBA Y LA UNIPE firman convenio:  \u201cACTUALIZARNOS PARA SER MEJORES\u201d - Noticias Radio Reflejos","og_description":"En un encuentro virtual del que formaron parte Roberto Baradel, Secretario General del SUTEBA, Mar\u00eda Laura Torre, Secretaria General Adjunta, y Sandra Ramal, Secretaria de Educaci\u00f3n y Cultura, se realiz\u00f3 la presentaci\u00f3n de la Diplomatura en Pol\u00edticas P\u00fablicas y Gesti\u00f3n Escolar, resultado de un convenio entre el SUTEBA y la Universidad Pedag\u00f3gica Nacional (UNIPE).","og_url":"https:\/\/www.noticiasradioreflejos.com.ar\/2021\/suteba-y-la-unipe-firman-convenio-actualizarnos-para-ser-mejores\/","og_site_name":"Noticias Radio Reflejos","article_published_time":"2020-10-24T13:23:03+00:00","og_image":[{"width":300,"height":200,"url":"https:\/\/www.noticiasradioreflejos.com.ar\/2021\/wp-content\/uploads\/2021\/07\/logosol300x200.png","type":"image\/png"}],"author":"Arnaldo Botto","twitter_card":"summary_large_image","schema":{"@context":"https:\/\/schema.org","@graph":[{"@type":"WebPage","@id":"https:\/\/www.noticiasradioreflejos.com.ar\/2021\/suteba-y-la-unipe-firman-convenio-actualizarnos-para-ser-mejores\/","url":"https:\/\/www.noticiasradioreflejos.com.ar\/2021\/suteba-y-la-unipe-firman-convenio-actualizarnos-para-ser-mejores\/","name":"SUTEBA Y LA UNIPE firman convenio: \u201cACTUALIZARNOS PARA SER MEJORES\u201d - Noticias Radio Reflejos","isPartOf":{"@id":"https:\/\/www.noticiasradioreflejos.com.ar\/2021\/#website"},"datePublished":"2020-10-24T13:23:03+00:00","author":{"@id":"https:\/\/www.noticiasradioreflejos.com.ar\/2021\/#\/schema\/person\/ad82545263dcc5ec0996818884fd5fb1"},"breadcrumb":{"@id":"https:\/\/www.noticiasradioreflejos.com.ar\/2021\/suteba-y-la-unipe-firman-convenio-actualizarnos-para-ser-mejores\/#breadcrumb"},"inLanguage":"es","potentialAction":[{"@type":"ReadAction","target":["https:\/\/www.noticiasradioreflejos.com.ar\/2021\/suteba-y-la-unipe-firman-convenio-actualizarnos-para-ser-mejores\/"]}]},{"@type":"BreadcrumbList","@id":"https:\/\/www.noticiasradioreflejos.com.ar\/2021\/suteba-y-la-unipe-firman-convenio-actualizarnos-para-ser-mejores\/#breadcrumb","itemListElement":[{"@type":"ListItem","position":1,"name":"Portada","item":"https:\/\/www.noticiasradioreflejos.com.ar\/2021\/"},{"@type":"ListItem","position":2,"name":"SUTEBA Y LA UNIPE firman convenio: \u201cACTUALIZARNOS PARA SER MEJORES\u201d"}]},{"@type":"WebSite","@id":"https:\/\/www.noticiasradioreflejos.com.ar\/2021\/#website","url":"https:\/\/www.noticiasradioreflejos.com.ar\/2021\/","name":"Noticias Radio Reflejos","description":"Las noticias de mi comarca","potentialAction":[{"@type":"SearchAction","target":{"@type":"EntryPoint","urlTemplate":"https:\/\/www.noticiasradioreflejos.com.ar\/2021\/?s={search_term_string}"},"query-input":{"@type":"PropertyValueSpecification","valueRequired":true,"valueName":"search_term_string"}}],"inLanguage":"es"},{"@type":"Person","@id":"https:\/\/www.noticiasradioreflejos.com.ar\/2021\/#\/schema\/person\/ad82545263dcc5ec0996818884fd5fb1","name":"Arnaldo Botto","image":{"@type":"ImageObject","inLanguage":"es","@id":"https:\/\/www.noticiasradioreflejos.com.ar\/2021\/#\/schema\/person\/image\/","url":"https:\/\/secure.gravatar.com\/avatar\/55cb5e37c1efa326397366e6974cb338056df65cb50e7d64d1cf314e87504837?s=96&d=mm&r=g","contentUrl":"https:\/\/secure.gravatar.com\/avatar\/55cb5e37c1efa326397366e6974cb338056df65cb50e7d64d1cf314e87504837?s=96&d=mm&r=g","caption":"Arnaldo Botto"},"url":"https:\/\/www.noticiasradioreflejos.com.ar\/2021\/author\/arnaldo\/"}]}},"_links":{"self":[{"href":"https:\/\/www.noticiasradioreflejos.com.ar\/2021\/wp-json\/wp\/v2\/posts\/48492","targetHints":{"allow":["GET"]}}],"collection":[{"href":"https:\/\/www.noticiasradioreflejos.com.ar\/2021\/wp-json\/wp\/v2\/posts"}],"about":[{"href":"https:\/\/www.noticiasradioreflejos.com.ar\/2021\/wp-json\/wp\/v2\/types\/post"}],"author":[{"embeddable":true,"href":"https:\/\/www.noticiasradioreflejos.com.ar\/2021\/wp-json\/wp\/v2\/users\/3"}],"replies":[{"embeddable":true,"href":"https:\/\/www.noticiasradioreflejos.com.ar\/2021\/wp-json\/wp\/v2\/comments?post=48492"}],"version-history":[{"count":0,"href":"https:\/\/www.noticiasradioreflejos.com.ar\/2021\/wp-json\/wp\/v2\/posts\/48492\/revisions"}],"wp:attachment":[{"href":"https:\/\/www.noticiasradioreflejos.com.ar\/2021\/wp-json\/wp\/v2\/media?parent=48492"}],"wp:term":[{"taxonomy":"category","embeddable":true,"href":"https:\/\/www.noticiasradioreflejos.com.ar\/2021\/wp-json\/wp\/v2\/categories?post=48492"},{"taxonomy":"post_tag","embeddable":true,"href":"https:\/\/www.noticiasradioreflejos.com.ar\/2021\/wp-json\/wp\/v2\/tags?post=48492"}],"curies":[{"name":"wp","href":"https:\/\/api.w.org\/{rel}","templated":true}]}}