{"id":48449,"date":"2020-10-23T08:01:09","date_gmt":"2020-10-23T11:01:09","guid":{"rendered":"http:\/\/www.noticiasradioreflejos.com.ar\/noticias\/?p=48449"},"modified":"2020-10-23T08:01:09","modified_gmt":"2020-10-23T11:01:09","slug":"infocoa-gran-dia-mundial-big-day","status":"publish","type":"post","link":"https:\/\/www.noticiasradioreflejos.com.ar\/2021\/infocoa-gran-dia-mundial-big-day\/","title":{"rendered":"INFOCOA &#8211; Gran D\u00eda Mundial &#8211; Big Day"},"content":{"rendered":"<p><a title=\"WhatsApp Image 2020-10-22 at 19.19.55\" href=\"http:\/\/live.staticflickr.com\/65535\/50519620046_365da019de_s.jpg\" rel=\"\"><img loading=\"lazy\" decoding=\"async\" class=\"alignleft\" style=\"float: left;\" title=\"WhatsApp Image 2020-10-22 at 19.19.55\" src=\"http:\/\/live.staticflickr.com\/65535\/50519620046_365da019de.jpg\" alt=\"WhatsApp Image 2020-10-22 at 19.19.55\" width=\"500\" height=\"500\" \/><\/a>El Big Day o Gran D\u00eda Mundial de Observaci\u00f3n de Aves ocurre en Mayo y Octubre de cada a\u00f1o organizado por <em>eBird<\/em>, porque son mayormente los meses de mayor avistaje de aves en su \u00e9poca reproductiva y de nidaci\u00f3n como tambi\u00e9n en sus rutas de migraci\u00f3n, en la primavera y oto\u00f1o de cada hemisferio.<!--more--><\/p>\n<p><em>eBird<\/em> comenz\u00f3 con una idea sencilla basada en que cada observador tiene conocimientos y experiencias \u00fanicas. La meta es recoger esa informaci\u00f3n en forma de listas de aves, archivarla y compartirla de forma gratuita con el fin de habilitar nuevos enfoques basados en datos para la ciencia, la conservaci\u00f3n y la educaci\u00f3n. Se pone a disposici\u00f3n esta herramienta de <em>eBird<\/em> para ver mapas de distribuci\u00f3n de especies en tiempo real, y recibir alertas que permitan saber cu\u00e1ndo se han observado especies y en qu\u00e9 lugares espec\u00edficos, proveer la informaci\u00f3n m\u00e1s actualizada y \u00fatil para la comunidad de pajareros. Por ejemplo, por el cambio clim\u00e1tico y otros diversos factores (como incendios, inundaciones, fumigaciones, etc.), con los avistajes aportados por miles de observadores en su lugar se registran tambi\u00e9n importantes cambios de h\u00e1bitat para algunas especies, como indicadores de alteraciones biol\u00f3gicas y\/o ecol\u00f3gicas.<\/p>\n<p><em><a title=\"WhatsApp Image 2020-10-22 at 19.19.56\" href=\"http:\/\/live.staticflickr.com\/65535\/50519620026_a1733f1e01_s.jpg\" rel=\"\"><img loading=\"lazy\" decoding=\"async\" class=\"alignleft\" style=\"float: left;\" title=\"WhatsApp Image 2020-10-22 at 19.19.56\" src=\"http:\/\/live.staticflickr.com\/65535\/50519620026_a1733f1e01_m.jpg\" alt=\"WhatsApp Image 2020-10-22 at 19.19.56\" width=\"240\" height=\"94\" \/><\/a>eBird<\/em> es el proyecto de ciencia ciudadana relacionado con la biodiversidad m\u00e1s grande del mundo, con m\u00e1s de 100 millones de registros de aves contribuidos cada a\u00f1o por los\u00a0<em>eBirders<\/em>\u00a0(observadores o pajareros) alrededor del mundo. Una iniciativa colaborativa que cuenta con cientos de organizaciones socias \u00a0-Aves Argentinas es una de ellas- \u00a0as\u00ed como miles de expertos regionales y cientos de miles de usuarios. \u00a0<em>eBird<\/em> est\u00e1 manejado por el Laboratorio de Ornitolog\u00eda de Cornell, en Nueva York, EEEUU.<\/p>\n<p>Los datos de <em>eBird<\/em> documentan la distribuci\u00f3n, cantidad de espec\u00edmenes, uso del h\u00e1bitat y tendencias de las aves a trav\u00e9s de listas de especies recolectadas dentro de un marco cient\u00edfico simple. Los observadores indican cu\u00e1ndo, d\u00f3nde y c\u00f3mo fueron a pajarear, y luego llenan una lista de chequeo de todas las \u00ab<u>aves observadas o escuchadas<\/u>\u00bb durante la jornada. La app m\u00f3vil de <em>eBird<\/em> permite la recolecci\u00f3n de datos sin conexi\u00f3n a internet en cualquier parte del mundo, si se tiene buena se\u00f1al (cosa que no ocurre en nuestros campos y rutas lamentablemente). La p\u00e1gina web provee muchas formas de explorar y resumir tanto sus datos como otras observaciones realizadas por la comunidad global de <em>eBird<\/em>.<\/p>\n<p>La calidad de los datos tiene una importancia cr\u00edtica, se hace imprescindible que los registros sean precisos de acuerdo con las caracter\u00edsticas y nomenclatura estipuladas en las m\u00e1s reconocidas gu\u00edas de aves a disposici\u00f3n, como la de Narosky e Yzurieta, la de Doiny Cabr\u00e9 y Lejarraga, las APP de Aves Argentinas y de Merl\u00edn, entre otras. Al ingresar sus registros, los observadores reciben una lista de las especies que son probables para esa fecha y regi\u00f3n. Estos filtros para las listas de chequeo son desarrollados por los mejores expertos en distribuciones de aves en el mundo. Cuando se reportan aves inusuales, o se reportan conteos muy altos, los expertos regionales revisan estos registros.<\/p>\n<p>Por todo ello, los COAs de Aves Argentinas colaboran en esta importante misi\u00f3n, inclusive pese a la pandemia reinante porque los aportes pueden ser individuales y desde la ventana de su propio domicilio, siempre y cuando tales registros sean fidedignos y chequeados con las tradicionales gu\u00edas de aves mencionadas. Cada persona -entrenada adecuadamente en la observaci\u00f3n- puede registrar su propia lista de avistajes, como tambi\u00e9n cada COA puede registrar su \u00fanica lista de avistajes conjuntos de sus integrantes y participantes en una salida.<a title=\"WhatsApp Image 2020-10-22 at 19.24.06\" href=\"http:\/\/live.staticflickr.com\/65535\/50519619921_0d7e46a9d9_s.jpg\" rel=\"\"><img loading=\"lazy\" decoding=\"async\" class=\"aligncenter\" title=\"WhatsApp Image 2020-10-22 at 19.24.06\" src=\"http:\/\/live.staticflickr.com\/65535\/50519619921_0d7e46a9d9_c.jpg\" alt=\"WhatsApp Image 2020-10-22 at 19.24.06\" width=\"800\" height=\"601\" \/><\/a><\/p>\n<p>El pasado s\u00e1bado 17 de octubre,\u00a0 4 integrantes del COA Gaucho Serrano de Villa Ventana hicieron avistaje a orillas del Arroyo Ventana, cerca del cruce con el camino rural a Mahuida-co. Debido a que los fines de semana suele haber m\u00e1s movimiento, bastante tr\u00e1nsito en dicho camino rural, no se logr\u00f3 observar gran variedad de especies, pero se avistaron dos especies no comunes en nuestra comarca serrana: la <strong><u>Gallineta Pico Pintado<\/u><\/strong> que se encuentra en gran parte del territorio argentino, y la <strong><u>Pollona Pintada<\/u><\/strong> cuyo h\u00e1bitat se registr\u00f3 como localizado en el NE de nuestro pa\u00eds y en Uruguay, seg\u00fan informaci\u00f3n de la app Merl\u00edn de <em>eBird<\/em>, recomendada por Aves Argentinas, por lo que resulta una gran sorpresa y novedosa alerta para los entendidos y expertos.<\/p>\n<p>El COA Gaucho Serrano de Villa Ventana logr\u00f3 avistar un total de 47 especies el pasado 17\/Oct: una <strong><u>Colorada<\/u><\/strong>, \u00a0Cientos de <strong><u>Gaviotas Capucho Caf\u00e9<\/u><\/strong> en campo arado lindero, \u00a0muchas <strong><u>Torcazas<\/u><\/strong>, \u00a0pareja de <strong><u>Mac\u00e1 Pico Grueso<\/u><\/strong>, \u00a0<strong><u>Gallareta Ligas Rojas<\/u><\/strong>, \u00a0<strong><u>Gallareta Chica<\/u><\/strong>, \u00a0<strong><u>Lechucitas Vizcacheras<\/u><\/strong>, \u00a0<strong><u>Palomas Caseras o Europeas<\/u><\/strong>, \u00a0pareja de <strong><u>Mac\u00e1 Grande<\/u><\/strong>, \u00a0<strong><u>Patos Maicero<\/u><\/strong>, \u00a0<strong><u>Patos Overo<\/u><\/strong>, \u00a0<strong><u>Pato Colorado<\/u><\/strong>, \u00a0<strong><u>Pato Barcino<\/u><\/strong>, \u00a0<strong><u>Pirincho<\/u><\/strong>, \u00a0<strong><u>Teros<\/u><\/strong>, \u00a0<strong><u>Chiflones<\/u><\/strong>, \u00a0<strong><u>Mart\u00edn Pescador Chico<\/u><\/strong>, \u00a0<strong><u>Carpintero Real<\/u><\/strong>, \u00a0<strong><u>Carancho<\/u><\/strong>, \u00a0<strong><u>Chimango<\/u><\/strong>, \u00a0<strong><u>Cotorras<\/u><\/strong>, \u00a0<strong><u>Loros Barranqueros<\/u><\/strong>, \u00a0<strong><u>Piojito Gris<\/u><\/strong>, \u00a0<strong><u>Horneros<\/u><\/strong>, \u00a0<strong><u>Churrinches<\/u><\/strong>, \u00a0<strong><u>Pico de Plata<\/u><\/strong> macho y hembra, \u00a0<strong><u>Benteveos<\/u><\/strong>, \u00a0<strong><u>Tijeretas<\/u><\/strong>, \u00a0<strong><u>Golondrina Barranquera<\/u><\/strong>, \u00a0<strong><u>Golondrina Negra<\/u><\/strong>, \u00a0<strong><u>Golondrina Parda<\/u><\/strong>, \u00a0<strong><u>Golondrina Tijerita<\/u><\/strong>, \u00a0<strong><u>Ratonas<\/u><\/strong>, \u00a0<strong><u>Estornino Pinto<\/u><\/strong>, \u00a0<strong><u>Calandria Grande<\/u><\/strong>, \u00a0<strong><u>Gorriones<\/u><\/strong>, \u00a0<strong><u>Cabecitanegra<\/u><\/strong>, \u00a0<strong><u>Chingolos<\/u><\/strong>, \u00a0<strong><u>Loica<\/u><\/strong>, \u00a0<strong><u>Tordo Renegrido<\/u><\/strong>, \u00a0<strong><u>Tordo M\u00fasico<\/u><\/strong>, \u00a0<strong><u>Pecho Amarillo<\/u><\/strong>, \u00a0<strong><u>Jilguero Dorado<\/u><\/strong>, \u00a0<strong><u>Misto<\/u><\/strong>, \u00a0<strong><u>Verd\u00f3n<\/u><\/strong>, \u00a0<strong><u>Gallineta Pico Pintado<\/u><\/strong> \u00a0y \u00a0<strong><u>Pollona Pintada<\/u><\/strong>.<\/p>\n<p><a title=\"WhatsApp Image 2020-10-23 at 10.54.38\" href=\"http:\/\/live.staticflickr.com\/65535\/50520387182_259c69a722_s.jpg\" rel=\"\"><img loading=\"lazy\" decoding=\"async\" class=\"aligncenter\" title=\"WhatsApp Image 2020-10-23 at 10.54.38\" src=\"http:\/\/live.staticflickr.com\/65535\/50520387182_259c69a722_c.jpg\" alt=\"WhatsApp Image 2020-10-23 at 10.54.38\" width=\"800\" height=\"800\" \/><\/a><\/p>\n<p><a title=\"WhatsApp Image 2020-10-22 at 21.57.25\" href=\"http:\/\/live.staticflickr.com\/65535\/50518901058_993dbb86d0_s.jpg\" rel=\"\"><img loading=\"lazy\" decoding=\"async\" class=\"aligncenter\" title=\"WhatsApp Image 2020-10-22 at 21.57.25\" src=\"http:\/\/live.staticflickr.com\/65535\/50518901058_993dbb86d0_z.jpg\" alt=\"WhatsApp Image 2020-10-22 at 21.57.25\" width=\"344\" height=\"640\" \/><\/a><\/p>\n<p><a title=\"WhatsApp Image 2020-10-23 at 10.54.39\" href=\"http:\/\/live.staticflickr.com\/65535\/50519490223_c87b2cdfa3_s.jpg\" rel=\"\"><img loading=\"lazy\" decoding=\"async\" class=\"aligncenter\" title=\"WhatsApp Image 2020-10-23 at 10.54.39\" src=\"http:\/\/live.staticflickr.com\/65535\/50519490223_c87b2cdfa3_c.jpg\" alt=\"WhatsApp Image 2020-10-23 at 10.54.39\" width=\"800\" height=\"800\" \/><\/a><\/p>\n<p><a title=\"WhatsApp Image 2020-10-23 at 10.54.39 (1)\" href=\"http:\/\/live.staticflickr.com\/65535\/50519490288_612f0eca45_s.jpg\" rel=\"\"><img loading=\"lazy\" decoding=\"async\" class=\"aligncenter\" title=\"WhatsApp Image 2020-10-23 at 10.54.39 (1)\" src=\"http:\/\/live.staticflickr.com\/65535\/50519490288_612f0eca45_c.jpg\" alt=\"WhatsApp Image 2020-10-23 at 10.54.39 (1)\" width=\"800\" height=\"800\" \/><\/a><\/p>\n<p><a title=\"WhatsApp Image 2020-10-23 at 10.54.40\" href=\"http:\/\/live.staticflickr.com\/65535\/50520208786_8a9d570fe6_s.jpg\" rel=\"\"><img loading=\"lazy\" decoding=\"async\" class=\"aligncenter\" title=\"WhatsApp Image 2020-10-23 at 10.54.40\" src=\"http:\/\/live.staticflickr.com\/65535\/50520208786_8a9d570fe6_c.jpg\" alt=\"WhatsApp Image 2020-10-23 at 10.54.40\" width=\"800\" height=\"800\" \/><\/a><a title=\"WhatsApp Image 2020-10-22 at 19.26.19\" href=\"http:\/\/live.staticflickr.com\/65535\/50519619836_65d4da810b_s.jpg\" rel=\"\"><br \/>\n<\/a><a title=\"WhatsApp Image 2020-10-23 at 10.54.41 (1)\" href=\"http:\/\/live.staticflickr.com\/65535\/50519588643_e1f3626861_s.jpg\" rel=\"\"><img loading=\"lazy\" decoding=\"async\" class=\"aligncenter\" title=\"WhatsApp Image 2020-10-23 at 10.54.41 (1)\" src=\"http:\/\/live.staticflickr.com\/65535\/50519588643_e1f3626861_z.jpg\" alt=\"WhatsApp Image 2020-10-23 at 10.54.41 (1)\" width=\"640\" height=\"640\" \/><\/a><\/p>\n<p><a title=\"WhatsApp Image 2020-10-23 at 10.54.41 (2)\" href=\"http:\/\/live.staticflickr.com\/65535\/50519588533_0bf1f12fd3_s.jpg\" rel=\"\"><img loading=\"lazy\" decoding=\"async\" class=\"aligncenter\" title=\"WhatsApp Image 2020-10-23 at 10.54.41 (2)\" src=\"http:\/\/live.staticflickr.com\/65535\/50519588533_0bf1f12fd3_c.jpg\" alt=\"WhatsApp Image 2020-10-23 at 10.54.41 (2)\" width=\"800\" height=\"800\" \/><\/a><a title=\"WhatsApp Image 2020-10-22 at 19.26.01\" href=\"http:\/\/live.staticflickr.com\/65535\/50519619871_3f60bc2868_s.jpg\" rel=\"\"><br \/>\n<\/a><a title=\"WhatsApp Image 2020-10-22 at 19.25.44\" href=\"http:\/\/live.staticflickr.com\/65535\/50518901133_a5eef35d86_s.jpg\" rel=\"\"><br \/>\n<\/a><a title=\"WhatsApp Image 2020-10-23 at 10.54.41\" href=\"http:\/\/live.staticflickr.com\/65535\/50520308091_72df941a5c_s.jpg\" rel=\"\"><img loading=\"lazy\" decoding=\"async\" class=\"aligncenter\" title=\"WhatsApp Image 2020-10-23 at 10.54.41\" src=\"http:\/\/live.staticflickr.com\/65535\/50520308091_72df941a5c_c.jpg\" alt=\"WhatsApp Image 2020-10-23 at 10.54.41\" width=\"800\" height=\"800\" \/><\/a><a title=\"WhatsApp Image 2020-10-22 at 19.23.17\" href=\"http:\/\/live.staticflickr.com\/65535\/50518901198_2facbd5650_s.jpg\" rel=\"\"><br \/>\n<\/a><\/p>\n<p>&nbsp;<\/p>\n<p><span style=\"color: #008000;\"><strong>Fotos de Pedro D. Cabrera<\/strong><\/span><\/p>\n","protected":false},"excerpt":{"rendered":"<p>El Big Day o Gran D\u00eda Mundial de Observaci\u00f3n de Aves ocurre en Mayo y Octubre de cada a\u00f1o organizado por eBird, porque son mayormente los meses de mayor avistaje de aves en su \u00e9poca reproductiva y de nidaci\u00f3n como tambi\u00e9n en sus rutas de migraci\u00f3n, en la primavera y oto\u00f1o de cada hemisferio.<\/p>\n","protected":false},"author":3,"featured_media":0,"comment_status":"closed","ping_status":"open","sticky":false,"template":"","format":"standard","meta":{"footnotes":""},"categories":[25],"tags":[],"class_list":["post-48449","post","type-post","status-publish","format-standard","hentry","category-uncategorized"],"yoast_head":"<!-- This site is optimized with the Yoast SEO plugin v25.9 - https:\/\/yoast.com\/wordpress\/plugins\/seo\/ -->\n<title>INFOCOA - Gran D\u00eda Mundial - Big Day - Noticias Radio Reflejos<\/title>\n<meta name=\"robots\" content=\"index, follow, max-snippet:-1, max-image-preview:large, max-video-preview:-1\" \/>\n<link rel=\"canonical\" href=\"https:\/\/www.noticiasradioreflejos.com.ar\/2021\/infocoa-gran-dia-mundial-big-day\/\" \/>\n<meta property=\"og:locale\" content=\"es_ES\" \/>\n<meta property=\"og:type\" content=\"article\" \/>\n<meta property=\"og:title\" content=\"INFOCOA - Gran D\u00eda Mundial - Big Day - Noticias Radio Reflejos\" \/>\n<meta property=\"og:description\" content=\"El Big Day o Gran D\u00eda Mundial de Observaci\u00f3n de Aves ocurre en Mayo y Octubre de cada a\u00f1o organizado por eBird, porque son mayormente los meses de mayor avistaje de aves en su \u00e9poca reproductiva y de nidaci\u00f3n como tambi\u00e9n en sus rutas de migraci\u00f3n, en la primavera y oto\u00f1o de cada hemisferio.\" \/>\n<meta property=\"og:url\" content=\"https:\/\/www.noticiasradioreflejos.com.ar\/2021\/infocoa-gran-dia-mundial-big-day\/\" \/>\n<meta property=\"og:site_name\" content=\"Noticias Radio Reflejos\" \/>\n<meta property=\"article:published_time\" content=\"2020-10-23T11:01:09+00:00\" \/>\n<meta property=\"og:image\" content=\"http:\/\/live.staticflickr.com\/65535\/50519620046_365da019de.jpg\" \/>\n<meta name=\"author\" content=\"Arnaldo Botto\" \/>\n<meta name=\"twitter:card\" content=\"summary_large_image\" \/>\n<script type=\"application\/ld+json\" class=\"yoast-schema-graph\">{\"@context\":\"https:\/\/schema.org\",\"@graph\":[{\"@type\":\"WebPage\",\"@id\":\"https:\/\/www.noticiasradioreflejos.com.ar\/2021\/infocoa-gran-dia-mundial-big-day\/\",\"url\":\"https:\/\/www.noticiasradioreflejos.com.ar\/2021\/infocoa-gran-dia-mundial-big-day\/\",\"name\":\"INFOCOA - Gran D\u00eda Mundial - Big Day - Noticias Radio Reflejos\",\"isPartOf\":{\"@id\":\"https:\/\/www.noticiasradioreflejos.com.ar\/2021\/#website\"},\"primaryImageOfPage\":{\"@id\":\"https:\/\/www.noticiasradioreflejos.com.ar\/2021\/infocoa-gran-dia-mundial-big-day\/#primaryimage\"},\"image\":{\"@id\":\"https:\/\/www.noticiasradioreflejos.com.ar\/2021\/infocoa-gran-dia-mundial-big-day\/#primaryimage\"},\"thumbnailUrl\":\"http:\/\/live.staticflickr.com\/65535\/50519620046_365da019de.jpg\",\"datePublished\":\"2020-10-23T11:01:09+00:00\",\"author\":{\"@id\":\"https:\/\/www.noticiasradioreflejos.com.ar\/2021\/#\/schema\/person\/ad82545263dcc5ec0996818884fd5fb1\"},\"breadcrumb\":{\"@id\":\"https:\/\/www.noticiasradioreflejos.com.ar\/2021\/infocoa-gran-dia-mundial-big-day\/#breadcrumb\"},\"inLanguage\":\"es\",\"potentialAction\":[{\"@type\":\"ReadAction\",\"target\":[\"https:\/\/www.noticiasradioreflejos.com.ar\/2021\/infocoa-gran-dia-mundial-big-day\/\"]}]},{\"@type\":\"ImageObject\",\"inLanguage\":\"es\",\"@id\":\"https:\/\/www.noticiasradioreflejos.com.ar\/2021\/infocoa-gran-dia-mundial-big-day\/#primaryimage\",\"url\":\"http:\/\/live.staticflickr.com\/65535\/50519620046_365da019de.jpg\",\"contentUrl\":\"http:\/\/live.staticflickr.com\/65535\/50519620046_365da019de.jpg\"},{\"@type\":\"BreadcrumbList\",\"@id\":\"https:\/\/www.noticiasradioreflejos.com.ar\/2021\/infocoa-gran-dia-mundial-big-day\/#breadcrumb\",\"itemListElement\":[{\"@type\":\"ListItem\",\"position\":1,\"name\":\"Portada\",\"item\":\"https:\/\/www.noticiasradioreflejos.com.ar\/2021\/\"},{\"@type\":\"ListItem\",\"position\":2,\"name\":\"INFOCOA &#8211; Gran D\u00eda Mundial &#8211; Big Day\"}]},{\"@type\":\"WebSite\",\"@id\":\"https:\/\/www.noticiasradioreflejos.com.ar\/2021\/#website\",\"url\":\"https:\/\/www.noticiasradioreflejos.com.ar\/2021\/\",\"name\":\"Noticias Radio Reflejos\",\"description\":\"Las noticias de mi comarca\",\"potentialAction\":[{\"@type\":\"SearchAction\",\"target\":{\"@type\":\"EntryPoint\",\"urlTemplate\":\"https:\/\/www.noticiasradioreflejos.com.ar\/2021\/?s={search_term_string}\"},\"query-input\":{\"@type\":\"PropertyValueSpecification\",\"valueRequired\":true,\"valueName\":\"search_term_string\"}}],\"inLanguage\":\"es\"},{\"@type\":\"Person\",\"@id\":\"https:\/\/www.noticiasradioreflejos.com.ar\/2021\/#\/schema\/person\/ad82545263dcc5ec0996818884fd5fb1\",\"name\":\"Arnaldo Botto\",\"image\":{\"@type\":\"ImageObject\",\"inLanguage\":\"es\",\"@id\":\"https:\/\/www.noticiasradioreflejos.com.ar\/2021\/#\/schema\/person\/image\/\",\"url\":\"https:\/\/secure.gravatar.com\/avatar\/55cb5e37c1efa326397366e6974cb338056df65cb50e7d64d1cf314e87504837?s=96&d=mm&r=g\",\"contentUrl\":\"https:\/\/secure.gravatar.com\/avatar\/55cb5e37c1efa326397366e6974cb338056df65cb50e7d64d1cf314e87504837?s=96&d=mm&r=g\",\"caption\":\"Arnaldo Botto\"},\"url\":\"https:\/\/www.noticiasradioreflejos.com.ar\/2021\/author\/arnaldo\/\"}]}<\/script>\n<!-- \/ Yoast SEO plugin. -->","yoast_head_json":{"title":"INFOCOA - Gran D\u00eda Mundial - Big Day - Noticias Radio Reflejos","robots":{"index":"index","follow":"follow","max-snippet":"max-snippet:-1","max-image-preview":"max-image-preview:large","max-video-preview":"max-video-preview:-1"},"canonical":"https:\/\/www.noticiasradioreflejos.com.ar\/2021\/infocoa-gran-dia-mundial-big-day\/","og_locale":"es_ES","og_type":"article","og_title":"INFOCOA - Gran D\u00eda Mundial - Big Day - Noticias Radio Reflejos","og_description":"El Big Day o Gran D\u00eda Mundial de Observaci\u00f3n de Aves ocurre en Mayo y Octubre de cada a\u00f1o organizado por eBird, porque son mayormente los meses de mayor avistaje de aves en su \u00e9poca reproductiva y de nidaci\u00f3n como tambi\u00e9n en sus rutas de migraci\u00f3n, en la primavera y oto\u00f1o de cada hemisferio.","og_url":"https:\/\/www.noticiasradioreflejos.com.ar\/2021\/infocoa-gran-dia-mundial-big-day\/","og_site_name":"Noticias Radio Reflejos","article_published_time":"2020-10-23T11:01:09+00:00","og_image":[{"url":"http:\/\/live.staticflickr.com\/65535\/50519620046_365da019de.jpg","type":"","width":"","height":""}],"author":"Arnaldo Botto","twitter_card":"summary_large_image","schema":{"@context":"https:\/\/schema.org","@graph":[{"@type":"WebPage","@id":"https:\/\/www.noticiasradioreflejos.com.ar\/2021\/infocoa-gran-dia-mundial-big-day\/","url":"https:\/\/www.noticiasradioreflejos.com.ar\/2021\/infocoa-gran-dia-mundial-big-day\/","name":"INFOCOA - Gran D\u00eda Mundial - Big Day - Noticias Radio Reflejos","isPartOf":{"@id":"https:\/\/www.noticiasradioreflejos.com.ar\/2021\/#website"},"primaryImageOfPage":{"@id":"https:\/\/www.noticiasradioreflejos.com.ar\/2021\/infocoa-gran-dia-mundial-big-day\/#primaryimage"},"image":{"@id":"https:\/\/www.noticiasradioreflejos.com.ar\/2021\/infocoa-gran-dia-mundial-big-day\/#primaryimage"},"thumbnailUrl":"http:\/\/live.staticflickr.com\/65535\/50519620046_365da019de.jpg","datePublished":"2020-10-23T11:01:09+00:00","author":{"@id":"https:\/\/www.noticiasradioreflejos.com.ar\/2021\/#\/schema\/person\/ad82545263dcc5ec0996818884fd5fb1"},"breadcrumb":{"@id":"https:\/\/www.noticiasradioreflejos.com.ar\/2021\/infocoa-gran-dia-mundial-big-day\/#breadcrumb"},"inLanguage":"es","potentialAction":[{"@type":"ReadAction","target":["https:\/\/www.noticiasradioreflejos.com.ar\/2021\/infocoa-gran-dia-mundial-big-day\/"]}]},{"@type":"ImageObject","inLanguage":"es","@id":"https:\/\/www.noticiasradioreflejos.com.ar\/2021\/infocoa-gran-dia-mundial-big-day\/#primaryimage","url":"http:\/\/live.staticflickr.com\/65535\/50519620046_365da019de.jpg","contentUrl":"http:\/\/live.staticflickr.com\/65535\/50519620046_365da019de.jpg"},{"@type":"BreadcrumbList","@id":"https:\/\/www.noticiasradioreflejos.com.ar\/2021\/infocoa-gran-dia-mundial-big-day\/#breadcrumb","itemListElement":[{"@type":"ListItem","position":1,"name":"Portada","item":"https:\/\/www.noticiasradioreflejos.com.ar\/2021\/"},{"@type":"ListItem","position":2,"name":"INFOCOA &#8211; Gran D\u00eda Mundial &#8211; Big Day"}]},{"@type":"WebSite","@id":"https:\/\/www.noticiasradioreflejos.com.ar\/2021\/#website","url":"https:\/\/www.noticiasradioreflejos.com.ar\/2021\/","name":"Noticias Radio Reflejos","description":"Las noticias de mi comarca","potentialAction":[{"@type":"SearchAction","target":{"@type":"EntryPoint","urlTemplate":"https:\/\/www.noticiasradioreflejos.com.ar\/2021\/?s={search_term_string}"},"query-input":{"@type":"PropertyValueSpecification","valueRequired":true,"valueName":"search_term_string"}}],"inLanguage":"es"},{"@type":"Person","@id":"https:\/\/www.noticiasradioreflejos.com.ar\/2021\/#\/schema\/person\/ad82545263dcc5ec0996818884fd5fb1","name":"Arnaldo Botto","image":{"@type":"ImageObject","inLanguage":"es","@id":"https:\/\/www.noticiasradioreflejos.com.ar\/2021\/#\/schema\/person\/image\/","url":"https:\/\/secure.gravatar.com\/avatar\/55cb5e37c1efa326397366e6974cb338056df65cb50e7d64d1cf314e87504837?s=96&d=mm&r=g","contentUrl":"https:\/\/secure.gravatar.com\/avatar\/55cb5e37c1efa326397366e6974cb338056df65cb50e7d64d1cf314e87504837?s=96&d=mm&r=g","caption":"Arnaldo Botto"},"url":"https:\/\/www.noticiasradioreflejos.com.ar\/2021\/author\/arnaldo\/"}]}},"_links":{"self":[{"href":"https:\/\/www.noticiasradioreflejos.com.ar\/2021\/wp-json\/wp\/v2\/posts\/48449","targetHints":{"allow":["GET"]}}],"collection":[{"href":"https:\/\/www.noticiasradioreflejos.com.ar\/2021\/wp-json\/wp\/v2\/posts"}],"about":[{"href":"https:\/\/www.noticiasradioreflejos.com.ar\/2021\/wp-json\/wp\/v2\/types\/post"}],"author":[{"embeddable":true,"href":"https:\/\/www.noticiasradioreflejos.com.ar\/2021\/wp-json\/wp\/v2\/users\/3"}],"replies":[{"embeddable":true,"href":"https:\/\/www.noticiasradioreflejos.com.ar\/2021\/wp-json\/wp\/v2\/comments?post=48449"}],"version-history":[{"count":0,"href":"https:\/\/www.noticiasradioreflejos.com.ar\/2021\/wp-json\/wp\/v2\/posts\/48449\/revisions"}],"wp:attachment":[{"href":"https:\/\/www.noticiasradioreflejos.com.ar\/2021\/wp-json\/wp\/v2\/media?parent=48449"}],"wp:term":[{"taxonomy":"category","embeddable":true,"href":"https:\/\/www.noticiasradioreflejos.com.ar\/2021\/wp-json\/wp\/v2\/categories?post=48449"},{"taxonomy":"post_tag","embeddable":true,"href":"https:\/\/www.noticiasradioreflejos.com.ar\/2021\/wp-json\/wp\/v2\/tags?post=48449"}],"curies":[{"name":"wp","href":"https:\/\/api.w.org\/{rel}","templated":true}]}}